{"id":183326,"date":"2025-10-28T13:49:26","date_gmt":"2025-10-28T19:49:26","guid":{"rendered":"https:\/\/canal7slp.tv\/2025\/?p=183326"},"modified":"2025-10-28T13:49:26","modified_gmt":"2025-10-28T19:49:26","slug":"variante-frankenstein-del-covid-19-se-expande-globalmente","status":"publish","type":"post","link":"https:\/\/canal7slp.tv\/2025\/variante-frankenstein-del-covid-19-se-expande-globalmente\/","title":{"rendered":"Variante \u201cFrankenstein\u201d del COVID-19 se expande globalmente"},"content":{"rendered":"<ul style=\"text-align: justify;\">\n<li>Autoridades mantienen evaluaci\u00f3n de riesgo baja pese a representar el 60% de los casos.<\/li>\n<\/ul>\n<p style=\"text-align: justify;\">Ginebra.- La variante XFG del virus SARS-CoV-2, apodada popularmente como \u201cFrankenstein\u201d, se ha convertido en la cepa dominante en varios pa\u00edses, entre ellos Alemania y Estados Unidos, de acuerdo con la Organizaci\u00f3n Mundial de la Salud (OMS). Actualmente, representa alrededor del 60% de los casos globales.<\/p>\n<p style=\"text-align: justify;\">La OMS explic\u00f3 que la XFG surgi\u00f3 a partir de la recombinaci\u00f3n gen\u00e9tica de dos sublinajes de \u00d3micron (LF.7 y LP.8.1.2), un proceso com\u00fan dentro de la evoluci\u00f3n viral. Aunque la clasifica como \u201cvariante bajo vigilancia\u201d, el organismo aclar\u00f3 que no representa un riesgo elevado para la salud p\u00fablica.<\/p>\n<p style=\"text-align: justify;\">Entre las caracter\u00edsticas observadas se reporta una posible asociaci\u00f3n con s\u00edntomas como ronquera y dolor de garganta, aunque especialistas advierten que estas manifestaciones tambi\u00e9n pueden presentarse en otras infecciones respiratorias.<\/p>\n<p style=\"text-align: justify;\">Si bien la XFG muestra mayor capacidad de transmisi\u00f3n, los sistemas de salud de distintos pa\u00edses no han registrado un aumento en la gravedad de los casos. Las vacunas actuales contin\u00faan ofreciendo protecci\u00f3n frente a la enfermedad grave, hospitalizaci\u00f3n y mortalidad.<\/p>\n<p style=\"text-align: justify;\">La OMS subray\u00f3 la importancia de mantener actualizados los esquemas de vacunaci\u00f3n, sobre todo en grupos de riesgo, ante la disminuci\u00f3n en las coberturas de inmunizaci\u00f3n en algunos pa\u00edses. Adem\u00e1s, reiter\u00f3 que la vigilancia epidemiol\u00f3gica y la secuenciaci\u00f3n gen\u00f3mica siguen siendo herramientas clave para el seguimiento de la evoluci\u00f3n del virus.<\/p>\n","protected":false},"excerpt":{"rendered":"<p>Autoridades mantienen evaluaci\u00f3n de riesgo baja pese a representar el 60% de los casos. Ginebra.- La variante XFG del virus SARS-CoV-2, apodada popularmente como \u201cFrankenstein\u201d, se ha convertido en la cepa dominante en varios pa\u00edses, entre ellos Alemania y Estados Unidos, de acuerdo con la Organizaci\u00f3n Mundial de la Salud (OMS). Actualmente, representa alrededor del 60% de los casos globales. La OMS explic\u00f3 que la XFG surgi\u00f3 a partir de la recombinaci\u00f3n gen\u00e9tica de dos sublinajes de \u00d3micron (LF.7 y LP.8.1.2), un proceso com\u00fan dentro de la evoluci\u00f3n viral. Aunque la clasifica como \u201cvariante bajo vigilancia\u201d, el organismo aclar\u00f3 que [&hellip;]<\/p>\n","protected":false},"author":2,"featured_media":183327,"comment_status":"closed","ping_status":"closed","sticky":false,"template":"","format":"standard","meta":{"_monsterinsights_skip_tracking":false,"_monsterinsights_sitenote_active":false,"_monsterinsights_sitenote_note":"","_monsterinsights_sitenote_category":0,"footnotes":""},"categories":[4,44],"tags":[],"class_list":["post-183326","post","type-post","status-publish","format-standard","has-post-thumbnail","hentry","category-covid-19","category-internacional","post--single"],"yoast_head":"<!-- This site is optimized with the Yoast SEO plugin v27.5 - https:\/\/yoast.com\/product\/yoast-seo-wordpress\/ -->\n<title>Variante \u201cFrankenstein\u201d del COVID-19 se expande globalmente - Canal 7 SLP - 2025<\/title>\n<meta name=\"robots\" content=\"index, follow, max-snippet:-1, max-image-preview:large, max-video-preview:-1\" \/>\n<link rel=\"canonical\" href=\"https:\/\/canal7slp.tv\/2025\/variante-frankenstein-del-covid-19-se-expande-globalmente\/\" \/>\n<meta property=\"og:locale\" content=\"es_ES\" \/>\n<meta property=\"og:type\" content=\"article\" \/>\n<meta property=\"og:title\" content=\"Variante \u201cFrankenstein\u201d del COVID-19 se expande globalmente - Canal 7 SLP - 2025\" \/>\n<meta property=\"og:description\" content=\"Autoridades mantienen evaluaci\u00f3n de riesgo baja pese a representar el 60% de los casos. Ginebra.- La variante XFG del virus SARS-CoV-2, apodada popularmente como \u201cFrankenstein\u201d, se ha convertido en la cepa dominante en varios pa\u00edses, entre ellos Alemania y Estados Unidos, de acuerdo con la Organizaci\u00f3n Mundial de la Salud (OMS). Actualmente, representa alrededor del 60% de los casos globales. La OMS explic\u00f3 que la XFG surgi\u00f3 a partir de la recombinaci\u00f3n gen\u00e9tica de dos sublinajes de \u00d3micron (LF.7 y LP.8.1.2), un proceso com\u00fan dentro de la evoluci\u00f3n viral. Aunque la clasifica como \u201cvariante bajo vigilancia\u201d, el organismo aclar\u00f3 que [&hellip;]\" \/>\n<meta property=\"og:url\" content=\"https:\/\/canal7slp.tv\/2025\/variante-frankenstein-del-covid-19-se-expande-globalmente\/\" \/>\n<meta property=\"og:site_name\" content=\"Canal 7 SLP - 2025\" \/>\n<meta property=\"article:publisher\" content=\"https:\/\/www.facebook.com\/noticieroscanal7atencionciudadana\/\" \/>\n<meta property=\"article:published_time\" content=\"2025-10-28T19:49:26+00:00\" \/>\n<meta property=\"og:image\" content=\"https:\/\/canal7slp.tv\/2025\/wp-content\/uploads\/2025\/10\/02-26.jpg\" \/>\n\t<meta property=\"og:image:width\" content=\"729\" \/>\n\t<meta property=\"og:image:height\" content=\"410\" \/>\n\t<meta property=\"og:image:type\" content=\"image\/jpeg\" \/>\n<meta name=\"author\" content=\"Edici\u00f3n Web\" \/>\n<meta name=\"twitter:card\" content=\"summary_large_image\" \/>\n<meta name=\"twitter:creator\" content=\"@NOTICIEROS7\" \/>\n<meta name=\"twitter:site\" content=\"@NOTICIEROS7\" \/>\n<meta name=\"twitter:label1\" content=\"Escrito por\" \/>\n\t<meta name=\"twitter:data1\" content=\"Edici\u00f3n Web\" \/>\n\t<meta name=\"twitter:label2\" content=\"Tiempo de lectura\" \/>\n\t<meta name=\"twitter:data2\" content=\"2 minutos\" \/>\n<script type=\"application\/ld+json\" class=\"yoast-schema-graph\">{\"@context\":\"https:\\\/\\\/schema.org\",\"@graph\":[{\"@type\":\"Article\",\"@id\":\"https:\\\/\\\/canal7slp.tv\\\/2025\\\/variante-frankenstein-del-covid-19-se-expande-globalmente\\\/#article\",\"isPartOf\":{\"@id\":\"https:\\\/\\\/canal7slp.tv\\\/2025\\\/variante-frankenstein-del-covid-19-se-expande-globalmente\\\/\"},\"author\":{\"name\":\"Edici\u00f3n Web\",\"@id\":\"https:\\\/\\\/canal7slp.tv\\\/2025\\\/#\\\/schema\\\/person\\\/271e2b60a96e7cc9d9ac296f4d7e414b\"},\"headline\":\"Variante \u201cFrankenstein\u201d del COVID-19 se expande globalmente\",\"datePublished\":\"2025-10-28T19:49:26+00:00\",\"mainEntityOfPage\":{\"@id\":\"https:\\\/\\\/canal7slp.tv\\\/2025\\\/variante-frankenstein-del-covid-19-se-expande-globalmente\\\/\"},\"wordCount\":263,\"publisher\":{\"@id\":\"https:\\\/\\\/canal7slp.tv\\\/2025\\\/#organization\"},\"image\":{\"@id\":\"https:\\\/\\\/canal7slp.tv\\\/2025\\\/variante-frankenstein-del-covid-19-se-expande-globalmente\\\/#primaryimage\"},\"thumbnailUrl\":\"https:\\\/\\\/canal7slp.tv\\\/2025\\\/wp-content\\\/uploads\\\/2025\\\/10\\\/02-26.jpg\",\"articleSection\":[\"COVID-19\",\"INTERNACIONALES\"],\"inLanguage\":\"es\"},{\"@type\":\"WebPage\",\"@id\":\"https:\\\/\\\/canal7slp.tv\\\/2025\\\/variante-frankenstein-del-covid-19-se-expande-globalmente\\\/\",\"url\":\"https:\\\/\\\/canal7slp.tv\\\/2025\\\/variante-frankenstein-del-covid-19-se-expande-globalmente\\\/\",\"name\":\"Variante \u201cFrankenstein\u201d del COVID-19 se expande globalmente - Canal 7 SLP - 2025\",\"isPartOf\":{\"@id\":\"https:\\\/\\\/canal7slp.tv\\\/2025\\\/#website\"},\"primaryImageOfPage\":{\"@id\":\"https:\\\/\\\/canal7slp.tv\\\/2025\\\/variante-frankenstein-del-covid-19-se-expande-globalmente\\\/#primaryimage\"},\"image\":{\"@id\":\"https:\\\/\\\/canal7slp.tv\\\/2025\\\/variante-frankenstein-del-covid-19-se-expande-globalmente\\\/#primaryimage\"},\"thumbnailUrl\":\"https:\\\/\\\/canal7slp.tv\\\/2025\\\/wp-content\\\/uploads\\\/2025\\\/10\\\/02-26.jpg\",\"datePublished\":\"2025-10-28T19:49:26+00:00\",\"breadcrumb\":{\"@id\":\"https:\\\/\\\/canal7slp.tv\\\/2025\\\/variante-frankenstein-del-covid-19-se-expande-globalmente\\\/#breadcrumb\"},\"inLanguage\":\"es\",\"potentialAction\":[{\"@type\":\"ReadAction\",\"target\":[\"https:\\\/\\\/canal7slp.tv\\\/2025\\\/variante-frankenstein-del-covid-19-se-expande-globalmente\\\/\"]}]},{\"@type\":\"ImageObject\",\"inLanguage\":\"es\",\"@id\":\"https:\\\/\\\/canal7slp.tv\\\/2025\\\/variante-frankenstein-del-covid-19-se-expande-globalmente\\\/#primaryimage\",\"url\":\"https:\\\/\\\/canal7slp.tv\\\/2025\\\/wp-content\\\/uploads\\\/2025\\\/10\\\/02-26.jpg\",\"contentUrl\":\"https:\\\/\\\/canal7slp.tv\\\/2025\\\/wp-content\\\/uploads\\\/2025\\\/10\\\/02-26.jpg\",\"width\":729,\"height\":410},{\"@type\":\"BreadcrumbList\",\"@id\":\"https:\\\/\\\/canal7slp.tv\\\/2025\\\/variante-frankenstein-del-covid-19-se-expande-globalmente\\\/#breadcrumb\",\"itemListElement\":[{\"@type\":\"ListItem\",\"position\":1,\"name\":\"Portada\",\"item\":\"https:\\\/\\\/canal7slp.tv\\\/2025\\\/\"},{\"@type\":\"ListItem\",\"position\":2,\"name\":\"Variante \u201cFrankenstein\u201d del COVID-19 se expande globalmente\"}]},{\"@type\":\"WebSite\",\"@id\":\"https:\\\/\\\/canal7slp.tv\\\/2025\\\/#website\",\"url\":\"https:\\\/\\\/canal7slp.tv\\\/2025\\\/\",\"name\":\"N7 - Noticieros Canal 7\",\"description\":\"Somos el Medio\",\"publisher\":{\"@id\":\"https:\\\/\\\/canal7slp.tv\\\/2025\\\/#organization\"},\"potentialAction\":[{\"@type\":\"SearchAction\",\"target\":{\"@type\":\"EntryPoint\",\"urlTemplate\":\"https:\\\/\\\/canal7slp.tv\\\/2025\\\/?s={search_term_string}\"},\"query-input\":{\"@type\":\"PropertyValueSpecification\",\"valueRequired\":true,\"valueName\":\"search_term_string\"}}],\"inLanguage\":\"es\"},{\"@type\":\"Organization\",\"@id\":\"https:\\\/\\\/canal7slp.tv\\\/2025\\\/#organization\",\"name\":\"Noticieros Canal 7\",\"url\":\"https:\\\/\\\/canal7slp.tv\\\/2025\\\/\",\"logo\":{\"@type\":\"ImageObject\",\"inLanguage\":\"es\",\"@id\":\"https:\\\/\\\/canal7slp.tv\\\/2025\\\/#\\\/schema\\\/logo\\\/image\\\/\",\"url\":\"https:\\\/\\\/canal7slp.tv\\\/2025\\\/wp-content\\\/uploads\\\/2021\\\/01\\\/logo-noticieros@2x.png\",\"contentUrl\":\"https:\\\/\\\/canal7slp.tv\\\/2025\\\/wp-content\\\/uploads\\\/2021\\\/01\\\/logo-noticieros@2x.png\",\"width\":1017,\"height\":268,\"caption\":\"Noticieros Canal 7\"},\"image\":{\"@id\":\"https:\\\/\\\/canal7slp.tv\\\/2025\\\/#\\\/schema\\\/logo\\\/image\\\/\"},\"sameAs\":[\"https:\\\/\\\/www.facebook.com\\\/noticieroscanal7atencionciudadana\\\/\",\"https:\\\/\\\/x.com\\\/NOTICIEROS7\",\"https:\\\/\\\/www.instagram.com\\\/canal7_slp\",\"https:\\\/\\\/www.youtube.com\\\/channel\\\/UCliiYs-gP3JfJeqdPrNdd5A\"]},{\"@type\":\"Person\",\"@id\":\"https:\\\/\\\/canal7slp.tv\\\/2025\\\/#\\\/schema\\\/person\\\/271e2b60a96e7cc9d9ac296f4d7e414b\",\"name\":\"Edici\u00f3n Web\",\"image\":{\"@type\":\"ImageObject\",\"inLanguage\":\"es\",\"@id\":\"https:\\\/\\\/secure.gravatar.com\\\/avatar\\\/eee448fc3f7164808013b816ba91ac7e43bbe82a70bebac296f8bc6f0addaa1a?s=96&d=mm&r=g\",\"url\":\"https:\\\/\\\/secure.gravatar.com\\\/avatar\\\/eee448fc3f7164808013b816ba91ac7e43bbe82a70bebac296f8bc6f0addaa1a?s=96&d=mm&r=g\",\"contentUrl\":\"https:\\\/\\\/secure.gravatar.com\\\/avatar\\\/eee448fc3f7164808013b816ba91ac7e43bbe82a70bebac296f8bc6f0addaa1a?s=96&d=mm&r=g\",\"caption\":\"Edici\u00f3n Web\"},\"url\":\"https:\\\/\\\/canal7slp.tv\\\/2025\\\/author\\\/edicionweb\\\/\"}]}<\/script>\n<!-- \/ Yoast SEO plugin. -->","yoast_head_json":{"title":"Variante \u201cFrankenstein\u201d del COVID-19 se expande globalmente - Canal 7 SLP - 2025","robots":{"index":"index","follow":"follow","max-snippet":"max-snippet:-1","max-image-preview":"max-image-preview:large","max-video-preview":"max-video-preview:-1"},"canonical":"https:\/\/canal7slp.tv\/2025\/variante-frankenstein-del-covid-19-se-expande-globalmente\/","og_locale":"es_ES","og_type":"article","og_title":"Variante \u201cFrankenstein\u201d del COVID-19 se expande globalmente - Canal 7 SLP - 2025","og_description":"Autoridades mantienen evaluaci\u00f3n de riesgo baja pese a representar el 60% de los casos. Ginebra.- La variante XFG del virus SARS-CoV-2, apodada popularmente como \u201cFrankenstein\u201d, se ha convertido en la cepa dominante en varios pa\u00edses, entre ellos Alemania y Estados Unidos, de acuerdo con la Organizaci\u00f3n Mundial de la Salud (OMS). Actualmente, representa alrededor del 60% de los casos globales. La OMS explic\u00f3 que la XFG surgi\u00f3 a partir de la recombinaci\u00f3n gen\u00e9tica de dos sublinajes de \u00d3micron (LF.7 y LP.8.1.2), un proceso com\u00fan dentro de la evoluci\u00f3n viral. Aunque la clasifica como \u201cvariante bajo vigilancia\u201d, el organismo aclar\u00f3 que [&hellip;]","og_url":"https:\/\/canal7slp.tv\/2025\/variante-frankenstein-del-covid-19-se-expande-globalmente\/","og_site_name":"Canal 7 SLP - 2025","article_publisher":"https:\/\/www.facebook.com\/noticieroscanal7atencionciudadana\/","article_published_time":"2025-10-28T19:49:26+00:00","og_image":[{"width":729,"height":410,"url":"https:\/\/canal7slp.tv\/2025\/wp-content\/uploads\/2025\/10\/02-26.jpg","type":"image\/jpeg"}],"author":"Edici\u00f3n Web","twitter_card":"summary_large_image","twitter_creator":"@NOTICIEROS7","twitter_site":"@NOTICIEROS7","twitter_misc":{"Escrito por":"Edici\u00f3n Web","Tiempo de lectura":"2 minutos"},"schema":{"@context":"https:\/\/schema.org","@graph":[{"@type":"Article","@id":"https:\/\/canal7slp.tv\/2025\/variante-frankenstein-del-covid-19-se-expande-globalmente\/#article","isPartOf":{"@id":"https:\/\/canal7slp.tv\/2025\/variante-frankenstein-del-covid-19-se-expande-globalmente\/"},"author":{"name":"Edici\u00f3n Web","@id":"https:\/\/canal7slp.tv\/2025\/#\/schema\/person\/271e2b60a96e7cc9d9ac296f4d7e414b"},"headline":"Variante \u201cFrankenstein\u201d del COVID-19 se expande globalmente","datePublished":"2025-10-28T19:49:26+00:00","mainEntityOfPage":{"@id":"https:\/\/canal7slp.tv\/2025\/variante-frankenstein-del-covid-19-se-expande-globalmente\/"},"wordCount":263,"publisher":{"@id":"https:\/\/canal7slp.tv\/2025\/#organization"},"image":{"@id":"https:\/\/canal7slp.tv\/2025\/variante-frankenstein-del-covid-19-se-expande-globalmente\/#primaryimage"},"thumbnailUrl":"https:\/\/canal7slp.tv\/2025\/wp-content\/uploads\/2025\/10\/02-26.jpg","articleSection":["COVID-19","INTERNACIONALES"],"inLanguage":"es"},{"@type":"WebPage","@id":"https:\/\/canal7slp.tv\/2025\/variante-frankenstein-del-covid-19-se-expande-globalmente\/","url":"https:\/\/canal7slp.tv\/2025\/variante-frankenstein-del-covid-19-se-expande-globalmente\/","name":"Variante \u201cFrankenstein\u201d del COVID-19 se expande globalmente - Canal 7 SLP - 2025","isPartOf":{"@id":"https:\/\/canal7slp.tv\/2025\/#website"},"primaryImageOfPage":{"@id":"https:\/\/canal7slp.tv\/2025\/variante-frankenstein-del-covid-19-se-expande-globalmente\/#primaryimage"},"image":{"@id":"https:\/\/canal7slp.tv\/2025\/variante-frankenstein-del-covid-19-se-expande-globalmente\/#primaryimage"},"thumbnailUrl":"https:\/\/canal7slp.tv\/2025\/wp-content\/uploads\/2025\/10\/02-26.jpg","datePublished":"2025-10-28T19:49:26+00:00","breadcrumb":{"@id":"https:\/\/canal7slp.tv\/2025\/variante-frankenstein-del-covid-19-se-expande-globalmente\/#breadcrumb"},"inLanguage":"es","potentialAction":[{"@type":"ReadAction","target":["https:\/\/canal7slp.tv\/2025\/variante-frankenstein-del-covid-19-se-expande-globalmente\/"]}]},{"@type":"ImageObject","inLanguage":"es","@id":"https:\/\/canal7slp.tv\/2025\/variante-frankenstein-del-covid-19-se-expande-globalmente\/#primaryimage","url":"https:\/\/canal7slp.tv\/2025\/wp-content\/uploads\/2025\/10\/02-26.jpg","contentUrl":"https:\/\/canal7slp.tv\/2025\/wp-content\/uploads\/2025\/10\/02-26.jpg","width":729,"height":410},{"@type":"BreadcrumbList","@id":"https:\/\/canal7slp.tv\/2025\/variante-frankenstein-del-covid-19-se-expande-globalmente\/#breadcrumb","itemListElement":[{"@type":"ListItem","position":1,"name":"Portada","item":"https:\/\/canal7slp.tv\/2025\/"},{"@type":"ListItem","position":2,"name":"Variante \u201cFrankenstein\u201d del COVID-19 se expande globalmente"}]},{"@type":"WebSite","@id":"https:\/\/canal7slp.tv\/2025\/#website","url":"https:\/\/canal7slp.tv\/2025\/","name":"N7 - Noticieros Canal 7","description":"Somos el Medio","publisher":{"@id":"https:\/\/canal7slp.tv\/2025\/#organization"},"potentialAction":[{"@type":"SearchAction","target":{"@type":"EntryPoint","urlTemplate":"https:\/\/canal7slp.tv\/2025\/?s={search_term_string}"},"query-input":{"@type":"PropertyValueSpecification","valueRequired":true,"valueName":"search_term_string"}}],"inLanguage":"es"},{"@type":"Organization","@id":"https:\/\/canal7slp.tv\/2025\/#organization","name":"Noticieros Canal 7","url":"https:\/\/canal7slp.tv\/2025\/","logo":{"@type":"ImageObject","inLanguage":"es","@id":"https:\/\/canal7slp.tv\/2025\/#\/schema\/logo\/image\/","url":"https:\/\/canal7slp.tv\/2025\/wp-content\/uploads\/2021\/01\/logo-noticieros@2x.png","contentUrl":"https:\/\/canal7slp.tv\/2025\/wp-content\/uploads\/2021\/01\/logo-noticieros@2x.png","width":1017,"height":268,"caption":"Noticieros Canal 7"},"image":{"@id":"https:\/\/canal7slp.tv\/2025\/#\/schema\/logo\/image\/"},"sameAs":["https:\/\/www.facebook.com\/noticieroscanal7atencionciudadana\/","https:\/\/x.com\/NOTICIEROS7","https:\/\/www.instagram.com\/canal7_slp","https:\/\/www.youtube.com\/channel\/UCliiYs-gP3JfJeqdPrNdd5A"]},{"@type":"Person","@id":"https:\/\/canal7slp.tv\/2025\/#\/schema\/person\/271e2b60a96e7cc9d9ac296f4d7e414b","name":"Edici\u00f3n Web","image":{"@type":"ImageObject","inLanguage":"es","@id":"https:\/\/secure.gravatar.com\/avatar\/eee448fc3f7164808013b816ba91ac7e43bbe82a70bebac296f8bc6f0addaa1a?s=96&d=mm&r=g","url":"https:\/\/secure.gravatar.com\/avatar\/eee448fc3f7164808013b816ba91ac7e43bbe82a70bebac296f8bc6f0addaa1a?s=96&d=mm&r=g","contentUrl":"https:\/\/secure.gravatar.com\/avatar\/eee448fc3f7164808013b816ba91ac7e43bbe82a70bebac296f8bc6f0addaa1a?s=96&d=mm&r=g","caption":"Edici\u00f3n Web"},"url":"https:\/\/canal7slp.tv\/2025\/author\/edicionweb\/"}]}},"_links":{"self":[{"href":"https:\/\/canal7slp.tv\/2025\/wp-json\/wp\/v2\/posts\/183326","targetHints":{"allow":["GET"]}}],"collection":[{"href":"https:\/\/canal7slp.tv\/2025\/wp-json\/wp\/v2\/posts"}],"about":[{"href":"https:\/\/canal7slp.tv\/2025\/wp-json\/wp\/v2\/types\/post"}],"author":[{"embeddable":true,"href":"https:\/\/canal7slp.tv\/2025\/wp-json\/wp\/v2\/users\/2"}],"replies":[{"embeddable":true,"href":"https:\/\/canal7slp.tv\/2025\/wp-json\/wp\/v2\/comments?post=183326"}],"version-history":[{"count":1,"href":"https:\/\/canal7slp.tv\/2025\/wp-json\/wp\/v2\/posts\/183326\/revisions"}],"predecessor-version":[{"id":183328,"href":"https:\/\/canal7slp.tv\/2025\/wp-json\/wp\/v2\/posts\/183326\/revisions\/183328"}],"wp:featuredmedia":[{"embeddable":true,"href":"https:\/\/canal7slp.tv\/2025\/wp-json\/wp\/v2\/media\/183327"}],"wp:attachment":[{"href":"https:\/\/canal7slp.tv\/2025\/wp-json\/wp\/v2\/media?parent=183326"}],"wp:term":[{"taxonomy":"category","embeddable":true,"href":"https:\/\/canal7slp.tv\/2025\/wp-json\/wp\/v2\/categories?post=183326"},{"taxonomy":"post_tag","embeddable":true,"href":"https:\/\/canal7slp.tv\/2025\/wp-json\/wp\/v2\/tags?post=183326"}],"curies":[{"name":"wp","href":"https:\/\/api.w.org\/{rel}","templated":true}]}}