{"id":183263,"date":"2025-10-27T16:00:52","date_gmt":"2025-10-27T22:00:52","guid":{"rendered":"https:\/\/canal7slp.tv\/2025\/?p=183263"},"modified":"2025-10-27T16:00:52","modified_gmt":"2025-10-27T22:00:52","slug":"sat-desmiente-existencia-de-acuerdo-fiscal-con-grupo-salinas","status":"publish","type":"post","link":"https:\/\/canal7slp.tv\/2025\/sat-desmiente-existencia-de-acuerdo-fiscal-con-grupo-salinas\/","title":{"rendered":"SAT desmiente existencia de acuerdo fiscal con Grupo Salinas"},"content":{"rendered":"<p style=\"text-align: justify;\">M\u00e9xico.- El director del Servicio de Administraci\u00f3n Tributaria (SAT), Antonio Mart\u00ednez Dagnino, neg\u00f3 que exista alg\u00fan acuerdo con el Grupo Salinas respecto a los adeudos fiscales que la empresa mantiene con el fisco desde hace m\u00e1s de una d\u00e9cada.<\/p>\n<p style=\"text-align: justify;\">Durante la conferencia matutina presidencial, el funcionario calific\u00f3 como falsa la informaci\u00f3n difundida por el conglomerado empresarial sobre un presunto arreglo alcanzado durante la administraci\u00f3n anterior.<\/p>\n<p style=\"text-align: justify;\">Mart\u00ednez Dagnino explic\u00f3 que, si bien se mantuvieron mesas de di\u00e1logo con representantes del grupo, nunca se concret\u00f3 ning\u00fan acuerdo sobre el monto o la forma de pago de los adeudos correspondientes a los ejercicios fiscales 2008-2013.<\/p>\n<p style=\"text-align: justify;\">Se\u00f1al\u00f3 que el grupo siempre discrep\u00f3 del monto determinado por el SAT y que no existe documento firmado que avale alg\u00fan arreglo.<\/p>\n<p style=\"text-align: justify;\">Respecto al pago de 2,700 millones de pesos mencionado por la empresa, el director aclar\u00f3 que corresponde a un juicio distinto y anterior, sin relaci\u00f3n con los adeudos actualmente en discusi\u00f3n.<\/p>\n<p style=\"text-align: justify;\">La Procuradora Fiscal de la Federaci\u00f3n, Grisel Galeano Garc\u00eda, indic\u00f3 que el SAT esperar\u00e1 la resoluci\u00f3n definitiva de la Suprema Corte de Justicia antes de responder a los escritos recientes presentados por las empresas del grupo.<\/p>\n<p style=\"text-align: justify;\">Por su parte, la presidenta Claudia Sheinbaum reiter\u00f3 que no existe impedimento para que el Grupo Salinas realice el pago en cualquier momento, sin necesidad de acuerdos adicionales, solicitando las l\u00edneas de captura correspondientes.<\/p>\n","protected":false},"excerpt":{"rendered":"<p>M\u00e9xico.- El director del Servicio de Administraci\u00f3n Tributaria (SAT), Antonio Mart\u00ednez Dagnino, neg\u00f3 que exista alg\u00fan acuerdo con el Grupo Salinas respecto a los adeudos fiscales que la empresa mantiene con el fisco desde hace m\u00e1s de una d\u00e9cada. Durante la conferencia matutina presidencial, el funcionario calific\u00f3 como falsa la informaci\u00f3n difundida por el conglomerado empresarial sobre un presunto arreglo alcanzado durante la administraci\u00f3n anterior. Mart\u00ednez Dagnino explic\u00f3 que, si bien se mantuvieron mesas de di\u00e1logo con representantes del grupo, nunca se concret\u00f3 ning\u00fan acuerdo sobre el monto o la forma de pago de los adeudos correspondientes a los ejercicios [&hellip;]<\/p>\n","protected":false},"author":2,"featured_media":183264,"comment_status":"closed","ping_status":"closed","sticky":false,"template":"","format":"standard","meta":{"_monsterinsights_skip_tracking":false,"_monsterinsights_sitenote_active":false,"_monsterinsights_sitenote_note":"","_monsterinsights_sitenote_category":0,"footnotes":""},"categories":[40,46],"tags":[],"class_list":["post-183263","post","type-post","status-publish","format-standard","has-post-thumbnail","hentry","category-economia","category-nacional","post--single"],"yoast_head":"<!-- This site is optimized with the Yoast SEO plugin v27.5 - https:\/\/yoast.com\/product\/yoast-seo-wordpress\/ -->\n<title>SAT desmiente existencia de acuerdo fiscal con Grupo Salinas - Canal 7 SLP - 2025<\/title>\n<meta name=\"robots\" content=\"index, follow, max-snippet:-1, max-image-preview:large, max-video-preview:-1\" \/>\n<link rel=\"canonical\" href=\"https:\/\/canal7slp.tv\/2025\/sat-desmiente-existencia-de-acuerdo-fiscal-con-grupo-salinas\/\" \/>\n<meta property=\"og:locale\" content=\"es_ES\" \/>\n<meta property=\"og:type\" content=\"article\" \/>\n<meta property=\"og:title\" content=\"SAT desmiente existencia de acuerdo fiscal con Grupo Salinas - Canal 7 SLP - 2025\" \/>\n<meta property=\"og:description\" content=\"M\u00e9xico.- El director del Servicio de Administraci\u00f3n Tributaria (SAT), Antonio Mart\u00ednez Dagnino, neg\u00f3 que exista alg\u00fan acuerdo con el Grupo Salinas respecto a los adeudos fiscales que la empresa mantiene con el fisco desde hace m\u00e1s de una d\u00e9cada. Durante la conferencia matutina presidencial, el funcionario calific\u00f3 como falsa la informaci\u00f3n difundida por el conglomerado empresarial sobre un presunto arreglo alcanzado durante la administraci\u00f3n anterior. Mart\u00ednez Dagnino explic\u00f3 que, si bien se mantuvieron mesas de di\u00e1logo con representantes del grupo, nunca se concret\u00f3 ning\u00fan acuerdo sobre el monto o la forma de pago de los adeudos correspondientes a los ejercicios [&hellip;]\" \/>\n<meta property=\"og:url\" content=\"https:\/\/canal7slp.tv\/2025\/sat-desmiente-existencia-de-acuerdo-fiscal-con-grupo-salinas\/\" \/>\n<meta property=\"og:site_name\" content=\"Canal 7 SLP - 2025\" \/>\n<meta property=\"article:publisher\" content=\"https:\/\/www.facebook.com\/noticieroscanal7atencionciudadana\/\" \/>\n<meta property=\"article:published_time\" content=\"2025-10-27T22:00:52+00:00\" \/>\n<meta property=\"og:image\" content=\"https:\/\/canal7slp.tv\/2025\/wp-content\/uploads\/2025\/10\/10-26.jpg\" \/>\n\t<meta property=\"og:image:width\" content=\"888\" \/>\n\t<meta property=\"og:image:height\" content=\"500\" \/>\n\t<meta property=\"og:image:type\" content=\"image\/jpeg\" \/>\n<meta name=\"author\" content=\"Edici\u00f3n Web\" \/>\n<meta name=\"twitter:card\" content=\"summary_large_image\" \/>\n<meta name=\"twitter:creator\" content=\"@NOTICIEROS7\" \/>\n<meta name=\"twitter:site\" content=\"@NOTICIEROS7\" \/>\n<meta name=\"twitter:label1\" content=\"Escrito por\" \/>\n\t<meta name=\"twitter:data1\" content=\"Edici\u00f3n Web\" \/>\n\t<meta name=\"twitter:label2\" content=\"Tiempo de lectura\" \/>\n\t<meta name=\"twitter:data2\" content=\"2 minutos\" \/>\n<script type=\"application\/ld+json\" class=\"yoast-schema-graph\">{\"@context\":\"https:\\\/\\\/schema.org\",\"@graph\":[{\"@type\":\"Article\",\"@id\":\"https:\\\/\\\/canal7slp.tv\\\/2025\\\/sat-desmiente-existencia-de-acuerdo-fiscal-con-grupo-salinas\\\/#article\",\"isPartOf\":{\"@id\":\"https:\\\/\\\/canal7slp.tv\\\/2025\\\/sat-desmiente-existencia-de-acuerdo-fiscal-con-grupo-salinas\\\/\"},\"author\":{\"name\":\"Edici\u00f3n Web\",\"@id\":\"https:\\\/\\\/canal7slp.tv\\\/2025\\\/#\\\/schema\\\/person\\\/271e2b60a96e7cc9d9ac296f4d7e414b\"},\"headline\":\"SAT desmiente existencia de acuerdo fiscal con Grupo Salinas\",\"datePublished\":\"2025-10-27T22:00:52+00:00\",\"mainEntityOfPage\":{\"@id\":\"https:\\\/\\\/canal7slp.tv\\\/2025\\\/sat-desmiente-existencia-de-acuerdo-fiscal-con-grupo-salinas\\\/\"},\"wordCount\":253,\"publisher\":{\"@id\":\"https:\\\/\\\/canal7slp.tv\\\/2025\\\/#organization\"},\"image\":{\"@id\":\"https:\\\/\\\/canal7slp.tv\\\/2025\\\/sat-desmiente-existencia-de-acuerdo-fiscal-con-grupo-salinas\\\/#primaryimage\"},\"thumbnailUrl\":\"https:\\\/\\\/canal7slp.tv\\\/2025\\\/wp-content\\\/uploads\\\/2025\\\/10\\\/10-26.jpg\",\"articleSection\":[\"ECONOM\u00cdA\",\"NACIONALES\"],\"inLanguage\":\"es\"},{\"@type\":\"WebPage\",\"@id\":\"https:\\\/\\\/canal7slp.tv\\\/2025\\\/sat-desmiente-existencia-de-acuerdo-fiscal-con-grupo-salinas\\\/\",\"url\":\"https:\\\/\\\/canal7slp.tv\\\/2025\\\/sat-desmiente-existencia-de-acuerdo-fiscal-con-grupo-salinas\\\/\",\"name\":\"SAT desmiente existencia de acuerdo fiscal con Grupo Salinas - Canal 7 SLP - 2025\",\"isPartOf\":{\"@id\":\"https:\\\/\\\/canal7slp.tv\\\/2025\\\/#website\"},\"primaryImageOfPage\":{\"@id\":\"https:\\\/\\\/canal7slp.tv\\\/2025\\\/sat-desmiente-existencia-de-acuerdo-fiscal-con-grupo-salinas\\\/#primaryimage\"},\"image\":{\"@id\":\"https:\\\/\\\/canal7slp.tv\\\/2025\\\/sat-desmiente-existencia-de-acuerdo-fiscal-con-grupo-salinas\\\/#primaryimage\"},\"thumbnailUrl\":\"https:\\\/\\\/canal7slp.tv\\\/2025\\\/wp-content\\\/uploads\\\/2025\\\/10\\\/10-26.jpg\",\"datePublished\":\"2025-10-27T22:00:52+00:00\",\"breadcrumb\":{\"@id\":\"https:\\\/\\\/canal7slp.tv\\\/2025\\\/sat-desmiente-existencia-de-acuerdo-fiscal-con-grupo-salinas\\\/#breadcrumb\"},\"inLanguage\":\"es\",\"potentialAction\":[{\"@type\":\"ReadAction\",\"target\":[\"https:\\\/\\\/canal7slp.tv\\\/2025\\\/sat-desmiente-existencia-de-acuerdo-fiscal-con-grupo-salinas\\\/\"]}]},{\"@type\":\"ImageObject\",\"inLanguage\":\"es\",\"@id\":\"https:\\\/\\\/canal7slp.tv\\\/2025\\\/sat-desmiente-existencia-de-acuerdo-fiscal-con-grupo-salinas\\\/#primaryimage\",\"url\":\"https:\\\/\\\/canal7slp.tv\\\/2025\\\/wp-content\\\/uploads\\\/2025\\\/10\\\/10-26.jpg\",\"contentUrl\":\"https:\\\/\\\/canal7slp.tv\\\/2025\\\/wp-content\\\/uploads\\\/2025\\\/10\\\/10-26.jpg\",\"width\":888,\"height\":500},{\"@type\":\"BreadcrumbList\",\"@id\":\"https:\\\/\\\/canal7slp.tv\\\/2025\\\/sat-desmiente-existencia-de-acuerdo-fiscal-con-grupo-salinas\\\/#breadcrumb\",\"itemListElement\":[{\"@type\":\"ListItem\",\"position\":1,\"name\":\"Portada\",\"item\":\"https:\\\/\\\/canal7slp.tv\\\/2025\\\/\"},{\"@type\":\"ListItem\",\"position\":2,\"name\":\"SAT desmiente existencia de acuerdo fiscal con Grupo Salinas\"}]},{\"@type\":\"WebSite\",\"@id\":\"https:\\\/\\\/canal7slp.tv\\\/2025\\\/#website\",\"url\":\"https:\\\/\\\/canal7slp.tv\\\/2025\\\/\",\"name\":\"N7 - Noticieros Canal 7\",\"description\":\"Somos el Medio\",\"publisher\":{\"@id\":\"https:\\\/\\\/canal7slp.tv\\\/2025\\\/#organization\"},\"potentialAction\":[{\"@type\":\"SearchAction\",\"target\":{\"@type\":\"EntryPoint\",\"urlTemplate\":\"https:\\\/\\\/canal7slp.tv\\\/2025\\\/?s={search_term_string}\"},\"query-input\":{\"@type\":\"PropertyValueSpecification\",\"valueRequired\":true,\"valueName\":\"search_term_string\"}}],\"inLanguage\":\"es\"},{\"@type\":\"Organization\",\"@id\":\"https:\\\/\\\/canal7slp.tv\\\/2025\\\/#organization\",\"name\":\"Noticieros Canal 7\",\"url\":\"https:\\\/\\\/canal7slp.tv\\\/2025\\\/\",\"logo\":{\"@type\":\"ImageObject\",\"inLanguage\":\"es\",\"@id\":\"https:\\\/\\\/canal7slp.tv\\\/2025\\\/#\\\/schema\\\/logo\\\/image\\\/\",\"url\":\"https:\\\/\\\/canal7slp.tv\\\/2025\\\/wp-content\\\/uploads\\\/2021\\\/01\\\/logo-noticieros@2x.png\",\"contentUrl\":\"https:\\\/\\\/canal7slp.tv\\\/2025\\\/wp-content\\\/uploads\\\/2021\\\/01\\\/logo-noticieros@2x.png\",\"width\":1017,\"height\":268,\"caption\":\"Noticieros Canal 7\"},\"image\":{\"@id\":\"https:\\\/\\\/canal7slp.tv\\\/2025\\\/#\\\/schema\\\/logo\\\/image\\\/\"},\"sameAs\":[\"https:\\\/\\\/www.facebook.com\\\/noticieroscanal7atencionciudadana\\\/\",\"https:\\\/\\\/x.com\\\/NOTICIEROS7\",\"https:\\\/\\\/www.instagram.com\\\/canal7_slp\",\"https:\\\/\\\/www.youtube.com\\\/channel\\\/UCliiYs-gP3JfJeqdPrNdd5A\"]},{\"@type\":\"Person\",\"@id\":\"https:\\\/\\\/canal7slp.tv\\\/2025\\\/#\\\/schema\\\/person\\\/271e2b60a96e7cc9d9ac296f4d7e414b\",\"name\":\"Edici\u00f3n Web\",\"image\":{\"@type\":\"ImageObject\",\"inLanguage\":\"es\",\"@id\":\"https:\\\/\\\/secure.gravatar.com\\\/avatar\\\/eee448fc3f7164808013b816ba91ac7e43bbe82a70bebac296f8bc6f0addaa1a?s=96&d=mm&r=g\",\"url\":\"https:\\\/\\\/secure.gravatar.com\\\/avatar\\\/eee448fc3f7164808013b816ba91ac7e43bbe82a70bebac296f8bc6f0addaa1a?s=96&d=mm&r=g\",\"contentUrl\":\"https:\\\/\\\/secure.gravatar.com\\\/avatar\\\/eee448fc3f7164808013b816ba91ac7e43bbe82a70bebac296f8bc6f0addaa1a?s=96&d=mm&r=g\",\"caption\":\"Edici\u00f3n Web\"},\"url\":\"https:\\\/\\\/canal7slp.tv\\\/2025\\\/author\\\/edicionweb\\\/\"}]}<\/script>\n<!-- \/ Yoast SEO plugin. -->","yoast_head_json":{"title":"SAT desmiente existencia de acuerdo fiscal con Grupo Salinas - Canal 7 SLP - 2025","robots":{"index":"index","follow":"follow","max-snippet":"max-snippet:-1","max-image-preview":"max-image-preview:large","max-video-preview":"max-video-preview:-1"},"canonical":"https:\/\/canal7slp.tv\/2025\/sat-desmiente-existencia-de-acuerdo-fiscal-con-grupo-salinas\/","og_locale":"es_ES","og_type":"article","og_title":"SAT desmiente existencia de acuerdo fiscal con Grupo Salinas - Canal 7 SLP - 2025","og_description":"M\u00e9xico.- El director del Servicio de Administraci\u00f3n Tributaria (SAT), Antonio Mart\u00ednez Dagnino, neg\u00f3 que exista alg\u00fan acuerdo con el Grupo Salinas respecto a los adeudos fiscales que la empresa mantiene con el fisco desde hace m\u00e1s de una d\u00e9cada. Durante la conferencia matutina presidencial, el funcionario calific\u00f3 como falsa la informaci\u00f3n difundida por el conglomerado empresarial sobre un presunto arreglo alcanzado durante la administraci\u00f3n anterior. Mart\u00ednez Dagnino explic\u00f3 que, si bien se mantuvieron mesas de di\u00e1logo con representantes del grupo, nunca se concret\u00f3 ning\u00fan acuerdo sobre el monto o la forma de pago de los adeudos correspondientes a los ejercicios [&hellip;]","og_url":"https:\/\/canal7slp.tv\/2025\/sat-desmiente-existencia-de-acuerdo-fiscal-con-grupo-salinas\/","og_site_name":"Canal 7 SLP - 2025","article_publisher":"https:\/\/www.facebook.com\/noticieroscanal7atencionciudadana\/","article_published_time":"2025-10-27T22:00:52+00:00","og_image":[{"width":888,"height":500,"url":"https:\/\/canal7slp.tv\/2025\/wp-content\/uploads\/2025\/10\/10-26.jpg","type":"image\/jpeg"}],"author":"Edici\u00f3n Web","twitter_card":"summary_large_image","twitter_creator":"@NOTICIEROS7","twitter_site":"@NOTICIEROS7","twitter_misc":{"Escrito por":"Edici\u00f3n Web","Tiempo de lectura":"2 minutos"},"schema":{"@context":"https:\/\/schema.org","@graph":[{"@type":"Article","@id":"https:\/\/canal7slp.tv\/2025\/sat-desmiente-existencia-de-acuerdo-fiscal-con-grupo-salinas\/#article","isPartOf":{"@id":"https:\/\/canal7slp.tv\/2025\/sat-desmiente-existencia-de-acuerdo-fiscal-con-grupo-salinas\/"},"author":{"name":"Edici\u00f3n Web","@id":"https:\/\/canal7slp.tv\/2025\/#\/schema\/person\/271e2b60a96e7cc9d9ac296f4d7e414b"},"headline":"SAT desmiente existencia de acuerdo fiscal con Grupo Salinas","datePublished":"2025-10-27T22:00:52+00:00","mainEntityOfPage":{"@id":"https:\/\/canal7slp.tv\/2025\/sat-desmiente-existencia-de-acuerdo-fiscal-con-grupo-salinas\/"},"wordCount":253,"publisher":{"@id":"https:\/\/canal7slp.tv\/2025\/#organization"},"image":{"@id":"https:\/\/canal7slp.tv\/2025\/sat-desmiente-existencia-de-acuerdo-fiscal-con-grupo-salinas\/#primaryimage"},"thumbnailUrl":"https:\/\/canal7slp.tv\/2025\/wp-content\/uploads\/2025\/10\/10-26.jpg","articleSection":["ECONOM\u00cdA","NACIONALES"],"inLanguage":"es"},{"@type":"WebPage","@id":"https:\/\/canal7slp.tv\/2025\/sat-desmiente-existencia-de-acuerdo-fiscal-con-grupo-salinas\/","url":"https:\/\/canal7slp.tv\/2025\/sat-desmiente-existencia-de-acuerdo-fiscal-con-grupo-salinas\/","name":"SAT desmiente existencia de acuerdo fiscal con Grupo Salinas - Canal 7 SLP - 2025","isPartOf":{"@id":"https:\/\/canal7slp.tv\/2025\/#website"},"primaryImageOfPage":{"@id":"https:\/\/canal7slp.tv\/2025\/sat-desmiente-existencia-de-acuerdo-fiscal-con-grupo-salinas\/#primaryimage"},"image":{"@id":"https:\/\/canal7slp.tv\/2025\/sat-desmiente-existencia-de-acuerdo-fiscal-con-grupo-salinas\/#primaryimage"},"thumbnailUrl":"https:\/\/canal7slp.tv\/2025\/wp-content\/uploads\/2025\/10\/10-26.jpg","datePublished":"2025-10-27T22:00:52+00:00","breadcrumb":{"@id":"https:\/\/canal7slp.tv\/2025\/sat-desmiente-existencia-de-acuerdo-fiscal-con-grupo-salinas\/#breadcrumb"},"inLanguage":"es","potentialAction":[{"@type":"ReadAction","target":["https:\/\/canal7slp.tv\/2025\/sat-desmiente-existencia-de-acuerdo-fiscal-con-grupo-salinas\/"]}]},{"@type":"ImageObject","inLanguage":"es","@id":"https:\/\/canal7slp.tv\/2025\/sat-desmiente-existencia-de-acuerdo-fiscal-con-grupo-salinas\/#primaryimage","url":"https:\/\/canal7slp.tv\/2025\/wp-content\/uploads\/2025\/10\/10-26.jpg","contentUrl":"https:\/\/canal7slp.tv\/2025\/wp-content\/uploads\/2025\/10\/10-26.jpg","width":888,"height":500},{"@type":"BreadcrumbList","@id":"https:\/\/canal7slp.tv\/2025\/sat-desmiente-existencia-de-acuerdo-fiscal-con-grupo-salinas\/#breadcrumb","itemListElement":[{"@type":"ListItem","position":1,"name":"Portada","item":"https:\/\/canal7slp.tv\/2025\/"},{"@type":"ListItem","position":2,"name":"SAT desmiente existencia de acuerdo fiscal con Grupo Salinas"}]},{"@type":"WebSite","@id":"https:\/\/canal7slp.tv\/2025\/#website","url":"https:\/\/canal7slp.tv\/2025\/","name":"N7 - Noticieros Canal 7","description":"Somos el Medio","publisher":{"@id":"https:\/\/canal7slp.tv\/2025\/#organization"},"potentialAction":[{"@type":"SearchAction","target":{"@type":"EntryPoint","urlTemplate":"https:\/\/canal7slp.tv\/2025\/?s={search_term_string}"},"query-input":{"@type":"PropertyValueSpecification","valueRequired":true,"valueName":"search_term_string"}}],"inLanguage":"es"},{"@type":"Organization","@id":"https:\/\/canal7slp.tv\/2025\/#organization","name":"Noticieros Canal 7","url":"https:\/\/canal7slp.tv\/2025\/","logo":{"@type":"ImageObject","inLanguage":"es","@id":"https:\/\/canal7slp.tv\/2025\/#\/schema\/logo\/image\/","url":"https:\/\/canal7slp.tv\/2025\/wp-content\/uploads\/2021\/01\/logo-noticieros@2x.png","contentUrl":"https:\/\/canal7slp.tv\/2025\/wp-content\/uploads\/2021\/01\/logo-noticieros@2x.png","width":1017,"height":268,"caption":"Noticieros Canal 7"},"image":{"@id":"https:\/\/canal7slp.tv\/2025\/#\/schema\/logo\/image\/"},"sameAs":["https:\/\/www.facebook.com\/noticieroscanal7atencionciudadana\/","https:\/\/x.com\/NOTICIEROS7","https:\/\/www.instagram.com\/canal7_slp","https:\/\/www.youtube.com\/channel\/UCliiYs-gP3JfJeqdPrNdd5A"]},{"@type":"Person","@id":"https:\/\/canal7slp.tv\/2025\/#\/schema\/person\/271e2b60a96e7cc9d9ac296f4d7e414b","name":"Edici\u00f3n Web","image":{"@type":"ImageObject","inLanguage":"es","@id":"https:\/\/secure.gravatar.com\/avatar\/eee448fc3f7164808013b816ba91ac7e43bbe82a70bebac296f8bc6f0addaa1a?s=96&d=mm&r=g","url":"https:\/\/secure.gravatar.com\/avatar\/eee448fc3f7164808013b816ba91ac7e43bbe82a70bebac296f8bc6f0addaa1a?s=96&d=mm&r=g","contentUrl":"https:\/\/secure.gravatar.com\/avatar\/eee448fc3f7164808013b816ba91ac7e43bbe82a70bebac296f8bc6f0addaa1a?s=96&d=mm&r=g","caption":"Edici\u00f3n Web"},"url":"https:\/\/canal7slp.tv\/2025\/author\/edicionweb\/"}]}},"_links":{"self":[{"href":"https:\/\/canal7slp.tv\/2025\/wp-json\/wp\/v2\/posts\/183263","targetHints":{"allow":["GET"]}}],"collection":[{"href":"https:\/\/canal7slp.tv\/2025\/wp-json\/wp\/v2\/posts"}],"about":[{"href":"https:\/\/canal7slp.tv\/2025\/wp-json\/wp\/v2\/types\/post"}],"author":[{"embeddable":true,"href":"https:\/\/canal7slp.tv\/2025\/wp-json\/wp\/v2\/users\/2"}],"replies":[{"embeddable":true,"href":"https:\/\/canal7slp.tv\/2025\/wp-json\/wp\/v2\/comments?post=183263"}],"version-history":[{"count":1,"href":"https:\/\/canal7slp.tv\/2025\/wp-json\/wp\/v2\/posts\/183263\/revisions"}],"predecessor-version":[{"id":183265,"href":"https:\/\/canal7slp.tv\/2025\/wp-json\/wp\/v2\/posts\/183263\/revisions\/183265"}],"wp:featuredmedia":[{"embeddable":true,"href":"https:\/\/canal7slp.tv\/2025\/wp-json\/wp\/v2\/media\/183264"}],"wp:attachment":[{"href":"https:\/\/canal7slp.tv\/2025\/wp-json\/wp\/v2\/media?parent=183263"}],"wp:term":[{"taxonomy":"category","embeddable":true,"href":"https:\/\/canal7slp.tv\/2025\/wp-json\/wp\/v2\/categories?post=183263"},{"taxonomy":"post_tag","embeddable":true,"href":"https:\/\/canal7slp.tv\/2025\/wp-json\/wp\/v2\/tags?post=183263"}],"curies":[{"name":"wp","href":"https:\/\/api.w.org\/{rel}","templated":true}]}}