{"id":183257,"date":"2025-10-27T15:20:05","date_gmt":"2025-10-27T21:20:05","guid":{"rendered":"https:\/\/canal7slp.tv\/2025\/?p=183257"},"modified":"2025-10-27T15:20:05","modified_gmt":"2025-10-27T21:20:05","slug":"trump-respalda-posible-candidatura-vance-rubio-para-elecciones-presidenciales-de-2028","status":"publish","type":"post","link":"https:\/\/canal7slp.tv\/2025\/trump-respalda-posible-candidatura-vance-rubio-para-elecciones-presidenciales-de-2028\/","title":{"rendered":"Trump respalda posible candidatura Vance-Rubio para elecciones presidenciales de 2028"},"content":{"rendered":"<p style=\"text-align: justify;\">EEUU.- El presidente de Estados Unidos, Donald Trump, manifest\u00f3 su apoyo a una posible candidatura conjunta del vicepresidente JD Vance y el secretario de Estado Marco Rubio para las elecciones presidenciales de 2028.<\/p>\n<p style=\"text-align: justify;\">Durante declaraciones a medios de comunicaci\u00f3n, el mandatario describi\u00f3 esta posible f\u00f3rmula como \u00abimparable\u00bb en futuros comicios.<\/p>\n<p style=\"text-align: justify;\">Trump reconoci\u00f3 que, aunque le \u00abencantar\u00eda\u00bb optar a un tercer mandato, la Vigesimosegunda Enmienda constitucional lo impide al limitar a dos el n\u00famero de periodos presidenciales.<\/p>\n<p style=\"text-align: justify;\">Cabe se\u00f1alar. que esta enmienda fue ratificada en 1951 despu\u00e9s de que Franklin D. Roosevelt ocupara la presidencia durante cuatro mandatos.<\/p>\n<p style=\"text-align: justify;\">Las declaraciones se produjeron en el contexto de especulaciones sobre posibles candidatos para las pr\u00f3ximas elecciones, donde tambi\u00e9n se han mencionado nombres del Partido Dem\u00f3crata como el gobernador de California, Gavin Newsom, y la exvicepresidenta Kamala Harris.<\/p>\n","protected":false},"excerpt":{"rendered":"<p>EEUU.- El presidente de Estados Unidos, Donald Trump, manifest\u00f3 su apoyo a una posible candidatura conjunta del vicepresidente JD Vance y el secretario de Estado Marco Rubio para las elecciones presidenciales de 2028. Durante declaraciones a medios de comunicaci\u00f3n, el mandatario describi\u00f3 esta posible f\u00f3rmula como \u00abimparable\u00bb en futuros comicios. Trump reconoci\u00f3 que, aunque le \u00abencantar\u00eda\u00bb optar a un tercer mandato, la Vigesimosegunda Enmienda constitucional lo impide al limitar a dos el n\u00famero de periodos presidenciales. Cabe se\u00f1alar. que esta enmienda fue ratificada en 1951 despu\u00e9s de que Franklin D. Roosevelt ocupara la presidencia durante cuatro mandatos. Las declaraciones se [&hellip;]<\/p>\n","protected":false},"author":2,"featured_media":183258,"comment_status":"closed","ping_status":"closed","sticky":false,"template":"","format":"standard","meta":{"_monsterinsights_skip_tracking":false,"_monsterinsights_sitenote_active":false,"_monsterinsights_sitenote_note":"","_monsterinsights_sitenote_category":0,"footnotes":""},"categories":[44],"tags":[],"class_list":["post-183257","post","type-post","status-publish","format-standard","has-post-thumbnail","hentry","category-internacional","post--single"],"yoast_head":"<!-- This site is optimized with the Yoast SEO plugin v27.5 - https:\/\/yoast.com\/product\/yoast-seo-wordpress\/ -->\n<title>Trump respalda posible candidatura Vance-Rubio para elecciones presidenciales de 2028 - Canal 7 SLP - 2025<\/title>\n<meta name=\"robots\" content=\"index, follow, max-snippet:-1, max-image-preview:large, max-video-preview:-1\" \/>\n<link rel=\"canonical\" href=\"https:\/\/canal7slp.tv\/2025\/trump-respalda-posible-candidatura-vance-rubio-para-elecciones-presidenciales-de-2028\/\" \/>\n<meta property=\"og:locale\" content=\"es_ES\" \/>\n<meta property=\"og:type\" content=\"article\" \/>\n<meta property=\"og:title\" content=\"Trump respalda posible candidatura Vance-Rubio para elecciones presidenciales de 2028 - Canal 7 SLP - 2025\" \/>\n<meta property=\"og:description\" content=\"EEUU.- El presidente de Estados Unidos, Donald Trump, manifest\u00f3 su apoyo a una posible candidatura conjunta del vicepresidente JD Vance y el secretario de Estado Marco Rubio para las elecciones presidenciales de 2028. Durante declaraciones a medios de comunicaci\u00f3n, el mandatario describi\u00f3 esta posible f\u00f3rmula como \u00abimparable\u00bb en futuros comicios. Trump reconoci\u00f3 que, aunque le \u00abencantar\u00eda\u00bb optar a un tercer mandato, la Vigesimosegunda Enmienda constitucional lo impide al limitar a dos el n\u00famero de periodos presidenciales. Cabe se\u00f1alar. que esta enmienda fue ratificada en 1951 despu\u00e9s de que Franklin D. Roosevelt ocupara la presidencia durante cuatro mandatos. Las declaraciones se [&hellip;]\" \/>\n<meta property=\"og:url\" content=\"https:\/\/canal7slp.tv\/2025\/trump-respalda-posible-candidatura-vance-rubio-para-elecciones-presidenciales-de-2028\/\" \/>\n<meta property=\"og:site_name\" content=\"Canal 7 SLP - 2025\" \/>\n<meta property=\"article:publisher\" content=\"https:\/\/www.facebook.com\/noticieroscanal7atencionciudadana\/\" \/>\n<meta property=\"article:published_time\" content=\"2025-10-27T21:20:05+00:00\" \/>\n<meta property=\"og:image\" content=\"https:\/\/canal7slp.tv\/2025\/wp-content\/uploads\/2025\/10\/08-25.jpg\" \/>\n\t<meta property=\"og:image:width\" content=\"888\" \/>\n\t<meta property=\"og:image:height\" content=\"500\" \/>\n\t<meta property=\"og:image:type\" content=\"image\/jpeg\" \/>\n<meta name=\"author\" content=\"Edici\u00f3n Web\" \/>\n<meta name=\"twitter:card\" content=\"summary_large_image\" \/>\n<meta name=\"twitter:creator\" content=\"@NOTICIEROS7\" \/>\n<meta name=\"twitter:site\" content=\"@NOTICIEROS7\" \/>\n<meta name=\"twitter:label1\" content=\"Escrito por\" \/>\n\t<meta name=\"twitter:data1\" content=\"Edici\u00f3n Web\" \/>\n\t<meta name=\"twitter:label2\" content=\"Tiempo de lectura\" \/>\n\t<meta name=\"twitter:data2\" content=\"1 minuto\" \/>\n<script type=\"application\/ld+json\" class=\"yoast-schema-graph\">{\"@context\":\"https:\\\/\\\/schema.org\",\"@graph\":[{\"@type\":\"Article\",\"@id\":\"https:\\\/\\\/canal7slp.tv\\\/2025\\\/trump-respalda-posible-candidatura-vance-rubio-para-elecciones-presidenciales-de-2028\\\/#article\",\"isPartOf\":{\"@id\":\"https:\\\/\\\/canal7slp.tv\\\/2025\\\/trump-respalda-posible-candidatura-vance-rubio-para-elecciones-presidenciales-de-2028\\\/\"},\"author\":{\"name\":\"Edici\u00f3n Web\",\"@id\":\"https:\\\/\\\/canal7slp.tv\\\/2025\\\/#\\\/schema\\\/person\\\/271e2b60a96e7cc9d9ac296f4d7e414b\"},\"headline\":\"Trump respalda posible candidatura Vance-Rubio para elecciones presidenciales de 2028\",\"datePublished\":\"2025-10-27T21:20:05+00:00\",\"mainEntityOfPage\":{\"@id\":\"https:\\\/\\\/canal7slp.tv\\\/2025\\\/trump-respalda-posible-candidatura-vance-rubio-para-elecciones-presidenciales-de-2028\\\/\"},\"wordCount\":151,\"publisher\":{\"@id\":\"https:\\\/\\\/canal7slp.tv\\\/2025\\\/#organization\"},\"image\":{\"@id\":\"https:\\\/\\\/canal7slp.tv\\\/2025\\\/trump-respalda-posible-candidatura-vance-rubio-para-elecciones-presidenciales-de-2028\\\/#primaryimage\"},\"thumbnailUrl\":\"https:\\\/\\\/canal7slp.tv\\\/2025\\\/wp-content\\\/uploads\\\/2025\\\/10\\\/08-25.jpg\",\"articleSection\":[\"INTERNACIONALES\"],\"inLanguage\":\"es\"},{\"@type\":\"WebPage\",\"@id\":\"https:\\\/\\\/canal7slp.tv\\\/2025\\\/trump-respalda-posible-candidatura-vance-rubio-para-elecciones-presidenciales-de-2028\\\/\",\"url\":\"https:\\\/\\\/canal7slp.tv\\\/2025\\\/trump-respalda-posible-candidatura-vance-rubio-para-elecciones-presidenciales-de-2028\\\/\",\"name\":\"Trump respalda posible candidatura Vance-Rubio para elecciones presidenciales de 2028 - Canal 7 SLP - 2025\",\"isPartOf\":{\"@id\":\"https:\\\/\\\/canal7slp.tv\\\/2025\\\/#website\"},\"primaryImageOfPage\":{\"@id\":\"https:\\\/\\\/canal7slp.tv\\\/2025\\\/trump-respalda-posible-candidatura-vance-rubio-para-elecciones-presidenciales-de-2028\\\/#primaryimage\"},\"image\":{\"@id\":\"https:\\\/\\\/canal7slp.tv\\\/2025\\\/trump-respalda-posible-candidatura-vance-rubio-para-elecciones-presidenciales-de-2028\\\/#primaryimage\"},\"thumbnailUrl\":\"https:\\\/\\\/canal7slp.tv\\\/2025\\\/wp-content\\\/uploads\\\/2025\\\/10\\\/08-25.jpg\",\"datePublished\":\"2025-10-27T21:20:05+00:00\",\"breadcrumb\":{\"@id\":\"https:\\\/\\\/canal7slp.tv\\\/2025\\\/trump-respalda-posible-candidatura-vance-rubio-para-elecciones-presidenciales-de-2028\\\/#breadcrumb\"},\"inLanguage\":\"es\",\"potentialAction\":[{\"@type\":\"ReadAction\",\"target\":[\"https:\\\/\\\/canal7slp.tv\\\/2025\\\/trump-respalda-posible-candidatura-vance-rubio-para-elecciones-presidenciales-de-2028\\\/\"]}]},{\"@type\":\"ImageObject\",\"inLanguage\":\"es\",\"@id\":\"https:\\\/\\\/canal7slp.tv\\\/2025\\\/trump-respalda-posible-candidatura-vance-rubio-para-elecciones-presidenciales-de-2028\\\/#primaryimage\",\"url\":\"https:\\\/\\\/canal7slp.tv\\\/2025\\\/wp-content\\\/uploads\\\/2025\\\/10\\\/08-25.jpg\",\"contentUrl\":\"https:\\\/\\\/canal7slp.tv\\\/2025\\\/wp-content\\\/uploads\\\/2025\\\/10\\\/08-25.jpg\",\"width\":888,\"height\":500},{\"@type\":\"BreadcrumbList\",\"@id\":\"https:\\\/\\\/canal7slp.tv\\\/2025\\\/trump-respalda-posible-candidatura-vance-rubio-para-elecciones-presidenciales-de-2028\\\/#breadcrumb\",\"itemListElement\":[{\"@type\":\"ListItem\",\"position\":1,\"name\":\"Portada\",\"item\":\"https:\\\/\\\/canal7slp.tv\\\/2025\\\/\"},{\"@type\":\"ListItem\",\"position\":2,\"name\":\"Trump respalda posible candidatura Vance-Rubio para elecciones presidenciales de 2028\"}]},{\"@type\":\"WebSite\",\"@id\":\"https:\\\/\\\/canal7slp.tv\\\/2025\\\/#website\",\"url\":\"https:\\\/\\\/canal7slp.tv\\\/2025\\\/\",\"name\":\"N7 - Noticieros Canal 7\",\"description\":\"Somos el Medio\",\"publisher\":{\"@id\":\"https:\\\/\\\/canal7slp.tv\\\/2025\\\/#organization\"},\"potentialAction\":[{\"@type\":\"SearchAction\",\"target\":{\"@type\":\"EntryPoint\",\"urlTemplate\":\"https:\\\/\\\/canal7slp.tv\\\/2025\\\/?s={search_term_string}\"},\"query-input\":{\"@type\":\"PropertyValueSpecification\",\"valueRequired\":true,\"valueName\":\"search_term_string\"}}],\"inLanguage\":\"es\"},{\"@type\":\"Organization\",\"@id\":\"https:\\\/\\\/canal7slp.tv\\\/2025\\\/#organization\",\"name\":\"Noticieros Canal 7\",\"url\":\"https:\\\/\\\/canal7slp.tv\\\/2025\\\/\",\"logo\":{\"@type\":\"ImageObject\",\"inLanguage\":\"es\",\"@id\":\"https:\\\/\\\/canal7slp.tv\\\/2025\\\/#\\\/schema\\\/logo\\\/image\\\/\",\"url\":\"https:\\\/\\\/canal7slp.tv\\\/2025\\\/wp-content\\\/uploads\\\/2021\\\/01\\\/logo-noticieros@2x.png\",\"contentUrl\":\"https:\\\/\\\/canal7slp.tv\\\/2025\\\/wp-content\\\/uploads\\\/2021\\\/01\\\/logo-noticieros@2x.png\",\"width\":1017,\"height\":268,\"caption\":\"Noticieros Canal 7\"},\"image\":{\"@id\":\"https:\\\/\\\/canal7slp.tv\\\/2025\\\/#\\\/schema\\\/logo\\\/image\\\/\"},\"sameAs\":[\"https:\\\/\\\/www.facebook.com\\\/noticieroscanal7atencionciudadana\\\/\",\"https:\\\/\\\/x.com\\\/NOTICIEROS7\",\"https:\\\/\\\/www.instagram.com\\\/canal7_slp\",\"https:\\\/\\\/www.youtube.com\\\/channel\\\/UCliiYs-gP3JfJeqdPrNdd5A\"]},{\"@type\":\"Person\",\"@id\":\"https:\\\/\\\/canal7slp.tv\\\/2025\\\/#\\\/schema\\\/person\\\/271e2b60a96e7cc9d9ac296f4d7e414b\",\"name\":\"Edici\u00f3n Web\",\"image\":{\"@type\":\"ImageObject\",\"inLanguage\":\"es\",\"@id\":\"https:\\\/\\\/secure.gravatar.com\\\/avatar\\\/eee448fc3f7164808013b816ba91ac7e43bbe82a70bebac296f8bc6f0addaa1a?s=96&d=mm&r=g\",\"url\":\"https:\\\/\\\/secure.gravatar.com\\\/avatar\\\/eee448fc3f7164808013b816ba91ac7e43bbe82a70bebac296f8bc6f0addaa1a?s=96&d=mm&r=g\",\"contentUrl\":\"https:\\\/\\\/secure.gravatar.com\\\/avatar\\\/eee448fc3f7164808013b816ba91ac7e43bbe82a70bebac296f8bc6f0addaa1a?s=96&d=mm&r=g\",\"caption\":\"Edici\u00f3n Web\"},\"url\":\"https:\\\/\\\/canal7slp.tv\\\/2025\\\/author\\\/edicionweb\\\/\"}]}<\/script>\n<!-- \/ Yoast SEO plugin. -->","yoast_head_json":{"title":"Trump respalda posible candidatura Vance-Rubio para elecciones presidenciales de 2028 - Canal 7 SLP - 2025","robots":{"index":"index","follow":"follow","max-snippet":"max-snippet:-1","max-image-preview":"max-image-preview:large","max-video-preview":"max-video-preview:-1"},"canonical":"https:\/\/canal7slp.tv\/2025\/trump-respalda-posible-candidatura-vance-rubio-para-elecciones-presidenciales-de-2028\/","og_locale":"es_ES","og_type":"article","og_title":"Trump respalda posible candidatura Vance-Rubio para elecciones presidenciales de 2028 - Canal 7 SLP - 2025","og_description":"EEUU.- El presidente de Estados Unidos, Donald Trump, manifest\u00f3 su apoyo a una posible candidatura conjunta del vicepresidente JD Vance y el secretario de Estado Marco Rubio para las elecciones presidenciales de 2028. Durante declaraciones a medios de comunicaci\u00f3n, el mandatario describi\u00f3 esta posible f\u00f3rmula como \u00abimparable\u00bb en futuros comicios. Trump reconoci\u00f3 que, aunque le \u00abencantar\u00eda\u00bb optar a un tercer mandato, la Vigesimosegunda Enmienda constitucional lo impide al limitar a dos el n\u00famero de periodos presidenciales. Cabe se\u00f1alar. que esta enmienda fue ratificada en 1951 despu\u00e9s de que Franklin D. Roosevelt ocupara la presidencia durante cuatro mandatos. Las declaraciones se [&hellip;]","og_url":"https:\/\/canal7slp.tv\/2025\/trump-respalda-posible-candidatura-vance-rubio-para-elecciones-presidenciales-de-2028\/","og_site_name":"Canal 7 SLP - 2025","article_publisher":"https:\/\/www.facebook.com\/noticieroscanal7atencionciudadana\/","article_published_time":"2025-10-27T21:20:05+00:00","og_image":[{"width":888,"height":500,"url":"https:\/\/canal7slp.tv\/2025\/wp-content\/uploads\/2025\/10\/08-25.jpg","type":"image\/jpeg"}],"author":"Edici\u00f3n Web","twitter_card":"summary_large_image","twitter_creator":"@NOTICIEROS7","twitter_site":"@NOTICIEROS7","twitter_misc":{"Escrito por":"Edici\u00f3n Web","Tiempo de lectura":"1 minuto"},"schema":{"@context":"https:\/\/schema.org","@graph":[{"@type":"Article","@id":"https:\/\/canal7slp.tv\/2025\/trump-respalda-posible-candidatura-vance-rubio-para-elecciones-presidenciales-de-2028\/#article","isPartOf":{"@id":"https:\/\/canal7slp.tv\/2025\/trump-respalda-posible-candidatura-vance-rubio-para-elecciones-presidenciales-de-2028\/"},"author":{"name":"Edici\u00f3n Web","@id":"https:\/\/canal7slp.tv\/2025\/#\/schema\/person\/271e2b60a96e7cc9d9ac296f4d7e414b"},"headline":"Trump respalda posible candidatura Vance-Rubio para elecciones presidenciales de 2028","datePublished":"2025-10-27T21:20:05+00:00","mainEntityOfPage":{"@id":"https:\/\/canal7slp.tv\/2025\/trump-respalda-posible-candidatura-vance-rubio-para-elecciones-presidenciales-de-2028\/"},"wordCount":151,"publisher":{"@id":"https:\/\/canal7slp.tv\/2025\/#organization"},"image":{"@id":"https:\/\/canal7slp.tv\/2025\/trump-respalda-posible-candidatura-vance-rubio-para-elecciones-presidenciales-de-2028\/#primaryimage"},"thumbnailUrl":"https:\/\/canal7slp.tv\/2025\/wp-content\/uploads\/2025\/10\/08-25.jpg","articleSection":["INTERNACIONALES"],"inLanguage":"es"},{"@type":"WebPage","@id":"https:\/\/canal7slp.tv\/2025\/trump-respalda-posible-candidatura-vance-rubio-para-elecciones-presidenciales-de-2028\/","url":"https:\/\/canal7slp.tv\/2025\/trump-respalda-posible-candidatura-vance-rubio-para-elecciones-presidenciales-de-2028\/","name":"Trump respalda posible candidatura Vance-Rubio para elecciones presidenciales de 2028 - Canal 7 SLP - 2025","isPartOf":{"@id":"https:\/\/canal7slp.tv\/2025\/#website"},"primaryImageOfPage":{"@id":"https:\/\/canal7slp.tv\/2025\/trump-respalda-posible-candidatura-vance-rubio-para-elecciones-presidenciales-de-2028\/#primaryimage"},"image":{"@id":"https:\/\/canal7slp.tv\/2025\/trump-respalda-posible-candidatura-vance-rubio-para-elecciones-presidenciales-de-2028\/#primaryimage"},"thumbnailUrl":"https:\/\/canal7slp.tv\/2025\/wp-content\/uploads\/2025\/10\/08-25.jpg","datePublished":"2025-10-27T21:20:05+00:00","breadcrumb":{"@id":"https:\/\/canal7slp.tv\/2025\/trump-respalda-posible-candidatura-vance-rubio-para-elecciones-presidenciales-de-2028\/#breadcrumb"},"inLanguage":"es","potentialAction":[{"@type":"ReadAction","target":["https:\/\/canal7slp.tv\/2025\/trump-respalda-posible-candidatura-vance-rubio-para-elecciones-presidenciales-de-2028\/"]}]},{"@type":"ImageObject","inLanguage":"es","@id":"https:\/\/canal7slp.tv\/2025\/trump-respalda-posible-candidatura-vance-rubio-para-elecciones-presidenciales-de-2028\/#primaryimage","url":"https:\/\/canal7slp.tv\/2025\/wp-content\/uploads\/2025\/10\/08-25.jpg","contentUrl":"https:\/\/canal7slp.tv\/2025\/wp-content\/uploads\/2025\/10\/08-25.jpg","width":888,"height":500},{"@type":"BreadcrumbList","@id":"https:\/\/canal7slp.tv\/2025\/trump-respalda-posible-candidatura-vance-rubio-para-elecciones-presidenciales-de-2028\/#breadcrumb","itemListElement":[{"@type":"ListItem","position":1,"name":"Portada","item":"https:\/\/canal7slp.tv\/2025\/"},{"@type":"ListItem","position":2,"name":"Trump respalda posible candidatura Vance-Rubio para elecciones presidenciales de 2028"}]},{"@type":"WebSite","@id":"https:\/\/canal7slp.tv\/2025\/#website","url":"https:\/\/canal7slp.tv\/2025\/","name":"N7 - Noticieros Canal 7","description":"Somos el Medio","publisher":{"@id":"https:\/\/canal7slp.tv\/2025\/#organization"},"potentialAction":[{"@type":"SearchAction","target":{"@type":"EntryPoint","urlTemplate":"https:\/\/canal7slp.tv\/2025\/?s={search_term_string}"},"query-input":{"@type":"PropertyValueSpecification","valueRequired":true,"valueName":"search_term_string"}}],"inLanguage":"es"},{"@type":"Organization","@id":"https:\/\/canal7slp.tv\/2025\/#organization","name":"Noticieros Canal 7","url":"https:\/\/canal7slp.tv\/2025\/","logo":{"@type":"ImageObject","inLanguage":"es","@id":"https:\/\/canal7slp.tv\/2025\/#\/schema\/logo\/image\/","url":"https:\/\/canal7slp.tv\/2025\/wp-content\/uploads\/2021\/01\/logo-noticieros@2x.png","contentUrl":"https:\/\/canal7slp.tv\/2025\/wp-content\/uploads\/2021\/01\/logo-noticieros@2x.png","width":1017,"height":268,"caption":"Noticieros Canal 7"},"image":{"@id":"https:\/\/canal7slp.tv\/2025\/#\/schema\/logo\/image\/"},"sameAs":["https:\/\/www.facebook.com\/noticieroscanal7atencionciudadana\/","https:\/\/x.com\/NOTICIEROS7","https:\/\/www.instagram.com\/canal7_slp","https:\/\/www.youtube.com\/channel\/UCliiYs-gP3JfJeqdPrNdd5A"]},{"@type":"Person","@id":"https:\/\/canal7slp.tv\/2025\/#\/schema\/person\/271e2b60a96e7cc9d9ac296f4d7e414b","name":"Edici\u00f3n Web","image":{"@type":"ImageObject","inLanguage":"es","@id":"https:\/\/secure.gravatar.com\/avatar\/eee448fc3f7164808013b816ba91ac7e43bbe82a70bebac296f8bc6f0addaa1a?s=96&d=mm&r=g","url":"https:\/\/secure.gravatar.com\/avatar\/eee448fc3f7164808013b816ba91ac7e43bbe82a70bebac296f8bc6f0addaa1a?s=96&d=mm&r=g","contentUrl":"https:\/\/secure.gravatar.com\/avatar\/eee448fc3f7164808013b816ba91ac7e43bbe82a70bebac296f8bc6f0addaa1a?s=96&d=mm&r=g","caption":"Edici\u00f3n Web"},"url":"https:\/\/canal7slp.tv\/2025\/author\/edicionweb\/"}]}},"_links":{"self":[{"href":"https:\/\/canal7slp.tv\/2025\/wp-json\/wp\/v2\/posts\/183257","targetHints":{"allow":["GET"]}}],"collection":[{"href":"https:\/\/canal7slp.tv\/2025\/wp-json\/wp\/v2\/posts"}],"about":[{"href":"https:\/\/canal7slp.tv\/2025\/wp-json\/wp\/v2\/types\/post"}],"author":[{"embeddable":true,"href":"https:\/\/canal7slp.tv\/2025\/wp-json\/wp\/v2\/users\/2"}],"replies":[{"embeddable":true,"href":"https:\/\/canal7slp.tv\/2025\/wp-json\/wp\/v2\/comments?post=183257"}],"version-history":[{"count":1,"href":"https:\/\/canal7slp.tv\/2025\/wp-json\/wp\/v2\/posts\/183257\/revisions"}],"predecessor-version":[{"id":183259,"href":"https:\/\/canal7slp.tv\/2025\/wp-json\/wp\/v2\/posts\/183257\/revisions\/183259"}],"wp:featuredmedia":[{"embeddable":true,"href":"https:\/\/canal7slp.tv\/2025\/wp-json\/wp\/v2\/media\/183258"}],"wp:attachment":[{"href":"https:\/\/canal7slp.tv\/2025\/wp-json\/wp\/v2\/media?parent=183257"}],"wp:term":[{"taxonomy":"category","embeddable":true,"href":"https:\/\/canal7slp.tv\/2025\/wp-json\/wp\/v2\/categories?post=183257"},{"taxonomy":"post_tag","embeddable":true,"href":"https:\/\/canal7slp.tv\/2025\/wp-json\/wp\/v2\/tags?post=183257"}],"curies":[{"name":"wp","href":"https:\/\/api.w.org\/{rel}","templated":true}]}}