{"id":183236,"date":"2025-10-27T14:24:42","date_gmt":"2025-10-27T20:24:42","guid":{"rendered":"https:\/\/canal7slp.tv\/2025\/?p=183236"},"modified":"2025-10-27T14:24:42","modified_gmt":"2025-10-27T20:24:42","slug":"huracan-melissa-se-fortalece-a-categoria-5","status":"publish","type":"post","link":"https:\/\/canal7slp.tv\/2025\/huracan-melissa-se-fortalece-a-categoria-5\/","title":{"rendered":"Hurac\u00e1n \u00abMelissa\u00bb se fortalece a categor\u00eda 5"},"content":{"rendered":"<ul>\n<li>Jamaica y Rep\u00fablica Dominicana en alerta.<\/li>\n<\/ul>\n<p style=\"text-align: justify;\">EEUU.- El hurac\u00e1n \u201cMelissa\u201d alcanz\u00f3 la categor\u00eda 5 en la escala Saffir-Simpson, inform\u00f3 el Centro Nacional de Huracanes de Estados Unidos (NHC).<\/p>\n<p style=\"text-align: justify;\">El fen\u00f3meno se aproxima a Jamaica, donde se prev\u00e9n vientos destructivos, marejada cicl\u00f3nica e inundaciones de gran magnitud.<\/p>\n<p style=\"text-align: justify;\">Las autoridades meteorol\u00f3gicas emitieron alertas m\u00e1ximas para la isla ante el alto riesgo de inundaciones repentinas y deslizamientos de tierra, que podr\u00edan afectar infraestructuras, servicios b\u00e1sicos y comunidades enteras.<\/p>\n<p style=\"text-align: justify;\">Se espera que las condiciones comiencen a deteriorarse a lo largo del d\u00eda y la noche de este lunes.<\/p>\n<p style=\"text-align: justify;\">De acuerdo con el pron\u00f3stico del NHC, el hurac\u00e1n se desplazar\u00e1 hacia Cuba entre martes y mi\u00e9rcoles, mientras que Hait\u00ed y Rep\u00fablica Dominicana experimentar\u00e1n condiciones de tormenta tropical a partir del martes, acompa\u00f1adas de lluvias intensas y posibles deslaves.<\/p>\n<p style=\"text-align: justify;\">En Rep\u00fablica Dominicana, el paso del sistema ya provoc\u00f3 afectaciones en el suministro de agua potable, dejando sin servicio a cerca de un mill\u00f3n de personas.<\/p>\n<p style=\"text-align: justify;\">Las autoridades de la regi\u00f3n han llamado a la poblaci\u00f3n a permanecer en refugios y seguir las instrucciones oficiales ante el avance del cicl\u00f3n.<\/p>\n","protected":false},"excerpt":{"rendered":"<p>Jamaica y Rep\u00fablica Dominicana en alerta. EEUU.- El hurac\u00e1n \u201cMelissa\u201d alcanz\u00f3 la categor\u00eda 5 en la escala Saffir-Simpson, inform\u00f3 el Centro Nacional de Huracanes de Estados Unidos (NHC). El fen\u00f3meno se aproxima a Jamaica, donde se prev\u00e9n vientos destructivos, marejada cicl\u00f3nica e inundaciones de gran magnitud. Las autoridades meteorol\u00f3gicas emitieron alertas m\u00e1ximas para la isla ante el alto riesgo de inundaciones repentinas y deslizamientos de tierra, que podr\u00edan afectar infraestructuras, servicios b\u00e1sicos y comunidades enteras. Se espera que las condiciones comiencen a deteriorarse a lo largo del d\u00eda y la noche de este lunes. De acuerdo con el pron\u00f3stico del [&hellip;]<\/p>\n","protected":false},"author":2,"featured_media":183237,"comment_status":"closed","ping_status":"closed","sticky":false,"template":"","format":"standard","meta":{"_monsterinsights_skip_tracking":false,"_monsterinsights_sitenote_active":false,"_monsterinsights_sitenote_note":"","_monsterinsights_sitenote_category":0,"footnotes":""},"categories":[44],"tags":[],"class_list":["post-183236","post","type-post","status-publish","format-standard","has-post-thumbnail","hentry","category-internacional","post--single"],"yoast_head":"<!-- This site is optimized with the Yoast SEO plugin v27.5 - https:\/\/yoast.com\/product\/yoast-seo-wordpress\/ -->\n<title>Hurac\u00e1n &quot;Melissa&quot; se fortalece a categor\u00eda 5 - Canal 7 SLP - 2025<\/title>\n<meta name=\"robots\" content=\"index, follow, max-snippet:-1, max-image-preview:large, max-video-preview:-1\" \/>\n<link rel=\"canonical\" href=\"https:\/\/canal7slp.tv\/2025\/huracan-melissa-se-fortalece-a-categoria-5\/\" \/>\n<meta property=\"og:locale\" content=\"es_ES\" \/>\n<meta property=\"og:type\" content=\"article\" \/>\n<meta property=\"og:title\" content=\"Hurac\u00e1n &quot;Melissa&quot; se fortalece a categor\u00eda 5 - Canal 7 SLP - 2025\" \/>\n<meta property=\"og:description\" content=\"Jamaica y Rep\u00fablica Dominicana en alerta. EEUU.- El hurac\u00e1n \u201cMelissa\u201d alcanz\u00f3 la categor\u00eda 5 en la escala Saffir-Simpson, inform\u00f3 el Centro Nacional de Huracanes de Estados Unidos (NHC). El fen\u00f3meno se aproxima a Jamaica, donde se prev\u00e9n vientos destructivos, marejada cicl\u00f3nica e inundaciones de gran magnitud. Las autoridades meteorol\u00f3gicas emitieron alertas m\u00e1ximas para la isla ante el alto riesgo de inundaciones repentinas y deslizamientos de tierra, que podr\u00edan afectar infraestructuras, servicios b\u00e1sicos y comunidades enteras. Se espera que las condiciones comiencen a deteriorarse a lo largo del d\u00eda y la noche de este lunes. De acuerdo con el pron\u00f3stico del [&hellip;]\" \/>\n<meta property=\"og:url\" content=\"https:\/\/canal7slp.tv\/2025\/huracan-melissa-se-fortalece-a-categoria-5\/\" \/>\n<meta property=\"og:site_name\" content=\"Canal 7 SLP - 2025\" \/>\n<meta property=\"article:publisher\" content=\"https:\/\/www.facebook.com\/noticieroscanal7atencionciudadana\/\" \/>\n<meta property=\"article:published_time\" content=\"2025-10-27T20:24:42+00:00\" \/>\n<meta property=\"og:image\" content=\"https:\/\/canal7slp.tv\/2025\/wp-content\/uploads\/2025\/10\/05-26.jpg\" \/>\n\t<meta property=\"og:image:width\" content=\"888\" \/>\n\t<meta property=\"og:image:height\" content=\"500\" \/>\n\t<meta property=\"og:image:type\" content=\"image\/jpeg\" \/>\n<meta name=\"author\" content=\"Edici\u00f3n Web\" \/>\n<meta name=\"twitter:card\" content=\"summary_large_image\" \/>\n<meta name=\"twitter:creator\" content=\"@NOTICIEROS7\" \/>\n<meta name=\"twitter:site\" content=\"@NOTICIEROS7\" \/>\n<meta name=\"twitter:label1\" content=\"Escrito por\" \/>\n\t<meta name=\"twitter:data1\" content=\"Edici\u00f3n Web\" \/>\n\t<meta name=\"twitter:label2\" content=\"Tiempo de lectura\" \/>\n\t<meta name=\"twitter:data2\" content=\"1 minuto\" \/>\n<script type=\"application\/ld+json\" class=\"yoast-schema-graph\">{\"@context\":\"https:\\\/\\\/schema.org\",\"@graph\":[{\"@type\":\"Article\",\"@id\":\"https:\\\/\\\/canal7slp.tv\\\/2025\\\/huracan-melissa-se-fortalece-a-categoria-5\\\/#article\",\"isPartOf\":{\"@id\":\"https:\\\/\\\/canal7slp.tv\\\/2025\\\/huracan-melissa-se-fortalece-a-categoria-5\\\/\"},\"author\":{\"name\":\"Edici\u00f3n Web\",\"@id\":\"https:\\\/\\\/canal7slp.tv\\\/2025\\\/#\\\/schema\\\/person\\\/271e2b60a96e7cc9d9ac296f4d7e414b\"},\"headline\":\"Hurac\u00e1n \u00abMelissa\u00bb se fortalece a categor\u00eda 5\",\"datePublished\":\"2025-10-27T20:24:42+00:00\",\"mainEntityOfPage\":{\"@id\":\"https:\\\/\\\/canal7slp.tv\\\/2025\\\/huracan-melissa-se-fortalece-a-categoria-5\\\/\"},\"wordCount\":213,\"publisher\":{\"@id\":\"https:\\\/\\\/canal7slp.tv\\\/2025\\\/#organization\"},\"image\":{\"@id\":\"https:\\\/\\\/canal7slp.tv\\\/2025\\\/huracan-melissa-se-fortalece-a-categoria-5\\\/#primaryimage\"},\"thumbnailUrl\":\"https:\\\/\\\/canal7slp.tv\\\/2025\\\/wp-content\\\/uploads\\\/2025\\\/10\\\/05-26.jpg\",\"articleSection\":[\"INTERNACIONALES\"],\"inLanguage\":\"es\"},{\"@type\":\"WebPage\",\"@id\":\"https:\\\/\\\/canal7slp.tv\\\/2025\\\/huracan-melissa-se-fortalece-a-categoria-5\\\/\",\"url\":\"https:\\\/\\\/canal7slp.tv\\\/2025\\\/huracan-melissa-se-fortalece-a-categoria-5\\\/\",\"name\":\"Hurac\u00e1n \\\"Melissa\\\" se fortalece a categor\u00eda 5 - Canal 7 SLP - 2025\",\"isPartOf\":{\"@id\":\"https:\\\/\\\/canal7slp.tv\\\/2025\\\/#website\"},\"primaryImageOfPage\":{\"@id\":\"https:\\\/\\\/canal7slp.tv\\\/2025\\\/huracan-melissa-se-fortalece-a-categoria-5\\\/#primaryimage\"},\"image\":{\"@id\":\"https:\\\/\\\/canal7slp.tv\\\/2025\\\/huracan-melissa-se-fortalece-a-categoria-5\\\/#primaryimage\"},\"thumbnailUrl\":\"https:\\\/\\\/canal7slp.tv\\\/2025\\\/wp-content\\\/uploads\\\/2025\\\/10\\\/05-26.jpg\",\"datePublished\":\"2025-10-27T20:24:42+00:00\",\"breadcrumb\":{\"@id\":\"https:\\\/\\\/canal7slp.tv\\\/2025\\\/huracan-melissa-se-fortalece-a-categoria-5\\\/#breadcrumb\"},\"inLanguage\":\"es\",\"potentialAction\":[{\"@type\":\"ReadAction\",\"target\":[\"https:\\\/\\\/canal7slp.tv\\\/2025\\\/huracan-melissa-se-fortalece-a-categoria-5\\\/\"]}]},{\"@type\":\"ImageObject\",\"inLanguage\":\"es\",\"@id\":\"https:\\\/\\\/canal7slp.tv\\\/2025\\\/huracan-melissa-se-fortalece-a-categoria-5\\\/#primaryimage\",\"url\":\"https:\\\/\\\/canal7slp.tv\\\/2025\\\/wp-content\\\/uploads\\\/2025\\\/10\\\/05-26.jpg\",\"contentUrl\":\"https:\\\/\\\/canal7slp.tv\\\/2025\\\/wp-content\\\/uploads\\\/2025\\\/10\\\/05-26.jpg\",\"width\":888,\"height\":500},{\"@type\":\"BreadcrumbList\",\"@id\":\"https:\\\/\\\/canal7slp.tv\\\/2025\\\/huracan-melissa-se-fortalece-a-categoria-5\\\/#breadcrumb\",\"itemListElement\":[{\"@type\":\"ListItem\",\"position\":1,\"name\":\"Portada\",\"item\":\"https:\\\/\\\/canal7slp.tv\\\/2025\\\/\"},{\"@type\":\"ListItem\",\"position\":2,\"name\":\"Hurac\u00e1n \u00abMelissa\u00bb se fortalece a categor\u00eda 5\"}]},{\"@type\":\"WebSite\",\"@id\":\"https:\\\/\\\/canal7slp.tv\\\/2025\\\/#website\",\"url\":\"https:\\\/\\\/canal7slp.tv\\\/2025\\\/\",\"name\":\"N7 - Noticieros Canal 7\",\"description\":\"Somos el Medio\",\"publisher\":{\"@id\":\"https:\\\/\\\/canal7slp.tv\\\/2025\\\/#organization\"},\"potentialAction\":[{\"@type\":\"SearchAction\",\"target\":{\"@type\":\"EntryPoint\",\"urlTemplate\":\"https:\\\/\\\/canal7slp.tv\\\/2025\\\/?s={search_term_string}\"},\"query-input\":{\"@type\":\"PropertyValueSpecification\",\"valueRequired\":true,\"valueName\":\"search_term_string\"}}],\"inLanguage\":\"es\"},{\"@type\":\"Organization\",\"@id\":\"https:\\\/\\\/canal7slp.tv\\\/2025\\\/#organization\",\"name\":\"Noticieros Canal 7\",\"url\":\"https:\\\/\\\/canal7slp.tv\\\/2025\\\/\",\"logo\":{\"@type\":\"ImageObject\",\"inLanguage\":\"es\",\"@id\":\"https:\\\/\\\/canal7slp.tv\\\/2025\\\/#\\\/schema\\\/logo\\\/image\\\/\",\"url\":\"https:\\\/\\\/canal7slp.tv\\\/2025\\\/wp-content\\\/uploads\\\/2021\\\/01\\\/logo-noticieros@2x.png\",\"contentUrl\":\"https:\\\/\\\/canal7slp.tv\\\/2025\\\/wp-content\\\/uploads\\\/2021\\\/01\\\/logo-noticieros@2x.png\",\"width\":1017,\"height\":268,\"caption\":\"Noticieros Canal 7\"},\"image\":{\"@id\":\"https:\\\/\\\/canal7slp.tv\\\/2025\\\/#\\\/schema\\\/logo\\\/image\\\/\"},\"sameAs\":[\"https:\\\/\\\/www.facebook.com\\\/noticieroscanal7atencionciudadana\\\/\",\"https:\\\/\\\/x.com\\\/NOTICIEROS7\",\"https:\\\/\\\/www.instagram.com\\\/canal7_slp\",\"https:\\\/\\\/www.youtube.com\\\/channel\\\/UCliiYs-gP3JfJeqdPrNdd5A\"]},{\"@type\":\"Person\",\"@id\":\"https:\\\/\\\/canal7slp.tv\\\/2025\\\/#\\\/schema\\\/person\\\/271e2b60a96e7cc9d9ac296f4d7e414b\",\"name\":\"Edici\u00f3n Web\",\"image\":{\"@type\":\"ImageObject\",\"inLanguage\":\"es\",\"@id\":\"https:\\\/\\\/secure.gravatar.com\\\/avatar\\\/eee448fc3f7164808013b816ba91ac7e43bbe82a70bebac296f8bc6f0addaa1a?s=96&d=mm&r=g\",\"url\":\"https:\\\/\\\/secure.gravatar.com\\\/avatar\\\/eee448fc3f7164808013b816ba91ac7e43bbe82a70bebac296f8bc6f0addaa1a?s=96&d=mm&r=g\",\"contentUrl\":\"https:\\\/\\\/secure.gravatar.com\\\/avatar\\\/eee448fc3f7164808013b816ba91ac7e43bbe82a70bebac296f8bc6f0addaa1a?s=96&d=mm&r=g\",\"caption\":\"Edici\u00f3n Web\"},\"url\":\"https:\\\/\\\/canal7slp.tv\\\/2025\\\/author\\\/edicionweb\\\/\"}]}<\/script>\n<!-- \/ Yoast SEO plugin. -->","yoast_head_json":{"title":"Hurac\u00e1n \"Melissa\" se fortalece a categor\u00eda 5 - Canal 7 SLP - 2025","robots":{"index":"index","follow":"follow","max-snippet":"max-snippet:-1","max-image-preview":"max-image-preview:large","max-video-preview":"max-video-preview:-1"},"canonical":"https:\/\/canal7slp.tv\/2025\/huracan-melissa-se-fortalece-a-categoria-5\/","og_locale":"es_ES","og_type":"article","og_title":"Hurac\u00e1n \"Melissa\" se fortalece a categor\u00eda 5 - Canal 7 SLP - 2025","og_description":"Jamaica y Rep\u00fablica Dominicana en alerta. EEUU.- El hurac\u00e1n \u201cMelissa\u201d alcanz\u00f3 la categor\u00eda 5 en la escala Saffir-Simpson, inform\u00f3 el Centro Nacional de Huracanes de Estados Unidos (NHC). El fen\u00f3meno se aproxima a Jamaica, donde se prev\u00e9n vientos destructivos, marejada cicl\u00f3nica e inundaciones de gran magnitud. Las autoridades meteorol\u00f3gicas emitieron alertas m\u00e1ximas para la isla ante el alto riesgo de inundaciones repentinas y deslizamientos de tierra, que podr\u00edan afectar infraestructuras, servicios b\u00e1sicos y comunidades enteras. Se espera que las condiciones comiencen a deteriorarse a lo largo del d\u00eda y la noche de este lunes. De acuerdo con el pron\u00f3stico del [&hellip;]","og_url":"https:\/\/canal7slp.tv\/2025\/huracan-melissa-se-fortalece-a-categoria-5\/","og_site_name":"Canal 7 SLP - 2025","article_publisher":"https:\/\/www.facebook.com\/noticieroscanal7atencionciudadana\/","article_published_time":"2025-10-27T20:24:42+00:00","og_image":[{"width":888,"height":500,"url":"https:\/\/canal7slp.tv\/2025\/wp-content\/uploads\/2025\/10\/05-26.jpg","type":"image\/jpeg"}],"author":"Edici\u00f3n Web","twitter_card":"summary_large_image","twitter_creator":"@NOTICIEROS7","twitter_site":"@NOTICIEROS7","twitter_misc":{"Escrito por":"Edici\u00f3n Web","Tiempo de lectura":"1 minuto"},"schema":{"@context":"https:\/\/schema.org","@graph":[{"@type":"Article","@id":"https:\/\/canal7slp.tv\/2025\/huracan-melissa-se-fortalece-a-categoria-5\/#article","isPartOf":{"@id":"https:\/\/canal7slp.tv\/2025\/huracan-melissa-se-fortalece-a-categoria-5\/"},"author":{"name":"Edici\u00f3n Web","@id":"https:\/\/canal7slp.tv\/2025\/#\/schema\/person\/271e2b60a96e7cc9d9ac296f4d7e414b"},"headline":"Hurac\u00e1n \u00abMelissa\u00bb se fortalece a categor\u00eda 5","datePublished":"2025-10-27T20:24:42+00:00","mainEntityOfPage":{"@id":"https:\/\/canal7slp.tv\/2025\/huracan-melissa-se-fortalece-a-categoria-5\/"},"wordCount":213,"publisher":{"@id":"https:\/\/canal7slp.tv\/2025\/#organization"},"image":{"@id":"https:\/\/canal7slp.tv\/2025\/huracan-melissa-se-fortalece-a-categoria-5\/#primaryimage"},"thumbnailUrl":"https:\/\/canal7slp.tv\/2025\/wp-content\/uploads\/2025\/10\/05-26.jpg","articleSection":["INTERNACIONALES"],"inLanguage":"es"},{"@type":"WebPage","@id":"https:\/\/canal7slp.tv\/2025\/huracan-melissa-se-fortalece-a-categoria-5\/","url":"https:\/\/canal7slp.tv\/2025\/huracan-melissa-se-fortalece-a-categoria-5\/","name":"Hurac\u00e1n \"Melissa\" se fortalece a categor\u00eda 5 - Canal 7 SLP - 2025","isPartOf":{"@id":"https:\/\/canal7slp.tv\/2025\/#website"},"primaryImageOfPage":{"@id":"https:\/\/canal7slp.tv\/2025\/huracan-melissa-se-fortalece-a-categoria-5\/#primaryimage"},"image":{"@id":"https:\/\/canal7slp.tv\/2025\/huracan-melissa-se-fortalece-a-categoria-5\/#primaryimage"},"thumbnailUrl":"https:\/\/canal7slp.tv\/2025\/wp-content\/uploads\/2025\/10\/05-26.jpg","datePublished":"2025-10-27T20:24:42+00:00","breadcrumb":{"@id":"https:\/\/canal7slp.tv\/2025\/huracan-melissa-se-fortalece-a-categoria-5\/#breadcrumb"},"inLanguage":"es","potentialAction":[{"@type":"ReadAction","target":["https:\/\/canal7slp.tv\/2025\/huracan-melissa-se-fortalece-a-categoria-5\/"]}]},{"@type":"ImageObject","inLanguage":"es","@id":"https:\/\/canal7slp.tv\/2025\/huracan-melissa-se-fortalece-a-categoria-5\/#primaryimage","url":"https:\/\/canal7slp.tv\/2025\/wp-content\/uploads\/2025\/10\/05-26.jpg","contentUrl":"https:\/\/canal7slp.tv\/2025\/wp-content\/uploads\/2025\/10\/05-26.jpg","width":888,"height":500},{"@type":"BreadcrumbList","@id":"https:\/\/canal7slp.tv\/2025\/huracan-melissa-se-fortalece-a-categoria-5\/#breadcrumb","itemListElement":[{"@type":"ListItem","position":1,"name":"Portada","item":"https:\/\/canal7slp.tv\/2025\/"},{"@type":"ListItem","position":2,"name":"Hurac\u00e1n \u00abMelissa\u00bb se fortalece a categor\u00eda 5"}]},{"@type":"WebSite","@id":"https:\/\/canal7slp.tv\/2025\/#website","url":"https:\/\/canal7slp.tv\/2025\/","name":"N7 - Noticieros Canal 7","description":"Somos el Medio","publisher":{"@id":"https:\/\/canal7slp.tv\/2025\/#organization"},"potentialAction":[{"@type":"SearchAction","target":{"@type":"EntryPoint","urlTemplate":"https:\/\/canal7slp.tv\/2025\/?s={search_term_string}"},"query-input":{"@type":"PropertyValueSpecification","valueRequired":true,"valueName":"search_term_string"}}],"inLanguage":"es"},{"@type":"Organization","@id":"https:\/\/canal7slp.tv\/2025\/#organization","name":"Noticieros Canal 7","url":"https:\/\/canal7slp.tv\/2025\/","logo":{"@type":"ImageObject","inLanguage":"es","@id":"https:\/\/canal7slp.tv\/2025\/#\/schema\/logo\/image\/","url":"https:\/\/canal7slp.tv\/2025\/wp-content\/uploads\/2021\/01\/logo-noticieros@2x.png","contentUrl":"https:\/\/canal7slp.tv\/2025\/wp-content\/uploads\/2021\/01\/logo-noticieros@2x.png","width":1017,"height":268,"caption":"Noticieros Canal 7"},"image":{"@id":"https:\/\/canal7slp.tv\/2025\/#\/schema\/logo\/image\/"},"sameAs":["https:\/\/www.facebook.com\/noticieroscanal7atencionciudadana\/","https:\/\/x.com\/NOTICIEROS7","https:\/\/www.instagram.com\/canal7_slp","https:\/\/www.youtube.com\/channel\/UCliiYs-gP3JfJeqdPrNdd5A"]},{"@type":"Person","@id":"https:\/\/canal7slp.tv\/2025\/#\/schema\/person\/271e2b60a96e7cc9d9ac296f4d7e414b","name":"Edici\u00f3n Web","image":{"@type":"ImageObject","inLanguage":"es","@id":"https:\/\/secure.gravatar.com\/avatar\/eee448fc3f7164808013b816ba91ac7e43bbe82a70bebac296f8bc6f0addaa1a?s=96&d=mm&r=g","url":"https:\/\/secure.gravatar.com\/avatar\/eee448fc3f7164808013b816ba91ac7e43bbe82a70bebac296f8bc6f0addaa1a?s=96&d=mm&r=g","contentUrl":"https:\/\/secure.gravatar.com\/avatar\/eee448fc3f7164808013b816ba91ac7e43bbe82a70bebac296f8bc6f0addaa1a?s=96&d=mm&r=g","caption":"Edici\u00f3n Web"},"url":"https:\/\/canal7slp.tv\/2025\/author\/edicionweb\/"}]}},"_links":{"self":[{"href":"https:\/\/canal7slp.tv\/2025\/wp-json\/wp\/v2\/posts\/183236","targetHints":{"allow":["GET"]}}],"collection":[{"href":"https:\/\/canal7slp.tv\/2025\/wp-json\/wp\/v2\/posts"}],"about":[{"href":"https:\/\/canal7slp.tv\/2025\/wp-json\/wp\/v2\/types\/post"}],"author":[{"embeddable":true,"href":"https:\/\/canal7slp.tv\/2025\/wp-json\/wp\/v2\/users\/2"}],"replies":[{"embeddable":true,"href":"https:\/\/canal7slp.tv\/2025\/wp-json\/wp\/v2\/comments?post=183236"}],"version-history":[{"count":1,"href":"https:\/\/canal7slp.tv\/2025\/wp-json\/wp\/v2\/posts\/183236\/revisions"}],"predecessor-version":[{"id":183238,"href":"https:\/\/canal7slp.tv\/2025\/wp-json\/wp\/v2\/posts\/183236\/revisions\/183238"}],"wp:featuredmedia":[{"embeddable":true,"href":"https:\/\/canal7slp.tv\/2025\/wp-json\/wp\/v2\/media\/183237"}],"wp:attachment":[{"href":"https:\/\/canal7slp.tv\/2025\/wp-json\/wp\/v2\/media?parent=183236"}],"wp:term":[{"taxonomy":"category","embeddable":true,"href":"https:\/\/canal7slp.tv\/2025\/wp-json\/wp\/v2\/categories?post=183236"},{"taxonomy":"post_tag","embeddable":true,"href":"https:\/\/canal7slp.tv\/2025\/wp-json\/wp\/v2\/tags?post=183236"}],"curies":[{"name":"wp","href":"https:\/\/api.w.org\/{rel}","templated":true}]}}