{"id":183230,"date":"2025-10-27T13:48:27","date_gmt":"2025-10-27T19:48:27","guid":{"rendered":"https:\/\/canal7slp.tv\/2025\/?p=183230"},"modified":"2025-10-27T13:48:27","modified_gmt":"2025-10-27T19:48:27","slug":"mexico-y-eua-aplazan-aplicacion-de-nuevos-aranceles-tras-acuerdo-entre-sheinbaum-y-trump","status":"publish","type":"post","link":"https:\/\/canal7slp.tv\/2025\/mexico-y-eua-aplazan-aplicacion-de-nuevos-aranceles-tras-acuerdo-entre-sheinbaum-y-trump\/","title":{"rendered":"M\u00e9xico y EUA aplazan aplicaci\u00f3n de nuevos aranceles tras acuerdo entre Sheinbaum y Trump"},"content":{"rendered":"<p style=\"text-align: justify;\">M\u00e9xico.- La presidenta de M\u00e9xico, Claudia Sheinbaum, anunci\u00f3 que su gobierno y el de Estados Unidos acordaron una pr\u00f3rroga de varias semanas en las negociaciones comerciales, lo que aplazar\u00e1 la posible aplicaci\u00f3n de nuevos aranceles prevista para el 1 de noviembre.<\/p>\n<p style=\"text-align: justify;\">Sheinbaum inform\u00f3 que sostuvo una conversaci\u00f3n telef\u00f3nica con el presidente estadounidense, Donald Trump, el pasado s\u00e1bado, en la que ambos mandatarios coincidieron en extender el plazo de di\u00e1logo para concluir la revisi\u00f3n de 54 medidas no arancelarias actualmente en an\u00e1lisis.<\/p>\n<p style=\"text-align: justify;\">La presidenta se\u00f1al\u00f3 que los equipos t\u00e9cnicos de ambos pa\u00edses continuar\u00e1n trabajando de manera conjunta y destac\u00f3 que se han logrado avances sustanciales en distintos temas del \u00e1mbito comercial.<\/p>\n<p style=\"text-align: justify;\">Cabe resaltar, que el secretario de Econom\u00eda, Marcelo Ebrard, participar\u00e1 en las pr\u00f3ximas reuniones del foro de Cooperaci\u00f3n Econ\u00f3mica Asia-Pac\u00edfico (APEC) en Corea del Sur, donde se prev\u00e9 abordar asuntos vinculados con el comercio bilateral.<\/p>\n","protected":false},"excerpt":{"rendered":"<p>M\u00e9xico.- La presidenta de M\u00e9xico, Claudia Sheinbaum, anunci\u00f3 que su gobierno y el de Estados Unidos acordaron una pr\u00f3rroga de varias semanas en las negociaciones comerciales, lo que aplazar\u00e1 la posible aplicaci\u00f3n de nuevos aranceles prevista para el 1 de noviembre. Sheinbaum inform\u00f3 que sostuvo una conversaci\u00f3n telef\u00f3nica con el presidente estadounidense, Donald Trump, el pasado s\u00e1bado, en la que ambos mandatarios coincidieron en extender el plazo de di\u00e1logo para concluir la revisi\u00f3n de 54 medidas no arancelarias actualmente en an\u00e1lisis. La presidenta se\u00f1al\u00f3 que los equipos t\u00e9cnicos de ambos pa\u00edses continuar\u00e1n trabajando de manera conjunta y destac\u00f3 que se [&hellip;]<\/p>\n","protected":false},"author":2,"featured_media":183231,"comment_status":"closed","ping_status":"closed","sticky":false,"template":"","format":"standard","meta":{"_monsterinsights_skip_tracking":false,"_monsterinsights_sitenote_active":false,"_monsterinsights_sitenote_note":"","_monsterinsights_sitenote_category":0,"footnotes":""},"categories":[40],"tags":[],"class_list":["post-183230","post","type-post","status-publish","format-standard","has-post-thumbnail","hentry","category-economia","post--single"],"yoast_head":"<!-- This site is optimized with the Yoast SEO plugin v27.5 - https:\/\/yoast.com\/product\/yoast-seo-wordpress\/ -->\n<title>M\u00e9xico y EUA aplazan aplicaci\u00f3n de nuevos aranceles tras acuerdo entre Sheinbaum y Trump - Canal 7 SLP - 2025<\/title>\n<meta name=\"robots\" content=\"index, follow, max-snippet:-1, max-image-preview:large, max-video-preview:-1\" \/>\n<link rel=\"canonical\" href=\"https:\/\/canal7slp.tv\/2025\/mexico-y-eua-aplazan-aplicacion-de-nuevos-aranceles-tras-acuerdo-entre-sheinbaum-y-trump\/\" \/>\n<meta property=\"og:locale\" content=\"es_ES\" \/>\n<meta property=\"og:type\" content=\"article\" \/>\n<meta property=\"og:title\" content=\"M\u00e9xico y EUA aplazan aplicaci\u00f3n de nuevos aranceles tras acuerdo entre Sheinbaum y Trump - Canal 7 SLP - 2025\" \/>\n<meta property=\"og:description\" content=\"M\u00e9xico.- La presidenta de M\u00e9xico, Claudia Sheinbaum, anunci\u00f3 que su gobierno y el de Estados Unidos acordaron una pr\u00f3rroga de varias semanas en las negociaciones comerciales, lo que aplazar\u00e1 la posible aplicaci\u00f3n de nuevos aranceles prevista para el 1 de noviembre. Sheinbaum inform\u00f3 que sostuvo una conversaci\u00f3n telef\u00f3nica con el presidente estadounidense, Donald Trump, el pasado s\u00e1bado, en la que ambos mandatarios coincidieron en extender el plazo de di\u00e1logo para concluir la revisi\u00f3n de 54 medidas no arancelarias actualmente en an\u00e1lisis. La presidenta se\u00f1al\u00f3 que los equipos t\u00e9cnicos de ambos pa\u00edses continuar\u00e1n trabajando de manera conjunta y destac\u00f3 que se [&hellip;]\" \/>\n<meta property=\"og:url\" content=\"https:\/\/canal7slp.tv\/2025\/mexico-y-eua-aplazan-aplicacion-de-nuevos-aranceles-tras-acuerdo-entre-sheinbaum-y-trump\/\" \/>\n<meta property=\"og:site_name\" content=\"Canal 7 SLP - 2025\" \/>\n<meta property=\"article:publisher\" content=\"https:\/\/www.facebook.com\/noticieroscanal7atencionciudadana\/\" \/>\n<meta property=\"article:published_time\" content=\"2025-10-27T19:48:27+00:00\" \/>\n<meta property=\"og:image\" content=\"https:\/\/canal7slp.tv\/2025\/wp-content\/uploads\/2025\/10\/03-27.jpg\" \/>\n\t<meta property=\"og:image:width\" content=\"888\" \/>\n\t<meta property=\"og:image:height\" content=\"500\" \/>\n\t<meta property=\"og:image:type\" content=\"image\/jpeg\" \/>\n<meta name=\"author\" content=\"Edici\u00f3n Web\" \/>\n<meta name=\"twitter:card\" content=\"summary_large_image\" \/>\n<meta name=\"twitter:creator\" content=\"@NOTICIEROS7\" \/>\n<meta name=\"twitter:site\" content=\"@NOTICIEROS7\" \/>\n<meta name=\"twitter:label1\" content=\"Escrito por\" \/>\n\t<meta name=\"twitter:data1\" content=\"Edici\u00f3n Web\" \/>\n\t<meta name=\"twitter:label2\" content=\"Tiempo de lectura\" \/>\n\t<meta name=\"twitter:data2\" content=\"1 minuto\" \/>\n<script type=\"application\/ld+json\" class=\"yoast-schema-graph\">{\"@context\":\"https:\\\/\\\/schema.org\",\"@graph\":[{\"@type\":\"Article\",\"@id\":\"https:\\\/\\\/canal7slp.tv\\\/2025\\\/mexico-y-eua-aplazan-aplicacion-de-nuevos-aranceles-tras-acuerdo-entre-sheinbaum-y-trump\\\/#article\",\"isPartOf\":{\"@id\":\"https:\\\/\\\/canal7slp.tv\\\/2025\\\/mexico-y-eua-aplazan-aplicacion-de-nuevos-aranceles-tras-acuerdo-entre-sheinbaum-y-trump\\\/\"},\"author\":{\"name\":\"Edici\u00f3n Web\",\"@id\":\"https:\\\/\\\/canal7slp.tv\\\/2025\\\/#\\\/schema\\\/person\\\/271e2b60a96e7cc9d9ac296f4d7e414b\"},\"headline\":\"M\u00e9xico y EUA aplazan aplicaci\u00f3n de nuevos aranceles tras acuerdo entre Sheinbaum y Trump\",\"datePublished\":\"2025-10-27T19:48:27+00:00\",\"mainEntityOfPage\":{\"@id\":\"https:\\\/\\\/canal7slp.tv\\\/2025\\\/mexico-y-eua-aplazan-aplicacion-de-nuevos-aranceles-tras-acuerdo-entre-sheinbaum-y-trump\\\/\"},\"wordCount\":179,\"publisher\":{\"@id\":\"https:\\\/\\\/canal7slp.tv\\\/2025\\\/#organization\"},\"image\":{\"@id\":\"https:\\\/\\\/canal7slp.tv\\\/2025\\\/mexico-y-eua-aplazan-aplicacion-de-nuevos-aranceles-tras-acuerdo-entre-sheinbaum-y-trump\\\/#primaryimage\"},\"thumbnailUrl\":\"https:\\\/\\\/canal7slp.tv\\\/2025\\\/wp-content\\\/uploads\\\/2025\\\/10\\\/03-27.jpg\",\"articleSection\":[\"ECONOM\u00cdA\"],\"inLanguage\":\"es\"},{\"@type\":\"WebPage\",\"@id\":\"https:\\\/\\\/canal7slp.tv\\\/2025\\\/mexico-y-eua-aplazan-aplicacion-de-nuevos-aranceles-tras-acuerdo-entre-sheinbaum-y-trump\\\/\",\"url\":\"https:\\\/\\\/canal7slp.tv\\\/2025\\\/mexico-y-eua-aplazan-aplicacion-de-nuevos-aranceles-tras-acuerdo-entre-sheinbaum-y-trump\\\/\",\"name\":\"M\u00e9xico y EUA aplazan aplicaci\u00f3n de nuevos aranceles tras acuerdo entre Sheinbaum y Trump - Canal 7 SLP - 2025\",\"isPartOf\":{\"@id\":\"https:\\\/\\\/canal7slp.tv\\\/2025\\\/#website\"},\"primaryImageOfPage\":{\"@id\":\"https:\\\/\\\/canal7slp.tv\\\/2025\\\/mexico-y-eua-aplazan-aplicacion-de-nuevos-aranceles-tras-acuerdo-entre-sheinbaum-y-trump\\\/#primaryimage\"},\"image\":{\"@id\":\"https:\\\/\\\/canal7slp.tv\\\/2025\\\/mexico-y-eua-aplazan-aplicacion-de-nuevos-aranceles-tras-acuerdo-entre-sheinbaum-y-trump\\\/#primaryimage\"},\"thumbnailUrl\":\"https:\\\/\\\/canal7slp.tv\\\/2025\\\/wp-content\\\/uploads\\\/2025\\\/10\\\/03-27.jpg\",\"datePublished\":\"2025-10-27T19:48:27+00:00\",\"breadcrumb\":{\"@id\":\"https:\\\/\\\/canal7slp.tv\\\/2025\\\/mexico-y-eua-aplazan-aplicacion-de-nuevos-aranceles-tras-acuerdo-entre-sheinbaum-y-trump\\\/#breadcrumb\"},\"inLanguage\":\"es\",\"potentialAction\":[{\"@type\":\"ReadAction\",\"target\":[\"https:\\\/\\\/canal7slp.tv\\\/2025\\\/mexico-y-eua-aplazan-aplicacion-de-nuevos-aranceles-tras-acuerdo-entre-sheinbaum-y-trump\\\/\"]}]},{\"@type\":\"ImageObject\",\"inLanguage\":\"es\",\"@id\":\"https:\\\/\\\/canal7slp.tv\\\/2025\\\/mexico-y-eua-aplazan-aplicacion-de-nuevos-aranceles-tras-acuerdo-entre-sheinbaum-y-trump\\\/#primaryimage\",\"url\":\"https:\\\/\\\/canal7slp.tv\\\/2025\\\/wp-content\\\/uploads\\\/2025\\\/10\\\/03-27.jpg\",\"contentUrl\":\"https:\\\/\\\/canal7slp.tv\\\/2025\\\/wp-content\\\/uploads\\\/2025\\\/10\\\/03-27.jpg\",\"width\":888,\"height\":500},{\"@type\":\"BreadcrumbList\",\"@id\":\"https:\\\/\\\/canal7slp.tv\\\/2025\\\/mexico-y-eua-aplazan-aplicacion-de-nuevos-aranceles-tras-acuerdo-entre-sheinbaum-y-trump\\\/#breadcrumb\",\"itemListElement\":[{\"@type\":\"ListItem\",\"position\":1,\"name\":\"Portada\",\"item\":\"https:\\\/\\\/canal7slp.tv\\\/2025\\\/\"},{\"@type\":\"ListItem\",\"position\":2,\"name\":\"M\u00e9xico y EUA aplazan aplicaci\u00f3n de nuevos aranceles tras acuerdo entre Sheinbaum y Trump\"}]},{\"@type\":\"WebSite\",\"@id\":\"https:\\\/\\\/canal7slp.tv\\\/2025\\\/#website\",\"url\":\"https:\\\/\\\/canal7slp.tv\\\/2025\\\/\",\"name\":\"N7 - Noticieros Canal 7\",\"description\":\"Somos el Medio\",\"publisher\":{\"@id\":\"https:\\\/\\\/canal7slp.tv\\\/2025\\\/#organization\"},\"potentialAction\":[{\"@type\":\"SearchAction\",\"target\":{\"@type\":\"EntryPoint\",\"urlTemplate\":\"https:\\\/\\\/canal7slp.tv\\\/2025\\\/?s={search_term_string}\"},\"query-input\":{\"@type\":\"PropertyValueSpecification\",\"valueRequired\":true,\"valueName\":\"search_term_string\"}}],\"inLanguage\":\"es\"},{\"@type\":\"Organization\",\"@id\":\"https:\\\/\\\/canal7slp.tv\\\/2025\\\/#organization\",\"name\":\"Noticieros Canal 7\",\"url\":\"https:\\\/\\\/canal7slp.tv\\\/2025\\\/\",\"logo\":{\"@type\":\"ImageObject\",\"inLanguage\":\"es\",\"@id\":\"https:\\\/\\\/canal7slp.tv\\\/2025\\\/#\\\/schema\\\/logo\\\/image\\\/\",\"url\":\"https:\\\/\\\/canal7slp.tv\\\/2025\\\/wp-content\\\/uploads\\\/2021\\\/01\\\/logo-noticieros@2x.png\",\"contentUrl\":\"https:\\\/\\\/canal7slp.tv\\\/2025\\\/wp-content\\\/uploads\\\/2021\\\/01\\\/logo-noticieros@2x.png\",\"width\":1017,\"height\":268,\"caption\":\"Noticieros Canal 7\"},\"image\":{\"@id\":\"https:\\\/\\\/canal7slp.tv\\\/2025\\\/#\\\/schema\\\/logo\\\/image\\\/\"},\"sameAs\":[\"https:\\\/\\\/www.facebook.com\\\/noticieroscanal7atencionciudadana\\\/\",\"https:\\\/\\\/x.com\\\/NOTICIEROS7\",\"https:\\\/\\\/www.instagram.com\\\/canal7_slp\",\"https:\\\/\\\/www.youtube.com\\\/channel\\\/UCliiYs-gP3JfJeqdPrNdd5A\"]},{\"@type\":\"Person\",\"@id\":\"https:\\\/\\\/canal7slp.tv\\\/2025\\\/#\\\/schema\\\/person\\\/271e2b60a96e7cc9d9ac296f4d7e414b\",\"name\":\"Edici\u00f3n Web\",\"image\":{\"@type\":\"ImageObject\",\"inLanguage\":\"es\",\"@id\":\"https:\\\/\\\/secure.gravatar.com\\\/avatar\\\/eee448fc3f7164808013b816ba91ac7e43bbe82a70bebac296f8bc6f0addaa1a?s=96&d=mm&r=g\",\"url\":\"https:\\\/\\\/secure.gravatar.com\\\/avatar\\\/eee448fc3f7164808013b816ba91ac7e43bbe82a70bebac296f8bc6f0addaa1a?s=96&d=mm&r=g\",\"contentUrl\":\"https:\\\/\\\/secure.gravatar.com\\\/avatar\\\/eee448fc3f7164808013b816ba91ac7e43bbe82a70bebac296f8bc6f0addaa1a?s=96&d=mm&r=g\",\"caption\":\"Edici\u00f3n Web\"},\"url\":\"https:\\\/\\\/canal7slp.tv\\\/2025\\\/author\\\/edicionweb\\\/\"}]}<\/script>\n<!-- \/ Yoast SEO plugin. -->","yoast_head_json":{"title":"M\u00e9xico y EUA aplazan aplicaci\u00f3n de nuevos aranceles tras acuerdo entre Sheinbaum y Trump - Canal 7 SLP - 2025","robots":{"index":"index","follow":"follow","max-snippet":"max-snippet:-1","max-image-preview":"max-image-preview:large","max-video-preview":"max-video-preview:-1"},"canonical":"https:\/\/canal7slp.tv\/2025\/mexico-y-eua-aplazan-aplicacion-de-nuevos-aranceles-tras-acuerdo-entre-sheinbaum-y-trump\/","og_locale":"es_ES","og_type":"article","og_title":"M\u00e9xico y EUA aplazan aplicaci\u00f3n de nuevos aranceles tras acuerdo entre Sheinbaum y Trump - Canal 7 SLP - 2025","og_description":"M\u00e9xico.- La presidenta de M\u00e9xico, Claudia Sheinbaum, anunci\u00f3 que su gobierno y el de Estados Unidos acordaron una pr\u00f3rroga de varias semanas en las negociaciones comerciales, lo que aplazar\u00e1 la posible aplicaci\u00f3n de nuevos aranceles prevista para el 1 de noviembre. Sheinbaum inform\u00f3 que sostuvo una conversaci\u00f3n telef\u00f3nica con el presidente estadounidense, Donald Trump, el pasado s\u00e1bado, en la que ambos mandatarios coincidieron en extender el plazo de di\u00e1logo para concluir la revisi\u00f3n de 54 medidas no arancelarias actualmente en an\u00e1lisis. La presidenta se\u00f1al\u00f3 que los equipos t\u00e9cnicos de ambos pa\u00edses continuar\u00e1n trabajando de manera conjunta y destac\u00f3 que se [&hellip;]","og_url":"https:\/\/canal7slp.tv\/2025\/mexico-y-eua-aplazan-aplicacion-de-nuevos-aranceles-tras-acuerdo-entre-sheinbaum-y-trump\/","og_site_name":"Canal 7 SLP - 2025","article_publisher":"https:\/\/www.facebook.com\/noticieroscanal7atencionciudadana\/","article_published_time":"2025-10-27T19:48:27+00:00","og_image":[{"width":888,"height":500,"url":"https:\/\/canal7slp.tv\/2025\/wp-content\/uploads\/2025\/10\/03-27.jpg","type":"image\/jpeg"}],"author":"Edici\u00f3n Web","twitter_card":"summary_large_image","twitter_creator":"@NOTICIEROS7","twitter_site":"@NOTICIEROS7","twitter_misc":{"Escrito por":"Edici\u00f3n Web","Tiempo de lectura":"1 minuto"},"schema":{"@context":"https:\/\/schema.org","@graph":[{"@type":"Article","@id":"https:\/\/canal7slp.tv\/2025\/mexico-y-eua-aplazan-aplicacion-de-nuevos-aranceles-tras-acuerdo-entre-sheinbaum-y-trump\/#article","isPartOf":{"@id":"https:\/\/canal7slp.tv\/2025\/mexico-y-eua-aplazan-aplicacion-de-nuevos-aranceles-tras-acuerdo-entre-sheinbaum-y-trump\/"},"author":{"name":"Edici\u00f3n Web","@id":"https:\/\/canal7slp.tv\/2025\/#\/schema\/person\/271e2b60a96e7cc9d9ac296f4d7e414b"},"headline":"M\u00e9xico y EUA aplazan aplicaci\u00f3n de nuevos aranceles tras acuerdo entre Sheinbaum y Trump","datePublished":"2025-10-27T19:48:27+00:00","mainEntityOfPage":{"@id":"https:\/\/canal7slp.tv\/2025\/mexico-y-eua-aplazan-aplicacion-de-nuevos-aranceles-tras-acuerdo-entre-sheinbaum-y-trump\/"},"wordCount":179,"publisher":{"@id":"https:\/\/canal7slp.tv\/2025\/#organization"},"image":{"@id":"https:\/\/canal7slp.tv\/2025\/mexico-y-eua-aplazan-aplicacion-de-nuevos-aranceles-tras-acuerdo-entre-sheinbaum-y-trump\/#primaryimage"},"thumbnailUrl":"https:\/\/canal7slp.tv\/2025\/wp-content\/uploads\/2025\/10\/03-27.jpg","articleSection":["ECONOM\u00cdA"],"inLanguage":"es"},{"@type":"WebPage","@id":"https:\/\/canal7slp.tv\/2025\/mexico-y-eua-aplazan-aplicacion-de-nuevos-aranceles-tras-acuerdo-entre-sheinbaum-y-trump\/","url":"https:\/\/canal7slp.tv\/2025\/mexico-y-eua-aplazan-aplicacion-de-nuevos-aranceles-tras-acuerdo-entre-sheinbaum-y-trump\/","name":"M\u00e9xico y EUA aplazan aplicaci\u00f3n de nuevos aranceles tras acuerdo entre Sheinbaum y Trump - Canal 7 SLP - 2025","isPartOf":{"@id":"https:\/\/canal7slp.tv\/2025\/#website"},"primaryImageOfPage":{"@id":"https:\/\/canal7slp.tv\/2025\/mexico-y-eua-aplazan-aplicacion-de-nuevos-aranceles-tras-acuerdo-entre-sheinbaum-y-trump\/#primaryimage"},"image":{"@id":"https:\/\/canal7slp.tv\/2025\/mexico-y-eua-aplazan-aplicacion-de-nuevos-aranceles-tras-acuerdo-entre-sheinbaum-y-trump\/#primaryimage"},"thumbnailUrl":"https:\/\/canal7slp.tv\/2025\/wp-content\/uploads\/2025\/10\/03-27.jpg","datePublished":"2025-10-27T19:48:27+00:00","breadcrumb":{"@id":"https:\/\/canal7slp.tv\/2025\/mexico-y-eua-aplazan-aplicacion-de-nuevos-aranceles-tras-acuerdo-entre-sheinbaum-y-trump\/#breadcrumb"},"inLanguage":"es","potentialAction":[{"@type":"ReadAction","target":["https:\/\/canal7slp.tv\/2025\/mexico-y-eua-aplazan-aplicacion-de-nuevos-aranceles-tras-acuerdo-entre-sheinbaum-y-trump\/"]}]},{"@type":"ImageObject","inLanguage":"es","@id":"https:\/\/canal7slp.tv\/2025\/mexico-y-eua-aplazan-aplicacion-de-nuevos-aranceles-tras-acuerdo-entre-sheinbaum-y-trump\/#primaryimage","url":"https:\/\/canal7slp.tv\/2025\/wp-content\/uploads\/2025\/10\/03-27.jpg","contentUrl":"https:\/\/canal7slp.tv\/2025\/wp-content\/uploads\/2025\/10\/03-27.jpg","width":888,"height":500},{"@type":"BreadcrumbList","@id":"https:\/\/canal7slp.tv\/2025\/mexico-y-eua-aplazan-aplicacion-de-nuevos-aranceles-tras-acuerdo-entre-sheinbaum-y-trump\/#breadcrumb","itemListElement":[{"@type":"ListItem","position":1,"name":"Portada","item":"https:\/\/canal7slp.tv\/2025\/"},{"@type":"ListItem","position":2,"name":"M\u00e9xico y EUA aplazan aplicaci\u00f3n de nuevos aranceles tras acuerdo entre Sheinbaum y Trump"}]},{"@type":"WebSite","@id":"https:\/\/canal7slp.tv\/2025\/#website","url":"https:\/\/canal7slp.tv\/2025\/","name":"N7 - Noticieros Canal 7","description":"Somos el Medio","publisher":{"@id":"https:\/\/canal7slp.tv\/2025\/#organization"},"potentialAction":[{"@type":"SearchAction","target":{"@type":"EntryPoint","urlTemplate":"https:\/\/canal7slp.tv\/2025\/?s={search_term_string}"},"query-input":{"@type":"PropertyValueSpecification","valueRequired":true,"valueName":"search_term_string"}}],"inLanguage":"es"},{"@type":"Organization","@id":"https:\/\/canal7slp.tv\/2025\/#organization","name":"Noticieros Canal 7","url":"https:\/\/canal7slp.tv\/2025\/","logo":{"@type":"ImageObject","inLanguage":"es","@id":"https:\/\/canal7slp.tv\/2025\/#\/schema\/logo\/image\/","url":"https:\/\/canal7slp.tv\/2025\/wp-content\/uploads\/2021\/01\/logo-noticieros@2x.png","contentUrl":"https:\/\/canal7slp.tv\/2025\/wp-content\/uploads\/2021\/01\/logo-noticieros@2x.png","width":1017,"height":268,"caption":"Noticieros Canal 7"},"image":{"@id":"https:\/\/canal7slp.tv\/2025\/#\/schema\/logo\/image\/"},"sameAs":["https:\/\/www.facebook.com\/noticieroscanal7atencionciudadana\/","https:\/\/x.com\/NOTICIEROS7","https:\/\/www.instagram.com\/canal7_slp","https:\/\/www.youtube.com\/channel\/UCliiYs-gP3JfJeqdPrNdd5A"]},{"@type":"Person","@id":"https:\/\/canal7slp.tv\/2025\/#\/schema\/person\/271e2b60a96e7cc9d9ac296f4d7e414b","name":"Edici\u00f3n Web","image":{"@type":"ImageObject","inLanguage":"es","@id":"https:\/\/secure.gravatar.com\/avatar\/eee448fc3f7164808013b816ba91ac7e43bbe82a70bebac296f8bc6f0addaa1a?s=96&d=mm&r=g","url":"https:\/\/secure.gravatar.com\/avatar\/eee448fc3f7164808013b816ba91ac7e43bbe82a70bebac296f8bc6f0addaa1a?s=96&d=mm&r=g","contentUrl":"https:\/\/secure.gravatar.com\/avatar\/eee448fc3f7164808013b816ba91ac7e43bbe82a70bebac296f8bc6f0addaa1a?s=96&d=mm&r=g","caption":"Edici\u00f3n Web"},"url":"https:\/\/canal7slp.tv\/2025\/author\/edicionweb\/"}]}},"_links":{"self":[{"href":"https:\/\/canal7slp.tv\/2025\/wp-json\/wp\/v2\/posts\/183230","targetHints":{"allow":["GET"]}}],"collection":[{"href":"https:\/\/canal7slp.tv\/2025\/wp-json\/wp\/v2\/posts"}],"about":[{"href":"https:\/\/canal7slp.tv\/2025\/wp-json\/wp\/v2\/types\/post"}],"author":[{"embeddable":true,"href":"https:\/\/canal7slp.tv\/2025\/wp-json\/wp\/v2\/users\/2"}],"replies":[{"embeddable":true,"href":"https:\/\/canal7slp.tv\/2025\/wp-json\/wp\/v2\/comments?post=183230"}],"version-history":[{"count":1,"href":"https:\/\/canal7slp.tv\/2025\/wp-json\/wp\/v2\/posts\/183230\/revisions"}],"predecessor-version":[{"id":183232,"href":"https:\/\/canal7slp.tv\/2025\/wp-json\/wp\/v2\/posts\/183230\/revisions\/183232"}],"wp:featuredmedia":[{"embeddable":true,"href":"https:\/\/canal7slp.tv\/2025\/wp-json\/wp\/v2\/media\/183231"}],"wp:attachment":[{"href":"https:\/\/canal7slp.tv\/2025\/wp-json\/wp\/v2\/media?parent=183230"}],"wp:term":[{"taxonomy":"category","embeddable":true,"href":"https:\/\/canal7slp.tv\/2025\/wp-json\/wp\/v2\/categories?post=183230"},{"taxonomy":"post_tag","embeddable":true,"href":"https:\/\/canal7slp.tv\/2025\/wp-json\/wp\/v2\/tags?post=183230"}],"curies":[{"name":"wp","href":"https:\/\/api.w.org\/{rel}","templated":true}]}}