{"id":182871,"date":"2025-10-28T13:00:51","date_gmt":"2025-10-28T19:00:51","guid":{"rendered":"https:\/\/canal7slp.tv\/2025\/?p=182871"},"modified":"2025-10-28T13:00:51","modified_gmt":"2025-10-28T19:00:51","slug":"advierte-sct-dificultades-para-ingresar-unidades-de-metrored-en-cabecera-municipal-de-soledad","status":"publish","type":"post","link":"https:\/\/canal7slp.tv\/2025\/advierte-sct-dificultades-para-ingresar-unidades-de-metrored-en-cabecera-municipal-de-soledad\/","title":{"rendered":"Advierte SCT dificultades para ingresar unidades de MetroRed en cabecera municipal de Soledad"},"content":{"rendered":"<p style=\"text-align: justify;\">SGS.- Sin acuerdo entre la Secretar\u00eda de Comunicaciones y Transportes del Estado de San Luis Potos\u00ed y el Ayuntamiento de Soledad de Graciano S\u00e1nchez para colocaci\u00f3n de nueva ruta de la RedMetro, inform\u00f3 la titular de la dependencia estatal, Araceli Mart\u00ednez Acosta.<\/p>\n<p style=\"text-align: justify;\">\u201cEstamos trabajando con el alcalde para poder arrancar este mismo a\u00f1o las unidades de la RedMetro en Soledad de Graciano S\u00e1nchez, efectivamente como son unidades de 12 metros se nos complica el poder ingresarlas a las calles de soledad por el tama\u00f1o de infraestructura\u201d.<\/p>\n<p style=\"text-align: justify;\">Insisti\u00f3 en que ser\u00eda este mismo a\u00f1o cuando se aplique una nueva ruta, sin embargo, el edil soledense en anteriores entrevistas afirm\u00f3 que se tiene que generar primero el tema de la declaratoria de la zona Centro a nivel federal pues se peatonalizar\u00e1n algunas calles y el trayecto podr\u00eda quedar interrumpido.<\/p>\n<p style=\"text-align: justify;\">\u201cMuy importante esto por el tema de la seguridad vial pues ya nada m\u00e1s reunirnos (\u2026) para ya concretar el proyecto y arrancarlo este mismo a\u00f1o\u201d.<\/p>\n<p style=\"text-align: justify;\">A la fecha existen dos l\u00edneas de la RedMetro en el municipio de Soledad.<\/p>\n<p style=\"text-align: justify;\">\u201cTenemos dos l\u00edneas que pasan por Soledad que es la l\u00ednea tres la del Circuito Potos\u00ed y la de la l\u00ednea cuatro que es la de la carretera Rioverde hasta Ciudad Sat\u00e9lite (\u2026) aproximadamente en estas dos rutas tenemos un aforo de siete mil usuarios\u201d.<\/p>\n<p style=\"text-align: justify;\">Ante la imposibilidad de que los camiones tipo Bus Transit Rapid conocidos como BTR ingresen a la zona de cabecera se buscar\u00e1 generar conexiones entre la RedMetro y el transporte tipo cami\u00f3n de ruta.<\/p>\n<p>Por: Juan Carlos Contreras<\/p>\n","protected":false},"excerpt":{"rendered":"<p>SGS.- Sin acuerdo entre la Secretar\u00eda de Comunicaciones y Transportes del Estado de San Luis Potos\u00ed y el Ayuntamiento de Soledad de Graciano S\u00e1nchez para colocaci\u00f3n de nueva ruta de la RedMetro, inform\u00f3 la titular de la dependencia estatal, Araceli Mart\u00ednez Acosta. \u201cEstamos trabajando con el alcalde para poder arrancar este mismo a\u00f1o las unidades de la RedMetro en Soledad de Graciano S\u00e1nchez, efectivamente como son unidades de 12 metros se nos complica el poder ingresarlas a las calles de soledad por el tama\u00f1o de infraestructura\u201d. Insisti\u00f3 en que ser\u00eda este mismo a\u00f1o cuando se aplique una nueva ruta, sin [&hellip;]<\/p>\n","protected":false},"author":2,"featured_media":182883,"comment_status":"closed","ping_status":"closed","sticky":false,"template":"","format":"video","meta":{"_monsterinsights_skip_tracking":false,"_monsterinsights_sitenote_active":false,"_monsterinsights_sitenote_note":"","_monsterinsights_sitenote_category":0,"footnotes":""},"categories":[512,5,510,45],"tags":[],"class_list":["post-182871","post","type-post","status-publish","format-video","has-post-thumbnail","hentry","category-ayosgs","category-destacadas","category-gobedoslp","category-localesyregionales","post_format-post-format-video","post--single"],"yoast_head":"<!-- This site is optimized with the Yoast SEO plugin v27.5 - https:\/\/yoast.com\/product\/yoast-seo-wordpress\/ -->\n<title>Advierte SCT dificultades para ingresar unidades de MetroRed en cabecera municipal de Soledad - Canal 7 SLP - 2025<\/title>\n<meta name=\"robots\" content=\"index, follow, max-snippet:-1, max-image-preview:large, max-video-preview:-1\" \/>\n<link rel=\"canonical\" href=\"https:\/\/canal7slp.tv\/2025\/advierte-sct-dificultades-para-ingresar-unidades-de-metrored-en-cabecera-municipal-de-soledad\/\" \/>\n<meta property=\"og:locale\" content=\"es_ES\" \/>\n<meta property=\"og:type\" content=\"article\" \/>\n<meta property=\"og:title\" content=\"Advierte SCT dificultades para ingresar unidades de MetroRed en cabecera municipal de Soledad - Canal 7 SLP - 2025\" \/>\n<meta property=\"og:description\" content=\"SGS.- Sin acuerdo entre la Secretar\u00eda de Comunicaciones y Transportes del Estado de San Luis Potos\u00ed y el Ayuntamiento de Soledad de Graciano S\u00e1nchez para colocaci\u00f3n de nueva ruta de la RedMetro, inform\u00f3 la titular de la dependencia estatal, Araceli Mart\u00ednez Acosta. \u201cEstamos trabajando con el alcalde para poder arrancar este mismo a\u00f1o las unidades de la RedMetro en Soledad de Graciano S\u00e1nchez, efectivamente como son unidades de 12 metros se nos complica el poder ingresarlas a las calles de soledad por el tama\u00f1o de infraestructura\u201d. Insisti\u00f3 en que ser\u00eda este mismo a\u00f1o cuando se aplique una nueva ruta, sin [&hellip;]\" \/>\n<meta property=\"og:url\" content=\"https:\/\/canal7slp.tv\/2025\/advierte-sct-dificultades-para-ingresar-unidades-de-metrored-en-cabecera-municipal-de-soledad\/\" \/>\n<meta property=\"og:site_name\" content=\"Canal 7 SLP - 2025\" \/>\n<meta property=\"article:publisher\" content=\"https:\/\/www.facebook.com\/noticieroscanal7atencionciudadana\/\" \/>\n<meta property=\"article:published_time\" content=\"2025-10-28T19:00:51+00:00\" \/>\n<meta property=\"og:image\" content=\"https:\/\/canal7slp.tv\/2025\/wp-content\/uploads\/2025\/10\/Poky0MetroRedSGS.jpg\" \/>\n\t<meta property=\"og:image:width\" content=\"1280\" \/>\n\t<meta property=\"og:image:height\" content=\"720\" \/>\n\t<meta property=\"og:image:type\" content=\"image\/jpeg\" \/>\n<meta name=\"author\" content=\"Edici\u00f3n Web\" \/>\n<meta name=\"twitter:card\" content=\"summary_large_image\" \/>\n<meta name=\"twitter:creator\" content=\"@NOTICIEROS7\" \/>\n<meta name=\"twitter:site\" content=\"@NOTICIEROS7\" \/>\n<meta name=\"twitter:label1\" content=\"Escrito por\" \/>\n\t<meta name=\"twitter:data1\" content=\"Edici\u00f3n Web\" \/>\n\t<meta name=\"twitter:label2\" content=\"Tiempo de lectura\" \/>\n\t<meta name=\"twitter:data2\" content=\"2 minutos\" \/>\n<script type=\"application\/ld+json\" class=\"yoast-schema-graph\">{\"@context\":\"https:\\\/\\\/schema.org\",\"@graph\":[{\"@type\":\"Article\",\"@id\":\"https:\\\/\\\/canal7slp.tv\\\/2025\\\/advierte-sct-dificultades-para-ingresar-unidades-de-metrored-en-cabecera-municipal-de-soledad\\\/#article\",\"isPartOf\":{\"@id\":\"https:\\\/\\\/canal7slp.tv\\\/2025\\\/advierte-sct-dificultades-para-ingresar-unidades-de-metrored-en-cabecera-municipal-de-soledad\\\/\"},\"author\":{\"name\":\"Edici\u00f3n Web\",\"@id\":\"https:\\\/\\\/canal7slp.tv\\\/2025\\\/#\\\/schema\\\/person\\\/271e2b60a96e7cc9d9ac296f4d7e414b\"},\"headline\":\"Advierte SCT dificultades para ingresar unidades de MetroRed en cabecera municipal de Soledad\",\"datePublished\":\"2025-10-28T19:00:51+00:00\",\"mainEntityOfPage\":{\"@id\":\"https:\\\/\\\/canal7slp.tv\\\/2025\\\/advierte-sct-dificultades-para-ingresar-unidades-de-metrored-en-cabecera-municipal-de-soledad\\\/\"},\"wordCount\":290,\"publisher\":{\"@id\":\"https:\\\/\\\/canal7slp.tv\\\/2025\\\/#organization\"},\"image\":{\"@id\":\"https:\\\/\\\/canal7slp.tv\\\/2025\\\/advierte-sct-dificultades-para-ingresar-unidades-de-metrored-en-cabecera-municipal-de-soledad\\\/#primaryimage\"},\"thumbnailUrl\":\"https:\\\/\\\/canal7slp.tv\\\/2025\\\/wp-content\\\/uploads\\\/2025\\\/10\\\/Poky0MetroRedSGS.jpg\",\"articleSection\":[\"AYOSGS\",\"DESTACADAS\",\"GOBEDOSLP\",\"LOCALES Y REGIONALES\"],\"inLanguage\":\"es\"},{\"@type\":\"WebPage\",\"@id\":\"https:\\\/\\\/canal7slp.tv\\\/2025\\\/advierte-sct-dificultades-para-ingresar-unidades-de-metrored-en-cabecera-municipal-de-soledad\\\/\",\"url\":\"https:\\\/\\\/canal7slp.tv\\\/2025\\\/advierte-sct-dificultades-para-ingresar-unidades-de-metrored-en-cabecera-municipal-de-soledad\\\/\",\"name\":\"Advierte SCT dificultades para ingresar unidades de MetroRed en cabecera municipal de Soledad - Canal 7 SLP - 2025\",\"isPartOf\":{\"@id\":\"https:\\\/\\\/canal7slp.tv\\\/2025\\\/#website\"},\"primaryImageOfPage\":{\"@id\":\"https:\\\/\\\/canal7slp.tv\\\/2025\\\/advierte-sct-dificultades-para-ingresar-unidades-de-metrored-en-cabecera-municipal-de-soledad\\\/#primaryimage\"},\"image\":{\"@id\":\"https:\\\/\\\/canal7slp.tv\\\/2025\\\/advierte-sct-dificultades-para-ingresar-unidades-de-metrored-en-cabecera-municipal-de-soledad\\\/#primaryimage\"},\"thumbnailUrl\":\"https:\\\/\\\/canal7slp.tv\\\/2025\\\/wp-content\\\/uploads\\\/2025\\\/10\\\/Poky0MetroRedSGS.jpg\",\"datePublished\":\"2025-10-28T19:00:51+00:00\",\"breadcrumb\":{\"@id\":\"https:\\\/\\\/canal7slp.tv\\\/2025\\\/advierte-sct-dificultades-para-ingresar-unidades-de-metrored-en-cabecera-municipal-de-soledad\\\/#breadcrumb\"},\"inLanguage\":\"es\",\"potentialAction\":[{\"@type\":\"ReadAction\",\"target\":[\"https:\\\/\\\/canal7slp.tv\\\/2025\\\/advierte-sct-dificultades-para-ingresar-unidades-de-metrored-en-cabecera-municipal-de-soledad\\\/\"]}]},{\"@type\":\"ImageObject\",\"inLanguage\":\"es\",\"@id\":\"https:\\\/\\\/canal7slp.tv\\\/2025\\\/advierte-sct-dificultades-para-ingresar-unidades-de-metrored-en-cabecera-municipal-de-soledad\\\/#primaryimage\",\"url\":\"https:\\\/\\\/canal7slp.tv\\\/2025\\\/wp-content\\\/uploads\\\/2025\\\/10\\\/Poky0MetroRedSGS.jpg\",\"contentUrl\":\"https:\\\/\\\/canal7slp.tv\\\/2025\\\/wp-content\\\/uploads\\\/2025\\\/10\\\/Poky0MetroRedSGS.jpg\",\"width\":1280,\"height\":720},{\"@type\":\"BreadcrumbList\",\"@id\":\"https:\\\/\\\/canal7slp.tv\\\/2025\\\/advierte-sct-dificultades-para-ingresar-unidades-de-metrored-en-cabecera-municipal-de-soledad\\\/#breadcrumb\",\"itemListElement\":[{\"@type\":\"ListItem\",\"position\":1,\"name\":\"Portada\",\"item\":\"https:\\\/\\\/canal7slp.tv\\\/2025\\\/\"},{\"@type\":\"ListItem\",\"position\":2,\"name\":\"Advierte SCT dificultades para ingresar unidades de MetroRed en cabecera municipal de Soledad\"}]},{\"@type\":\"WebSite\",\"@id\":\"https:\\\/\\\/canal7slp.tv\\\/2025\\\/#website\",\"url\":\"https:\\\/\\\/canal7slp.tv\\\/2025\\\/\",\"name\":\"N7 - Noticieros Canal 7\",\"description\":\"Somos el Medio\",\"publisher\":{\"@id\":\"https:\\\/\\\/canal7slp.tv\\\/2025\\\/#organization\"},\"potentialAction\":[{\"@type\":\"SearchAction\",\"target\":{\"@type\":\"EntryPoint\",\"urlTemplate\":\"https:\\\/\\\/canal7slp.tv\\\/2025\\\/?s={search_term_string}\"},\"query-input\":{\"@type\":\"PropertyValueSpecification\",\"valueRequired\":true,\"valueName\":\"search_term_string\"}}],\"inLanguage\":\"es\"},{\"@type\":\"Organization\",\"@id\":\"https:\\\/\\\/canal7slp.tv\\\/2025\\\/#organization\",\"name\":\"Noticieros Canal 7\",\"url\":\"https:\\\/\\\/canal7slp.tv\\\/2025\\\/\",\"logo\":{\"@type\":\"ImageObject\",\"inLanguage\":\"es\",\"@id\":\"https:\\\/\\\/canal7slp.tv\\\/2025\\\/#\\\/schema\\\/logo\\\/image\\\/\",\"url\":\"https:\\\/\\\/canal7slp.tv\\\/2025\\\/wp-content\\\/uploads\\\/2021\\\/01\\\/logo-noticieros@2x.png\",\"contentUrl\":\"https:\\\/\\\/canal7slp.tv\\\/2025\\\/wp-content\\\/uploads\\\/2021\\\/01\\\/logo-noticieros@2x.png\",\"width\":1017,\"height\":268,\"caption\":\"Noticieros Canal 7\"},\"image\":{\"@id\":\"https:\\\/\\\/canal7slp.tv\\\/2025\\\/#\\\/schema\\\/logo\\\/image\\\/\"},\"sameAs\":[\"https:\\\/\\\/www.facebook.com\\\/noticieroscanal7atencionciudadana\\\/\",\"https:\\\/\\\/x.com\\\/NOTICIEROS7\",\"https:\\\/\\\/www.instagram.com\\\/canal7_slp\",\"https:\\\/\\\/www.youtube.com\\\/channel\\\/UCliiYs-gP3JfJeqdPrNdd5A\"]},{\"@type\":\"Person\",\"@id\":\"https:\\\/\\\/canal7slp.tv\\\/2025\\\/#\\\/schema\\\/person\\\/271e2b60a96e7cc9d9ac296f4d7e414b\",\"name\":\"Edici\u00f3n Web\",\"image\":{\"@type\":\"ImageObject\",\"inLanguage\":\"es\",\"@id\":\"https:\\\/\\\/secure.gravatar.com\\\/avatar\\\/eee448fc3f7164808013b816ba91ac7e43bbe82a70bebac296f8bc6f0addaa1a?s=96&d=mm&r=g\",\"url\":\"https:\\\/\\\/secure.gravatar.com\\\/avatar\\\/eee448fc3f7164808013b816ba91ac7e43bbe82a70bebac296f8bc6f0addaa1a?s=96&d=mm&r=g\",\"contentUrl\":\"https:\\\/\\\/secure.gravatar.com\\\/avatar\\\/eee448fc3f7164808013b816ba91ac7e43bbe82a70bebac296f8bc6f0addaa1a?s=96&d=mm&r=g\",\"caption\":\"Edici\u00f3n Web\"},\"url\":\"https:\\\/\\\/canal7slp.tv\\\/2025\\\/author\\\/edicionweb\\\/\"}]}<\/script>\n<!-- \/ Yoast SEO plugin. -->","yoast_head_json":{"title":"Advierte SCT dificultades para ingresar unidades de MetroRed en cabecera municipal de Soledad - Canal 7 SLP - 2025","robots":{"index":"index","follow":"follow","max-snippet":"max-snippet:-1","max-image-preview":"max-image-preview:large","max-video-preview":"max-video-preview:-1"},"canonical":"https:\/\/canal7slp.tv\/2025\/advierte-sct-dificultades-para-ingresar-unidades-de-metrored-en-cabecera-municipal-de-soledad\/","og_locale":"es_ES","og_type":"article","og_title":"Advierte SCT dificultades para ingresar unidades de MetroRed en cabecera municipal de Soledad - Canal 7 SLP - 2025","og_description":"SGS.- Sin acuerdo entre la Secretar\u00eda de Comunicaciones y Transportes del Estado de San Luis Potos\u00ed y el Ayuntamiento de Soledad de Graciano S\u00e1nchez para colocaci\u00f3n de nueva ruta de la RedMetro, inform\u00f3 la titular de la dependencia estatal, Araceli Mart\u00ednez Acosta. \u201cEstamos trabajando con el alcalde para poder arrancar este mismo a\u00f1o las unidades de la RedMetro en Soledad de Graciano S\u00e1nchez, efectivamente como son unidades de 12 metros se nos complica el poder ingresarlas a las calles de soledad por el tama\u00f1o de infraestructura\u201d. Insisti\u00f3 en que ser\u00eda este mismo a\u00f1o cuando se aplique una nueva ruta, sin [&hellip;]","og_url":"https:\/\/canal7slp.tv\/2025\/advierte-sct-dificultades-para-ingresar-unidades-de-metrored-en-cabecera-municipal-de-soledad\/","og_site_name":"Canal 7 SLP - 2025","article_publisher":"https:\/\/www.facebook.com\/noticieroscanal7atencionciudadana\/","article_published_time":"2025-10-28T19:00:51+00:00","og_image":[{"width":1280,"height":720,"url":"https:\/\/canal7slp.tv\/2025\/wp-content\/uploads\/2025\/10\/Poky0MetroRedSGS.jpg","type":"image\/jpeg"}],"author":"Edici\u00f3n Web","twitter_card":"summary_large_image","twitter_creator":"@NOTICIEROS7","twitter_site":"@NOTICIEROS7","twitter_misc":{"Escrito por":"Edici\u00f3n Web","Tiempo de lectura":"2 minutos"},"schema":{"@context":"https:\/\/schema.org","@graph":[{"@type":"Article","@id":"https:\/\/canal7slp.tv\/2025\/advierte-sct-dificultades-para-ingresar-unidades-de-metrored-en-cabecera-municipal-de-soledad\/#article","isPartOf":{"@id":"https:\/\/canal7slp.tv\/2025\/advierte-sct-dificultades-para-ingresar-unidades-de-metrored-en-cabecera-municipal-de-soledad\/"},"author":{"name":"Edici\u00f3n Web","@id":"https:\/\/canal7slp.tv\/2025\/#\/schema\/person\/271e2b60a96e7cc9d9ac296f4d7e414b"},"headline":"Advierte SCT dificultades para ingresar unidades de MetroRed en cabecera municipal de Soledad","datePublished":"2025-10-28T19:00:51+00:00","mainEntityOfPage":{"@id":"https:\/\/canal7slp.tv\/2025\/advierte-sct-dificultades-para-ingresar-unidades-de-metrored-en-cabecera-municipal-de-soledad\/"},"wordCount":290,"publisher":{"@id":"https:\/\/canal7slp.tv\/2025\/#organization"},"image":{"@id":"https:\/\/canal7slp.tv\/2025\/advierte-sct-dificultades-para-ingresar-unidades-de-metrored-en-cabecera-municipal-de-soledad\/#primaryimage"},"thumbnailUrl":"https:\/\/canal7slp.tv\/2025\/wp-content\/uploads\/2025\/10\/Poky0MetroRedSGS.jpg","articleSection":["AYOSGS","DESTACADAS","GOBEDOSLP","LOCALES Y REGIONALES"],"inLanguage":"es"},{"@type":"WebPage","@id":"https:\/\/canal7slp.tv\/2025\/advierte-sct-dificultades-para-ingresar-unidades-de-metrored-en-cabecera-municipal-de-soledad\/","url":"https:\/\/canal7slp.tv\/2025\/advierte-sct-dificultades-para-ingresar-unidades-de-metrored-en-cabecera-municipal-de-soledad\/","name":"Advierte SCT dificultades para ingresar unidades de MetroRed en cabecera municipal de Soledad - Canal 7 SLP - 2025","isPartOf":{"@id":"https:\/\/canal7slp.tv\/2025\/#website"},"primaryImageOfPage":{"@id":"https:\/\/canal7slp.tv\/2025\/advierte-sct-dificultades-para-ingresar-unidades-de-metrored-en-cabecera-municipal-de-soledad\/#primaryimage"},"image":{"@id":"https:\/\/canal7slp.tv\/2025\/advierte-sct-dificultades-para-ingresar-unidades-de-metrored-en-cabecera-municipal-de-soledad\/#primaryimage"},"thumbnailUrl":"https:\/\/canal7slp.tv\/2025\/wp-content\/uploads\/2025\/10\/Poky0MetroRedSGS.jpg","datePublished":"2025-10-28T19:00:51+00:00","breadcrumb":{"@id":"https:\/\/canal7slp.tv\/2025\/advierte-sct-dificultades-para-ingresar-unidades-de-metrored-en-cabecera-municipal-de-soledad\/#breadcrumb"},"inLanguage":"es","potentialAction":[{"@type":"ReadAction","target":["https:\/\/canal7slp.tv\/2025\/advierte-sct-dificultades-para-ingresar-unidades-de-metrored-en-cabecera-municipal-de-soledad\/"]}]},{"@type":"ImageObject","inLanguage":"es","@id":"https:\/\/canal7slp.tv\/2025\/advierte-sct-dificultades-para-ingresar-unidades-de-metrored-en-cabecera-municipal-de-soledad\/#primaryimage","url":"https:\/\/canal7slp.tv\/2025\/wp-content\/uploads\/2025\/10\/Poky0MetroRedSGS.jpg","contentUrl":"https:\/\/canal7slp.tv\/2025\/wp-content\/uploads\/2025\/10\/Poky0MetroRedSGS.jpg","width":1280,"height":720},{"@type":"BreadcrumbList","@id":"https:\/\/canal7slp.tv\/2025\/advierte-sct-dificultades-para-ingresar-unidades-de-metrored-en-cabecera-municipal-de-soledad\/#breadcrumb","itemListElement":[{"@type":"ListItem","position":1,"name":"Portada","item":"https:\/\/canal7slp.tv\/2025\/"},{"@type":"ListItem","position":2,"name":"Advierte SCT dificultades para ingresar unidades de MetroRed en cabecera municipal de Soledad"}]},{"@type":"WebSite","@id":"https:\/\/canal7slp.tv\/2025\/#website","url":"https:\/\/canal7slp.tv\/2025\/","name":"N7 - Noticieros Canal 7","description":"Somos el Medio","publisher":{"@id":"https:\/\/canal7slp.tv\/2025\/#organization"},"potentialAction":[{"@type":"SearchAction","target":{"@type":"EntryPoint","urlTemplate":"https:\/\/canal7slp.tv\/2025\/?s={search_term_string}"},"query-input":{"@type":"PropertyValueSpecification","valueRequired":true,"valueName":"search_term_string"}}],"inLanguage":"es"},{"@type":"Organization","@id":"https:\/\/canal7slp.tv\/2025\/#organization","name":"Noticieros Canal 7","url":"https:\/\/canal7slp.tv\/2025\/","logo":{"@type":"ImageObject","inLanguage":"es","@id":"https:\/\/canal7slp.tv\/2025\/#\/schema\/logo\/image\/","url":"https:\/\/canal7slp.tv\/2025\/wp-content\/uploads\/2021\/01\/logo-noticieros@2x.png","contentUrl":"https:\/\/canal7slp.tv\/2025\/wp-content\/uploads\/2021\/01\/logo-noticieros@2x.png","width":1017,"height":268,"caption":"Noticieros Canal 7"},"image":{"@id":"https:\/\/canal7slp.tv\/2025\/#\/schema\/logo\/image\/"},"sameAs":["https:\/\/www.facebook.com\/noticieroscanal7atencionciudadana\/","https:\/\/x.com\/NOTICIEROS7","https:\/\/www.instagram.com\/canal7_slp","https:\/\/www.youtube.com\/channel\/UCliiYs-gP3JfJeqdPrNdd5A"]},{"@type":"Person","@id":"https:\/\/canal7slp.tv\/2025\/#\/schema\/person\/271e2b60a96e7cc9d9ac296f4d7e414b","name":"Edici\u00f3n Web","image":{"@type":"ImageObject","inLanguage":"es","@id":"https:\/\/secure.gravatar.com\/avatar\/eee448fc3f7164808013b816ba91ac7e43bbe82a70bebac296f8bc6f0addaa1a?s=96&d=mm&r=g","url":"https:\/\/secure.gravatar.com\/avatar\/eee448fc3f7164808013b816ba91ac7e43bbe82a70bebac296f8bc6f0addaa1a?s=96&d=mm&r=g","contentUrl":"https:\/\/secure.gravatar.com\/avatar\/eee448fc3f7164808013b816ba91ac7e43bbe82a70bebac296f8bc6f0addaa1a?s=96&d=mm&r=g","caption":"Edici\u00f3n Web"},"url":"https:\/\/canal7slp.tv\/2025\/author\/edicionweb\/"}]}},"_links":{"self":[{"href":"https:\/\/canal7slp.tv\/2025\/wp-json\/wp\/v2\/posts\/182871","targetHints":{"allow":["GET"]}}],"collection":[{"href":"https:\/\/canal7slp.tv\/2025\/wp-json\/wp\/v2\/posts"}],"about":[{"href":"https:\/\/canal7slp.tv\/2025\/wp-json\/wp\/v2\/types\/post"}],"author":[{"embeddable":true,"href":"https:\/\/canal7slp.tv\/2025\/wp-json\/wp\/v2\/users\/2"}],"replies":[{"embeddable":true,"href":"https:\/\/canal7slp.tv\/2025\/wp-json\/wp\/v2\/comments?post=182871"}],"version-history":[{"count":2,"href":"https:\/\/canal7slp.tv\/2025\/wp-json\/wp\/v2\/posts\/182871\/revisions"}],"predecessor-version":[{"id":183304,"href":"https:\/\/canal7slp.tv\/2025\/wp-json\/wp\/v2\/posts\/182871\/revisions\/183304"}],"wp:featuredmedia":[{"embeddable":true,"href":"https:\/\/canal7slp.tv\/2025\/wp-json\/wp\/v2\/media\/182883"}],"wp:attachment":[{"href":"https:\/\/canal7slp.tv\/2025\/wp-json\/wp\/v2\/media?parent=182871"}],"wp:term":[{"taxonomy":"category","embeddable":true,"href":"https:\/\/canal7slp.tv\/2025\/wp-json\/wp\/v2\/categories?post=182871"},{"taxonomy":"post_tag","embeddable":true,"href":"https:\/\/canal7slp.tv\/2025\/wp-json\/wp\/v2\/tags?post=182871"}],"curies":[{"name":"wp","href":"https:\/\/api.w.org\/{rel}","templated":true}]}}