{"id":182641,"date":"2025-10-21T11:26:37","date_gmt":"2025-10-21T17:26:37","guid":{"rendered":"https:\/\/canal7slp.tv\/2025\/?p=182641"},"modified":"2025-10-21T11:26:37","modified_gmt":"2025-10-21T17:26:37","slug":"temen-comerciantes-que-obra-en-julian-de-los-reyes-quede-inconclusa-para-la-temporada-de-compras-navidenas","status":"publish","type":"post","link":"https:\/\/canal7slp.tv\/2025\/temen-comerciantes-que-obra-en-julian-de-los-reyes-quede-inconclusa-para-la-temporada-de-compras-navidenas\/","title":{"rendered":"Temen comerciantes que obra en Juli\u00e1n de los Reyes quede inconclusa para la temporada de compras navide\u00f1as"},"content":{"rendered":"<p style=\"text-align: justify;\"><span style=\"font-size: 1.21429rem;\">SLP.- El pasado mes de Septiembre arrancaron los trabajos de rehabilitaci\u00f3n integral de la calle Juli\u00e1n de los Reyes en el tramo que comprende de Dami\u00e1n Carmona a la calle Morelos, en el centro hist\u00f3rico.<\/span><\/p>\n<p style=\"text-align: justify;\">Sin embargo, comerciantes de la zona han mostrado su temor de que la obra no est\u00e9 lista en el tiempo anunciado al decir que va lenta, adem\u00e1s de se\u00f1alar que algunos detalles que han surgido les afectan.<\/p>\n<p style=\"text-align: justify;\">Se considera una obra de alto impacto por la importancia de esta zona comercial y el tr\u00e1nsito veh\u00edcular en este sector del centro hist\u00f3rico.<\/p>\n<p style=\"text-align: justify;\">Y ante esta situaci\u00f3n los comerciantes de la zona han expresado su preocupaci\u00f3n de que esta obra no est\u00e9 concluida en el mes de Diciembre, temporada del a\u00f1o en donde se registra un incremento en las ventas.<\/p>\n<p style=\"text-align: justify;\">Por: Claudio Ibarra<\/p>\n","protected":false},"excerpt":{"rendered":"<p>SLP.- El pasado mes de Septiembre arrancaron los trabajos de rehabilitaci\u00f3n integral de la calle Juli\u00e1n de los Reyes en el tramo que comprende de Dami\u00e1n Carmona a la calle Morelos, en el centro hist\u00f3rico. Sin embargo, comerciantes de la zona han mostrado su temor de que la obra no est\u00e9 lista en el tiempo anunciado al decir que va lenta, adem\u00e1s de se\u00f1alar que algunos detalles que han surgido les afectan. Se considera una obra de alto impacto por la importancia de esta zona comercial y el tr\u00e1nsito veh\u00edcular en este sector del centro hist\u00f3rico. Y ante esta situaci\u00f3n [&hellip;]<\/p>\n","protected":false},"author":2,"featured_media":182677,"comment_status":"closed","ping_status":"closed","sticky":false,"template":"","format":"video","meta":{"_monsterinsights_skip_tracking":false,"_monsterinsights_sitenote_active":false,"_monsterinsights_sitenote_note":"","_monsterinsights_sitenote_category":0,"footnotes":""},"categories":[5,45,46],"tags":[],"class_list":["post-182641","post","type-post","status-publish","format-video","has-post-thumbnail","hentry","category-destacadas","category-localesyregionales","category-nacional","post_format-post-format-video","post--single"],"yoast_head":"<!-- This site is optimized with the Yoast SEO plugin v27.5 - https:\/\/yoast.com\/product\/yoast-seo-wordpress\/ -->\n<title>Temen comerciantes que obra en Juli\u00e1n de los Reyes quede inconclusa para la temporada de compras navide\u00f1as - Canal 7 SLP - 2025<\/title>\n<meta name=\"robots\" content=\"index, follow, max-snippet:-1, max-image-preview:large, max-video-preview:-1\" \/>\n<link rel=\"canonical\" href=\"https:\/\/canal7slp.tv\/2025\/temen-comerciantes-que-obra-en-julian-de-los-reyes-quede-inconclusa-para-la-temporada-de-compras-navidenas\/\" \/>\n<meta property=\"og:locale\" content=\"es_ES\" \/>\n<meta property=\"og:type\" content=\"article\" \/>\n<meta property=\"og:title\" content=\"Temen comerciantes que obra en Juli\u00e1n de los Reyes quede inconclusa para la temporada de compras navide\u00f1as - Canal 7 SLP - 2025\" \/>\n<meta property=\"og:description\" content=\"SLP.- El pasado mes de Septiembre arrancaron los trabajos de rehabilitaci\u00f3n integral de la calle Juli\u00e1n de los Reyes en el tramo que comprende de Dami\u00e1n Carmona a la calle Morelos, en el centro hist\u00f3rico. Sin embargo, comerciantes de la zona han mostrado su temor de que la obra no est\u00e9 lista en el tiempo anunciado al decir que va lenta, adem\u00e1s de se\u00f1alar que algunos detalles que han surgido les afectan. Se considera una obra de alto impacto por la importancia de esta zona comercial y el tr\u00e1nsito veh\u00edcular en este sector del centro hist\u00f3rico. Y ante esta situaci\u00f3n [&hellip;]\" \/>\n<meta property=\"og:url\" content=\"https:\/\/canal7slp.tv\/2025\/temen-comerciantes-que-obra-en-julian-de-los-reyes-quede-inconclusa-para-la-temporada-de-compras-navidenas\/\" \/>\n<meta property=\"og:site_name\" content=\"Canal 7 SLP - 2025\" \/>\n<meta property=\"article:publisher\" content=\"https:\/\/www.facebook.com\/noticieroscanal7atencionciudadana\/\" \/>\n<meta property=\"article:published_time\" content=\"2025-10-21T17:26:37+00:00\" \/>\n<meta property=\"og:image\" content=\"https:\/\/canal7slp.tv\/2025\/wp-content\/uploads\/2025\/10\/Claudio0Julian.jpg\" \/>\n\t<meta property=\"og:image:width\" content=\"1280\" \/>\n\t<meta property=\"og:image:height\" content=\"720\" \/>\n\t<meta property=\"og:image:type\" content=\"image\/jpeg\" \/>\n<meta name=\"author\" content=\"Edici\u00f3n Web\" \/>\n<meta name=\"twitter:card\" content=\"summary_large_image\" \/>\n<meta name=\"twitter:creator\" content=\"@NOTICIEROS7\" \/>\n<meta name=\"twitter:site\" content=\"@NOTICIEROS7\" \/>\n<meta name=\"twitter:label1\" content=\"Escrito por\" \/>\n\t<meta name=\"twitter:data1\" content=\"Edici\u00f3n Web\" \/>\n\t<meta name=\"twitter:label2\" content=\"Tiempo de lectura\" \/>\n\t<meta name=\"twitter:data2\" content=\"1 minuto\" \/>\n<script type=\"application\/ld+json\" class=\"yoast-schema-graph\">{\"@context\":\"https:\\\/\\\/schema.org\",\"@graph\":[{\"@type\":\"Article\",\"@id\":\"https:\\\/\\\/canal7slp.tv\\\/2025\\\/temen-comerciantes-que-obra-en-julian-de-los-reyes-quede-inconclusa-para-la-temporada-de-compras-navidenas\\\/#article\",\"isPartOf\":{\"@id\":\"https:\\\/\\\/canal7slp.tv\\\/2025\\\/temen-comerciantes-que-obra-en-julian-de-los-reyes-quede-inconclusa-para-la-temporada-de-compras-navidenas\\\/\"},\"author\":{\"name\":\"Edici\u00f3n Web\",\"@id\":\"https:\\\/\\\/canal7slp.tv\\\/2025\\\/#\\\/schema\\\/person\\\/271e2b60a96e7cc9d9ac296f4d7e414b\"},\"headline\":\"Temen comerciantes que obra en Juli\u00e1n de los Reyes quede inconclusa para la temporada de compras navide\u00f1as\",\"datePublished\":\"2025-10-21T17:26:37+00:00\",\"mainEntityOfPage\":{\"@id\":\"https:\\\/\\\/canal7slp.tv\\\/2025\\\/temen-comerciantes-que-obra-en-julian-de-los-reyes-quede-inconclusa-para-la-temporada-de-compras-navidenas\\\/\"},\"wordCount\":168,\"publisher\":{\"@id\":\"https:\\\/\\\/canal7slp.tv\\\/2025\\\/#organization\"},\"image\":{\"@id\":\"https:\\\/\\\/canal7slp.tv\\\/2025\\\/temen-comerciantes-que-obra-en-julian-de-los-reyes-quede-inconclusa-para-la-temporada-de-compras-navidenas\\\/#primaryimage\"},\"thumbnailUrl\":\"https:\\\/\\\/canal7slp.tv\\\/2025\\\/wp-content\\\/uploads\\\/2025\\\/10\\\/Claudio0Julian.jpg\",\"articleSection\":[\"DESTACADAS\",\"LOCALES Y REGIONALES\",\"NACIONALES\"],\"inLanguage\":\"es\"},{\"@type\":\"WebPage\",\"@id\":\"https:\\\/\\\/canal7slp.tv\\\/2025\\\/temen-comerciantes-que-obra-en-julian-de-los-reyes-quede-inconclusa-para-la-temporada-de-compras-navidenas\\\/\",\"url\":\"https:\\\/\\\/canal7slp.tv\\\/2025\\\/temen-comerciantes-que-obra-en-julian-de-los-reyes-quede-inconclusa-para-la-temporada-de-compras-navidenas\\\/\",\"name\":\"Temen comerciantes que obra en Juli\u00e1n de los Reyes quede inconclusa para la temporada de compras navide\u00f1as - Canal 7 SLP - 2025\",\"isPartOf\":{\"@id\":\"https:\\\/\\\/canal7slp.tv\\\/2025\\\/#website\"},\"primaryImageOfPage\":{\"@id\":\"https:\\\/\\\/canal7slp.tv\\\/2025\\\/temen-comerciantes-que-obra-en-julian-de-los-reyes-quede-inconclusa-para-la-temporada-de-compras-navidenas\\\/#primaryimage\"},\"image\":{\"@id\":\"https:\\\/\\\/canal7slp.tv\\\/2025\\\/temen-comerciantes-que-obra-en-julian-de-los-reyes-quede-inconclusa-para-la-temporada-de-compras-navidenas\\\/#primaryimage\"},\"thumbnailUrl\":\"https:\\\/\\\/canal7slp.tv\\\/2025\\\/wp-content\\\/uploads\\\/2025\\\/10\\\/Claudio0Julian.jpg\",\"datePublished\":\"2025-10-21T17:26:37+00:00\",\"breadcrumb\":{\"@id\":\"https:\\\/\\\/canal7slp.tv\\\/2025\\\/temen-comerciantes-que-obra-en-julian-de-los-reyes-quede-inconclusa-para-la-temporada-de-compras-navidenas\\\/#breadcrumb\"},\"inLanguage\":\"es\",\"potentialAction\":[{\"@type\":\"ReadAction\",\"target\":[\"https:\\\/\\\/canal7slp.tv\\\/2025\\\/temen-comerciantes-que-obra-en-julian-de-los-reyes-quede-inconclusa-para-la-temporada-de-compras-navidenas\\\/\"]}]},{\"@type\":\"ImageObject\",\"inLanguage\":\"es\",\"@id\":\"https:\\\/\\\/canal7slp.tv\\\/2025\\\/temen-comerciantes-que-obra-en-julian-de-los-reyes-quede-inconclusa-para-la-temporada-de-compras-navidenas\\\/#primaryimage\",\"url\":\"https:\\\/\\\/canal7slp.tv\\\/2025\\\/wp-content\\\/uploads\\\/2025\\\/10\\\/Claudio0Julian.jpg\",\"contentUrl\":\"https:\\\/\\\/canal7slp.tv\\\/2025\\\/wp-content\\\/uploads\\\/2025\\\/10\\\/Claudio0Julian.jpg\",\"width\":1280,\"height\":720},{\"@type\":\"BreadcrumbList\",\"@id\":\"https:\\\/\\\/canal7slp.tv\\\/2025\\\/temen-comerciantes-que-obra-en-julian-de-los-reyes-quede-inconclusa-para-la-temporada-de-compras-navidenas\\\/#breadcrumb\",\"itemListElement\":[{\"@type\":\"ListItem\",\"position\":1,\"name\":\"Portada\",\"item\":\"https:\\\/\\\/canal7slp.tv\\\/2025\\\/\"},{\"@type\":\"ListItem\",\"position\":2,\"name\":\"Temen comerciantes que obra en Juli\u00e1n de los Reyes quede inconclusa para la temporada de compras navide\u00f1as\"}]},{\"@type\":\"WebSite\",\"@id\":\"https:\\\/\\\/canal7slp.tv\\\/2025\\\/#website\",\"url\":\"https:\\\/\\\/canal7slp.tv\\\/2025\\\/\",\"name\":\"N7 - Noticieros Canal 7\",\"description\":\"Somos el Medio\",\"publisher\":{\"@id\":\"https:\\\/\\\/canal7slp.tv\\\/2025\\\/#organization\"},\"potentialAction\":[{\"@type\":\"SearchAction\",\"target\":{\"@type\":\"EntryPoint\",\"urlTemplate\":\"https:\\\/\\\/canal7slp.tv\\\/2025\\\/?s={search_term_string}\"},\"query-input\":{\"@type\":\"PropertyValueSpecification\",\"valueRequired\":true,\"valueName\":\"search_term_string\"}}],\"inLanguage\":\"es\"},{\"@type\":\"Organization\",\"@id\":\"https:\\\/\\\/canal7slp.tv\\\/2025\\\/#organization\",\"name\":\"Noticieros Canal 7\",\"url\":\"https:\\\/\\\/canal7slp.tv\\\/2025\\\/\",\"logo\":{\"@type\":\"ImageObject\",\"inLanguage\":\"es\",\"@id\":\"https:\\\/\\\/canal7slp.tv\\\/2025\\\/#\\\/schema\\\/logo\\\/image\\\/\",\"url\":\"https:\\\/\\\/canal7slp.tv\\\/2025\\\/wp-content\\\/uploads\\\/2021\\\/01\\\/logo-noticieros@2x.png\",\"contentUrl\":\"https:\\\/\\\/canal7slp.tv\\\/2025\\\/wp-content\\\/uploads\\\/2021\\\/01\\\/logo-noticieros@2x.png\",\"width\":1017,\"height\":268,\"caption\":\"Noticieros Canal 7\"},\"image\":{\"@id\":\"https:\\\/\\\/canal7slp.tv\\\/2025\\\/#\\\/schema\\\/logo\\\/image\\\/\"},\"sameAs\":[\"https:\\\/\\\/www.facebook.com\\\/noticieroscanal7atencionciudadana\\\/\",\"https:\\\/\\\/x.com\\\/NOTICIEROS7\",\"https:\\\/\\\/www.instagram.com\\\/canal7_slp\",\"https:\\\/\\\/www.youtube.com\\\/channel\\\/UCliiYs-gP3JfJeqdPrNdd5A\"]},{\"@type\":\"Person\",\"@id\":\"https:\\\/\\\/canal7slp.tv\\\/2025\\\/#\\\/schema\\\/person\\\/271e2b60a96e7cc9d9ac296f4d7e414b\",\"name\":\"Edici\u00f3n Web\",\"image\":{\"@type\":\"ImageObject\",\"inLanguage\":\"es\",\"@id\":\"https:\\\/\\\/secure.gravatar.com\\\/avatar\\\/eee448fc3f7164808013b816ba91ac7e43bbe82a70bebac296f8bc6f0addaa1a?s=96&d=mm&r=g\",\"url\":\"https:\\\/\\\/secure.gravatar.com\\\/avatar\\\/eee448fc3f7164808013b816ba91ac7e43bbe82a70bebac296f8bc6f0addaa1a?s=96&d=mm&r=g\",\"contentUrl\":\"https:\\\/\\\/secure.gravatar.com\\\/avatar\\\/eee448fc3f7164808013b816ba91ac7e43bbe82a70bebac296f8bc6f0addaa1a?s=96&d=mm&r=g\",\"caption\":\"Edici\u00f3n Web\"},\"url\":\"https:\\\/\\\/canal7slp.tv\\\/2025\\\/author\\\/edicionweb\\\/\"}]}<\/script>\n<!-- \/ Yoast SEO plugin. -->","yoast_head_json":{"title":"Temen comerciantes que obra en Juli\u00e1n de los Reyes quede inconclusa para la temporada de compras navide\u00f1as - Canal 7 SLP - 2025","robots":{"index":"index","follow":"follow","max-snippet":"max-snippet:-1","max-image-preview":"max-image-preview:large","max-video-preview":"max-video-preview:-1"},"canonical":"https:\/\/canal7slp.tv\/2025\/temen-comerciantes-que-obra-en-julian-de-los-reyes-quede-inconclusa-para-la-temporada-de-compras-navidenas\/","og_locale":"es_ES","og_type":"article","og_title":"Temen comerciantes que obra en Juli\u00e1n de los Reyes quede inconclusa para la temporada de compras navide\u00f1as - Canal 7 SLP - 2025","og_description":"SLP.- El pasado mes de Septiembre arrancaron los trabajos de rehabilitaci\u00f3n integral de la calle Juli\u00e1n de los Reyes en el tramo que comprende de Dami\u00e1n Carmona a la calle Morelos, en el centro hist\u00f3rico. Sin embargo, comerciantes de la zona han mostrado su temor de que la obra no est\u00e9 lista en el tiempo anunciado al decir que va lenta, adem\u00e1s de se\u00f1alar que algunos detalles que han surgido les afectan. Se considera una obra de alto impacto por la importancia de esta zona comercial y el tr\u00e1nsito veh\u00edcular en este sector del centro hist\u00f3rico. Y ante esta situaci\u00f3n [&hellip;]","og_url":"https:\/\/canal7slp.tv\/2025\/temen-comerciantes-que-obra-en-julian-de-los-reyes-quede-inconclusa-para-la-temporada-de-compras-navidenas\/","og_site_name":"Canal 7 SLP - 2025","article_publisher":"https:\/\/www.facebook.com\/noticieroscanal7atencionciudadana\/","article_published_time":"2025-10-21T17:26:37+00:00","og_image":[{"width":1280,"height":720,"url":"https:\/\/canal7slp.tv\/2025\/wp-content\/uploads\/2025\/10\/Claudio0Julian.jpg","type":"image\/jpeg"}],"author":"Edici\u00f3n Web","twitter_card":"summary_large_image","twitter_creator":"@NOTICIEROS7","twitter_site":"@NOTICIEROS7","twitter_misc":{"Escrito por":"Edici\u00f3n Web","Tiempo de lectura":"1 minuto"},"schema":{"@context":"https:\/\/schema.org","@graph":[{"@type":"Article","@id":"https:\/\/canal7slp.tv\/2025\/temen-comerciantes-que-obra-en-julian-de-los-reyes-quede-inconclusa-para-la-temporada-de-compras-navidenas\/#article","isPartOf":{"@id":"https:\/\/canal7slp.tv\/2025\/temen-comerciantes-que-obra-en-julian-de-los-reyes-quede-inconclusa-para-la-temporada-de-compras-navidenas\/"},"author":{"name":"Edici\u00f3n Web","@id":"https:\/\/canal7slp.tv\/2025\/#\/schema\/person\/271e2b60a96e7cc9d9ac296f4d7e414b"},"headline":"Temen comerciantes que obra en Juli\u00e1n de los Reyes quede inconclusa para la temporada de compras navide\u00f1as","datePublished":"2025-10-21T17:26:37+00:00","mainEntityOfPage":{"@id":"https:\/\/canal7slp.tv\/2025\/temen-comerciantes-que-obra-en-julian-de-los-reyes-quede-inconclusa-para-la-temporada-de-compras-navidenas\/"},"wordCount":168,"publisher":{"@id":"https:\/\/canal7slp.tv\/2025\/#organization"},"image":{"@id":"https:\/\/canal7slp.tv\/2025\/temen-comerciantes-que-obra-en-julian-de-los-reyes-quede-inconclusa-para-la-temporada-de-compras-navidenas\/#primaryimage"},"thumbnailUrl":"https:\/\/canal7slp.tv\/2025\/wp-content\/uploads\/2025\/10\/Claudio0Julian.jpg","articleSection":["DESTACADAS","LOCALES Y REGIONALES","NACIONALES"],"inLanguage":"es"},{"@type":"WebPage","@id":"https:\/\/canal7slp.tv\/2025\/temen-comerciantes-que-obra-en-julian-de-los-reyes-quede-inconclusa-para-la-temporada-de-compras-navidenas\/","url":"https:\/\/canal7slp.tv\/2025\/temen-comerciantes-que-obra-en-julian-de-los-reyes-quede-inconclusa-para-la-temporada-de-compras-navidenas\/","name":"Temen comerciantes que obra en Juli\u00e1n de los Reyes quede inconclusa para la temporada de compras navide\u00f1as - Canal 7 SLP - 2025","isPartOf":{"@id":"https:\/\/canal7slp.tv\/2025\/#website"},"primaryImageOfPage":{"@id":"https:\/\/canal7slp.tv\/2025\/temen-comerciantes-que-obra-en-julian-de-los-reyes-quede-inconclusa-para-la-temporada-de-compras-navidenas\/#primaryimage"},"image":{"@id":"https:\/\/canal7slp.tv\/2025\/temen-comerciantes-que-obra-en-julian-de-los-reyes-quede-inconclusa-para-la-temporada-de-compras-navidenas\/#primaryimage"},"thumbnailUrl":"https:\/\/canal7slp.tv\/2025\/wp-content\/uploads\/2025\/10\/Claudio0Julian.jpg","datePublished":"2025-10-21T17:26:37+00:00","breadcrumb":{"@id":"https:\/\/canal7slp.tv\/2025\/temen-comerciantes-que-obra-en-julian-de-los-reyes-quede-inconclusa-para-la-temporada-de-compras-navidenas\/#breadcrumb"},"inLanguage":"es","potentialAction":[{"@type":"ReadAction","target":["https:\/\/canal7slp.tv\/2025\/temen-comerciantes-que-obra-en-julian-de-los-reyes-quede-inconclusa-para-la-temporada-de-compras-navidenas\/"]}]},{"@type":"ImageObject","inLanguage":"es","@id":"https:\/\/canal7slp.tv\/2025\/temen-comerciantes-que-obra-en-julian-de-los-reyes-quede-inconclusa-para-la-temporada-de-compras-navidenas\/#primaryimage","url":"https:\/\/canal7slp.tv\/2025\/wp-content\/uploads\/2025\/10\/Claudio0Julian.jpg","contentUrl":"https:\/\/canal7slp.tv\/2025\/wp-content\/uploads\/2025\/10\/Claudio0Julian.jpg","width":1280,"height":720},{"@type":"BreadcrumbList","@id":"https:\/\/canal7slp.tv\/2025\/temen-comerciantes-que-obra-en-julian-de-los-reyes-quede-inconclusa-para-la-temporada-de-compras-navidenas\/#breadcrumb","itemListElement":[{"@type":"ListItem","position":1,"name":"Portada","item":"https:\/\/canal7slp.tv\/2025\/"},{"@type":"ListItem","position":2,"name":"Temen comerciantes que obra en Juli\u00e1n de los Reyes quede inconclusa para la temporada de compras navide\u00f1as"}]},{"@type":"WebSite","@id":"https:\/\/canal7slp.tv\/2025\/#website","url":"https:\/\/canal7slp.tv\/2025\/","name":"N7 - Noticieros Canal 7","description":"Somos el Medio","publisher":{"@id":"https:\/\/canal7slp.tv\/2025\/#organization"},"potentialAction":[{"@type":"SearchAction","target":{"@type":"EntryPoint","urlTemplate":"https:\/\/canal7slp.tv\/2025\/?s={search_term_string}"},"query-input":{"@type":"PropertyValueSpecification","valueRequired":true,"valueName":"search_term_string"}}],"inLanguage":"es"},{"@type":"Organization","@id":"https:\/\/canal7slp.tv\/2025\/#organization","name":"Noticieros Canal 7","url":"https:\/\/canal7slp.tv\/2025\/","logo":{"@type":"ImageObject","inLanguage":"es","@id":"https:\/\/canal7slp.tv\/2025\/#\/schema\/logo\/image\/","url":"https:\/\/canal7slp.tv\/2025\/wp-content\/uploads\/2021\/01\/logo-noticieros@2x.png","contentUrl":"https:\/\/canal7slp.tv\/2025\/wp-content\/uploads\/2021\/01\/logo-noticieros@2x.png","width":1017,"height":268,"caption":"Noticieros Canal 7"},"image":{"@id":"https:\/\/canal7slp.tv\/2025\/#\/schema\/logo\/image\/"},"sameAs":["https:\/\/www.facebook.com\/noticieroscanal7atencionciudadana\/","https:\/\/x.com\/NOTICIEROS7","https:\/\/www.instagram.com\/canal7_slp","https:\/\/www.youtube.com\/channel\/UCliiYs-gP3JfJeqdPrNdd5A"]},{"@type":"Person","@id":"https:\/\/canal7slp.tv\/2025\/#\/schema\/person\/271e2b60a96e7cc9d9ac296f4d7e414b","name":"Edici\u00f3n Web","image":{"@type":"ImageObject","inLanguage":"es","@id":"https:\/\/secure.gravatar.com\/avatar\/eee448fc3f7164808013b816ba91ac7e43bbe82a70bebac296f8bc6f0addaa1a?s=96&d=mm&r=g","url":"https:\/\/secure.gravatar.com\/avatar\/eee448fc3f7164808013b816ba91ac7e43bbe82a70bebac296f8bc6f0addaa1a?s=96&d=mm&r=g","contentUrl":"https:\/\/secure.gravatar.com\/avatar\/eee448fc3f7164808013b816ba91ac7e43bbe82a70bebac296f8bc6f0addaa1a?s=96&d=mm&r=g","caption":"Edici\u00f3n Web"},"url":"https:\/\/canal7slp.tv\/2025\/author\/edicionweb\/"}]}},"_links":{"self":[{"href":"https:\/\/canal7slp.tv\/2025\/wp-json\/wp\/v2\/posts\/182641","targetHints":{"allow":["GET"]}}],"collection":[{"href":"https:\/\/canal7slp.tv\/2025\/wp-json\/wp\/v2\/posts"}],"about":[{"href":"https:\/\/canal7slp.tv\/2025\/wp-json\/wp\/v2\/types\/post"}],"author":[{"embeddable":true,"href":"https:\/\/canal7slp.tv\/2025\/wp-json\/wp\/v2\/users\/2"}],"replies":[{"embeddable":true,"href":"https:\/\/canal7slp.tv\/2025\/wp-json\/wp\/v2\/comments?post=182641"}],"version-history":[{"count":2,"href":"https:\/\/canal7slp.tv\/2025\/wp-json\/wp\/v2\/posts\/182641\/revisions"}],"predecessor-version":[{"id":182693,"href":"https:\/\/canal7slp.tv\/2025\/wp-json\/wp\/v2\/posts\/182641\/revisions\/182693"}],"wp:featuredmedia":[{"embeddable":true,"href":"https:\/\/canal7slp.tv\/2025\/wp-json\/wp\/v2\/media\/182677"}],"wp:attachment":[{"href":"https:\/\/canal7slp.tv\/2025\/wp-json\/wp\/v2\/media?parent=182641"}],"wp:term":[{"taxonomy":"category","embeddable":true,"href":"https:\/\/canal7slp.tv\/2025\/wp-json\/wp\/v2\/categories?post=182641"},{"taxonomy":"post_tag","embeddable":true,"href":"https:\/\/canal7slp.tv\/2025\/wp-json\/wp\/v2\/tags?post=182641"}],"curies":[{"name":"wp","href":"https:\/\/api.w.org\/{rel}","templated":true}]}}