{"id":182626,"date":"2025-10-20T16:58:34","date_gmt":"2025-10-20T22:58:34","guid":{"rendered":"https:\/\/canal7slp.tv\/2025\/?p=182626"},"modified":"2025-10-20T16:58:34","modified_gmt":"2025-10-20T22:58:34","slug":"falla-en-amazon-web-services-causa-afectaciones-en-plataformas-digitales-a-nivel-global","status":"publish","type":"post","link":"https:\/\/canal7slp.tv\/2025\/falla-en-amazon-web-services-causa-afectaciones-en-plataformas-digitales-a-nivel-global\/","title":{"rendered":"Falla en Amazon Web Services causa afectaciones en plataformas digitales a nivel global"},"content":{"rendered":"<p style=\"text-align: justify;\">EEUU.- Una interrupci\u00f3n en los servicios de Amazon Web Services (AWS), uno de los principales proveedores de infraestructura en la nube a nivel mundial, ocasion\u00f3 fallas generalizadas en una variedad de plataformas digitales durante este lunes.<\/p>\n<p style=\"text-align: justify;\">La incidencia, que se origin\u00f3 en un centro de datos ubicado en Virginia del Norte, Estados Unidos, impact\u00f3 el funcionamiento de servicios de comunicaci\u00f3n, entretenimiento y productividad. La compa\u00f1\u00eda report\u00f3 que sus equipos t\u00e9cnicos trabajaron para identificar la causa y restablecer la operatividad, la cual se recuper\u00f3 en su mayor\u00eda a lo largo del d\u00eda.<\/p>\n<p style=\"text-align: justify;\">Entre los servicios afectados se encontraron plataformas de Microsoft, como Outlook, Microsoft 365 y Teams, donde usuarios reportaron problemas de conexi\u00f3n, acceso al correo y funcionalidad de herramientas como Word y OneDrive.<\/p>\n<p style=\"text-align: justify;\">En el \u00e1mbito del entretenimiento, se registraron incidencias en Netflix, YouTube y servicios de streaming como Disney+ y Hulu, principalmente relacionadas con la reproducci\u00f3n de contenido y el acceso a las plataformas. Redes sociales como Facebook y Snapchat tambi\u00e9n presentaron dificultades en sus aplicaciones.<\/p>\n<p style=\"text-align: justify;\">La interrupci\u00f3n tambi\u00e9n alcanz\u00f3 a la industria de videojuegos, con reportes de fallas en t\u00edtulos populares como Fortnite, Roblox y Clash Royale, as\u00ed como en la PlayStation Network. Otros servicios afectados incluyeron asistentes virtuales, herramientas de inteligencia artificial y aplicaciones de aerol\u00edneas y servicios financieros.<\/p>\n","protected":false},"excerpt":{"rendered":"<p>EEUU.- Una interrupci\u00f3n en los servicios de Amazon Web Services (AWS), uno de los principales proveedores de infraestructura en la nube a nivel mundial, ocasion\u00f3 fallas generalizadas en una variedad de plataformas digitales durante este lunes. La incidencia, que se origin\u00f3 en un centro de datos ubicado en Virginia del Norte, Estados Unidos, impact\u00f3 el funcionamiento de servicios de comunicaci\u00f3n, entretenimiento y productividad. La compa\u00f1\u00eda report\u00f3 que sus equipos t\u00e9cnicos trabajaron para identificar la causa y restablecer la operatividad, la cual se recuper\u00f3 en su mayor\u00eda a lo largo del d\u00eda. Entre los servicios afectados se encontraron plataformas de Microsoft, [&hellip;]<\/p>\n","protected":false},"author":2,"featured_media":182627,"comment_status":"closed","ping_status":"closed","sticky":false,"template":"","format":"standard","meta":{"_monsterinsights_skip_tracking":false,"_monsterinsights_sitenote_active":false,"_monsterinsights_sitenote_note":"","_monsterinsights_sitenote_category":0,"footnotes":""},"categories":[44],"tags":[],"class_list":["post-182626","post","type-post","status-publish","format-standard","has-post-thumbnail","hentry","category-internacional","post--single"],"yoast_head":"<!-- This site is optimized with the Yoast SEO plugin v27.4 - https:\/\/yoast.com\/product\/yoast-seo-wordpress\/ -->\n<title>Falla en Amazon Web Services causa afectaciones en plataformas digitales a nivel global - Canal 7 SLP - 2025<\/title>\n<meta name=\"robots\" content=\"index, follow, max-snippet:-1, max-image-preview:large, max-video-preview:-1\" \/>\n<link rel=\"canonical\" href=\"https:\/\/canal7slp.tv\/2025\/falla-en-amazon-web-services-causa-afectaciones-en-plataformas-digitales-a-nivel-global\/\" \/>\n<meta property=\"og:locale\" content=\"es_ES\" \/>\n<meta property=\"og:type\" content=\"article\" \/>\n<meta property=\"og:title\" content=\"Falla en Amazon Web Services causa afectaciones en plataformas digitales a nivel global - Canal 7 SLP - 2025\" \/>\n<meta property=\"og:description\" content=\"EEUU.- Una interrupci\u00f3n en los servicios de Amazon Web Services (AWS), uno de los principales proveedores de infraestructura en la nube a nivel mundial, ocasion\u00f3 fallas generalizadas en una variedad de plataformas digitales durante este lunes. La incidencia, que se origin\u00f3 en un centro de datos ubicado en Virginia del Norte, Estados Unidos, impact\u00f3 el funcionamiento de servicios de comunicaci\u00f3n, entretenimiento y productividad. La compa\u00f1\u00eda report\u00f3 que sus equipos t\u00e9cnicos trabajaron para identificar la causa y restablecer la operatividad, la cual se recuper\u00f3 en su mayor\u00eda a lo largo del d\u00eda. Entre los servicios afectados se encontraron plataformas de Microsoft, [&hellip;]\" \/>\n<meta property=\"og:url\" content=\"https:\/\/canal7slp.tv\/2025\/falla-en-amazon-web-services-causa-afectaciones-en-plataformas-digitales-a-nivel-global\/\" \/>\n<meta property=\"og:site_name\" content=\"Canal 7 SLP - 2025\" \/>\n<meta property=\"article:publisher\" content=\"https:\/\/www.facebook.com\/noticieroscanal7atencionciudadana\/\" \/>\n<meta property=\"article:published_time\" content=\"2025-10-20T22:58:34+00:00\" \/>\n<meta property=\"og:image\" content=\"https:\/\/canal7slp.tv\/2025\/wp-content\/uploads\/2025\/10\/11-14.jpg\" \/>\n\t<meta property=\"og:image:width\" content=\"728\" \/>\n\t<meta property=\"og:image:height\" content=\"410\" \/>\n\t<meta property=\"og:image:type\" content=\"image\/jpeg\" \/>\n<meta name=\"author\" content=\"Edici\u00f3n Web\" \/>\n<meta name=\"twitter:card\" content=\"summary_large_image\" \/>\n<meta name=\"twitter:creator\" content=\"@NOTICIEROS7\" \/>\n<meta name=\"twitter:site\" content=\"@NOTICIEROS7\" \/>\n<meta name=\"twitter:label1\" content=\"Escrito por\" \/>\n\t<meta name=\"twitter:data1\" content=\"Edici\u00f3n Web\" \/>\n\t<meta name=\"twitter:label2\" content=\"Tiempo de lectura\" \/>\n\t<meta name=\"twitter:data2\" content=\"2 minutos\" \/>\n<script type=\"application\/ld+json\" class=\"yoast-schema-graph\">{\"@context\":\"https:\\\/\\\/schema.org\",\"@graph\":[{\"@type\":\"Article\",\"@id\":\"https:\\\/\\\/canal7slp.tv\\\/2025\\\/falla-en-amazon-web-services-causa-afectaciones-en-plataformas-digitales-a-nivel-global\\\/#article\",\"isPartOf\":{\"@id\":\"https:\\\/\\\/canal7slp.tv\\\/2025\\\/falla-en-amazon-web-services-causa-afectaciones-en-plataformas-digitales-a-nivel-global\\\/\"},\"author\":{\"name\":\"Edici\u00f3n Web\",\"@id\":\"https:\\\/\\\/canal7slp.tv\\\/2025\\\/#\\\/schema\\\/person\\\/271e2b60a96e7cc9d9ac296f4d7e414b\"},\"headline\":\"Falla en Amazon Web Services causa afectaciones en plataformas digitales a nivel global\",\"datePublished\":\"2025-10-20T22:58:34+00:00\",\"mainEntityOfPage\":{\"@id\":\"https:\\\/\\\/canal7slp.tv\\\/2025\\\/falla-en-amazon-web-services-causa-afectaciones-en-plataformas-digitales-a-nivel-global\\\/\"},\"wordCount\":238,\"publisher\":{\"@id\":\"https:\\\/\\\/canal7slp.tv\\\/2025\\\/#organization\"},\"image\":{\"@id\":\"https:\\\/\\\/canal7slp.tv\\\/2025\\\/falla-en-amazon-web-services-causa-afectaciones-en-plataformas-digitales-a-nivel-global\\\/#primaryimage\"},\"thumbnailUrl\":\"https:\\\/\\\/canal7slp.tv\\\/2025\\\/wp-content\\\/uploads\\\/2025\\\/10\\\/11-14.jpg\",\"articleSection\":[\"INTERNACIONALES\"],\"inLanguage\":\"es\"},{\"@type\":\"WebPage\",\"@id\":\"https:\\\/\\\/canal7slp.tv\\\/2025\\\/falla-en-amazon-web-services-causa-afectaciones-en-plataformas-digitales-a-nivel-global\\\/\",\"url\":\"https:\\\/\\\/canal7slp.tv\\\/2025\\\/falla-en-amazon-web-services-causa-afectaciones-en-plataformas-digitales-a-nivel-global\\\/\",\"name\":\"Falla en Amazon Web Services causa afectaciones en plataformas digitales a nivel global - Canal 7 SLP - 2025\",\"isPartOf\":{\"@id\":\"https:\\\/\\\/canal7slp.tv\\\/2025\\\/#website\"},\"primaryImageOfPage\":{\"@id\":\"https:\\\/\\\/canal7slp.tv\\\/2025\\\/falla-en-amazon-web-services-causa-afectaciones-en-plataformas-digitales-a-nivel-global\\\/#primaryimage\"},\"image\":{\"@id\":\"https:\\\/\\\/canal7slp.tv\\\/2025\\\/falla-en-amazon-web-services-causa-afectaciones-en-plataformas-digitales-a-nivel-global\\\/#primaryimage\"},\"thumbnailUrl\":\"https:\\\/\\\/canal7slp.tv\\\/2025\\\/wp-content\\\/uploads\\\/2025\\\/10\\\/11-14.jpg\",\"datePublished\":\"2025-10-20T22:58:34+00:00\",\"breadcrumb\":{\"@id\":\"https:\\\/\\\/canal7slp.tv\\\/2025\\\/falla-en-amazon-web-services-causa-afectaciones-en-plataformas-digitales-a-nivel-global\\\/#breadcrumb\"},\"inLanguage\":\"es\",\"potentialAction\":[{\"@type\":\"ReadAction\",\"target\":[\"https:\\\/\\\/canal7slp.tv\\\/2025\\\/falla-en-amazon-web-services-causa-afectaciones-en-plataformas-digitales-a-nivel-global\\\/\"]}]},{\"@type\":\"ImageObject\",\"inLanguage\":\"es\",\"@id\":\"https:\\\/\\\/canal7slp.tv\\\/2025\\\/falla-en-amazon-web-services-causa-afectaciones-en-plataformas-digitales-a-nivel-global\\\/#primaryimage\",\"url\":\"https:\\\/\\\/canal7slp.tv\\\/2025\\\/wp-content\\\/uploads\\\/2025\\\/10\\\/11-14.jpg\",\"contentUrl\":\"https:\\\/\\\/canal7slp.tv\\\/2025\\\/wp-content\\\/uploads\\\/2025\\\/10\\\/11-14.jpg\",\"width\":728,\"height\":410},{\"@type\":\"BreadcrumbList\",\"@id\":\"https:\\\/\\\/canal7slp.tv\\\/2025\\\/falla-en-amazon-web-services-causa-afectaciones-en-plataformas-digitales-a-nivel-global\\\/#breadcrumb\",\"itemListElement\":[{\"@type\":\"ListItem\",\"position\":1,\"name\":\"Portada\",\"item\":\"https:\\\/\\\/canal7slp.tv\\\/2025\\\/\"},{\"@type\":\"ListItem\",\"position\":2,\"name\":\"Falla en Amazon Web Services causa afectaciones en plataformas digitales a nivel global\"}]},{\"@type\":\"WebSite\",\"@id\":\"https:\\\/\\\/canal7slp.tv\\\/2025\\\/#website\",\"url\":\"https:\\\/\\\/canal7slp.tv\\\/2025\\\/\",\"name\":\"N7 - Noticieros Canal 7\",\"description\":\"Somos el Medio\",\"publisher\":{\"@id\":\"https:\\\/\\\/canal7slp.tv\\\/2025\\\/#organization\"},\"potentialAction\":[{\"@type\":\"SearchAction\",\"target\":{\"@type\":\"EntryPoint\",\"urlTemplate\":\"https:\\\/\\\/canal7slp.tv\\\/2025\\\/?s={search_term_string}\"},\"query-input\":{\"@type\":\"PropertyValueSpecification\",\"valueRequired\":true,\"valueName\":\"search_term_string\"}}],\"inLanguage\":\"es\"},{\"@type\":\"Organization\",\"@id\":\"https:\\\/\\\/canal7slp.tv\\\/2025\\\/#organization\",\"name\":\"Noticieros Canal 7\",\"url\":\"https:\\\/\\\/canal7slp.tv\\\/2025\\\/\",\"logo\":{\"@type\":\"ImageObject\",\"inLanguage\":\"es\",\"@id\":\"https:\\\/\\\/canal7slp.tv\\\/2025\\\/#\\\/schema\\\/logo\\\/image\\\/\",\"url\":\"https:\\\/\\\/canal7slp.tv\\\/2025\\\/wp-content\\\/uploads\\\/2021\\\/01\\\/logo-noticieros@2x.png\",\"contentUrl\":\"https:\\\/\\\/canal7slp.tv\\\/2025\\\/wp-content\\\/uploads\\\/2021\\\/01\\\/logo-noticieros@2x.png\",\"width\":1017,\"height\":268,\"caption\":\"Noticieros Canal 7\"},\"image\":{\"@id\":\"https:\\\/\\\/canal7slp.tv\\\/2025\\\/#\\\/schema\\\/logo\\\/image\\\/\"},\"sameAs\":[\"https:\\\/\\\/www.facebook.com\\\/noticieroscanal7atencionciudadana\\\/\",\"https:\\\/\\\/x.com\\\/NOTICIEROS7\",\"https:\\\/\\\/www.instagram.com\\\/canal7_slp\",\"https:\\\/\\\/www.youtube.com\\\/channel\\\/UCliiYs-gP3JfJeqdPrNdd5A\"]},{\"@type\":\"Person\",\"@id\":\"https:\\\/\\\/canal7slp.tv\\\/2025\\\/#\\\/schema\\\/person\\\/271e2b60a96e7cc9d9ac296f4d7e414b\",\"name\":\"Edici\u00f3n Web\",\"image\":{\"@type\":\"ImageObject\",\"inLanguage\":\"es\",\"@id\":\"https:\\\/\\\/secure.gravatar.com\\\/avatar\\\/eee448fc3f7164808013b816ba91ac7e43bbe82a70bebac296f8bc6f0addaa1a?s=96&d=mm&r=g\",\"url\":\"https:\\\/\\\/secure.gravatar.com\\\/avatar\\\/eee448fc3f7164808013b816ba91ac7e43bbe82a70bebac296f8bc6f0addaa1a?s=96&d=mm&r=g\",\"contentUrl\":\"https:\\\/\\\/secure.gravatar.com\\\/avatar\\\/eee448fc3f7164808013b816ba91ac7e43bbe82a70bebac296f8bc6f0addaa1a?s=96&d=mm&r=g\",\"caption\":\"Edici\u00f3n Web\"},\"url\":\"https:\\\/\\\/canal7slp.tv\\\/2025\\\/author\\\/edicionweb\\\/\"}]}<\/script>\n<!-- \/ Yoast SEO plugin. -->","yoast_head_json":{"title":"Falla en Amazon Web Services causa afectaciones en plataformas digitales a nivel global - Canal 7 SLP - 2025","robots":{"index":"index","follow":"follow","max-snippet":"max-snippet:-1","max-image-preview":"max-image-preview:large","max-video-preview":"max-video-preview:-1"},"canonical":"https:\/\/canal7slp.tv\/2025\/falla-en-amazon-web-services-causa-afectaciones-en-plataformas-digitales-a-nivel-global\/","og_locale":"es_ES","og_type":"article","og_title":"Falla en Amazon Web Services causa afectaciones en plataformas digitales a nivel global - Canal 7 SLP - 2025","og_description":"EEUU.- Una interrupci\u00f3n en los servicios de Amazon Web Services (AWS), uno de los principales proveedores de infraestructura en la nube a nivel mundial, ocasion\u00f3 fallas generalizadas en una variedad de plataformas digitales durante este lunes. La incidencia, que se origin\u00f3 en un centro de datos ubicado en Virginia del Norte, Estados Unidos, impact\u00f3 el funcionamiento de servicios de comunicaci\u00f3n, entretenimiento y productividad. La compa\u00f1\u00eda report\u00f3 que sus equipos t\u00e9cnicos trabajaron para identificar la causa y restablecer la operatividad, la cual se recuper\u00f3 en su mayor\u00eda a lo largo del d\u00eda. Entre los servicios afectados se encontraron plataformas de Microsoft, [&hellip;]","og_url":"https:\/\/canal7slp.tv\/2025\/falla-en-amazon-web-services-causa-afectaciones-en-plataformas-digitales-a-nivel-global\/","og_site_name":"Canal 7 SLP - 2025","article_publisher":"https:\/\/www.facebook.com\/noticieroscanal7atencionciudadana\/","article_published_time":"2025-10-20T22:58:34+00:00","og_image":[{"width":728,"height":410,"url":"https:\/\/canal7slp.tv\/2025\/wp-content\/uploads\/2025\/10\/11-14.jpg","type":"image\/jpeg"}],"author":"Edici\u00f3n Web","twitter_card":"summary_large_image","twitter_creator":"@NOTICIEROS7","twitter_site":"@NOTICIEROS7","twitter_misc":{"Escrito por":"Edici\u00f3n Web","Tiempo de lectura":"2 minutos"},"schema":{"@context":"https:\/\/schema.org","@graph":[{"@type":"Article","@id":"https:\/\/canal7slp.tv\/2025\/falla-en-amazon-web-services-causa-afectaciones-en-plataformas-digitales-a-nivel-global\/#article","isPartOf":{"@id":"https:\/\/canal7slp.tv\/2025\/falla-en-amazon-web-services-causa-afectaciones-en-plataformas-digitales-a-nivel-global\/"},"author":{"name":"Edici\u00f3n Web","@id":"https:\/\/canal7slp.tv\/2025\/#\/schema\/person\/271e2b60a96e7cc9d9ac296f4d7e414b"},"headline":"Falla en Amazon Web Services causa afectaciones en plataformas digitales a nivel global","datePublished":"2025-10-20T22:58:34+00:00","mainEntityOfPage":{"@id":"https:\/\/canal7slp.tv\/2025\/falla-en-amazon-web-services-causa-afectaciones-en-plataformas-digitales-a-nivel-global\/"},"wordCount":238,"publisher":{"@id":"https:\/\/canal7slp.tv\/2025\/#organization"},"image":{"@id":"https:\/\/canal7slp.tv\/2025\/falla-en-amazon-web-services-causa-afectaciones-en-plataformas-digitales-a-nivel-global\/#primaryimage"},"thumbnailUrl":"https:\/\/canal7slp.tv\/2025\/wp-content\/uploads\/2025\/10\/11-14.jpg","articleSection":["INTERNACIONALES"],"inLanguage":"es"},{"@type":"WebPage","@id":"https:\/\/canal7slp.tv\/2025\/falla-en-amazon-web-services-causa-afectaciones-en-plataformas-digitales-a-nivel-global\/","url":"https:\/\/canal7slp.tv\/2025\/falla-en-amazon-web-services-causa-afectaciones-en-plataformas-digitales-a-nivel-global\/","name":"Falla en Amazon Web Services causa afectaciones en plataformas digitales a nivel global - Canal 7 SLP - 2025","isPartOf":{"@id":"https:\/\/canal7slp.tv\/2025\/#website"},"primaryImageOfPage":{"@id":"https:\/\/canal7slp.tv\/2025\/falla-en-amazon-web-services-causa-afectaciones-en-plataformas-digitales-a-nivel-global\/#primaryimage"},"image":{"@id":"https:\/\/canal7slp.tv\/2025\/falla-en-amazon-web-services-causa-afectaciones-en-plataformas-digitales-a-nivel-global\/#primaryimage"},"thumbnailUrl":"https:\/\/canal7slp.tv\/2025\/wp-content\/uploads\/2025\/10\/11-14.jpg","datePublished":"2025-10-20T22:58:34+00:00","breadcrumb":{"@id":"https:\/\/canal7slp.tv\/2025\/falla-en-amazon-web-services-causa-afectaciones-en-plataformas-digitales-a-nivel-global\/#breadcrumb"},"inLanguage":"es","potentialAction":[{"@type":"ReadAction","target":["https:\/\/canal7slp.tv\/2025\/falla-en-amazon-web-services-causa-afectaciones-en-plataformas-digitales-a-nivel-global\/"]}]},{"@type":"ImageObject","inLanguage":"es","@id":"https:\/\/canal7slp.tv\/2025\/falla-en-amazon-web-services-causa-afectaciones-en-plataformas-digitales-a-nivel-global\/#primaryimage","url":"https:\/\/canal7slp.tv\/2025\/wp-content\/uploads\/2025\/10\/11-14.jpg","contentUrl":"https:\/\/canal7slp.tv\/2025\/wp-content\/uploads\/2025\/10\/11-14.jpg","width":728,"height":410},{"@type":"BreadcrumbList","@id":"https:\/\/canal7slp.tv\/2025\/falla-en-amazon-web-services-causa-afectaciones-en-plataformas-digitales-a-nivel-global\/#breadcrumb","itemListElement":[{"@type":"ListItem","position":1,"name":"Portada","item":"https:\/\/canal7slp.tv\/2025\/"},{"@type":"ListItem","position":2,"name":"Falla en Amazon Web Services causa afectaciones en plataformas digitales a nivel global"}]},{"@type":"WebSite","@id":"https:\/\/canal7slp.tv\/2025\/#website","url":"https:\/\/canal7slp.tv\/2025\/","name":"N7 - Noticieros Canal 7","description":"Somos el Medio","publisher":{"@id":"https:\/\/canal7slp.tv\/2025\/#organization"},"potentialAction":[{"@type":"SearchAction","target":{"@type":"EntryPoint","urlTemplate":"https:\/\/canal7slp.tv\/2025\/?s={search_term_string}"},"query-input":{"@type":"PropertyValueSpecification","valueRequired":true,"valueName":"search_term_string"}}],"inLanguage":"es"},{"@type":"Organization","@id":"https:\/\/canal7slp.tv\/2025\/#organization","name":"Noticieros Canal 7","url":"https:\/\/canal7slp.tv\/2025\/","logo":{"@type":"ImageObject","inLanguage":"es","@id":"https:\/\/canal7slp.tv\/2025\/#\/schema\/logo\/image\/","url":"https:\/\/canal7slp.tv\/2025\/wp-content\/uploads\/2021\/01\/logo-noticieros@2x.png","contentUrl":"https:\/\/canal7slp.tv\/2025\/wp-content\/uploads\/2021\/01\/logo-noticieros@2x.png","width":1017,"height":268,"caption":"Noticieros Canal 7"},"image":{"@id":"https:\/\/canal7slp.tv\/2025\/#\/schema\/logo\/image\/"},"sameAs":["https:\/\/www.facebook.com\/noticieroscanal7atencionciudadana\/","https:\/\/x.com\/NOTICIEROS7","https:\/\/www.instagram.com\/canal7_slp","https:\/\/www.youtube.com\/channel\/UCliiYs-gP3JfJeqdPrNdd5A"]},{"@type":"Person","@id":"https:\/\/canal7slp.tv\/2025\/#\/schema\/person\/271e2b60a96e7cc9d9ac296f4d7e414b","name":"Edici\u00f3n Web","image":{"@type":"ImageObject","inLanguage":"es","@id":"https:\/\/secure.gravatar.com\/avatar\/eee448fc3f7164808013b816ba91ac7e43bbe82a70bebac296f8bc6f0addaa1a?s=96&d=mm&r=g","url":"https:\/\/secure.gravatar.com\/avatar\/eee448fc3f7164808013b816ba91ac7e43bbe82a70bebac296f8bc6f0addaa1a?s=96&d=mm&r=g","contentUrl":"https:\/\/secure.gravatar.com\/avatar\/eee448fc3f7164808013b816ba91ac7e43bbe82a70bebac296f8bc6f0addaa1a?s=96&d=mm&r=g","caption":"Edici\u00f3n Web"},"url":"https:\/\/canal7slp.tv\/2025\/author\/edicionweb\/"}]}},"_links":{"self":[{"href":"https:\/\/canal7slp.tv\/2025\/wp-json\/wp\/v2\/posts\/182626","targetHints":{"allow":["GET"]}}],"collection":[{"href":"https:\/\/canal7slp.tv\/2025\/wp-json\/wp\/v2\/posts"}],"about":[{"href":"https:\/\/canal7slp.tv\/2025\/wp-json\/wp\/v2\/types\/post"}],"author":[{"embeddable":true,"href":"https:\/\/canal7slp.tv\/2025\/wp-json\/wp\/v2\/users\/2"}],"replies":[{"embeddable":true,"href":"https:\/\/canal7slp.tv\/2025\/wp-json\/wp\/v2\/comments?post=182626"}],"version-history":[{"count":1,"href":"https:\/\/canal7slp.tv\/2025\/wp-json\/wp\/v2\/posts\/182626\/revisions"}],"predecessor-version":[{"id":182628,"href":"https:\/\/canal7slp.tv\/2025\/wp-json\/wp\/v2\/posts\/182626\/revisions\/182628"}],"wp:featuredmedia":[{"embeddable":true,"href":"https:\/\/canal7slp.tv\/2025\/wp-json\/wp\/v2\/media\/182627"}],"wp:attachment":[{"href":"https:\/\/canal7slp.tv\/2025\/wp-json\/wp\/v2\/media?parent=182626"}],"wp:term":[{"taxonomy":"category","embeddable":true,"href":"https:\/\/canal7slp.tv\/2025\/wp-json\/wp\/v2\/categories?post=182626"},{"taxonomy":"post_tag","embeddable":true,"href":"https:\/\/canal7slp.tv\/2025\/wp-json\/wp\/v2\/tags?post=182626"}],"curies":[{"name":"wp","href":"https:\/\/api.w.org\/{rel}","templated":true}]}}