{"id":182619,"date":"2025-10-20T16:31:49","date_gmt":"2025-10-20T22:31:49","guid":{"rendered":"https:\/\/canal7slp.tv\/2025\/?p=182619"},"modified":"2025-10-20T16:31:49","modified_gmt":"2025-10-20T22:31:49","slug":"cfe-restablece-98-7-del-suministro-electrico-en-zonas-afectadas-por-lluvias","status":"publish","type":"post","link":"https:\/\/canal7slp.tv\/2025\/cfe-restablece-98-7-del-suministro-electrico-en-zonas-afectadas-por-lluvias\/","title":{"rendered":"CFE restablece 98.7% del suministro el\u00e9ctrico en zonas afectadas por lluvias"},"content":{"rendered":"<p style=\"text-align: justify;\">M\u00e9xico.- La directora general de la Comisi\u00f3n Federal de Electricidad (CFE), Emilia Calleja Alor, inform\u00f3 que el suministro el\u00e9ctrico en los hogares afectados por las recientes lluvias ha sido restablecido en un 98.7%, gracias a un operativo especial desplegado en los estados de Veracruz, Hidalgo y Puebla.<\/p>\n<p style=\"text-align: justify;\">Durante la conferencia matutina encabezada por la presidenta Claudia Sheinbaum, Calleja Alor precis\u00f3 que, aunque una l\u00ednea de mediana tensi\u00f3n afect\u00f3 a 668 usuarios en Veracruz, el servicio ya se encuentra completamente restablecido en la entidad. Hasta las 23:00 horas del domingo, se hab\u00edan reconectado 8 mil 198 usuarios en total.<\/p>\n<p style=\"text-align: justify;\">En Hidalgo, el restablecimiento alcanza un 96%, con 2 mil 467 usuarios a\u00fan sin servicio, mientras que en Puebla el avance es del 99%, con 381 pendientes de reconexi\u00f3n debido a bloqueos en los caminos.<\/p>\n<p style=\"text-align: justify;\">Desde el inicio de la emergencia el 9 de octubre, la CFE ha trabajado de forma continua junto con la Secretar\u00eda de la Defensa Nacional (Sedena) para restablecer el servicio en las comunidades afectadas por el desbordamiento de r\u00edos. En municipios como Tihuatl\u00e1n y El Higo, 668 usuarios permanecen sin energ\u00eda el\u00e9ctrica debido a nuevas afectaciones, aunque brigadas de la empresa trabajan en su restablecimiento.<\/p>\n<p style=\"text-align: justify;\">Para garantizar el suministro en zonas de dif\u00edcil acceso, la CFE instal\u00f3 105 plantas de emergencia temporales (20 trasladadas por aire y 85 por tierra), adem\u00e1s de establecer cinco campamentos permanentes para el personal operativo en las regiones m\u00e1s golpeadas.<\/p>\n<p style=\"text-align: justify;\">En materia de infraestructura, se reportaron da\u00f1os en tres torres de transmisi\u00f3n: una ya fue reparada y las otras dos presentan un avance de rehabilitaci\u00f3n del 68%. Asimismo, dos subestaciones en Veracruz resultaron afectadas, pero actualmente operan con normalidad.<\/p>\n<p style=\"text-align: justify;\">\n","protected":false},"excerpt":{"rendered":"<p>M\u00e9xico.- La directora general de la Comisi\u00f3n Federal de Electricidad (CFE), Emilia Calleja Alor, inform\u00f3 que el suministro el\u00e9ctrico en los hogares afectados por las recientes lluvias ha sido restablecido en un 98.7%, gracias a un operativo especial desplegado en los estados de Veracruz, Hidalgo y Puebla. Durante la conferencia matutina encabezada por la presidenta Claudia Sheinbaum, Calleja Alor precis\u00f3 que, aunque una l\u00ednea de mediana tensi\u00f3n afect\u00f3 a 668 usuarios en Veracruz, el servicio ya se encuentra completamente restablecido en la entidad. Hasta las 23:00 horas del domingo, se hab\u00edan reconectado 8 mil 198 usuarios en total. En Hidalgo, [&hellip;]<\/p>\n","protected":false},"author":2,"featured_media":182620,"comment_status":"closed","ping_status":"closed","sticky":false,"template":"","format":"standard","meta":{"_monsterinsights_skip_tracking":false,"_monsterinsights_sitenote_active":false,"_monsterinsights_sitenote_note":"","_monsterinsights_sitenote_category":0,"footnotes":""},"categories":[46],"tags":[],"class_list":["post-182619","post","type-post","status-publish","format-standard","has-post-thumbnail","hentry","category-nacional","post--single"],"yoast_head":"<!-- This site is optimized with the Yoast SEO plugin v27.5 - https:\/\/yoast.com\/product\/yoast-seo-wordpress\/ -->\n<title>CFE restablece 98.7% del suministro el\u00e9ctrico en zonas afectadas por lluvias - Canal 7 SLP - 2025<\/title>\n<meta name=\"robots\" content=\"index, follow, max-snippet:-1, max-image-preview:large, max-video-preview:-1\" \/>\n<link rel=\"canonical\" href=\"https:\/\/canal7slp.tv\/2025\/cfe-restablece-98-7-del-suministro-electrico-en-zonas-afectadas-por-lluvias\/\" \/>\n<meta property=\"og:locale\" content=\"es_ES\" \/>\n<meta property=\"og:type\" content=\"article\" \/>\n<meta property=\"og:title\" content=\"CFE restablece 98.7% del suministro el\u00e9ctrico en zonas afectadas por lluvias - Canal 7 SLP - 2025\" \/>\n<meta property=\"og:description\" content=\"M\u00e9xico.- La directora general de la Comisi\u00f3n Federal de Electricidad (CFE), Emilia Calleja Alor, inform\u00f3 que el suministro el\u00e9ctrico en los hogares afectados por las recientes lluvias ha sido restablecido en un 98.7%, gracias a un operativo especial desplegado en los estados de Veracruz, Hidalgo y Puebla. Durante la conferencia matutina encabezada por la presidenta Claudia Sheinbaum, Calleja Alor precis\u00f3 que, aunque una l\u00ednea de mediana tensi\u00f3n afect\u00f3 a 668 usuarios en Veracruz, el servicio ya se encuentra completamente restablecido en la entidad. Hasta las 23:00 horas del domingo, se hab\u00edan reconectado 8 mil 198 usuarios en total. En Hidalgo, [&hellip;]\" \/>\n<meta property=\"og:url\" content=\"https:\/\/canal7slp.tv\/2025\/cfe-restablece-98-7-del-suministro-electrico-en-zonas-afectadas-por-lluvias\/\" \/>\n<meta property=\"og:site_name\" content=\"Canal 7 SLP - 2025\" \/>\n<meta property=\"article:publisher\" content=\"https:\/\/www.facebook.com\/noticieroscanal7atencionciudadana\/\" \/>\n<meta property=\"article:published_time\" content=\"2025-10-20T22:31:49+00:00\" \/>\n<meta property=\"og:image\" content=\"https:\/\/canal7slp.tv\/2025\/wp-content\/uploads\/2025\/10\/09-19.jpg\" \/>\n\t<meta property=\"og:image:width\" content=\"666\" \/>\n\t<meta property=\"og:image:height\" content=\"500\" \/>\n\t<meta property=\"og:image:type\" content=\"image\/jpeg\" \/>\n<meta name=\"author\" content=\"Edici\u00f3n Web\" \/>\n<meta name=\"twitter:card\" content=\"summary_large_image\" \/>\n<meta name=\"twitter:creator\" content=\"@NOTICIEROS7\" \/>\n<meta name=\"twitter:site\" content=\"@NOTICIEROS7\" \/>\n<meta name=\"twitter:label1\" content=\"Escrito por\" \/>\n\t<meta name=\"twitter:data1\" content=\"Edici\u00f3n Web\" \/>\n\t<meta name=\"twitter:label2\" content=\"Tiempo de lectura\" \/>\n\t<meta name=\"twitter:data2\" content=\"2 minutos\" \/>\n<script type=\"application\/ld+json\" class=\"yoast-schema-graph\">{\"@context\":\"https:\\\/\\\/schema.org\",\"@graph\":[{\"@type\":\"Article\",\"@id\":\"https:\\\/\\\/canal7slp.tv\\\/2025\\\/cfe-restablece-98-7-del-suministro-electrico-en-zonas-afectadas-por-lluvias\\\/#article\",\"isPartOf\":{\"@id\":\"https:\\\/\\\/canal7slp.tv\\\/2025\\\/cfe-restablece-98-7-del-suministro-electrico-en-zonas-afectadas-por-lluvias\\\/\"},\"author\":{\"name\":\"Edici\u00f3n Web\",\"@id\":\"https:\\\/\\\/canal7slp.tv\\\/2025\\\/#\\\/schema\\\/person\\\/271e2b60a96e7cc9d9ac296f4d7e414b\"},\"headline\":\"CFE restablece 98.7% del suministro el\u00e9ctrico en zonas afectadas por lluvias\",\"datePublished\":\"2025-10-20T22:31:49+00:00\",\"mainEntityOfPage\":{\"@id\":\"https:\\\/\\\/canal7slp.tv\\\/2025\\\/cfe-restablece-98-7-del-suministro-electrico-en-zonas-afectadas-por-lluvias\\\/\"},\"wordCount\":292,\"publisher\":{\"@id\":\"https:\\\/\\\/canal7slp.tv\\\/2025\\\/#organization\"},\"image\":{\"@id\":\"https:\\\/\\\/canal7slp.tv\\\/2025\\\/cfe-restablece-98-7-del-suministro-electrico-en-zonas-afectadas-por-lluvias\\\/#primaryimage\"},\"thumbnailUrl\":\"https:\\\/\\\/canal7slp.tv\\\/2025\\\/wp-content\\\/uploads\\\/2025\\\/10\\\/09-19.jpg\",\"articleSection\":[\"NACIONALES\"],\"inLanguage\":\"es\"},{\"@type\":\"WebPage\",\"@id\":\"https:\\\/\\\/canal7slp.tv\\\/2025\\\/cfe-restablece-98-7-del-suministro-electrico-en-zonas-afectadas-por-lluvias\\\/\",\"url\":\"https:\\\/\\\/canal7slp.tv\\\/2025\\\/cfe-restablece-98-7-del-suministro-electrico-en-zonas-afectadas-por-lluvias\\\/\",\"name\":\"CFE restablece 98.7% del suministro el\u00e9ctrico en zonas afectadas por lluvias - Canal 7 SLP - 2025\",\"isPartOf\":{\"@id\":\"https:\\\/\\\/canal7slp.tv\\\/2025\\\/#website\"},\"primaryImageOfPage\":{\"@id\":\"https:\\\/\\\/canal7slp.tv\\\/2025\\\/cfe-restablece-98-7-del-suministro-electrico-en-zonas-afectadas-por-lluvias\\\/#primaryimage\"},\"image\":{\"@id\":\"https:\\\/\\\/canal7slp.tv\\\/2025\\\/cfe-restablece-98-7-del-suministro-electrico-en-zonas-afectadas-por-lluvias\\\/#primaryimage\"},\"thumbnailUrl\":\"https:\\\/\\\/canal7slp.tv\\\/2025\\\/wp-content\\\/uploads\\\/2025\\\/10\\\/09-19.jpg\",\"datePublished\":\"2025-10-20T22:31:49+00:00\",\"breadcrumb\":{\"@id\":\"https:\\\/\\\/canal7slp.tv\\\/2025\\\/cfe-restablece-98-7-del-suministro-electrico-en-zonas-afectadas-por-lluvias\\\/#breadcrumb\"},\"inLanguage\":\"es\",\"potentialAction\":[{\"@type\":\"ReadAction\",\"target\":[\"https:\\\/\\\/canal7slp.tv\\\/2025\\\/cfe-restablece-98-7-del-suministro-electrico-en-zonas-afectadas-por-lluvias\\\/\"]}]},{\"@type\":\"ImageObject\",\"inLanguage\":\"es\",\"@id\":\"https:\\\/\\\/canal7slp.tv\\\/2025\\\/cfe-restablece-98-7-del-suministro-electrico-en-zonas-afectadas-por-lluvias\\\/#primaryimage\",\"url\":\"https:\\\/\\\/canal7slp.tv\\\/2025\\\/wp-content\\\/uploads\\\/2025\\\/10\\\/09-19.jpg\",\"contentUrl\":\"https:\\\/\\\/canal7slp.tv\\\/2025\\\/wp-content\\\/uploads\\\/2025\\\/10\\\/09-19.jpg\",\"width\":666,\"height\":500},{\"@type\":\"BreadcrumbList\",\"@id\":\"https:\\\/\\\/canal7slp.tv\\\/2025\\\/cfe-restablece-98-7-del-suministro-electrico-en-zonas-afectadas-por-lluvias\\\/#breadcrumb\",\"itemListElement\":[{\"@type\":\"ListItem\",\"position\":1,\"name\":\"Portada\",\"item\":\"https:\\\/\\\/canal7slp.tv\\\/2025\\\/\"},{\"@type\":\"ListItem\",\"position\":2,\"name\":\"CFE restablece 98.7% del suministro el\u00e9ctrico en zonas afectadas por lluvias\"}]},{\"@type\":\"WebSite\",\"@id\":\"https:\\\/\\\/canal7slp.tv\\\/2025\\\/#website\",\"url\":\"https:\\\/\\\/canal7slp.tv\\\/2025\\\/\",\"name\":\"N7 - Noticieros Canal 7\",\"description\":\"Somos el Medio\",\"publisher\":{\"@id\":\"https:\\\/\\\/canal7slp.tv\\\/2025\\\/#organization\"},\"potentialAction\":[{\"@type\":\"SearchAction\",\"target\":{\"@type\":\"EntryPoint\",\"urlTemplate\":\"https:\\\/\\\/canal7slp.tv\\\/2025\\\/?s={search_term_string}\"},\"query-input\":{\"@type\":\"PropertyValueSpecification\",\"valueRequired\":true,\"valueName\":\"search_term_string\"}}],\"inLanguage\":\"es\"},{\"@type\":\"Organization\",\"@id\":\"https:\\\/\\\/canal7slp.tv\\\/2025\\\/#organization\",\"name\":\"Noticieros Canal 7\",\"url\":\"https:\\\/\\\/canal7slp.tv\\\/2025\\\/\",\"logo\":{\"@type\":\"ImageObject\",\"inLanguage\":\"es\",\"@id\":\"https:\\\/\\\/canal7slp.tv\\\/2025\\\/#\\\/schema\\\/logo\\\/image\\\/\",\"url\":\"https:\\\/\\\/canal7slp.tv\\\/2025\\\/wp-content\\\/uploads\\\/2021\\\/01\\\/logo-noticieros@2x.png\",\"contentUrl\":\"https:\\\/\\\/canal7slp.tv\\\/2025\\\/wp-content\\\/uploads\\\/2021\\\/01\\\/logo-noticieros@2x.png\",\"width\":1017,\"height\":268,\"caption\":\"Noticieros Canal 7\"},\"image\":{\"@id\":\"https:\\\/\\\/canal7slp.tv\\\/2025\\\/#\\\/schema\\\/logo\\\/image\\\/\"},\"sameAs\":[\"https:\\\/\\\/www.facebook.com\\\/noticieroscanal7atencionciudadana\\\/\",\"https:\\\/\\\/x.com\\\/NOTICIEROS7\",\"https:\\\/\\\/www.instagram.com\\\/canal7_slp\",\"https:\\\/\\\/www.youtube.com\\\/channel\\\/UCliiYs-gP3JfJeqdPrNdd5A\"]},{\"@type\":\"Person\",\"@id\":\"https:\\\/\\\/canal7slp.tv\\\/2025\\\/#\\\/schema\\\/person\\\/271e2b60a96e7cc9d9ac296f4d7e414b\",\"name\":\"Edici\u00f3n Web\",\"image\":{\"@type\":\"ImageObject\",\"inLanguage\":\"es\",\"@id\":\"https:\\\/\\\/secure.gravatar.com\\\/avatar\\\/eee448fc3f7164808013b816ba91ac7e43bbe82a70bebac296f8bc6f0addaa1a?s=96&d=mm&r=g\",\"url\":\"https:\\\/\\\/secure.gravatar.com\\\/avatar\\\/eee448fc3f7164808013b816ba91ac7e43bbe82a70bebac296f8bc6f0addaa1a?s=96&d=mm&r=g\",\"contentUrl\":\"https:\\\/\\\/secure.gravatar.com\\\/avatar\\\/eee448fc3f7164808013b816ba91ac7e43bbe82a70bebac296f8bc6f0addaa1a?s=96&d=mm&r=g\",\"caption\":\"Edici\u00f3n Web\"},\"url\":\"https:\\\/\\\/canal7slp.tv\\\/2025\\\/author\\\/edicionweb\\\/\"}]}<\/script>\n<!-- \/ Yoast SEO plugin. -->","yoast_head_json":{"title":"CFE restablece 98.7% del suministro el\u00e9ctrico en zonas afectadas por lluvias - Canal 7 SLP - 2025","robots":{"index":"index","follow":"follow","max-snippet":"max-snippet:-1","max-image-preview":"max-image-preview:large","max-video-preview":"max-video-preview:-1"},"canonical":"https:\/\/canal7slp.tv\/2025\/cfe-restablece-98-7-del-suministro-electrico-en-zonas-afectadas-por-lluvias\/","og_locale":"es_ES","og_type":"article","og_title":"CFE restablece 98.7% del suministro el\u00e9ctrico en zonas afectadas por lluvias - Canal 7 SLP - 2025","og_description":"M\u00e9xico.- La directora general de la Comisi\u00f3n Federal de Electricidad (CFE), Emilia Calleja Alor, inform\u00f3 que el suministro el\u00e9ctrico en los hogares afectados por las recientes lluvias ha sido restablecido en un 98.7%, gracias a un operativo especial desplegado en los estados de Veracruz, Hidalgo y Puebla. Durante la conferencia matutina encabezada por la presidenta Claudia Sheinbaum, Calleja Alor precis\u00f3 que, aunque una l\u00ednea de mediana tensi\u00f3n afect\u00f3 a 668 usuarios en Veracruz, el servicio ya se encuentra completamente restablecido en la entidad. Hasta las 23:00 horas del domingo, se hab\u00edan reconectado 8 mil 198 usuarios en total. En Hidalgo, [&hellip;]","og_url":"https:\/\/canal7slp.tv\/2025\/cfe-restablece-98-7-del-suministro-electrico-en-zonas-afectadas-por-lluvias\/","og_site_name":"Canal 7 SLP - 2025","article_publisher":"https:\/\/www.facebook.com\/noticieroscanal7atencionciudadana\/","article_published_time":"2025-10-20T22:31:49+00:00","og_image":[{"width":666,"height":500,"url":"https:\/\/canal7slp.tv\/2025\/wp-content\/uploads\/2025\/10\/09-19.jpg","type":"image\/jpeg"}],"author":"Edici\u00f3n Web","twitter_card":"summary_large_image","twitter_creator":"@NOTICIEROS7","twitter_site":"@NOTICIEROS7","twitter_misc":{"Escrito por":"Edici\u00f3n Web","Tiempo de lectura":"2 minutos"},"schema":{"@context":"https:\/\/schema.org","@graph":[{"@type":"Article","@id":"https:\/\/canal7slp.tv\/2025\/cfe-restablece-98-7-del-suministro-electrico-en-zonas-afectadas-por-lluvias\/#article","isPartOf":{"@id":"https:\/\/canal7slp.tv\/2025\/cfe-restablece-98-7-del-suministro-electrico-en-zonas-afectadas-por-lluvias\/"},"author":{"name":"Edici\u00f3n Web","@id":"https:\/\/canal7slp.tv\/2025\/#\/schema\/person\/271e2b60a96e7cc9d9ac296f4d7e414b"},"headline":"CFE restablece 98.7% del suministro el\u00e9ctrico en zonas afectadas por lluvias","datePublished":"2025-10-20T22:31:49+00:00","mainEntityOfPage":{"@id":"https:\/\/canal7slp.tv\/2025\/cfe-restablece-98-7-del-suministro-electrico-en-zonas-afectadas-por-lluvias\/"},"wordCount":292,"publisher":{"@id":"https:\/\/canal7slp.tv\/2025\/#organization"},"image":{"@id":"https:\/\/canal7slp.tv\/2025\/cfe-restablece-98-7-del-suministro-electrico-en-zonas-afectadas-por-lluvias\/#primaryimage"},"thumbnailUrl":"https:\/\/canal7slp.tv\/2025\/wp-content\/uploads\/2025\/10\/09-19.jpg","articleSection":["NACIONALES"],"inLanguage":"es"},{"@type":"WebPage","@id":"https:\/\/canal7slp.tv\/2025\/cfe-restablece-98-7-del-suministro-electrico-en-zonas-afectadas-por-lluvias\/","url":"https:\/\/canal7slp.tv\/2025\/cfe-restablece-98-7-del-suministro-electrico-en-zonas-afectadas-por-lluvias\/","name":"CFE restablece 98.7% del suministro el\u00e9ctrico en zonas afectadas por lluvias - Canal 7 SLP - 2025","isPartOf":{"@id":"https:\/\/canal7slp.tv\/2025\/#website"},"primaryImageOfPage":{"@id":"https:\/\/canal7slp.tv\/2025\/cfe-restablece-98-7-del-suministro-electrico-en-zonas-afectadas-por-lluvias\/#primaryimage"},"image":{"@id":"https:\/\/canal7slp.tv\/2025\/cfe-restablece-98-7-del-suministro-electrico-en-zonas-afectadas-por-lluvias\/#primaryimage"},"thumbnailUrl":"https:\/\/canal7slp.tv\/2025\/wp-content\/uploads\/2025\/10\/09-19.jpg","datePublished":"2025-10-20T22:31:49+00:00","breadcrumb":{"@id":"https:\/\/canal7slp.tv\/2025\/cfe-restablece-98-7-del-suministro-electrico-en-zonas-afectadas-por-lluvias\/#breadcrumb"},"inLanguage":"es","potentialAction":[{"@type":"ReadAction","target":["https:\/\/canal7slp.tv\/2025\/cfe-restablece-98-7-del-suministro-electrico-en-zonas-afectadas-por-lluvias\/"]}]},{"@type":"ImageObject","inLanguage":"es","@id":"https:\/\/canal7slp.tv\/2025\/cfe-restablece-98-7-del-suministro-electrico-en-zonas-afectadas-por-lluvias\/#primaryimage","url":"https:\/\/canal7slp.tv\/2025\/wp-content\/uploads\/2025\/10\/09-19.jpg","contentUrl":"https:\/\/canal7slp.tv\/2025\/wp-content\/uploads\/2025\/10\/09-19.jpg","width":666,"height":500},{"@type":"BreadcrumbList","@id":"https:\/\/canal7slp.tv\/2025\/cfe-restablece-98-7-del-suministro-electrico-en-zonas-afectadas-por-lluvias\/#breadcrumb","itemListElement":[{"@type":"ListItem","position":1,"name":"Portada","item":"https:\/\/canal7slp.tv\/2025\/"},{"@type":"ListItem","position":2,"name":"CFE restablece 98.7% del suministro el\u00e9ctrico en zonas afectadas por lluvias"}]},{"@type":"WebSite","@id":"https:\/\/canal7slp.tv\/2025\/#website","url":"https:\/\/canal7slp.tv\/2025\/","name":"N7 - Noticieros Canal 7","description":"Somos el Medio","publisher":{"@id":"https:\/\/canal7slp.tv\/2025\/#organization"},"potentialAction":[{"@type":"SearchAction","target":{"@type":"EntryPoint","urlTemplate":"https:\/\/canal7slp.tv\/2025\/?s={search_term_string}"},"query-input":{"@type":"PropertyValueSpecification","valueRequired":true,"valueName":"search_term_string"}}],"inLanguage":"es"},{"@type":"Organization","@id":"https:\/\/canal7slp.tv\/2025\/#organization","name":"Noticieros Canal 7","url":"https:\/\/canal7slp.tv\/2025\/","logo":{"@type":"ImageObject","inLanguage":"es","@id":"https:\/\/canal7slp.tv\/2025\/#\/schema\/logo\/image\/","url":"https:\/\/canal7slp.tv\/2025\/wp-content\/uploads\/2021\/01\/logo-noticieros@2x.png","contentUrl":"https:\/\/canal7slp.tv\/2025\/wp-content\/uploads\/2021\/01\/logo-noticieros@2x.png","width":1017,"height":268,"caption":"Noticieros Canal 7"},"image":{"@id":"https:\/\/canal7slp.tv\/2025\/#\/schema\/logo\/image\/"},"sameAs":["https:\/\/www.facebook.com\/noticieroscanal7atencionciudadana\/","https:\/\/x.com\/NOTICIEROS7","https:\/\/www.instagram.com\/canal7_slp","https:\/\/www.youtube.com\/channel\/UCliiYs-gP3JfJeqdPrNdd5A"]},{"@type":"Person","@id":"https:\/\/canal7slp.tv\/2025\/#\/schema\/person\/271e2b60a96e7cc9d9ac296f4d7e414b","name":"Edici\u00f3n Web","image":{"@type":"ImageObject","inLanguage":"es","@id":"https:\/\/secure.gravatar.com\/avatar\/eee448fc3f7164808013b816ba91ac7e43bbe82a70bebac296f8bc6f0addaa1a?s=96&d=mm&r=g","url":"https:\/\/secure.gravatar.com\/avatar\/eee448fc3f7164808013b816ba91ac7e43bbe82a70bebac296f8bc6f0addaa1a?s=96&d=mm&r=g","contentUrl":"https:\/\/secure.gravatar.com\/avatar\/eee448fc3f7164808013b816ba91ac7e43bbe82a70bebac296f8bc6f0addaa1a?s=96&d=mm&r=g","caption":"Edici\u00f3n Web"},"url":"https:\/\/canal7slp.tv\/2025\/author\/edicionweb\/"}]}},"_links":{"self":[{"href":"https:\/\/canal7slp.tv\/2025\/wp-json\/wp\/v2\/posts\/182619","targetHints":{"allow":["GET"]}}],"collection":[{"href":"https:\/\/canal7slp.tv\/2025\/wp-json\/wp\/v2\/posts"}],"about":[{"href":"https:\/\/canal7slp.tv\/2025\/wp-json\/wp\/v2\/types\/post"}],"author":[{"embeddable":true,"href":"https:\/\/canal7slp.tv\/2025\/wp-json\/wp\/v2\/users\/2"}],"replies":[{"embeddable":true,"href":"https:\/\/canal7slp.tv\/2025\/wp-json\/wp\/v2\/comments?post=182619"}],"version-history":[{"count":1,"href":"https:\/\/canal7slp.tv\/2025\/wp-json\/wp\/v2\/posts\/182619\/revisions"}],"predecessor-version":[{"id":182621,"href":"https:\/\/canal7slp.tv\/2025\/wp-json\/wp\/v2\/posts\/182619\/revisions\/182621"}],"wp:featuredmedia":[{"embeddable":true,"href":"https:\/\/canal7slp.tv\/2025\/wp-json\/wp\/v2\/media\/182620"}],"wp:attachment":[{"href":"https:\/\/canal7slp.tv\/2025\/wp-json\/wp\/v2\/media?parent=182619"}],"wp:term":[{"taxonomy":"category","embeddable":true,"href":"https:\/\/canal7slp.tv\/2025\/wp-json\/wp\/v2\/categories?post=182619"},{"taxonomy":"post_tag","embeddable":true,"href":"https:\/\/canal7slp.tv\/2025\/wp-json\/wp\/v2\/tags?post=182619"}],"curies":[{"name":"wp","href":"https:\/\/api.w.org\/{rel}","templated":true}]}}