{"id":182613,"date":"2025-10-20T16:02:57","date_gmt":"2025-10-20T22:02:57","guid":{"rendered":"https:\/\/canal7slp.tv\/2025\/?p=182613"},"modified":"2025-10-20T16:02:57","modified_gmt":"2025-10-20T22:02:57","slug":"cae-la-jefa-lideresa-de-celula-criminal-vinculada-al-cartel-de-tlahuac","status":"publish","type":"post","link":"https:\/\/canal7slp.tv\/2025\/cae-la-jefa-lideresa-de-celula-criminal-vinculada-al-cartel-de-tlahuac\/","title":{"rendered":"Cae \u201cLa Jefa\u201d, lideresa de c\u00e9lula criminal vinculada al C\u00e1rtel de Tl\u00e1huac"},"content":{"rendered":"<p style=\"text-align: justify;\">Ciudad de M\u00e9xico.- La Secretar\u00eda de Seguridad Ciudadana (SSC) de la Ciudad de M\u00e9xico inform\u00f3 sobre la detenci\u00f3n de Ver\u00f3nica \u201cN\u201d, alias \u201cLa Jefa\u201d, se\u00f1alada como l\u00edder de una c\u00e9lula delictiva activa en las alcald\u00edas Tl\u00e1huac e Iztapalapa, as\u00ed como en municipios del Estado de M\u00e9xico.<\/p>\n<p style=\"text-align: justify;\">De acuerdo con las autoridades, la organizaci\u00f3n encabezada por \u201cLa Jefa\u201d se dedicaba a la extorsi\u00f3n, al narcomenudeo y a pr\u00e1cticas de pr\u00e9stamos \u201cgota a gota\u201d, adem\u00e1s de estar implicada en el despojo de propiedades.<\/p>\n<p style=\"text-align: justify;\">Ver\u00f3nica \u201cN\u201d es pareja de Luis Felipe P\u00e9rez Flores, conocido como \u201cFelipillo\u201d, hijo de \u201cEl Ojos\u201d, exl\u00edder del C\u00e1rtel de Tl\u00e1huac, actualmente recluido en prisi\u00f3n.<\/p>\n<p style=\"text-align: justify;\">Durante el operativo tambi\u00e9n fueron detenidos Maricela \u201cN\u201d, Axel \u201cN\u201d y Juan \u201cN\u201d, de 42 a\u00f1os, quien cuenta con antecedentes por robo agravado. La acci\u00f3n fue realizada de manera conjunta con la Fiscal\u00eda General de Justicia (FGJ), la Secretar\u00eda de la Defensa Nacional y la Guardia Nacional.<\/p>\n<p style=\"text-align: justify;\">Como parte del despliegue, se ejecutaron dos \u00f3rdenes de cateo en inmuebles ubicados en la calle Traviata y en la avenida Porvenir, ambos en Tl\u00e1huac. En los lugares se aseguraron m\u00e1s de mil dosis de aparente coca\u00edna, metanfetamina y marihuana, as\u00ed como un tel\u00e9fono celular.<\/p>\n<p style=\"text-align: justify;\">Los detenidos fueron informados de sus derechos y puestos a disposici\u00f3n del Ministerio P\u00fablico, mientras los inmuebles quedaron sellados y bajo resguardo policial.<\/p>\n","protected":false},"excerpt":{"rendered":"<p>Ciudad de M\u00e9xico.- La Secretar\u00eda de Seguridad Ciudadana (SSC) de la Ciudad de M\u00e9xico inform\u00f3 sobre la detenci\u00f3n de Ver\u00f3nica \u201cN\u201d, alias \u201cLa Jefa\u201d, se\u00f1alada como l\u00edder de una c\u00e9lula delictiva activa en las alcald\u00edas Tl\u00e1huac e Iztapalapa, as\u00ed como en municipios del Estado de M\u00e9xico. De acuerdo con las autoridades, la organizaci\u00f3n encabezada por \u201cLa Jefa\u201d se dedicaba a la extorsi\u00f3n, al narcomenudeo y a pr\u00e1cticas de pr\u00e9stamos \u201cgota a gota\u201d, adem\u00e1s de estar implicada en el despojo de propiedades. Ver\u00f3nica \u201cN\u201d es pareja de Luis Felipe P\u00e9rez Flores, conocido como \u201cFelipillo\u201d, hijo de \u201cEl Ojos\u201d, exl\u00edder del C\u00e1rtel [&hellip;]<\/p>\n","protected":false},"author":2,"featured_media":182614,"comment_status":"closed","ping_status":"closed","sticky":false,"template":"","format":"standard","meta":{"_monsterinsights_skip_tracking":false,"_monsterinsights_sitenote_active":false,"_monsterinsights_sitenote_note":"","_monsterinsights_sitenote_category":0,"footnotes":""},"categories":[46],"tags":[],"class_list":["post-182613","post","type-post","status-publish","format-standard","has-post-thumbnail","hentry","category-nacional","post--single"],"yoast_head":"<!-- This site is optimized with the Yoast SEO plugin v27.4 - https:\/\/yoast.com\/product\/yoast-seo-wordpress\/ -->\n<title>Cae \u201cLa Jefa\u201d, lideresa de c\u00e9lula criminal vinculada al C\u00e1rtel de Tl\u00e1huac - Canal 7 SLP - 2025<\/title>\n<meta name=\"robots\" content=\"index, follow, max-snippet:-1, max-image-preview:large, max-video-preview:-1\" \/>\n<link rel=\"canonical\" href=\"https:\/\/canal7slp.tv\/2025\/cae-la-jefa-lideresa-de-celula-criminal-vinculada-al-cartel-de-tlahuac\/\" \/>\n<meta property=\"og:locale\" content=\"es_ES\" \/>\n<meta property=\"og:type\" content=\"article\" \/>\n<meta property=\"og:title\" content=\"Cae \u201cLa Jefa\u201d, lideresa de c\u00e9lula criminal vinculada al C\u00e1rtel de Tl\u00e1huac - Canal 7 SLP - 2025\" \/>\n<meta property=\"og:description\" content=\"Ciudad de M\u00e9xico.- La Secretar\u00eda de Seguridad Ciudadana (SSC) de la Ciudad de M\u00e9xico inform\u00f3 sobre la detenci\u00f3n de Ver\u00f3nica \u201cN\u201d, alias \u201cLa Jefa\u201d, se\u00f1alada como l\u00edder de una c\u00e9lula delictiva activa en las alcald\u00edas Tl\u00e1huac e Iztapalapa, as\u00ed como en municipios del Estado de M\u00e9xico. De acuerdo con las autoridades, la organizaci\u00f3n encabezada por \u201cLa Jefa\u201d se dedicaba a la extorsi\u00f3n, al narcomenudeo y a pr\u00e1cticas de pr\u00e9stamos \u201cgota a gota\u201d, adem\u00e1s de estar implicada en el despojo de propiedades. Ver\u00f3nica \u201cN\u201d es pareja de Luis Felipe P\u00e9rez Flores, conocido como \u201cFelipillo\u201d, hijo de \u201cEl Ojos\u201d, exl\u00edder del C\u00e1rtel [&hellip;]\" \/>\n<meta property=\"og:url\" content=\"https:\/\/canal7slp.tv\/2025\/cae-la-jefa-lideresa-de-celula-criminal-vinculada-al-cartel-de-tlahuac\/\" \/>\n<meta property=\"og:site_name\" content=\"Canal 7 SLP - 2025\" \/>\n<meta property=\"article:publisher\" content=\"https:\/\/www.facebook.com\/noticieroscanal7atencionciudadana\/\" \/>\n<meta property=\"article:published_time\" content=\"2025-10-20T22:02:57+00:00\" \/>\n<meta property=\"og:image\" content=\"https:\/\/canal7slp.tv\/2025\/wp-content\/uploads\/2025\/10\/07-18.jpg\" \/>\n\t<meta property=\"og:image:width\" content=\"888\" \/>\n\t<meta property=\"og:image:height\" content=\"500\" \/>\n\t<meta property=\"og:image:type\" content=\"image\/jpeg\" \/>\n<meta name=\"author\" content=\"Edici\u00f3n Web\" \/>\n<meta name=\"twitter:card\" content=\"summary_large_image\" \/>\n<meta name=\"twitter:creator\" content=\"@NOTICIEROS7\" \/>\n<meta name=\"twitter:site\" content=\"@NOTICIEROS7\" \/>\n<meta name=\"twitter:label1\" content=\"Escrito por\" \/>\n\t<meta name=\"twitter:data1\" content=\"Edici\u00f3n Web\" \/>\n\t<meta name=\"twitter:label2\" content=\"Tiempo de lectura\" \/>\n\t<meta name=\"twitter:data2\" content=\"2 minutos\" \/>\n<script type=\"application\/ld+json\" class=\"yoast-schema-graph\">{\"@context\":\"https:\\\/\\\/schema.org\",\"@graph\":[{\"@type\":\"Article\",\"@id\":\"https:\\\/\\\/canal7slp.tv\\\/2025\\\/cae-la-jefa-lideresa-de-celula-criminal-vinculada-al-cartel-de-tlahuac\\\/#article\",\"isPartOf\":{\"@id\":\"https:\\\/\\\/canal7slp.tv\\\/2025\\\/cae-la-jefa-lideresa-de-celula-criminal-vinculada-al-cartel-de-tlahuac\\\/\"},\"author\":{\"name\":\"Edici\u00f3n Web\",\"@id\":\"https:\\\/\\\/canal7slp.tv\\\/2025\\\/#\\\/schema\\\/person\\\/271e2b60a96e7cc9d9ac296f4d7e414b\"},\"headline\":\"Cae \u201cLa Jefa\u201d, lideresa de c\u00e9lula criminal vinculada al C\u00e1rtel de Tl\u00e1huac\",\"datePublished\":\"2025-10-20T22:02:57+00:00\",\"mainEntityOfPage\":{\"@id\":\"https:\\\/\\\/canal7slp.tv\\\/2025\\\/cae-la-jefa-lideresa-de-celula-criminal-vinculada-al-cartel-de-tlahuac\\\/\"},\"wordCount\":269,\"publisher\":{\"@id\":\"https:\\\/\\\/canal7slp.tv\\\/2025\\\/#organization\"},\"image\":{\"@id\":\"https:\\\/\\\/canal7slp.tv\\\/2025\\\/cae-la-jefa-lideresa-de-celula-criminal-vinculada-al-cartel-de-tlahuac\\\/#primaryimage\"},\"thumbnailUrl\":\"https:\\\/\\\/canal7slp.tv\\\/2025\\\/wp-content\\\/uploads\\\/2025\\\/10\\\/07-18.jpg\",\"articleSection\":[\"NACIONALES\"],\"inLanguage\":\"es\"},{\"@type\":\"WebPage\",\"@id\":\"https:\\\/\\\/canal7slp.tv\\\/2025\\\/cae-la-jefa-lideresa-de-celula-criminal-vinculada-al-cartel-de-tlahuac\\\/\",\"url\":\"https:\\\/\\\/canal7slp.tv\\\/2025\\\/cae-la-jefa-lideresa-de-celula-criminal-vinculada-al-cartel-de-tlahuac\\\/\",\"name\":\"Cae \u201cLa Jefa\u201d, lideresa de c\u00e9lula criminal vinculada al C\u00e1rtel de Tl\u00e1huac - Canal 7 SLP - 2025\",\"isPartOf\":{\"@id\":\"https:\\\/\\\/canal7slp.tv\\\/2025\\\/#website\"},\"primaryImageOfPage\":{\"@id\":\"https:\\\/\\\/canal7slp.tv\\\/2025\\\/cae-la-jefa-lideresa-de-celula-criminal-vinculada-al-cartel-de-tlahuac\\\/#primaryimage\"},\"image\":{\"@id\":\"https:\\\/\\\/canal7slp.tv\\\/2025\\\/cae-la-jefa-lideresa-de-celula-criminal-vinculada-al-cartel-de-tlahuac\\\/#primaryimage\"},\"thumbnailUrl\":\"https:\\\/\\\/canal7slp.tv\\\/2025\\\/wp-content\\\/uploads\\\/2025\\\/10\\\/07-18.jpg\",\"datePublished\":\"2025-10-20T22:02:57+00:00\",\"breadcrumb\":{\"@id\":\"https:\\\/\\\/canal7slp.tv\\\/2025\\\/cae-la-jefa-lideresa-de-celula-criminal-vinculada-al-cartel-de-tlahuac\\\/#breadcrumb\"},\"inLanguage\":\"es\",\"potentialAction\":[{\"@type\":\"ReadAction\",\"target\":[\"https:\\\/\\\/canal7slp.tv\\\/2025\\\/cae-la-jefa-lideresa-de-celula-criminal-vinculada-al-cartel-de-tlahuac\\\/\"]}]},{\"@type\":\"ImageObject\",\"inLanguage\":\"es\",\"@id\":\"https:\\\/\\\/canal7slp.tv\\\/2025\\\/cae-la-jefa-lideresa-de-celula-criminal-vinculada-al-cartel-de-tlahuac\\\/#primaryimage\",\"url\":\"https:\\\/\\\/canal7slp.tv\\\/2025\\\/wp-content\\\/uploads\\\/2025\\\/10\\\/07-18.jpg\",\"contentUrl\":\"https:\\\/\\\/canal7slp.tv\\\/2025\\\/wp-content\\\/uploads\\\/2025\\\/10\\\/07-18.jpg\",\"width\":888,\"height\":500},{\"@type\":\"BreadcrumbList\",\"@id\":\"https:\\\/\\\/canal7slp.tv\\\/2025\\\/cae-la-jefa-lideresa-de-celula-criminal-vinculada-al-cartel-de-tlahuac\\\/#breadcrumb\",\"itemListElement\":[{\"@type\":\"ListItem\",\"position\":1,\"name\":\"Portada\",\"item\":\"https:\\\/\\\/canal7slp.tv\\\/2025\\\/\"},{\"@type\":\"ListItem\",\"position\":2,\"name\":\"Cae \u201cLa Jefa\u201d, lideresa de c\u00e9lula criminal vinculada al C\u00e1rtel de Tl\u00e1huac\"}]},{\"@type\":\"WebSite\",\"@id\":\"https:\\\/\\\/canal7slp.tv\\\/2025\\\/#website\",\"url\":\"https:\\\/\\\/canal7slp.tv\\\/2025\\\/\",\"name\":\"N7 - Noticieros Canal 7\",\"description\":\"Somos el Medio\",\"publisher\":{\"@id\":\"https:\\\/\\\/canal7slp.tv\\\/2025\\\/#organization\"},\"potentialAction\":[{\"@type\":\"SearchAction\",\"target\":{\"@type\":\"EntryPoint\",\"urlTemplate\":\"https:\\\/\\\/canal7slp.tv\\\/2025\\\/?s={search_term_string}\"},\"query-input\":{\"@type\":\"PropertyValueSpecification\",\"valueRequired\":true,\"valueName\":\"search_term_string\"}}],\"inLanguage\":\"es\"},{\"@type\":\"Organization\",\"@id\":\"https:\\\/\\\/canal7slp.tv\\\/2025\\\/#organization\",\"name\":\"Noticieros Canal 7\",\"url\":\"https:\\\/\\\/canal7slp.tv\\\/2025\\\/\",\"logo\":{\"@type\":\"ImageObject\",\"inLanguage\":\"es\",\"@id\":\"https:\\\/\\\/canal7slp.tv\\\/2025\\\/#\\\/schema\\\/logo\\\/image\\\/\",\"url\":\"https:\\\/\\\/canal7slp.tv\\\/2025\\\/wp-content\\\/uploads\\\/2021\\\/01\\\/logo-noticieros@2x.png\",\"contentUrl\":\"https:\\\/\\\/canal7slp.tv\\\/2025\\\/wp-content\\\/uploads\\\/2021\\\/01\\\/logo-noticieros@2x.png\",\"width\":1017,\"height\":268,\"caption\":\"Noticieros Canal 7\"},\"image\":{\"@id\":\"https:\\\/\\\/canal7slp.tv\\\/2025\\\/#\\\/schema\\\/logo\\\/image\\\/\"},\"sameAs\":[\"https:\\\/\\\/www.facebook.com\\\/noticieroscanal7atencionciudadana\\\/\",\"https:\\\/\\\/x.com\\\/NOTICIEROS7\",\"https:\\\/\\\/www.instagram.com\\\/canal7_slp\",\"https:\\\/\\\/www.youtube.com\\\/channel\\\/UCliiYs-gP3JfJeqdPrNdd5A\"]},{\"@type\":\"Person\",\"@id\":\"https:\\\/\\\/canal7slp.tv\\\/2025\\\/#\\\/schema\\\/person\\\/271e2b60a96e7cc9d9ac296f4d7e414b\",\"name\":\"Edici\u00f3n Web\",\"image\":{\"@type\":\"ImageObject\",\"inLanguage\":\"es\",\"@id\":\"https:\\\/\\\/secure.gravatar.com\\\/avatar\\\/eee448fc3f7164808013b816ba91ac7e43bbe82a70bebac296f8bc6f0addaa1a?s=96&d=mm&r=g\",\"url\":\"https:\\\/\\\/secure.gravatar.com\\\/avatar\\\/eee448fc3f7164808013b816ba91ac7e43bbe82a70bebac296f8bc6f0addaa1a?s=96&d=mm&r=g\",\"contentUrl\":\"https:\\\/\\\/secure.gravatar.com\\\/avatar\\\/eee448fc3f7164808013b816ba91ac7e43bbe82a70bebac296f8bc6f0addaa1a?s=96&d=mm&r=g\",\"caption\":\"Edici\u00f3n Web\"},\"url\":\"https:\\\/\\\/canal7slp.tv\\\/2025\\\/author\\\/edicionweb\\\/\"}]}<\/script>\n<!-- \/ Yoast SEO plugin. -->","yoast_head_json":{"title":"Cae \u201cLa Jefa\u201d, lideresa de c\u00e9lula criminal vinculada al C\u00e1rtel de Tl\u00e1huac - Canal 7 SLP - 2025","robots":{"index":"index","follow":"follow","max-snippet":"max-snippet:-1","max-image-preview":"max-image-preview:large","max-video-preview":"max-video-preview:-1"},"canonical":"https:\/\/canal7slp.tv\/2025\/cae-la-jefa-lideresa-de-celula-criminal-vinculada-al-cartel-de-tlahuac\/","og_locale":"es_ES","og_type":"article","og_title":"Cae \u201cLa Jefa\u201d, lideresa de c\u00e9lula criminal vinculada al C\u00e1rtel de Tl\u00e1huac - Canal 7 SLP - 2025","og_description":"Ciudad de M\u00e9xico.- La Secretar\u00eda de Seguridad Ciudadana (SSC) de la Ciudad de M\u00e9xico inform\u00f3 sobre la detenci\u00f3n de Ver\u00f3nica \u201cN\u201d, alias \u201cLa Jefa\u201d, se\u00f1alada como l\u00edder de una c\u00e9lula delictiva activa en las alcald\u00edas Tl\u00e1huac e Iztapalapa, as\u00ed como en municipios del Estado de M\u00e9xico. De acuerdo con las autoridades, la organizaci\u00f3n encabezada por \u201cLa Jefa\u201d se dedicaba a la extorsi\u00f3n, al narcomenudeo y a pr\u00e1cticas de pr\u00e9stamos \u201cgota a gota\u201d, adem\u00e1s de estar implicada en el despojo de propiedades. Ver\u00f3nica \u201cN\u201d es pareja de Luis Felipe P\u00e9rez Flores, conocido como \u201cFelipillo\u201d, hijo de \u201cEl Ojos\u201d, exl\u00edder del C\u00e1rtel [&hellip;]","og_url":"https:\/\/canal7slp.tv\/2025\/cae-la-jefa-lideresa-de-celula-criminal-vinculada-al-cartel-de-tlahuac\/","og_site_name":"Canal 7 SLP - 2025","article_publisher":"https:\/\/www.facebook.com\/noticieroscanal7atencionciudadana\/","article_published_time":"2025-10-20T22:02:57+00:00","og_image":[{"width":888,"height":500,"url":"https:\/\/canal7slp.tv\/2025\/wp-content\/uploads\/2025\/10\/07-18.jpg","type":"image\/jpeg"}],"author":"Edici\u00f3n Web","twitter_card":"summary_large_image","twitter_creator":"@NOTICIEROS7","twitter_site":"@NOTICIEROS7","twitter_misc":{"Escrito por":"Edici\u00f3n Web","Tiempo de lectura":"2 minutos"},"schema":{"@context":"https:\/\/schema.org","@graph":[{"@type":"Article","@id":"https:\/\/canal7slp.tv\/2025\/cae-la-jefa-lideresa-de-celula-criminal-vinculada-al-cartel-de-tlahuac\/#article","isPartOf":{"@id":"https:\/\/canal7slp.tv\/2025\/cae-la-jefa-lideresa-de-celula-criminal-vinculada-al-cartel-de-tlahuac\/"},"author":{"name":"Edici\u00f3n Web","@id":"https:\/\/canal7slp.tv\/2025\/#\/schema\/person\/271e2b60a96e7cc9d9ac296f4d7e414b"},"headline":"Cae \u201cLa Jefa\u201d, lideresa de c\u00e9lula criminal vinculada al C\u00e1rtel de Tl\u00e1huac","datePublished":"2025-10-20T22:02:57+00:00","mainEntityOfPage":{"@id":"https:\/\/canal7slp.tv\/2025\/cae-la-jefa-lideresa-de-celula-criminal-vinculada-al-cartel-de-tlahuac\/"},"wordCount":269,"publisher":{"@id":"https:\/\/canal7slp.tv\/2025\/#organization"},"image":{"@id":"https:\/\/canal7slp.tv\/2025\/cae-la-jefa-lideresa-de-celula-criminal-vinculada-al-cartel-de-tlahuac\/#primaryimage"},"thumbnailUrl":"https:\/\/canal7slp.tv\/2025\/wp-content\/uploads\/2025\/10\/07-18.jpg","articleSection":["NACIONALES"],"inLanguage":"es"},{"@type":"WebPage","@id":"https:\/\/canal7slp.tv\/2025\/cae-la-jefa-lideresa-de-celula-criminal-vinculada-al-cartel-de-tlahuac\/","url":"https:\/\/canal7slp.tv\/2025\/cae-la-jefa-lideresa-de-celula-criminal-vinculada-al-cartel-de-tlahuac\/","name":"Cae \u201cLa Jefa\u201d, lideresa de c\u00e9lula criminal vinculada al C\u00e1rtel de Tl\u00e1huac - Canal 7 SLP - 2025","isPartOf":{"@id":"https:\/\/canal7slp.tv\/2025\/#website"},"primaryImageOfPage":{"@id":"https:\/\/canal7slp.tv\/2025\/cae-la-jefa-lideresa-de-celula-criminal-vinculada-al-cartel-de-tlahuac\/#primaryimage"},"image":{"@id":"https:\/\/canal7slp.tv\/2025\/cae-la-jefa-lideresa-de-celula-criminal-vinculada-al-cartel-de-tlahuac\/#primaryimage"},"thumbnailUrl":"https:\/\/canal7slp.tv\/2025\/wp-content\/uploads\/2025\/10\/07-18.jpg","datePublished":"2025-10-20T22:02:57+00:00","breadcrumb":{"@id":"https:\/\/canal7slp.tv\/2025\/cae-la-jefa-lideresa-de-celula-criminal-vinculada-al-cartel-de-tlahuac\/#breadcrumb"},"inLanguage":"es","potentialAction":[{"@type":"ReadAction","target":["https:\/\/canal7slp.tv\/2025\/cae-la-jefa-lideresa-de-celula-criminal-vinculada-al-cartel-de-tlahuac\/"]}]},{"@type":"ImageObject","inLanguage":"es","@id":"https:\/\/canal7slp.tv\/2025\/cae-la-jefa-lideresa-de-celula-criminal-vinculada-al-cartel-de-tlahuac\/#primaryimage","url":"https:\/\/canal7slp.tv\/2025\/wp-content\/uploads\/2025\/10\/07-18.jpg","contentUrl":"https:\/\/canal7slp.tv\/2025\/wp-content\/uploads\/2025\/10\/07-18.jpg","width":888,"height":500},{"@type":"BreadcrumbList","@id":"https:\/\/canal7slp.tv\/2025\/cae-la-jefa-lideresa-de-celula-criminal-vinculada-al-cartel-de-tlahuac\/#breadcrumb","itemListElement":[{"@type":"ListItem","position":1,"name":"Portada","item":"https:\/\/canal7slp.tv\/2025\/"},{"@type":"ListItem","position":2,"name":"Cae \u201cLa Jefa\u201d, lideresa de c\u00e9lula criminal vinculada al C\u00e1rtel de Tl\u00e1huac"}]},{"@type":"WebSite","@id":"https:\/\/canal7slp.tv\/2025\/#website","url":"https:\/\/canal7slp.tv\/2025\/","name":"N7 - Noticieros Canal 7","description":"Somos el Medio","publisher":{"@id":"https:\/\/canal7slp.tv\/2025\/#organization"},"potentialAction":[{"@type":"SearchAction","target":{"@type":"EntryPoint","urlTemplate":"https:\/\/canal7slp.tv\/2025\/?s={search_term_string}"},"query-input":{"@type":"PropertyValueSpecification","valueRequired":true,"valueName":"search_term_string"}}],"inLanguage":"es"},{"@type":"Organization","@id":"https:\/\/canal7slp.tv\/2025\/#organization","name":"Noticieros Canal 7","url":"https:\/\/canal7slp.tv\/2025\/","logo":{"@type":"ImageObject","inLanguage":"es","@id":"https:\/\/canal7slp.tv\/2025\/#\/schema\/logo\/image\/","url":"https:\/\/canal7slp.tv\/2025\/wp-content\/uploads\/2021\/01\/logo-noticieros@2x.png","contentUrl":"https:\/\/canal7slp.tv\/2025\/wp-content\/uploads\/2021\/01\/logo-noticieros@2x.png","width":1017,"height":268,"caption":"Noticieros Canal 7"},"image":{"@id":"https:\/\/canal7slp.tv\/2025\/#\/schema\/logo\/image\/"},"sameAs":["https:\/\/www.facebook.com\/noticieroscanal7atencionciudadana\/","https:\/\/x.com\/NOTICIEROS7","https:\/\/www.instagram.com\/canal7_slp","https:\/\/www.youtube.com\/channel\/UCliiYs-gP3JfJeqdPrNdd5A"]},{"@type":"Person","@id":"https:\/\/canal7slp.tv\/2025\/#\/schema\/person\/271e2b60a96e7cc9d9ac296f4d7e414b","name":"Edici\u00f3n Web","image":{"@type":"ImageObject","inLanguage":"es","@id":"https:\/\/secure.gravatar.com\/avatar\/eee448fc3f7164808013b816ba91ac7e43bbe82a70bebac296f8bc6f0addaa1a?s=96&d=mm&r=g","url":"https:\/\/secure.gravatar.com\/avatar\/eee448fc3f7164808013b816ba91ac7e43bbe82a70bebac296f8bc6f0addaa1a?s=96&d=mm&r=g","contentUrl":"https:\/\/secure.gravatar.com\/avatar\/eee448fc3f7164808013b816ba91ac7e43bbe82a70bebac296f8bc6f0addaa1a?s=96&d=mm&r=g","caption":"Edici\u00f3n Web"},"url":"https:\/\/canal7slp.tv\/2025\/author\/edicionweb\/"}]}},"_links":{"self":[{"href":"https:\/\/canal7slp.tv\/2025\/wp-json\/wp\/v2\/posts\/182613","targetHints":{"allow":["GET"]}}],"collection":[{"href":"https:\/\/canal7slp.tv\/2025\/wp-json\/wp\/v2\/posts"}],"about":[{"href":"https:\/\/canal7slp.tv\/2025\/wp-json\/wp\/v2\/types\/post"}],"author":[{"embeddable":true,"href":"https:\/\/canal7slp.tv\/2025\/wp-json\/wp\/v2\/users\/2"}],"replies":[{"embeddable":true,"href":"https:\/\/canal7slp.tv\/2025\/wp-json\/wp\/v2\/comments?post=182613"}],"version-history":[{"count":1,"href":"https:\/\/canal7slp.tv\/2025\/wp-json\/wp\/v2\/posts\/182613\/revisions"}],"predecessor-version":[{"id":182615,"href":"https:\/\/canal7slp.tv\/2025\/wp-json\/wp\/v2\/posts\/182613\/revisions\/182615"}],"wp:featuredmedia":[{"embeddable":true,"href":"https:\/\/canal7slp.tv\/2025\/wp-json\/wp\/v2\/media\/182614"}],"wp:attachment":[{"href":"https:\/\/canal7slp.tv\/2025\/wp-json\/wp\/v2\/media?parent=182613"}],"wp:term":[{"taxonomy":"category","embeddable":true,"href":"https:\/\/canal7slp.tv\/2025\/wp-json\/wp\/v2\/categories?post=182613"},{"taxonomy":"post_tag","embeddable":true,"href":"https:\/\/canal7slp.tv\/2025\/wp-json\/wp\/v2\/tags?post=182613"}],"curies":[{"name":"wp","href":"https:\/\/api.w.org\/{rel}","templated":true}]}}