{"id":182600,"date":"2025-10-20T15:26:26","date_gmt":"2025-10-20T21:26:26","guid":{"rendered":"https:\/\/canal7slp.tv\/2025\/?p=182600"},"modified":"2025-10-20T15:26:26","modified_gmt":"2025-10-20T21:26:26","slug":"dieron-a-conocer-a-los-elegidos-para-el-premio-estatal-del-deporte-2025","status":"publish","type":"post","link":"https:\/\/canal7slp.tv\/2025\/dieron-a-conocer-a-los-elegidos-para-el-premio-estatal-del-deporte-2025\/","title":{"rendered":"Dieron a conocer a los elegidos para el Premio Estatal del Deporte 2025"},"content":{"rendered":"<p style=\"text-align: justify;\">SLP.- Se dieron a conocer los ganadores del premio estatal del deporte 2025, siendo Valentina Lomas D\u00edaz, Jes\u00fas Eduardo Ponce Bueno, Miriam L\u00f3pez Blanco y Jos\u00e9 Salvador L\u00f3pez Rocha, los merecedores al m\u00e1ximo galard\u00f3n que otorga el Gobierno del Estado a las y los atletas, entrenadores y promotores en la entidad, de acuerdo con sus logros.<\/p>\n<p style=\"text-align: justify;\">En esta edici\u00f3n participaron m\u00e1s de 40 propuestas de las diferentes categor\u00edas, las cuales fueron revisadas por el jurado calificador integrado por ex ganadores Premio Estatal del Deporte, representantes de asociaciones deportivas en el estado y medios de comunicaci\u00f3n, quienes evaluaron las propuestas de acuerdo a los logros obtenidos, definiendo as\u00ed a quienes resultaron ganadores, dando fe y legalidad de la elecci\u00f3n Notaria Publica la numero 22.<\/p>\n<p style=\"text-align: justify;\">Valentina Lomas D\u00edaz de la disciplina de patinaje art\u00edstico sobre ruedas, fue electa como Mejor Deportista Convencional, entre sus logros tiene la medalla de plata en el Campeonato Panamericano Argentina 2025, en la categor\u00eda Senior World Class; En tanto que en deporte adaptado el ganador result\u00f3 el seleccionado nacional\u00a0 Jes\u00fas Eduardo Ponce Bueno, ganador de medalla de plata y de bronce en el Campeonato Mundial de Para Powelifting celebrado en El Cairo, Egipto.<\/p>\n<p style=\"text-align: justify;\">En la categor\u00eda de mejor entrenador o entrenadora fue Miriam L\u00f3pez Blanco de para nataci\u00f3n la elegida por los logros obtenidos en la pasada Paralimpiada 2025, en donde San Luis Potos\u00ed tuvo una participaci\u00f3n excepcional; En la categor\u00eda de Fomento, Protecci\u00f3n o Impulso a la Pr\u00e1ctica de los Deportes el ganador fue Jos\u00e9 Salvador L\u00f3pez Rocha, fundador de la primera escuela de nataci\u00f3n para personas con discapacidad en San Luis Potos\u00ed, entrenador de m\u00faltiples medallistas de eventos como la Paralimpiada Nacional.<\/p>\n","protected":false},"excerpt":{"rendered":"<p>SLP.- Se dieron a conocer los ganadores del premio estatal del deporte 2025, siendo Valentina Lomas D\u00edaz, Jes\u00fas Eduardo Ponce Bueno, Miriam L\u00f3pez Blanco y Jos\u00e9 Salvador L\u00f3pez Rocha, los merecedores al m\u00e1ximo galard\u00f3n que otorga el Gobierno del Estado a las y los atletas, entrenadores y promotores en la entidad, de acuerdo con sus logros. En esta edici\u00f3n participaron m\u00e1s de 40 propuestas de las diferentes categor\u00edas, las cuales fueron revisadas por el jurado calificador integrado por ex ganadores Premio Estatal del Deporte, representantes de asociaciones deportivas en el estado y medios de comunicaci\u00f3n, quienes evaluaron las propuestas de [&hellip;]<\/p>\n","protected":false},"author":2,"featured_media":182602,"comment_status":"closed","ping_status":"closed","sticky":false,"template":"","format":"video","meta":{"_monsterinsights_skip_tracking":false,"_monsterinsights_sitenote_active":false,"_monsterinsights_sitenote_note":"","_monsterinsights_sitenote_category":0,"footnotes":""},"categories":[7,5],"tags":[],"class_list":["post-182600","post","type-post","status-publish","format-video","has-post-thumbnail","hentry","category-deportes","category-destacadas","post_format-post-format-video","post--single"],"yoast_head":"<!-- This site is optimized with the Yoast SEO plugin v27.4 - https:\/\/yoast.com\/product\/yoast-seo-wordpress\/ -->\n<title>Dieron a conocer a los elegidos para el Premio Estatal del Deporte 2025 - Canal 7 SLP - 2025<\/title>\n<meta name=\"robots\" content=\"index, follow, max-snippet:-1, max-image-preview:large, max-video-preview:-1\" \/>\n<link rel=\"canonical\" href=\"https:\/\/canal7slp.tv\/2025\/dieron-a-conocer-a-los-elegidos-para-el-premio-estatal-del-deporte-2025\/\" \/>\n<meta property=\"og:locale\" content=\"es_ES\" \/>\n<meta property=\"og:type\" content=\"article\" \/>\n<meta property=\"og:title\" content=\"Dieron a conocer a los elegidos para el Premio Estatal del Deporte 2025 - Canal 7 SLP - 2025\" \/>\n<meta property=\"og:description\" content=\"SLP.- Se dieron a conocer los ganadores del premio estatal del deporte 2025, siendo Valentina Lomas D\u00edaz, Jes\u00fas Eduardo Ponce Bueno, Miriam L\u00f3pez Blanco y Jos\u00e9 Salvador L\u00f3pez Rocha, los merecedores al m\u00e1ximo galard\u00f3n que otorga el Gobierno del Estado a las y los atletas, entrenadores y promotores en la entidad, de acuerdo con sus logros. En esta edici\u00f3n participaron m\u00e1s de 40 propuestas de las diferentes categor\u00edas, las cuales fueron revisadas por el jurado calificador integrado por ex ganadores Premio Estatal del Deporte, representantes de asociaciones deportivas en el estado y medios de comunicaci\u00f3n, quienes evaluaron las propuestas de [&hellip;]\" \/>\n<meta property=\"og:url\" content=\"https:\/\/canal7slp.tv\/2025\/dieron-a-conocer-a-los-elegidos-para-el-premio-estatal-del-deporte-2025\/\" \/>\n<meta property=\"og:site_name\" content=\"Canal 7 SLP - 2025\" \/>\n<meta property=\"article:publisher\" content=\"https:\/\/www.facebook.com\/noticieroscanal7atencionciudadana\/\" \/>\n<meta property=\"article:published_time\" content=\"2025-10-20T21:26:26+00:00\" \/>\n<meta property=\"og:image\" content=\"https:\/\/canal7slp.tv\/2025\/wp-content\/uploads\/2025\/10\/Froi03Premio.jpg\" \/>\n\t<meta property=\"og:image:width\" content=\"1280\" \/>\n\t<meta property=\"og:image:height\" content=\"720\" \/>\n\t<meta property=\"og:image:type\" content=\"image\/jpeg\" \/>\n<meta name=\"author\" content=\"Edici\u00f3n Web\" \/>\n<meta name=\"twitter:card\" content=\"summary_large_image\" \/>\n<meta name=\"twitter:creator\" content=\"@NOTICIEROS7\" \/>\n<meta name=\"twitter:site\" content=\"@NOTICIEROS7\" \/>\n<meta name=\"twitter:label1\" content=\"Escrito por\" \/>\n\t<meta name=\"twitter:data1\" content=\"Edici\u00f3n Web\" \/>\n\t<meta name=\"twitter:label2\" content=\"Tiempo de lectura\" \/>\n\t<meta name=\"twitter:data2\" content=\"2 minutos\" \/>\n<script type=\"application\/ld+json\" class=\"yoast-schema-graph\">{\"@context\":\"https:\\\/\\\/schema.org\",\"@graph\":[{\"@type\":\"Article\",\"@id\":\"https:\\\/\\\/canal7slp.tv\\\/2025\\\/dieron-a-conocer-a-los-elegidos-para-el-premio-estatal-del-deporte-2025\\\/#article\",\"isPartOf\":{\"@id\":\"https:\\\/\\\/canal7slp.tv\\\/2025\\\/dieron-a-conocer-a-los-elegidos-para-el-premio-estatal-del-deporte-2025\\\/\"},\"author\":{\"name\":\"Edici\u00f3n Web\",\"@id\":\"https:\\\/\\\/canal7slp.tv\\\/2025\\\/#\\\/schema\\\/person\\\/271e2b60a96e7cc9d9ac296f4d7e414b\"},\"headline\":\"Dieron a conocer a los elegidos para el Premio Estatal del Deporte 2025\",\"datePublished\":\"2025-10-20T21:26:26+00:00\",\"mainEntityOfPage\":{\"@id\":\"https:\\\/\\\/canal7slp.tv\\\/2025\\\/dieron-a-conocer-a-los-elegidos-para-el-premio-estatal-del-deporte-2025\\\/\"},\"wordCount\":310,\"publisher\":{\"@id\":\"https:\\\/\\\/canal7slp.tv\\\/2025\\\/#organization\"},\"image\":{\"@id\":\"https:\\\/\\\/canal7slp.tv\\\/2025\\\/dieron-a-conocer-a-los-elegidos-para-el-premio-estatal-del-deporte-2025\\\/#primaryimage\"},\"thumbnailUrl\":\"https:\\\/\\\/canal7slp.tv\\\/2025\\\/wp-content\\\/uploads\\\/2025\\\/10\\\/Froi03Premio.jpg\",\"articleSection\":[\"DEPORTES\",\"DESTACADAS\"],\"inLanguage\":\"es\"},{\"@type\":\"WebPage\",\"@id\":\"https:\\\/\\\/canal7slp.tv\\\/2025\\\/dieron-a-conocer-a-los-elegidos-para-el-premio-estatal-del-deporte-2025\\\/\",\"url\":\"https:\\\/\\\/canal7slp.tv\\\/2025\\\/dieron-a-conocer-a-los-elegidos-para-el-premio-estatal-del-deporte-2025\\\/\",\"name\":\"Dieron a conocer a los elegidos para el Premio Estatal del Deporte 2025 - Canal 7 SLP - 2025\",\"isPartOf\":{\"@id\":\"https:\\\/\\\/canal7slp.tv\\\/2025\\\/#website\"},\"primaryImageOfPage\":{\"@id\":\"https:\\\/\\\/canal7slp.tv\\\/2025\\\/dieron-a-conocer-a-los-elegidos-para-el-premio-estatal-del-deporte-2025\\\/#primaryimage\"},\"image\":{\"@id\":\"https:\\\/\\\/canal7slp.tv\\\/2025\\\/dieron-a-conocer-a-los-elegidos-para-el-premio-estatal-del-deporte-2025\\\/#primaryimage\"},\"thumbnailUrl\":\"https:\\\/\\\/canal7slp.tv\\\/2025\\\/wp-content\\\/uploads\\\/2025\\\/10\\\/Froi03Premio.jpg\",\"datePublished\":\"2025-10-20T21:26:26+00:00\",\"breadcrumb\":{\"@id\":\"https:\\\/\\\/canal7slp.tv\\\/2025\\\/dieron-a-conocer-a-los-elegidos-para-el-premio-estatal-del-deporte-2025\\\/#breadcrumb\"},\"inLanguage\":\"es\",\"potentialAction\":[{\"@type\":\"ReadAction\",\"target\":[\"https:\\\/\\\/canal7slp.tv\\\/2025\\\/dieron-a-conocer-a-los-elegidos-para-el-premio-estatal-del-deporte-2025\\\/\"]}]},{\"@type\":\"ImageObject\",\"inLanguage\":\"es\",\"@id\":\"https:\\\/\\\/canal7slp.tv\\\/2025\\\/dieron-a-conocer-a-los-elegidos-para-el-premio-estatal-del-deporte-2025\\\/#primaryimage\",\"url\":\"https:\\\/\\\/canal7slp.tv\\\/2025\\\/wp-content\\\/uploads\\\/2025\\\/10\\\/Froi03Premio.jpg\",\"contentUrl\":\"https:\\\/\\\/canal7slp.tv\\\/2025\\\/wp-content\\\/uploads\\\/2025\\\/10\\\/Froi03Premio.jpg\",\"width\":1280,\"height\":720},{\"@type\":\"BreadcrumbList\",\"@id\":\"https:\\\/\\\/canal7slp.tv\\\/2025\\\/dieron-a-conocer-a-los-elegidos-para-el-premio-estatal-del-deporte-2025\\\/#breadcrumb\",\"itemListElement\":[{\"@type\":\"ListItem\",\"position\":1,\"name\":\"Portada\",\"item\":\"https:\\\/\\\/canal7slp.tv\\\/2025\\\/\"},{\"@type\":\"ListItem\",\"position\":2,\"name\":\"Dieron a conocer a los elegidos para el Premio Estatal del Deporte 2025\"}]},{\"@type\":\"WebSite\",\"@id\":\"https:\\\/\\\/canal7slp.tv\\\/2025\\\/#website\",\"url\":\"https:\\\/\\\/canal7slp.tv\\\/2025\\\/\",\"name\":\"N7 - Noticieros Canal 7\",\"description\":\"Somos el Medio\",\"publisher\":{\"@id\":\"https:\\\/\\\/canal7slp.tv\\\/2025\\\/#organization\"},\"potentialAction\":[{\"@type\":\"SearchAction\",\"target\":{\"@type\":\"EntryPoint\",\"urlTemplate\":\"https:\\\/\\\/canal7slp.tv\\\/2025\\\/?s={search_term_string}\"},\"query-input\":{\"@type\":\"PropertyValueSpecification\",\"valueRequired\":true,\"valueName\":\"search_term_string\"}}],\"inLanguage\":\"es\"},{\"@type\":\"Organization\",\"@id\":\"https:\\\/\\\/canal7slp.tv\\\/2025\\\/#organization\",\"name\":\"Noticieros Canal 7\",\"url\":\"https:\\\/\\\/canal7slp.tv\\\/2025\\\/\",\"logo\":{\"@type\":\"ImageObject\",\"inLanguage\":\"es\",\"@id\":\"https:\\\/\\\/canal7slp.tv\\\/2025\\\/#\\\/schema\\\/logo\\\/image\\\/\",\"url\":\"https:\\\/\\\/canal7slp.tv\\\/2025\\\/wp-content\\\/uploads\\\/2021\\\/01\\\/logo-noticieros@2x.png\",\"contentUrl\":\"https:\\\/\\\/canal7slp.tv\\\/2025\\\/wp-content\\\/uploads\\\/2021\\\/01\\\/logo-noticieros@2x.png\",\"width\":1017,\"height\":268,\"caption\":\"Noticieros Canal 7\"},\"image\":{\"@id\":\"https:\\\/\\\/canal7slp.tv\\\/2025\\\/#\\\/schema\\\/logo\\\/image\\\/\"},\"sameAs\":[\"https:\\\/\\\/www.facebook.com\\\/noticieroscanal7atencionciudadana\\\/\",\"https:\\\/\\\/x.com\\\/NOTICIEROS7\",\"https:\\\/\\\/www.instagram.com\\\/canal7_slp\",\"https:\\\/\\\/www.youtube.com\\\/channel\\\/UCliiYs-gP3JfJeqdPrNdd5A\"]},{\"@type\":\"Person\",\"@id\":\"https:\\\/\\\/canal7slp.tv\\\/2025\\\/#\\\/schema\\\/person\\\/271e2b60a96e7cc9d9ac296f4d7e414b\",\"name\":\"Edici\u00f3n Web\",\"image\":{\"@type\":\"ImageObject\",\"inLanguage\":\"es\",\"@id\":\"https:\\\/\\\/secure.gravatar.com\\\/avatar\\\/eee448fc3f7164808013b816ba91ac7e43bbe82a70bebac296f8bc6f0addaa1a?s=96&d=mm&r=g\",\"url\":\"https:\\\/\\\/secure.gravatar.com\\\/avatar\\\/eee448fc3f7164808013b816ba91ac7e43bbe82a70bebac296f8bc6f0addaa1a?s=96&d=mm&r=g\",\"contentUrl\":\"https:\\\/\\\/secure.gravatar.com\\\/avatar\\\/eee448fc3f7164808013b816ba91ac7e43bbe82a70bebac296f8bc6f0addaa1a?s=96&d=mm&r=g\",\"caption\":\"Edici\u00f3n Web\"},\"url\":\"https:\\\/\\\/canal7slp.tv\\\/2025\\\/author\\\/edicionweb\\\/\"}]}<\/script>\n<!-- \/ Yoast SEO plugin. -->","yoast_head_json":{"title":"Dieron a conocer a los elegidos para el Premio Estatal del Deporte 2025 - Canal 7 SLP - 2025","robots":{"index":"index","follow":"follow","max-snippet":"max-snippet:-1","max-image-preview":"max-image-preview:large","max-video-preview":"max-video-preview:-1"},"canonical":"https:\/\/canal7slp.tv\/2025\/dieron-a-conocer-a-los-elegidos-para-el-premio-estatal-del-deporte-2025\/","og_locale":"es_ES","og_type":"article","og_title":"Dieron a conocer a los elegidos para el Premio Estatal del Deporte 2025 - Canal 7 SLP - 2025","og_description":"SLP.- Se dieron a conocer los ganadores del premio estatal del deporte 2025, siendo Valentina Lomas D\u00edaz, Jes\u00fas Eduardo Ponce Bueno, Miriam L\u00f3pez Blanco y Jos\u00e9 Salvador L\u00f3pez Rocha, los merecedores al m\u00e1ximo galard\u00f3n que otorga el Gobierno del Estado a las y los atletas, entrenadores y promotores en la entidad, de acuerdo con sus logros. En esta edici\u00f3n participaron m\u00e1s de 40 propuestas de las diferentes categor\u00edas, las cuales fueron revisadas por el jurado calificador integrado por ex ganadores Premio Estatal del Deporte, representantes de asociaciones deportivas en el estado y medios de comunicaci\u00f3n, quienes evaluaron las propuestas de [&hellip;]","og_url":"https:\/\/canal7slp.tv\/2025\/dieron-a-conocer-a-los-elegidos-para-el-premio-estatal-del-deporte-2025\/","og_site_name":"Canal 7 SLP - 2025","article_publisher":"https:\/\/www.facebook.com\/noticieroscanal7atencionciudadana\/","article_published_time":"2025-10-20T21:26:26+00:00","og_image":[{"width":1280,"height":720,"url":"https:\/\/canal7slp.tv\/2025\/wp-content\/uploads\/2025\/10\/Froi03Premio.jpg","type":"image\/jpeg"}],"author":"Edici\u00f3n Web","twitter_card":"summary_large_image","twitter_creator":"@NOTICIEROS7","twitter_site":"@NOTICIEROS7","twitter_misc":{"Escrito por":"Edici\u00f3n Web","Tiempo de lectura":"2 minutos"},"schema":{"@context":"https:\/\/schema.org","@graph":[{"@type":"Article","@id":"https:\/\/canal7slp.tv\/2025\/dieron-a-conocer-a-los-elegidos-para-el-premio-estatal-del-deporte-2025\/#article","isPartOf":{"@id":"https:\/\/canal7slp.tv\/2025\/dieron-a-conocer-a-los-elegidos-para-el-premio-estatal-del-deporte-2025\/"},"author":{"name":"Edici\u00f3n Web","@id":"https:\/\/canal7slp.tv\/2025\/#\/schema\/person\/271e2b60a96e7cc9d9ac296f4d7e414b"},"headline":"Dieron a conocer a los elegidos para el Premio Estatal del Deporte 2025","datePublished":"2025-10-20T21:26:26+00:00","mainEntityOfPage":{"@id":"https:\/\/canal7slp.tv\/2025\/dieron-a-conocer-a-los-elegidos-para-el-premio-estatal-del-deporte-2025\/"},"wordCount":310,"publisher":{"@id":"https:\/\/canal7slp.tv\/2025\/#organization"},"image":{"@id":"https:\/\/canal7slp.tv\/2025\/dieron-a-conocer-a-los-elegidos-para-el-premio-estatal-del-deporte-2025\/#primaryimage"},"thumbnailUrl":"https:\/\/canal7slp.tv\/2025\/wp-content\/uploads\/2025\/10\/Froi03Premio.jpg","articleSection":["DEPORTES","DESTACADAS"],"inLanguage":"es"},{"@type":"WebPage","@id":"https:\/\/canal7slp.tv\/2025\/dieron-a-conocer-a-los-elegidos-para-el-premio-estatal-del-deporte-2025\/","url":"https:\/\/canal7slp.tv\/2025\/dieron-a-conocer-a-los-elegidos-para-el-premio-estatal-del-deporte-2025\/","name":"Dieron a conocer a los elegidos para el Premio Estatal del Deporte 2025 - Canal 7 SLP - 2025","isPartOf":{"@id":"https:\/\/canal7slp.tv\/2025\/#website"},"primaryImageOfPage":{"@id":"https:\/\/canal7slp.tv\/2025\/dieron-a-conocer-a-los-elegidos-para-el-premio-estatal-del-deporte-2025\/#primaryimage"},"image":{"@id":"https:\/\/canal7slp.tv\/2025\/dieron-a-conocer-a-los-elegidos-para-el-premio-estatal-del-deporte-2025\/#primaryimage"},"thumbnailUrl":"https:\/\/canal7slp.tv\/2025\/wp-content\/uploads\/2025\/10\/Froi03Premio.jpg","datePublished":"2025-10-20T21:26:26+00:00","breadcrumb":{"@id":"https:\/\/canal7slp.tv\/2025\/dieron-a-conocer-a-los-elegidos-para-el-premio-estatal-del-deporte-2025\/#breadcrumb"},"inLanguage":"es","potentialAction":[{"@type":"ReadAction","target":["https:\/\/canal7slp.tv\/2025\/dieron-a-conocer-a-los-elegidos-para-el-premio-estatal-del-deporte-2025\/"]}]},{"@type":"ImageObject","inLanguage":"es","@id":"https:\/\/canal7slp.tv\/2025\/dieron-a-conocer-a-los-elegidos-para-el-premio-estatal-del-deporte-2025\/#primaryimage","url":"https:\/\/canal7slp.tv\/2025\/wp-content\/uploads\/2025\/10\/Froi03Premio.jpg","contentUrl":"https:\/\/canal7slp.tv\/2025\/wp-content\/uploads\/2025\/10\/Froi03Premio.jpg","width":1280,"height":720},{"@type":"BreadcrumbList","@id":"https:\/\/canal7slp.tv\/2025\/dieron-a-conocer-a-los-elegidos-para-el-premio-estatal-del-deporte-2025\/#breadcrumb","itemListElement":[{"@type":"ListItem","position":1,"name":"Portada","item":"https:\/\/canal7slp.tv\/2025\/"},{"@type":"ListItem","position":2,"name":"Dieron a conocer a los elegidos para el Premio Estatal del Deporte 2025"}]},{"@type":"WebSite","@id":"https:\/\/canal7slp.tv\/2025\/#website","url":"https:\/\/canal7slp.tv\/2025\/","name":"N7 - Noticieros Canal 7","description":"Somos el Medio","publisher":{"@id":"https:\/\/canal7slp.tv\/2025\/#organization"},"potentialAction":[{"@type":"SearchAction","target":{"@type":"EntryPoint","urlTemplate":"https:\/\/canal7slp.tv\/2025\/?s={search_term_string}"},"query-input":{"@type":"PropertyValueSpecification","valueRequired":true,"valueName":"search_term_string"}}],"inLanguage":"es"},{"@type":"Organization","@id":"https:\/\/canal7slp.tv\/2025\/#organization","name":"Noticieros Canal 7","url":"https:\/\/canal7slp.tv\/2025\/","logo":{"@type":"ImageObject","inLanguage":"es","@id":"https:\/\/canal7slp.tv\/2025\/#\/schema\/logo\/image\/","url":"https:\/\/canal7slp.tv\/2025\/wp-content\/uploads\/2021\/01\/logo-noticieros@2x.png","contentUrl":"https:\/\/canal7slp.tv\/2025\/wp-content\/uploads\/2021\/01\/logo-noticieros@2x.png","width":1017,"height":268,"caption":"Noticieros Canal 7"},"image":{"@id":"https:\/\/canal7slp.tv\/2025\/#\/schema\/logo\/image\/"},"sameAs":["https:\/\/www.facebook.com\/noticieroscanal7atencionciudadana\/","https:\/\/x.com\/NOTICIEROS7","https:\/\/www.instagram.com\/canal7_slp","https:\/\/www.youtube.com\/channel\/UCliiYs-gP3JfJeqdPrNdd5A"]},{"@type":"Person","@id":"https:\/\/canal7slp.tv\/2025\/#\/schema\/person\/271e2b60a96e7cc9d9ac296f4d7e414b","name":"Edici\u00f3n Web","image":{"@type":"ImageObject","inLanguage":"es","@id":"https:\/\/secure.gravatar.com\/avatar\/eee448fc3f7164808013b816ba91ac7e43bbe82a70bebac296f8bc6f0addaa1a?s=96&d=mm&r=g","url":"https:\/\/secure.gravatar.com\/avatar\/eee448fc3f7164808013b816ba91ac7e43bbe82a70bebac296f8bc6f0addaa1a?s=96&d=mm&r=g","contentUrl":"https:\/\/secure.gravatar.com\/avatar\/eee448fc3f7164808013b816ba91ac7e43bbe82a70bebac296f8bc6f0addaa1a?s=96&d=mm&r=g","caption":"Edici\u00f3n Web"},"url":"https:\/\/canal7slp.tv\/2025\/author\/edicionweb\/"}]}},"_links":{"self":[{"href":"https:\/\/canal7slp.tv\/2025\/wp-json\/wp\/v2\/posts\/182600","targetHints":{"allow":["GET"]}}],"collection":[{"href":"https:\/\/canal7slp.tv\/2025\/wp-json\/wp\/v2\/posts"}],"about":[{"href":"https:\/\/canal7slp.tv\/2025\/wp-json\/wp\/v2\/types\/post"}],"author":[{"embeddable":true,"href":"https:\/\/canal7slp.tv\/2025\/wp-json\/wp\/v2\/users\/2"}],"replies":[{"embeddable":true,"href":"https:\/\/canal7slp.tv\/2025\/wp-json\/wp\/v2\/comments?post=182600"}],"version-history":[{"count":1,"href":"https:\/\/canal7slp.tv\/2025\/wp-json\/wp\/v2\/posts\/182600\/revisions"}],"predecessor-version":[{"id":182603,"href":"https:\/\/canal7slp.tv\/2025\/wp-json\/wp\/v2\/posts\/182600\/revisions\/182603"}],"wp:featuredmedia":[{"embeddable":true,"href":"https:\/\/canal7slp.tv\/2025\/wp-json\/wp\/v2\/media\/182602"}],"wp:attachment":[{"href":"https:\/\/canal7slp.tv\/2025\/wp-json\/wp\/v2\/media?parent=182600"}],"wp:term":[{"taxonomy":"category","embeddable":true,"href":"https:\/\/canal7slp.tv\/2025\/wp-json\/wp\/v2\/categories?post=182600"},{"taxonomy":"post_tag","embeddable":true,"href":"https:\/\/canal7slp.tv\/2025\/wp-json\/wp\/v2\/tags?post=182600"}],"curies":[{"name":"wp","href":"https:\/\/api.w.org\/{rel}","templated":true}]}}