{"id":182563,"date":"2025-10-19T13:35:49","date_gmt":"2025-10-19T19:35:49","guid":{"rendered":"https:\/\/canal7slp.tv\/2025\/?p=182563"},"modified":"2025-10-19T13:35:49","modified_gmt":"2025-10-19T19:35:49","slug":"accidente-de-autobus-en-brasil-deja-15-muertos-y-varios-heridos","status":"publish","type":"post","link":"https:\/\/canal7slp.tv\/2025\/accidente-de-autobus-en-brasil-deja-15-muertos-y-varios-heridos\/","title":{"rendered":"Accidente de autob\u00fas en Brasil deja 15 muertos y varios heridos"},"content":{"rendered":"<p style=\"text-align: justify;\">\n<p style=\"text-align: justify;\">Brasil.- Un accidente de autob\u00fas ocurrido en el norte de Brasil result\u00f3 en la muerte de 15 personas y dej\u00f3 a m\u00e1s de 20 heridos. El incidente se registr\u00f3 en la noche del viernes en una autov\u00eda federal entre Paranatama y Salo\u00e1, seg\u00fan inform\u00f3 la Polic\u00eda de Carreteras Federal.<\/p>\n<p style=\"text-align: justify;\">Las primeras investigaciones indican que el conductor del autob\u00fas perdi\u00f3 el control del veh\u00edculo, cruz\u00f3 al carril opuesto y choc\u00f3 contra rocas en el margen de la carretera, lo que provoc\u00f3 que el autob\u00fas volcara tras impactar con un banco de arena. De las 15 v\u00edctimas fatales, 11 eran mujeres y 4 hombres.<\/p>\n<p style=\"text-align: justify;\">Al menos 17 personas heridas fueron trasladadas a hospitales cercanos. El conductor del autob\u00fas sufri\u00f3 lesiones leves y, tras dar negativo en un test de alcoholemia, fue llevado a una comisar\u00eda para declarar.<\/p>\n<p style=\"text-align: justify;\">Las autoridades se\u00f1alaron que el autob\u00fas transportaba aproximadamente 30 pasajeros que regresaban al estado de Bah\u00eda. La Polic\u00eda Civil ha iniciado una investigaci\u00f3n para determinar las causas del accidente.<\/p>\n<p style=\"text-align: justify;\">El gobernador de Bah\u00eda, Jer\u00f4nimo Rodrigues, expres\u00f3 su pesar por lo sucedido y ofreci\u00f3 apoyo a las familias afectadas, indicando que su gobierno colaborar\u00e1 con las autoridades de Pernambuco en la atenci\u00f3n a los heridos y la identificaci\u00f3n de las v\u00edctimas.<\/p>\n","protected":false},"excerpt":{"rendered":"<p>Brasil.- Un accidente de autob\u00fas ocurrido en el norte de Brasil result\u00f3 en la muerte de 15 personas y dej\u00f3 a m\u00e1s de 20 heridos. El incidente se registr\u00f3 en la noche del viernes en una autov\u00eda federal entre Paranatama y Salo\u00e1, seg\u00fan inform\u00f3 la Polic\u00eda de Carreteras Federal. Las primeras investigaciones indican que el conductor del autob\u00fas perdi\u00f3 el control del veh\u00edculo, cruz\u00f3 al carril opuesto y choc\u00f3 contra rocas en el margen de la carretera, lo que provoc\u00f3 que el autob\u00fas volcara tras impactar con un banco de arena. De las 15 v\u00edctimas fatales, 11 eran mujeres y [&hellip;]<\/p>\n","protected":false},"author":2,"featured_media":182564,"comment_status":"closed","ping_status":"closed","sticky":false,"template":"","format":"standard","meta":{"_monsterinsights_skip_tracking":false,"_monsterinsights_sitenote_active":false,"_monsterinsights_sitenote_note":"","_monsterinsights_sitenote_category":0,"footnotes":""},"categories":[44],"tags":[],"class_list":["post-182563","post","type-post","status-publish","format-standard","has-post-thumbnail","hentry","category-internacional","post--single"],"yoast_head":"<!-- This site is optimized with the Yoast SEO plugin v27.4 - https:\/\/yoast.com\/product\/yoast-seo-wordpress\/ -->\n<title>Accidente de autob\u00fas en Brasil deja 15 muertos y varios heridos - Canal 7 SLP - 2025<\/title>\n<meta name=\"robots\" content=\"index, follow, max-snippet:-1, max-image-preview:large, max-video-preview:-1\" \/>\n<link rel=\"canonical\" href=\"https:\/\/canal7slp.tv\/2025\/accidente-de-autobus-en-brasil-deja-15-muertos-y-varios-heridos\/\" \/>\n<meta property=\"og:locale\" content=\"es_ES\" \/>\n<meta property=\"og:type\" content=\"article\" \/>\n<meta property=\"og:title\" content=\"Accidente de autob\u00fas en Brasil deja 15 muertos y varios heridos - Canal 7 SLP - 2025\" \/>\n<meta property=\"og:description\" content=\"Brasil.- Un accidente de autob\u00fas ocurrido en el norte de Brasil result\u00f3 en la muerte de 15 personas y dej\u00f3 a m\u00e1s de 20 heridos. El incidente se registr\u00f3 en la noche del viernes en una autov\u00eda federal entre Paranatama y Salo\u00e1, seg\u00fan inform\u00f3 la Polic\u00eda de Carreteras Federal. Las primeras investigaciones indican que el conductor del autob\u00fas perdi\u00f3 el control del veh\u00edculo, cruz\u00f3 al carril opuesto y choc\u00f3 contra rocas en el margen de la carretera, lo que provoc\u00f3 que el autob\u00fas volcara tras impactar con un banco de arena. De las 15 v\u00edctimas fatales, 11 eran mujeres y [&hellip;]\" \/>\n<meta property=\"og:url\" content=\"https:\/\/canal7slp.tv\/2025\/accidente-de-autobus-en-brasil-deja-15-muertos-y-varios-heridos\/\" \/>\n<meta property=\"og:site_name\" content=\"Canal 7 SLP - 2025\" \/>\n<meta property=\"article:publisher\" content=\"https:\/\/www.facebook.com\/noticieroscanal7atencionciudadana\/\" \/>\n<meta property=\"article:published_time\" content=\"2025-10-19T19:35:49+00:00\" \/>\n<meta property=\"og:image\" content=\"https:\/\/canal7slp.tv\/2025\/wp-content\/uploads\/2025\/10\/09-18.jpg\" \/>\n\t<meta property=\"og:image:width\" content=\"750\" \/>\n\t<meta property=\"og:image:height\" content=\"500\" \/>\n\t<meta property=\"og:image:type\" content=\"image\/jpeg\" \/>\n<meta name=\"author\" content=\"Edici\u00f3n Web\" \/>\n<meta name=\"twitter:card\" content=\"summary_large_image\" \/>\n<meta name=\"twitter:creator\" content=\"@NOTICIEROS7\" \/>\n<meta name=\"twitter:site\" content=\"@NOTICIEROS7\" \/>\n<meta name=\"twitter:label1\" content=\"Escrito por\" \/>\n\t<meta name=\"twitter:data1\" content=\"Edici\u00f3n Web\" \/>\n\t<meta name=\"twitter:label2\" content=\"Tiempo de lectura\" \/>\n\t<meta name=\"twitter:data2\" content=\"1 minuto\" \/>\n<script type=\"application\/ld+json\" class=\"yoast-schema-graph\">{\"@context\":\"https:\\\/\\\/schema.org\",\"@graph\":[{\"@type\":\"Article\",\"@id\":\"https:\\\/\\\/canal7slp.tv\\\/2025\\\/accidente-de-autobus-en-brasil-deja-15-muertos-y-varios-heridos\\\/#article\",\"isPartOf\":{\"@id\":\"https:\\\/\\\/canal7slp.tv\\\/2025\\\/accidente-de-autobus-en-brasil-deja-15-muertos-y-varios-heridos\\\/\"},\"author\":{\"name\":\"Edici\u00f3n Web\",\"@id\":\"https:\\\/\\\/canal7slp.tv\\\/2025\\\/#\\\/schema\\\/person\\\/271e2b60a96e7cc9d9ac296f4d7e414b\"},\"headline\":\"Accidente de autob\u00fas en Brasil deja 15 muertos y varios heridos\",\"datePublished\":\"2025-10-19T19:35:49+00:00\",\"mainEntityOfPage\":{\"@id\":\"https:\\\/\\\/canal7slp.tv\\\/2025\\\/accidente-de-autobus-en-brasil-deja-15-muertos-y-varios-heridos\\\/\"},\"wordCount\":231,\"publisher\":{\"@id\":\"https:\\\/\\\/canal7slp.tv\\\/2025\\\/#organization\"},\"image\":{\"@id\":\"https:\\\/\\\/canal7slp.tv\\\/2025\\\/accidente-de-autobus-en-brasil-deja-15-muertos-y-varios-heridos\\\/#primaryimage\"},\"thumbnailUrl\":\"https:\\\/\\\/canal7slp.tv\\\/2025\\\/wp-content\\\/uploads\\\/2025\\\/10\\\/09-18.jpg\",\"articleSection\":[\"INTERNACIONALES\"],\"inLanguage\":\"es\"},{\"@type\":\"WebPage\",\"@id\":\"https:\\\/\\\/canal7slp.tv\\\/2025\\\/accidente-de-autobus-en-brasil-deja-15-muertos-y-varios-heridos\\\/\",\"url\":\"https:\\\/\\\/canal7slp.tv\\\/2025\\\/accidente-de-autobus-en-brasil-deja-15-muertos-y-varios-heridos\\\/\",\"name\":\"Accidente de autob\u00fas en Brasil deja 15 muertos y varios heridos - Canal 7 SLP - 2025\",\"isPartOf\":{\"@id\":\"https:\\\/\\\/canal7slp.tv\\\/2025\\\/#website\"},\"primaryImageOfPage\":{\"@id\":\"https:\\\/\\\/canal7slp.tv\\\/2025\\\/accidente-de-autobus-en-brasil-deja-15-muertos-y-varios-heridos\\\/#primaryimage\"},\"image\":{\"@id\":\"https:\\\/\\\/canal7slp.tv\\\/2025\\\/accidente-de-autobus-en-brasil-deja-15-muertos-y-varios-heridos\\\/#primaryimage\"},\"thumbnailUrl\":\"https:\\\/\\\/canal7slp.tv\\\/2025\\\/wp-content\\\/uploads\\\/2025\\\/10\\\/09-18.jpg\",\"datePublished\":\"2025-10-19T19:35:49+00:00\",\"breadcrumb\":{\"@id\":\"https:\\\/\\\/canal7slp.tv\\\/2025\\\/accidente-de-autobus-en-brasil-deja-15-muertos-y-varios-heridos\\\/#breadcrumb\"},\"inLanguage\":\"es\",\"potentialAction\":[{\"@type\":\"ReadAction\",\"target\":[\"https:\\\/\\\/canal7slp.tv\\\/2025\\\/accidente-de-autobus-en-brasil-deja-15-muertos-y-varios-heridos\\\/\"]}]},{\"@type\":\"ImageObject\",\"inLanguage\":\"es\",\"@id\":\"https:\\\/\\\/canal7slp.tv\\\/2025\\\/accidente-de-autobus-en-brasil-deja-15-muertos-y-varios-heridos\\\/#primaryimage\",\"url\":\"https:\\\/\\\/canal7slp.tv\\\/2025\\\/wp-content\\\/uploads\\\/2025\\\/10\\\/09-18.jpg\",\"contentUrl\":\"https:\\\/\\\/canal7slp.tv\\\/2025\\\/wp-content\\\/uploads\\\/2025\\\/10\\\/09-18.jpg\",\"width\":750,\"height\":500},{\"@type\":\"BreadcrumbList\",\"@id\":\"https:\\\/\\\/canal7slp.tv\\\/2025\\\/accidente-de-autobus-en-brasil-deja-15-muertos-y-varios-heridos\\\/#breadcrumb\",\"itemListElement\":[{\"@type\":\"ListItem\",\"position\":1,\"name\":\"Portada\",\"item\":\"https:\\\/\\\/canal7slp.tv\\\/2025\\\/\"},{\"@type\":\"ListItem\",\"position\":2,\"name\":\"Accidente de autob\u00fas en Brasil deja 15 muertos y varios heridos\"}]},{\"@type\":\"WebSite\",\"@id\":\"https:\\\/\\\/canal7slp.tv\\\/2025\\\/#website\",\"url\":\"https:\\\/\\\/canal7slp.tv\\\/2025\\\/\",\"name\":\"N7 - Noticieros Canal 7\",\"description\":\"Somos el Medio\",\"publisher\":{\"@id\":\"https:\\\/\\\/canal7slp.tv\\\/2025\\\/#organization\"},\"potentialAction\":[{\"@type\":\"SearchAction\",\"target\":{\"@type\":\"EntryPoint\",\"urlTemplate\":\"https:\\\/\\\/canal7slp.tv\\\/2025\\\/?s={search_term_string}\"},\"query-input\":{\"@type\":\"PropertyValueSpecification\",\"valueRequired\":true,\"valueName\":\"search_term_string\"}}],\"inLanguage\":\"es\"},{\"@type\":\"Organization\",\"@id\":\"https:\\\/\\\/canal7slp.tv\\\/2025\\\/#organization\",\"name\":\"Noticieros Canal 7\",\"url\":\"https:\\\/\\\/canal7slp.tv\\\/2025\\\/\",\"logo\":{\"@type\":\"ImageObject\",\"inLanguage\":\"es\",\"@id\":\"https:\\\/\\\/canal7slp.tv\\\/2025\\\/#\\\/schema\\\/logo\\\/image\\\/\",\"url\":\"https:\\\/\\\/canal7slp.tv\\\/2025\\\/wp-content\\\/uploads\\\/2021\\\/01\\\/logo-noticieros@2x.png\",\"contentUrl\":\"https:\\\/\\\/canal7slp.tv\\\/2025\\\/wp-content\\\/uploads\\\/2021\\\/01\\\/logo-noticieros@2x.png\",\"width\":1017,\"height\":268,\"caption\":\"Noticieros Canal 7\"},\"image\":{\"@id\":\"https:\\\/\\\/canal7slp.tv\\\/2025\\\/#\\\/schema\\\/logo\\\/image\\\/\"},\"sameAs\":[\"https:\\\/\\\/www.facebook.com\\\/noticieroscanal7atencionciudadana\\\/\",\"https:\\\/\\\/x.com\\\/NOTICIEROS7\",\"https:\\\/\\\/www.instagram.com\\\/canal7_slp\",\"https:\\\/\\\/www.youtube.com\\\/channel\\\/UCliiYs-gP3JfJeqdPrNdd5A\"]},{\"@type\":\"Person\",\"@id\":\"https:\\\/\\\/canal7slp.tv\\\/2025\\\/#\\\/schema\\\/person\\\/271e2b60a96e7cc9d9ac296f4d7e414b\",\"name\":\"Edici\u00f3n Web\",\"image\":{\"@type\":\"ImageObject\",\"inLanguage\":\"es\",\"@id\":\"https:\\\/\\\/secure.gravatar.com\\\/avatar\\\/eee448fc3f7164808013b816ba91ac7e43bbe82a70bebac296f8bc6f0addaa1a?s=96&d=mm&r=g\",\"url\":\"https:\\\/\\\/secure.gravatar.com\\\/avatar\\\/eee448fc3f7164808013b816ba91ac7e43bbe82a70bebac296f8bc6f0addaa1a?s=96&d=mm&r=g\",\"contentUrl\":\"https:\\\/\\\/secure.gravatar.com\\\/avatar\\\/eee448fc3f7164808013b816ba91ac7e43bbe82a70bebac296f8bc6f0addaa1a?s=96&d=mm&r=g\",\"caption\":\"Edici\u00f3n Web\"},\"url\":\"https:\\\/\\\/canal7slp.tv\\\/2025\\\/author\\\/edicionweb\\\/\"}]}<\/script>\n<!-- \/ Yoast SEO plugin. -->","yoast_head_json":{"title":"Accidente de autob\u00fas en Brasil deja 15 muertos y varios heridos - Canal 7 SLP - 2025","robots":{"index":"index","follow":"follow","max-snippet":"max-snippet:-1","max-image-preview":"max-image-preview:large","max-video-preview":"max-video-preview:-1"},"canonical":"https:\/\/canal7slp.tv\/2025\/accidente-de-autobus-en-brasil-deja-15-muertos-y-varios-heridos\/","og_locale":"es_ES","og_type":"article","og_title":"Accidente de autob\u00fas en Brasil deja 15 muertos y varios heridos - Canal 7 SLP - 2025","og_description":"Brasil.- Un accidente de autob\u00fas ocurrido en el norte de Brasil result\u00f3 en la muerte de 15 personas y dej\u00f3 a m\u00e1s de 20 heridos. El incidente se registr\u00f3 en la noche del viernes en una autov\u00eda federal entre Paranatama y Salo\u00e1, seg\u00fan inform\u00f3 la Polic\u00eda de Carreteras Federal. Las primeras investigaciones indican que el conductor del autob\u00fas perdi\u00f3 el control del veh\u00edculo, cruz\u00f3 al carril opuesto y choc\u00f3 contra rocas en el margen de la carretera, lo que provoc\u00f3 que el autob\u00fas volcara tras impactar con un banco de arena. De las 15 v\u00edctimas fatales, 11 eran mujeres y [&hellip;]","og_url":"https:\/\/canal7slp.tv\/2025\/accidente-de-autobus-en-brasil-deja-15-muertos-y-varios-heridos\/","og_site_name":"Canal 7 SLP - 2025","article_publisher":"https:\/\/www.facebook.com\/noticieroscanal7atencionciudadana\/","article_published_time":"2025-10-19T19:35:49+00:00","og_image":[{"width":750,"height":500,"url":"https:\/\/canal7slp.tv\/2025\/wp-content\/uploads\/2025\/10\/09-18.jpg","type":"image\/jpeg"}],"author":"Edici\u00f3n Web","twitter_card":"summary_large_image","twitter_creator":"@NOTICIEROS7","twitter_site":"@NOTICIEROS7","twitter_misc":{"Escrito por":"Edici\u00f3n Web","Tiempo de lectura":"1 minuto"},"schema":{"@context":"https:\/\/schema.org","@graph":[{"@type":"Article","@id":"https:\/\/canal7slp.tv\/2025\/accidente-de-autobus-en-brasil-deja-15-muertos-y-varios-heridos\/#article","isPartOf":{"@id":"https:\/\/canal7slp.tv\/2025\/accidente-de-autobus-en-brasil-deja-15-muertos-y-varios-heridos\/"},"author":{"name":"Edici\u00f3n Web","@id":"https:\/\/canal7slp.tv\/2025\/#\/schema\/person\/271e2b60a96e7cc9d9ac296f4d7e414b"},"headline":"Accidente de autob\u00fas en Brasil deja 15 muertos y varios heridos","datePublished":"2025-10-19T19:35:49+00:00","mainEntityOfPage":{"@id":"https:\/\/canal7slp.tv\/2025\/accidente-de-autobus-en-brasil-deja-15-muertos-y-varios-heridos\/"},"wordCount":231,"publisher":{"@id":"https:\/\/canal7slp.tv\/2025\/#organization"},"image":{"@id":"https:\/\/canal7slp.tv\/2025\/accidente-de-autobus-en-brasil-deja-15-muertos-y-varios-heridos\/#primaryimage"},"thumbnailUrl":"https:\/\/canal7slp.tv\/2025\/wp-content\/uploads\/2025\/10\/09-18.jpg","articleSection":["INTERNACIONALES"],"inLanguage":"es"},{"@type":"WebPage","@id":"https:\/\/canal7slp.tv\/2025\/accidente-de-autobus-en-brasil-deja-15-muertos-y-varios-heridos\/","url":"https:\/\/canal7slp.tv\/2025\/accidente-de-autobus-en-brasil-deja-15-muertos-y-varios-heridos\/","name":"Accidente de autob\u00fas en Brasil deja 15 muertos y varios heridos - Canal 7 SLP - 2025","isPartOf":{"@id":"https:\/\/canal7slp.tv\/2025\/#website"},"primaryImageOfPage":{"@id":"https:\/\/canal7slp.tv\/2025\/accidente-de-autobus-en-brasil-deja-15-muertos-y-varios-heridos\/#primaryimage"},"image":{"@id":"https:\/\/canal7slp.tv\/2025\/accidente-de-autobus-en-brasil-deja-15-muertos-y-varios-heridos\/#primaryimage"},"thumbnailUrl":"https:\/\/canal7slp.tv\/2025\/wp-content\/uploads\/2025\/10\/09-18.jpg","datePublished":"2025-10-19T19:35:49+00:00","breadcrumb":{"@id":"https:\/\/canal7slp.tv\/2025\/accidente-de-autobus-en-brasil-deja-15-muertos-y-varios-heridos\/#breadcrumb"},"inLanguage":"es","potentialAction":[{"@type":"ReadAction","target":["https:\/\/canal7slp.tv\/2025\/accidente-de-autobus-en-brasil-deja-15-muertos-y-varios-heridos\/"]}]},{"@type":"ImageObject","inLanguage":"es","@id":"https:\/\/canal7slp.tv\/2025\/accidente-de-autobus-en-brasil-deja-15-muertos-y-varios-heridos\/#primaryimage","url":"https:\/\/canal7slp.tv\/2025\/wp-content\/uploads\/2025\/10\/09-18.jpg","contentUrl":"https:\/\/canal7slp.tv\/2025\/wp-content\/uploads\/2025\/10\/09-18.jpg","width":750,"height":500},{"@type":"BreadcrumbList","@id":"https:\/\/canal7slp.tv\/2025\/accidente-de-autobus-en-brasil-deja-15-muertos-y-varios-heridos\/#breadcrumb","itemListElement":[{"@type":"ListItem","position":1,"name":"Portada","item":"https:\/\/canal7slp.tv\/2025\/"},{"@type":"ListItem","position":2,"name":"Accidente de autob\u00fas en Brasil deja 15 muertos y varios heridos"}]},{"@type":"WebSite","@id":"https:\/\/canal7slp.tv\/2025\/#website","url":"https:\/\/canal7slp.tv\/2025\/","name":"N7 - Noticieros Canal 7","description":"Somos el Medio","publisher":{"@id":"https:\/\/canal7slp.tv\/2025\/#organization"},"potentialAction":[{"@type":"SearchAction","target":{"@type":"EntryPoint","urlTemplate":"https:\/\/canal7slp.tv\/2025\/?s={search_term_string}"},"query-input":{"@type":"PropertyValueSpecification","valueRequired":true,"valueName":"search_term_string"}}],"inLanguage":"es"},{"@type":"Organization","@id":"https:\/\/canal7slp.tv\/2025\/#organization","name":"Noticieros Canal 7","url":"https:\/\/canal7slp.tv\/2025\/","logo":{"@type":"ImageObject","inLanguage":"es","@id":"https:\/\/canal7slp.tv\/2025\/#\/schema\/logo\/image\/","url":"https:\/\/canal7slp.tv\/2025\/wp-content\/uploads\/2021\/01\/logo-noticieros@2x.png","contentUrl":"https:\/\/canal7slp.tv\/2025\/wp-content\/uploads\/2021\/01\/logo-noticieros@2x.png","width":1017,"height":268,"caption":"Noticieros Canal 7"},"image":{"@id":"https:\/\/canal7slp.tv\/2025\/#\/schema\/logo\/image\/"},"sameAs":["https:\/\/www.facebook.com\/noticieroscanal7atencionciudadana\/","https:\/\/x.com\/NOTICIEROS7","https:\/\/www.instagram.com\/canal7_slp","https:\/\/www.youtube.com\/channel\/UCliiYs-gP3JfJeqdPrNdd5A"]},{"@type":"Person","@id":"https:\/\/canal7slp.tv\/2025\/#\/schema\/person\/271e2b60a96e7cc9d9ac296f4d7e414b","name":"Edici\u00f3n Web","image":{"@type":"ImageObject","inLanguage":"es","@id":"https:\/\/secure.gravatar.com\/avatar\/eee448fc3f7164808013b816ba91ac7e43bbe82a70bebac296f8bc6f0addaa1a?s=96&d=mm&r=g","url":"https:\/\/secure.gravatar.com\/avatar\/eee448fc3f7164808013b816ba91ac7e43bbe82a70bebac296f8bc6f0addaa1a?s=96&d=mm&r=g","contentUrl":"https:\/\/secure.gravatar.com\/avatar\/eee448fc3f7164808013b816ba91ac7e43bbe82a70bebac296f8bc6f0addaa1a?s=96&d=mm&r=g","caption":"Edici\u00f3n Web"},"url":"https:\/\/canal7slp.tv\/2025\/author\/edicionweb\/"}]}},"_links":{"self":[{"href":"https:\/\/canal7slp.tv\/2025\/wp-json\/wp\/v2\/posts\/182563","targetHints":{"allow":["GET"]}}],"collection":[{"href":"https:\/\/canal7slp.tv\/2025\/wp-json\/wp\/v2\/posts"}],"about":[{"href":"https:\/\/canal7slp.tv\/2025\/wp-json\/wp\/v2\/types\/post"}],"author":[{"embeddable":true,"href":"https:\/\/canal7slp.tv\/2025\/wp-json\/wp\/v2\/users\/2"}],"replies":[{"embeddable":true,"href":"https:\/\/canal7slp.tv\/2025\/wp-json\/wp\/v2\/comments?post=182563"}],"version-history":[{"count":1,"href":"https:\/\/canal7slp.tv\/2025\/wp-json\/wp\/v2\/posts\/182563\/revisions"}],"predecessor-version":[{"id":182565,"href":"https:\/\/canal7slp.tv\/2025\/wp-json\/wp\/v2\/posts\/182563\/revisions\/182565"}],"wp:featuredmedia":[{"embeddable":true,"href":"https:\/\/canal7slp.tv\/2025\/wp-json\/wp\/v2\/media\/182564"}],"wp:attachment":[{"href":"https:\/\/canal7slp.tv\/2025\/wp-json\/wp\/v2\/media?parent=182563"}],"wp:term":[{"taxonomy":"category","embeddable":true,"href":"https:\/\/canal7slp.tv\/2025\/wp-json\/wp\/v2\/categories?post=182563"},{"taxonomy":"post_tag","embeddable":true,"href":"https:\/\/canal7slp.tv\/2025\/wp-json\/wp\/v2\/tags?post=182563"}],"curies":[{"name":"wp","href":"https:\/\/api.w.org\/{rel}","templated":true}]}}