{"id":182560,"date":"2025-10-19T11:17:00","date_gmt":"2025-10-19T17:17:00","guid":{"rendered":"https:\/\/canal7slp.tv\/2025\/?p=182560"},"modified":"2025-10-19T11:17:00","modified_gmt":"2025-10-19T17:17:00","slug":"netanyahu-ordena-acciones-militares-tras-violaciones-del-alto-el-fuego","status":"publish","type":"post","link":"https:\/\/canal7slp.tv\/2025\/netanyahu-ordena-acciones-militares-tras-violaciones-del-alto-el-fuego\/","title":{"rendered":"Netanyahu ordena acciones militares tras violaciones del alto el fuego"},"content":{"rendered":"<p style=\"text-align: justify;\">\n<p style=\"text-align: justify;\">Gaza.- El primer ministro de Israel, Benjam\u00edn Netanyahu, ha ordenado este domingo \u00abactuar en\u00e9rgicamente contra objetivos terroristas\u00bb en la Franja de Gaza, en un contexto de creciente tensi\u00f3n tras la reciente violaci\u00f3n del alto el fuego por parte de Ham\u00e1s. Esta decisi\u00f3n se produce nueve d\u00edas despu\u00e9s de la entrada en vigor del acuerdo de cese de hostilidades, sin que se aclare si este ha llegado a su fin.<\/p>\n<p style=\"text-align: justify;\">Seg\u00fan un comunicado de su Oficina, Netanyahu realiz\u00f3 una consulta con el ministro de Defensa y los l\u00edderes del sistema de seguridad antes de emitir la orden. Esta ma\u00f1ana, se report\u00f3 un intercambio de disparos en Rafah, en el sur de Gaza, donde milicianos lanzaron un misil antitanque y disparos contra las tropas israel\u00edes, lo que fue calificado por el Ej\u00e9rcito como \u00abuna flagrante violaci\u00f3n\u00bb del alto el fuego.<\/p>\n<p style=\"text-align: justify;\">En respuesta, el Ej\u00e9rcito israel\u00ed inici\u00f3 bombardeos en la zona para neutralizar la amenaza y destruir t\u00faneles y estructuras militares asociadas con actividades terroristas.<\/p>\n<p style=\"text-align: justify;\">Por su parte, la fuerza Radea, unidad policial bajo el control del Ministerio del Interior de Ham\u00e1s, llev\u00f3 a cabo una \u00aboperaci\u00f3n de seguridad\u00bb en Rafah contra un escondite de Yasser Abu Shabab, l\u00edder de la milicia rival &#8216;Fuerzas Populares&#8217;. Este enfrentamiento parece haber involucrado a la unidad policial y al Ej\u00e9rcito, mientras que las brigadas Al Qasam, el brazo armado de Ham\u00e1s, se han desvinculado del incidente y reafirmado su compromiso con el alto el fuego.<\/p>\n<p style=\"text-align: justify;\">Al Qasam indic\u00f3 que no tienen conocimiento de los eventos en la zona y que han perdido contacto con sus combatientes en Rafah desde que Israel rompi\u00f3 el anterior alto el fuego en marzo. Adem\u00e1s, Yasser Abu Shabab ha sido se\u00f1alado por apropiarse de camiones de ayuda humanitaria en Rafah, operando con la tolerancia del Ej\u00e9rcito israel\u00ed, cuyo apoyo a ciertas milicias en Gaza ha sido reconocido por Netanyahu en el pasado.<\/p>\n<p style=\"text-align: justify;\">\n","protected":false},"excerpt":{"rendered":"<p>Gaza.- El primer ministro de Israel, Benjam\u00edn Netanyahu, ha ordenado este domingo \u00abactuar en\u00e9rgicamente contra objetivos terroristas\u00bb en la Franja de Gaza, en un contexto de creciente tensi\u00f3n tras la reciente violaci\u00f3n del alto el fuego por parte de Ham\u00e1s. Esta decisi\u00f3n se produce nueve d\u00edas despu\u00e9s de la entrada en vigor del acuerdo de cese de hostilidades, sin que se aclare si este ha llegado a su fin. Seg\u00fan un comunicado de su Oficina, Netanyahu realiz\u00f3 una consulta con el ministro de Defensa y los l\u00edderes del sistema de seguridad antes de emitir la orden. Esta ma\u00f1ana, se report\u00f3 [&hellip;]<\/p>\n","protected":false},"author":2,"featured_media":182561,"comment_status":"closed","ping_status":"closed","sticky":false,"template":"","format":"standard","meta":{"_monsterinsights_skip_tracking":false,"_monsterinsights_sitenote_active":false,"_monsterinsights_sitenote_note":"","_monsterinsights_sitenote_category":0,"footnotes":""},"categories":[44],"tags":[],"class_list":["post-182560","post","type-post","status-publish","format-standard","has-post-thumbnail","hentry","category-internacional","post--single"],"yoast_head":"<!-- This site is optimized with the Yoast SEO plugin v27.4 - https:\/\/yoast.com\/product\/yoast-seo-wordpress\/ -->\n<title>Netanyahu ordena acciones militares tras violaciones del alto el fuego - Canal 7 SLP - 2025<\/title>\n<meta name=\"robots\" content=\"index, follow, max-snippet:-1, max-image-preview:large, max-video-preview:-1\" \/>\n<link rel=\"canonical\" href=\"https:\/\/canal7slp.tv\/2025\/netanyahu-ordena-acciones-militares-tras-violaciones-del-alto-el-fuego\/\" \/>\n<meta property=\"og:locale\" content=\"es_ES\" \/>\n<meta property=\"og:type\" content=\"article\" \/>\n<meta property=\"og:title\" content=\"Netanyahu ordena acciones militares tras violaciones del alto el fuego - Canal 7 SLP - 2025\" \/>\n<meta property=\"og:description\" content=\"Gaza.- El primer ministro de Israel, Benjam\u00edn Netanyahu, ha ordenado este domingo \u00abactuar en\u00e9rgicamente contra objetivos terroristas\u00bb en la Franja de Gaza, en un contexto de creciente tensi\u00f3n tras la reciente violaci\u00f3n del alto el fuego por parte de Ham\u00e1s. Esta decisi\u00f3n se produce nueve d\u00edas despu\u00e9s de la entrada en vigor del acuerdo de cese de hostilidades, sin que se aclare si este ha llegado a su fin. Seg\u00fan un comunicado de su Oficina, Netanyahu realiz\u00f3 una consulta con el ministro de Defensa y los l\u00edderes del sistema de seguridad antes de emitir la orden. Esta ma\u00f1ana, se report\u00f3 [&hellip;]\" \/>\n<meta property=\"og:url\" content=\"https:\/\/canal7slp.tv\/2025\/netanyahu-ordena-acciones-militares-tras-violaciones-del-alto-el-fuego\/\" \/>\n<meta property=\"og:site_name\" content=\"Canal 7 SLP - 2025\" \/>\n<meta property=\"article:publisher\" content=\"https:\/\/www.facebook.com\/noticieroscanal7atencionciudadana\/\" \/>\n<meta property=\"article:published_time\" content=\"2025-10-19T17:17:00+00:00\" \/>\n<meta property=\"og:image\" content=\"https:\/\/canal7slp.tv\/2025\/wp-content\/uploads\/2025\/10\/08-18.jpg\" \/>\n\t<meta property=\"og:image:width\" content=\"888\" \/>\n\t<meta property=\"og:image:height\" content=\"500\" \/>\n\t<meta property=\"og:image:type\" content=\"image\/jpeg\" \/>\n<meta name=\"author\" content=\"Edici\u00f3n Web\" \/>\n<meta name=\"twitter:card\" content=\"summary_large_image\" \/>\n<meta name=\"twitter:creator\" content=\"@NOTICIEROS7\" \/>\n<meta name=\"twitter:site\" content=\"@NOTICIEROS7\" \/>\n<meta name=\"twitter:label1\" content=\"Escrito por\" \/>\n\t<meta name=\"twitter:data1\" content=\"Edici\u00f3n Web\" \/>\n\t<meta name=\"twitter:label2\" content=\"Tiempo de lectura\" \/>\n\t<meta name=\"twitter:data2\" content=\"2 minutos\" \/>\n<script type=\"application\/ld+json\" class=\"yoast-schema-graph\">{\"@context\":\"https:\\\/\\\/schema.org\",\"@graph\":[{\"@type\":\"Article\",\"@id\":\"https:\\\/\\\/canal7slp.tv\\\/2025\\\/netanyahu-ordena-acciones-militares-tras-violaciones-del-alto-el-fuego\\\/#article\",\"isPartOf\":{\"@id\":\"https:\\\/\\\/canal7slp.tv\\\/2025\\\/netanyahu-ordena-acciones-militares-tras-violaciones-del-alto-el-fuego\\\/\"},\"author\":{\"name\":\"Edici\u00f3n Web\",\"@id\":\"https:\\\/\\\/canal7slp.tv\\\/2025\\\/#\\\/schema\\\/person\\\/271e2b60a96e7cc9d9ac296f4d7e414b\"},\"headline\":\"Netanyahu ordena acciones militares tras violaciones del alto el fuego\",\"datePublished\":\"2025-10-19T17:17:00+00:00\",\"mainEntityOfPage\":{\"@id\":\"https:\\\/\\\/canal7slp.tv\\\/2025\\\/netanyahu-ordena-acciones-militares-tras-violaciones-del-alto-el-fuego\\\/\"},\"wordCount\":346,\"publisher\":{\"@id\":\"https:\\\/\\\/canal7slp.tv\\\/2025\\\/#organization\"},\"image\":{\"@id\":\"https:\\\/\\\/canal7slp.tv\\\/2025\\\/netanyahu-ordena-acciones-militares-tras-violaciones-del-alto-el-fuego\\\/#primaryimage\"},\"thumbnailUrl\":\"https:\\\/\\\/canal7slp.tv\\\/2025\\\/wp-content\\\/uploads\\\/2025\\\/10\\\/08-18.jpg\",\"articleSection\":[\"INTERNACIONALES\"],\"inLanguage\":\"es\"},{\"@type\":\"WebPage\",\"@id\":\"https:\\\/\\\/canal7slp.tv\\\/2025\\\/netanyahu-ordena-acciones-militares-tras-violaciones-del-alto-el-fuego\\\/\",\"url\":\"https:\\\/\\\/canal7slp.tv\\\/2025\\\/netanyahu-ordena-acciones-militares-tras-violaciones-del-alto-el-fuego\\\/\",\"name\":\"Netanyahu ordena acciones militares tras violaciones del alto el fuego - Canal 7 SLP - 2025\",\"isPartOf\":{\"@id\":\"https:\\\/\\\/canal7slp.tv\\\/2025\\\/#website\"},\"primaryImageOfPage\":{\"@id\":\"https:\\\/\\\/canal7slp.tv\\\/2025\\\/netanyahu-ordena-acciones-militares-tras-violaciones-del-alto-el-fuego\\\/#primaryimage\"},\"image\":{\"@id\":\"https:\\\/\\\/canal7slp.tv\\\/2025\\\/netanyahu-ordena-acciones-militares-tras-violaciones-del-alto-el-fuego\\\/#primaryimage\"},\"thumbnailUrl\":\"https:\\\/\\\/canal7slp.tv\\\/2025\\\/wp-content\\\/uploads\\\/2025\\\/10\\\/08-18.jpg\",\"datePublished\":\"2025-10-19T17:17:00+00:00\",\"breadcrumb\":{\"@id\":\"https:\\\/\\\/canal7slp.tv\\\/2025\\\/netanyahu-ordena-acciones-militares-tras-violaciones-del-alto-el-fuego\\\/#breadcrumb\"},\"inLanguage\":\"es\",\"potentialAction\":[{\"@type\":\"ReadAction\",\"target\":[\"https:\\\/\\\/canal7slp.tv\\\/2025\\\/netanyahu-ordena-acciones-militares-tras-violaciones-del-alto-el-fuego\\\/\"]}]},{\"@type\":\"ImageObject\",\"inLanguage\":\"es\",\"@id\":\"https:\\\/\\\/canal7slp.tv\\\/2025\\\/netanyahu-ordena-acciones-militares-tras-violaciones-del-alto-el-fuego\\\/#primaryimage\",\"url\":\"https:\\\/\\\/canal7slp.tv\\\/2025\\\/wp-content\\\/uploads\\\/2025\\\/10\\\/08-18.jpg\",\"contentUrl\":\"https:\\\/\\\/canal7slp.tv\\\/2025\\\/wp-content\\\/uploads\\\/2025\\\/10\\\/08-18.jpg\",\"width\":888,\"height\":500},{\"@type\":\"BreadcrumbList\",\"@id\":\"https:\\\/\\\/canal7slp.tv\\\/2025\\\/netanyahu-ordena-acciones-militares-tras-violaciones-del-alto-el-fuego\\\/#breadcrumb\",\"itemListElement\":[{\"@type\":\"ListItem\",\"position\":1,\"name\":\"Portada\",\"item\":\"https:\\\/\\\/canal7slp.tv\\\/2025\\\/\"},{\"@type\":\"ListItem\",\"position\":2,\"name\":\"Netanyahu ordena acciones militares tras violaciones del alto el fuego\"}]},{\"@type\":\"WebSite\",\"@id\":\"https:\\\/\\\/canal7slp.tv\\\/2025\\\/#website\",\"url\":\"https:\\\/\\\/canal7slp.tv\\\/2025\\\/\",\"name\":\"N7 - Noticieros Canal 7\",\"description\":\"Somos el Medio\",\"publisher\":{\"@id\":\"https:\\\/\\\/canal7slp.tv\\\/2025\\\/#organization\"},\"potentialAction\":[{\"@type\":\"SearchAction\",\"target\":{\"@type\":\"EntryPoint\",\"urlTemplate\":\"https:\\\/\\\/canal7slp.tv\\\/2025\\\/?s={search_term_string}\"},\"query-input\":{\"@type\":\"PropertyValueSpecification\",\"valueRequired\":true,\"valueName\":\"search_term_string\"}}],\"inLanguage\":\"es\"},{\"@type\":\"Organization\",\"@id\":\"https:\\\/\\\/canal7slp.tv\\\/2025\\\/#organization\",\"name\":\"Noticieros Canal 7\",\"url\":\"https:\\\/\\\/canal7slp.tv\\\/2025\\\/\",\"logo\":{\"@type\":\"ImageObject\",\"inLanguage\":\"es\",\"@id\":\"https:\\\/\\\/canal7slp.tv\\\/2025\\\/#\\\/schema\\\/logo\\\/image\\\/\",\"url\":\"https:\\\/\\\/canal7slp.tv\\\/2025\\\/wp-content\\\/uploads\\\/2021\\\/01\\\/logo-noticieros@2x.png\",\"contentUrl\":\"https:\\\/\\\/canal7slp.tv\\\/2025\\\/wp-content\\\/uploads\\\/2021\\\/01\\\/logo-noticieros@2x.png\",\"width\":1017,\"height\":268,\"caption\":\"Noticieros Canal 7\"},\"image\":{\"@id\":\"https:\\\/\\\/canal7slp.tv\\\/2025\\\/#\\\/schema\\\/logo\\\/image\\\/\"},\"sameAs\":[\"https:\\\/\\\/www.facebook.com\\\/noticieroscanal7atencionciudadana\\\/\",\"https:\\\/\\\/x.com\\\/NOTICIEROS7\",\"https:\\\/\\\/www.instagram.com\\\/canal7_slp\",\"https:\\\/\\\/www.youtube.com\\\/channel\\\/UCliiYs-gP3JfJeqdPrNdd5A\"]},{\"@type\":\"Person\",\"@id\":\"https:\\\/\\\/canal7slp.tv\\\/2025\\\/#\\\/schema\\\/person\\\/271e2b60a96e7cc9d9ac296f4d7e414b\",\"name\":\"Edici\u00f3n Web\",\"image\":{\"@type\":\"ImageObject\",\"inLanguage\":\"es\",\"@id\":\"https:\\\/\\\/secure.gravatar.com\\\/avatar\\\/eee448fc3f7164808013b816ba91ac7e43bbe82a70bebac296f8bc6f0addaa1a?s=96&d=mm&r=g\",\"url\":\"https:\\\/\\\/secure.gravatar.com\\\/avatar\\\/eee448fc3f7164808013b816ba91ac7e43bbe82a70bebac296f8bc6f0addaa1a?s=96&d=mm&r=g\",\"contentUrl\":\"https:\\\/\\\/secure.gravatar.com\\\/avatar\\\/eee448fc3f7164808013b816ba91ac7e43bbe82a70bebac296f8bc6f0addaa1a?s=96&d=mm&r=g\",\"caption\":\"Edici\u00f3n Web\"},\"url\":\"https:\\\/\\\/canal7slp.tv\\\/2025\\\/author\\\/edicionweb\\\/\"}]}<\/script>\n<!-- \/ Yoast SEO plugin. -->","yoast_head_json":{"title":"Netanyahu ordena acciones militares tras violaciones del alto el fuego - Canal 7 SLP - 2025","robots":{"index":"index","follow":"follow","max-snippet":"max-snippet:-1","max-image-preview":"max-image-preview:large","max-video-preview":"max-video-preview:-1"},"canonical":"https:\/\/canal7slp.tv\/2025\/netanyahu-ordena-acciones-militares-tras-violaciones-del-alto-el-fuego\/","og_locale":"es_ES","og_type":"article","og_title":"Netanyahu ordena acciones militares tras violaciones del alto el fuego - Canal 7 SLP - 2025","og_description":"Gaza.- El primer ministro de Israel, Benjam\u00edn Netanyahu, ha ordenado este domingo \u00abactuar en\u00e9rgicamente contra objetivos terroristas\u00bb en la Franja de Gaza, en un contexto de creciente tensi\u00f3n tras la reciente violaci\u00f3n del alto el fuego por parte de Ham\u00e1s. Esta decisi\u00f3n se produce nueve d\u00edas despu\u00e9s de la entrada en vigor del acuerdo de cese de hostilidades, sin que se aclare si este ha llegado a su fin. Seg\u00fan un comunicado de su Oficina, Netanyahu realiz\u00f3 una consulta con el ministro de Defensa y los l\u00edderes del sistema de seguridad antes de emitir la orden. Esta ma\u00f1ana, se report\u00f3 [&hellip;]","og_url":"https:\/\/canal7slp.tv\/2025\/netanyahu-ordena-acciones-militares-tras-violaciones-del-alto-el-fuego\/","og_site_name":"Canal 7 SLP - 2025","article_publisher":"https:\/\/www.facebook.com\/noticieroscanal7atencionciudadana\/","article_published_time":"2025-10-19T17:17:00+00:00","og_image":[{"width":888,"height":500,"url":"https:\/\/canal7slp.tv\/2025\/wp-content\/uploads\/2025\/10\/08-18.jpg","type":"image\/jpeg"}],"author":"Edici\u00f3n Web","twitter_card":"summary_large_image","twitter_creator":"@NOTICIEROS7","twitter_site":"@NOTICIEROS7","twitter_misc":{"Escrito por":"Edici\u00f3n Web","Tiempo de lectura":"2 minutos"},"schema":{"@context":"https:\/\/schema.org","@graph":[{"@type":"Article","@id":"https:\/\/canal7slp.tv\/2025\/netanyahu-ordena-acciones-militares-tras-violaciones-del-alto-el-fuego\/#article","isPartOf":{"@id":"https:\/\/canal7slp.tv\/2025\/netanyahu-ordena-acciones-militares-tras-violaciones-del-alto-el-fuego\/"},"author":{"name":"Edici\u00f3n Web","@id":"https:\/\/canal7slp.tv\/2025\/#\/schema\/person\/271e2b60a96e7cc9d9ac296f4d7e414b"},"headline":"Netanyahu ordena acciones militares tras violaciones del alto el fuego","datePublished":"2025-10-19T17:17:00+00:00","mainEntityOfPage":{"@id":"https:\/\/canal7slp.tv\/2025\/netanyahu-ordena-acciones-militares-tras-violaciones-del-alto-el-fuego\/"},"wordCount":346,"publisher":{"@id":"https:\/\/canal7slp.tv\/2025\/#organization"},"image":{"@id":"https:\/\/canal7slp.tv\/2025\/netanyahu-ordena-acciones-militares-tras-violaciones-del-alto-el-fuego\/#primaryimage"},"thumbnailUrl":"https:\/\/canal7slp.tv\/2025\/wp-content\/uploads\/2025\/10\/08-18.jpg","articleSection":["INTERNACIONALES"],"inLanguage":"es"},{"@type":"WebPage","@id":"https:\/\/canal7slp.tv\/2025\/netanyahu-ordena-acciones-militares-tras-violaciones-del-alto-el-fuego\/","url":"https:\/\/canal7slp.tv\/2025\/netanyahu-ordena-acciones-militares-tras-violaciones-del-alto-el-fuego\/","name":"Netanyahu ordena acciones militares tras violaciones del alto el fuego - Canal 7 SLP - 2025","isPartOf":{"@id":"https:\/\/canal7slp.tv\/2025\/#website"},"primaryImageOfPage":{"@id":"https:\/\/canal7slp.tv\/2025\/netanyahu-ordena-acciones-militares-tras-violaciones-del-alto-el-fuego\/#primaryimage"},"image":{"@id":"https:\/\/canal7slp.tv\/2025\/netanyahu-ordena-acciones-militares-tras-violaciones-del-alto-el-fuego\/#primaryimage"},"thumbnailUrl":"https:\/\/canal7slp.tv\/2025\/wp-content\/uploads\/2025\/10\/08-18.jpg","datePublished":"2025-10-19T17:17:00+00:00","breadcrumb":{"@id":"https:\/\/canal7slp.tv\/2025\/netanyahu-ordena-acciones-militares-tras-violaciones-del-alto-el-fuego\/#breadcrumb"},"inLanguage":"es","potentialAction":[{"@type":"ReadAction","target":["https:\/\/canal7slp.tv\/2025\/netanyahu-ordena-acciones-militares-tras-violaciones-del-alto-el-fuego\/"]}]},{"@type":"ImageObject","inLanguage":"es","@id":"https:\/\/canal7slp.tv\/2025\/netanyahu-ordena-acciones-militares-tras-violaciones-del-alto-el-fuego\/#primaryimage","url":"https:\/\/canal7slp.tv\/2025\/wp-content\/uploads\/2025\/10\/08-18.jpg","contentUrl":"https:\/\/canal7slp.tv\/2025\/wp-content\/uploads\/2025\/10\/08-18.jpg","width":888,"height":500},{"@type":"BreadcrumbList","@id":"https:\/\/canal7slp.tv\/2025\/netanyahu-ordena-acciones-militares-tras-violaciones-del-alto-el-fuego\/#breadcrumb","itemListElement":[{"@type":"ListItem","position":1,"name":"Portada","item":"https:\/\/canal7slp.tv\/2025\/"},{"@type":"ListItem","position":2,"name":"Netanyahu ordena acciones militares tras violaciones del alto el fuego"}]},{"@type":"WebSite","@id":"https:\/\/canal7slp.tv\/2025\/#website","url":"https:\/\/canal7slp.tv\/2025\/","name":"N7 - Noticieros Canal 7","description":"Somos el Medio","publisher":{"@id":"https:\/\/canal7slp.tv\/2025\/#organization"},"potentialAction":[{"@type":"SearchAction","target":{"@type":"EntryPoint","urlTemplate":"https:\/\/canal7slp.tv\/2025\/?s={search_term_string}"},"query-input":{"@type":"PropertyValueSpecification","valueRequired":true,"valueName":"search_term_string"}}],"inLanguage":"es"},{"@type":"Organization","@id":"https:\/\/canal7slp.tv\/2025\/#organization","name":"Noticieros Canal 7","url":"https:\/\/canal7slp.tv\/2025\/","logo":{"@type":"ImageObject","inLanguage":"es","@id":"https:\/\/canal7slp.tv\/2025\/#\/schema\/logo\/image\/","url":"https:\/\/canal7slp.tv\/2025\/wp-content\/uploads\/2021\/01\/logo-noticieros@2x.png","contentUrl":"https:\/\/canal7slp.tv\/2025\/wp-content\/uploads\/2021\/01\/logo-noticieros@2x.png","width":1017,"height":268,"caption":"Noticieros Canal 7"},"image":{"@id":"https:\/\/canal7slp.tv\/2025\/#\/schema\/logo\/image\/"},"sameAs":["https:\/\/www.facebook.com\/noticieroscanal7atencionciudadana\/","https:\/\/x.com\/NOTICIEROS7","https:\/\/www.instagram.com\/canal7_slp","https:\/\/www.youtube.com\/channel\/UCliiYs-gP3JfJeqdPrNdd5A"]},{"@type":"Person","@id":"https:\/\/canal7slp.tv\/2025\/#\/schema\/person\/271e2b60a96e7cc9d9ac296f4d7e414b","name":"Edici\u00f3n Web","image":{"@type":"ImageObject","inLanguage":"es","@id":"https:\/\/secure.gravatar.com\/avatar\/eee448fc3f7164808013b816ba91ac7e43bbe82a70bebac296f8bc6f0addaa1a?s=96&d=mm&r=g","url":"https:\/\/secure.gravatar.com\/avatar\/eee448fc3f7164808013b816ba91ac7e43bbe82a70bebac296f8bc6f0addaa1a?s=96&d=mm&r=g","contentUrl":"https:\/\/secure.gravatar.com\/avatar\/eee448fc3f7164808013b816ba91ac7e43bbe82a70bebac296f8bc6f0addaa1a?s=96&d=mm&r=g","caption":"Edici\u00f3n Web"},"url":"https:\/\/canal7slp.tv\/2025\/author\/edicionweb\/"}]}},"_links":{"self":[{"href":"https:\/\/canal7slp.tv\/2025\/wp-json\/wp\/v2\/posts\/182560","targetHints":{"allow":["GET"]}}],"collection":[{"href":"https:\/\/canal7slp.tv\/2025\/wp-json\/wp\/v2\/posts"}],"about":[{"href":"https:\/\/canal7slp.tv\/2025\/wp-json\/wp\/v2\/types\/post"}],"author":[{"embeddable":true,"href":"https:\/\/canal7slp.tv\/2025\/wp-json\/wp\/v2\/users\/2"}],"replies":[{"embeddable":true,"href":"https:\/\/canal7slp.tv\/2025\/wp-json\/wp\/v2\/comments?post=182560"}],"version-history":[{"count":1,"href":"https:\/\/canal7slp.tv\/2025\/wp-json\/wp\/v2\/posts\/182560\/revisions"}],"predecessor-version":[{"id":182562,"href":"https:\/\/canal7slp.tv\/2025\/wp-json\/wp\/v2\/posts\/182560\/revisions\/182562"}],"wp:featuredmedia":[{"embeddable":true,"href":"https:\/\/canal7slp.tv\/2025\/wp-json\/wp\/v2\/media\/182561"}],"wp:attachment":[{"href":"https:\/\/canal7slp.tv\/2025\/wp-json\/wp\/v2\/media?parent=182560"}],"wp:term":[{"taxonomy":"category","embeddable":true,"href":"https:\/\/canal7slp.tv\/2025\/wp-json\/wp\/v2\/categories?post=182560"},{"taxonomy":"post_tag","embeddable":true,"href":"https:\/\/canal7slp.tv\/2025\/wp-json\/wp\/v2\/tags?post=182560"}],"curies":[{"name":"wp","href":"https:\/\/api.w.org\/{rel}","templated":true}]}}