{"id":182545,"date":"2025-10-19T10:31:09","date_gmt":"2025-10-19T16:31:09","guid":{"rendered":"https:\/\/canal7slp.tv\/2025\/?p=182545"},"modified":"2025-10-19T10:31:09","modified_gmt":"2025-10-19T16:31:09","slug":"cancer-de-mama-en-hombres-una-enfermedad-poco-visible-pero-real","status":"publish","type":"post","link":"https:\/\/canal7slp.tv\/2025\/cancer-de-mama-en-hombres-una-enfermedad-poco-visible-pero-real\/","title":{"rendered":"C\u00e1ncer de Mama en hombres, una enfermedad poco visible, pero real"},"content":{"rendered":"<p style=\"text-align: justify;\">M\u00e9xico.- En M\u00e9xico, 42 hombres murieron por esta causa en 2023; expertos llaman a una mayor conciencia y diagn\u00f3stico temprano<\/p>\n<p style=\"text-align: justify;\">Aunque el c\u00e1ncer de mama se asocia casi exclusivamente con las mujeres, los hombres tambi\u00e9n pueden padecerlo, aunque en una proporci\u00f3n mucho menor. De acuerdo con datos oficiales, solo entre el 0.5% y el 1% de los casos se presentan en varones.<\/p>\n<p style=\"text-align: justify;\">En M\u00e9xico, durante 2023 se registraron 8,034 muertes por c\u00e1ncer de mama, de las cuales 42 correspondieron a hombres. Esta baja incidencia ha contribuido a su invisibilidad m\u00e9dica y social, lo que dificulta el diagn\u00f3stico oportuno y puede agravar los casos.<\/p>\n<p style=\"text-align: justify;\">La Organizaci\u00f3n Mundial de la Salud (OMS) define el c\u00e1ncer de mama como una enfermedad caracterizada por la multiplicaci\u00f3n descontrolada de c\u00e9lulas en el tejido mamario, que puede ser mortal si no se trata a tiempo. Dado que todas las personas poseen tejido mamario, la enfermedad no es exclusiva del sexo femenino.<\/p>\n<p style=\"text-align: justify;\">De acuerdo con la onc\u00f3loga Kathryn J. Ruddy, los principales factores de riesgo en hombres incluyen la edad (ya que el diagn\u00f3stico es m\u00e1s frecuente a partir de los 60 a\u00f1os) y los antecedentes familiares, especialmente si existen mutaciones gen\u00e9ticas como BRCA1 y BRCA2.<\/p>\n<p style=\"text-align: justify;\">Otros factores asociados son el s\u00edndrome de Klinefelter, la exposici\u00f3n a radiaci\u00f3n en el t\u00f3rax, enfermedades hep\u00e1ticas, afecciones testiculares y el sobrepeso. Las diferencias hormonales entre hombres y mujeres tambi\u00e9n explicar\u00edan la menor frecuencia de esta enfermedad en varones.<\/p>\n<p style=\"text-align: justify;\">Los especialistas recomiendan vigilar cualquier cambio en el tejido mamario, como bultos, secreciones o alteraciones en la piel cerca del pez\u00f3n, y acudir al m\u00e9dico ante cualquier anomal\u00eda. El diagn\u00f3stico temprano mejora significativamente el pron\u00f3stico, permitiendo aplicar tratamientos eficaces como cirug\u00eda, quimioterapia, terapia hormonal o radioterapia.<\/p>\n","protected":false},"excerpt":{"rendered":"<p>M\u00e9xico.- En M\u00e9xico, 42 hombres murieron por esta causa en 2023; expertos llaman a una mayor conciencia y diagn\u00f3stico temprano Aunque el c\u00e1ncer de mama se asocia casi exclusivamente con las mujeres, los hombres tambi\u00e9n pueden padecerlo, aunque en una proporci\u00f3n mucho menor. De acuerdo con datos oficiales, solo entre el 0.5% y el 1% de los casos se presentan en varones. En M\u00e9xico, durante 2023 se registraron 8,034 muertes por c\u00e1ncer de mama, de las cuales 42 correspondieron a hombres. Esta baja incidencia ha contribuido a su invisibilidad m\u00e9dica y social, lo que dificulta el diagn\u00f3stico oportuno y puede [&hellip;]<\/p>\n","protected":false},"author":2,"featured_media":182546,"comment_status":"closed","ping_status":"closed","sticky":false,"template":"","format":"standard","meta":{"_monsterinsights_skip_tracking":false,"_monsterinsights_sitenote_active":false,"_monsterinsights_sitenote_note":"","_monsterinsights_sitenote_category":0,"footnotes":""},"categories":[46],"tags":[],"class_list":["post-182545","post","type-post","status-publish","format-standard","has-post-thumbnail","hentry","category-nacional","post--single"],"yoast_head":"<!-- This site is optimized with the Yoast SEO plugin v27.5 - https:\/\/yoast.com\/product\/yoast-seo-wordpress\/ -->\n<title>C\u00e1ncer de Mama en hombres, una enfermedad poco visible, pero real - Canal 7 SLP - 2025<\/title>\n<meta name=\"robots\" content=\"index, follow, max-snippet:-1, max-image-preview:large, max-video-preview:-1\" \/>\n<link rel=\"canonical\" href=\"https:\/\/canal7slp.tv\/2025\/cancer-de-mama-en-hombres-una-enfermedad-poco-visible-pero-real\/\" \/>\n<meta property=\"og:locale\" content=\"es_ES\" \/>\n<meta property=\"og:type\" content=\"article\" \/>\n<meta property=\"og:title\" content=\"C\u00e1ncer de Mama en hombres, una enfermedad poco visible, pero real - Canal 7 SLP - 2025\" \/>\n<meta property=\"og:description\" content=\"M\u00e9xico.- En M\u00e9xico, 42 hombres murieron por esta causa en 2023; expertos llaman a una mayor conciencia y diagn\u00f3stico temprano Aunque el c\u00e1ncer de mama se asocia casi exclusivamente con las mujeres, los hombres tambi\u00e9n pueden padecerlo, aunque en una proporci\u00f3n mucho menor. De acuerdo con datos oficiales, solo entre el 0.5% y el 1% de los casos se presentan en varones. En M\u00e9xico, durante 2023 se registraron 8,034 muertes por c\u00e1ncer de mama, de las cuales 42 correspondieron a hombres. Esta baja incidencia ha contribuido a su invisibilidad m\u00e9dica y social, lo que dificulta el diagn\u00f3stico oportuno y puede [&hellip;]\" \/>\n<meta property=\"og:url\" content=\"https:\/\/canal7slp.tv\/2025\/cancer-de-mama-en-hombres-una-enfermedad-poco-visible-pero-real\/\" \/>\n<meta property=\"og:site_name\" content=\"Canal 7 SLP - 2025\" \/>\n<meta property=\"article:publisher\" content=\"https:\/\/www.facebook.com\/noticieroscanal7atencionciudadana\/\" \/>\n<meta property=\"article:published_time\" content=\"2025-10-19T16:31:09+00:00\" \/>\n<meta property=\"og:image\" content=\"https:\/\/canal7slp.tv\/2025\/wp-content\/uploads\/2025\/10\/03-19.jpg\" \/>\n\t<meta property=\"og:image:width\" content=\"803\" \/>\n\t<meta property=\"og:image:height\" content=\"500\" \/>\n\t<meta property=\"og:image:type\" content=\"image\/jpeg\" \/>\n<meta name=\"author\" content=\"Edici\u00f3n Web\" \/>\n<meta name=\"twitter:card\" content=\"summary_large_image\" \/>\n<meta name=\"twitter:creator\" content=\"@NOTICIEROS7\" \/>\n<meta name=\"twitter:site\" content=\"@NOTICIEROS7\" \/>\n<meta name=\"twitter:label1\" content=\"Escrito por\" \/>\n\t<meta name=\"twitter:data1\" content=\"Edici\u00f3n Web\" \/>\n\t<meta name=\"twitter:label2\" content=\"Tiempo de lectura\" \/>\n\t<meta name=\"twitter:data2\" content=\"2 minutos\" \/>\n<script type=\"application\/ld+json\" class=\"yoast-schema-graph\">{\"@context\":\"https:\\\/\\\/schema.org\",\"@graph\":[{\"@type\":\"Article\",\"@id\":\"https:\\\/\\\/canal7slp.tv\\\/2025\\\/cancer-de-mama-en-hombres-una-enfermedad-poco-visible-pero-real\\\/#article\",\"isPartOf\":{\"@id\":\"https:\\\/\\\/canal7slp.tv\\\/2025\\\/cancer-de-mama-en-hombres-una-enfermedad-poco-visible-pero-real\\\/\"},\"author\":{\"name\":\"Edici\u00f3n Web\",\"@id\":\"https:\\\/\\\/canal7slp.tv\\\/2025\\\/#\\\/schema\\\/person\\\/271e2b60a96e7cc9d9ac296f4d7e414b\"},\"headline\":\"C\u00e1ncer de Mama en hombres, una enfermedad poco visible, pero real\",\"datePublished\":\"2025-10-19T16:31:09+00:00\",\"mainEntityOfPage\":{\"@id\":\"https:\\\/\\\/canal7slp.tv\\\/2025\\\/cancer-de-mama-en-hombres-una-enfermedad-poco-visible-pero-real\\\/\"},\"wordCount\":321,\"publisher\":{\"@id\":\"https:\\\/\\\/canal7slp.tv\\\/2025\\\/#organization\"},\"image\":{\"@id\":\"https:\\\/\\\/canal7slp.tv\\\/2025\\\/cancer-de-mama-en-hombres-una-enfermedad-poco-visible-pero-real\\\/#primaryimage\"},\"thumbnailUrl\":\"https:\\\/\\\/canal7slp.tv\\\/2025\\\/wp-content\\\/uploads\\\/2025\\\/10\\\/03-19.jpg\",\"articleSection\":[\"NACIONALES\"],\"inLanguage\":\"es\"},{\"@type\":\"WebPage\",\"@id\":\"https:\\\/\\\/canal7slp.tv\\\/2025\\\/cancer-de-mama-en-hombres-una-enfermedad-poco-visible-pero-real\\\/\",\"url\":\"https:\\\/\\\/canal7slp.tv\\\/2025\\\/cancer-de-mama-en-hombres-una-enfermedad-poco-visible-pero-real\\\/\",\"name\":\"C\u00e1ncer de Mama en hombres, una enfermedad poco visible, pero real - Canal 7 SLP - 2025\",\"isPartOf\":{\"@id\":\"https:\\\/\\\/canal7slp.tv\\\/2025\\\/#website\"},\"primaryImageOfPage\":{\"@id\":\"https:\\\/\\\/canal7slp.tv\\\/2025\\\/cancer-de-mama-en-hombres-una-enfermedad-poco-visible-pero-real\\\/#primaryimage\"},\"image\":{\"@id\":\"https:\\\/\\\/canal7slp.tv\\\/2025\\\/cancer-de-mama-en-hombres-una-enfermedad-poco-visible-pero-real\\\/#primaryimage\"},\"thumbnailUrl\":\"https:\\\/\\\/canal7slp.tv\\\/2025\\\/wp-content\\\/uploads\\\/2025\\\/10\\\/03-19.jpg\",\"datePublished\":\"2025-10-19T16:31:09+00:00\",\"breadcrumb\":{\"@id\":\"https:\\\/\\\/canal7slp.tv\\\/2025\\\/cancer-de-mama-en-hombres-una-enfermedad-poco-visible-pero-real\\\/#breadcrumb\"},\"inLanguage\":\"es\",\"potentialAction\":[{\"@type\":\"ReadAction\",\"target\":[\"https:\\\/\\\/canal7slp.tv\\\/2025\\\/cancer-de-mama-en-hombres-una-enfermedad-poco-visible-pero-real\\\/\"]}]},{\"@type\":\"ImageObject\",\"inLanguage\":\"es\",\"@id\":\"https:\\\/\\\/canal7slp.tv\\\/2025\\\/cancer-de-mama-en-hombres-una-enfermedad-poco-visible-pero-real\\\/#primaryimage\",\"url\":\"https:\\\/\\\/canal7slp.tv\\\/2025\\\/wp-content\\\/uploads\\\/2025\\\/10\\\/03-19.jpg\",\"contentUrl\":\"https:\\\/\\\/canal7slp.tv\\\/2025\\\/wp-content\\\/uploads\\\/2025\\\/10\\\/03-19.jpg\",\"width\":803,\"height\":500},{\"@type\":\"BreadcrumbList\",\"@id\":\"https:\\\/\\\/canal7slp.tv\\\/2025\\\/cancer-de-mama-en-hombres-una-enfermedad-poco-visible-pero-real\\\/#breadcrumb\",\"itemListElement\":[{\"@type\":\"ListItem\",\"position\":1,\"name\":\"Portada\",\"item\":\"https:\\\/\\\/canal7slp.tv\\\/2025\\\/\"},{\"@type\":\"ListItem\",\"position\":2,\"name\":\"C\u00e1ncer de Mama en hombres, una enfermedad poco visible, pero real\"}]},{\"@type\":\"WebSite\",\"@id\":\"https:\\\/\\\/canal7slp.tv\\\/2025\\\/#website\",\"url\":\"https:\\\/\\\/canal7slp.tv\\\/2025\\\/\",\"name\":\"N7 - Noticieros Canal 7\",\"description\":\"Somos el Medio\",\"publisher\":{\"@id\":\"https:\\\/\\\/canal7slp.tv\\\/2025\\\/#organization\"},\"potentialAction\":[{\"@type\":\"SearchAction\",\"target\":{\"@type\":\"EntryPoint\",\"urlTemplate\":\"https:\\\/\\\/canal7slp.tv\\\/2025\\\/?s={search_term_string}\"},\"query-input\":{\"@type\":\"PropertyValueSpecification\",\"valueRequired\":true,\"valueName\":\"search_term_string\"}}],\"inLanguage\":\"es\"},{\"@type\":\"Organization\",\"@id\":\"https:\\\/\\\/canal7slp.tv\\\/2025\\\/#organization\",\"name\":\"Noticieros Canal 7\",\"url\":\"https:\\\/\\\/canal7slp.tv\\\/2025\\\/\",\"logo\":{\"@type\":\"ImageObject\",\"inLanguage\":\"es\",\"@id\":\"https:\\\/\\\/canal7slp.tv\\\/2025\\\/#\\\/schema\\\/logo\\\/image\\\/\",\"url\":\"https:\\\/\\\/canal7slp.tv\\\/2025\\\/wp-content\\\/uploads\\\/2021\\\/01\\\/logo-noticieros@2x.png\",\"contentUrl\":\"https:\\\/\\\/canal7slp.tv\\\/2025\\\/wp-content\\\/uploads\\\/2021\\\/01\\\/logo-noticieros@2x.png\",\"width\":1017,\"height\":268,\"caption\":\"Noticieros Canal 7\"},\"image\":{\"@id\":\"https:\\\/\\\/canal7slp.tv\\\/2025\\\/#\\\/schema\\\/logo\\\/image\\\/\"},\"sameAs\":[\"https:\\\/\\\/www.facebook.com\\\/noticieroscanal7atencionciudadana\\\/\",\"https:\\\/\\\/x.com\\\/NOTICIEROS7\",\"https:\\\/\\\/www.instagram.com\\\/canal7_slp\",\"https:\\\/\\\/www.youtube.com\\\/channel\\\/UCliiYs-gP3JfJeqdPrNdd5A\"]},{\"@type\":\"Person\",\"@id\":\"https:\\\/\\\/canal7slp.tv\\\/2025\\\/#\\\/schema\\\/person\\\/271e2b60a96e7cc9d9ac296f4d7e414b\",\"name\":\"Edici\u00f3n Web\",\"image\":{\"@type\":\"ImageObject\",\"inLanguage\":\"es\",\"@id\":\"https:\\\/\\\/secure.gravatar.com\\\/avatar\\\/eee448fc3f7164808013b816ba91ac7e43bbe82a70bebac296f8bc6f0addaa1a?s=96&d=mm&r=g\",\"url\":\"https:\\\/\\\/secure.gravatar.com\\\/avatar\\\/eee448fc3f7164808013b816ba91ac7e43bbe82a70bebac296f8bc6f0addaa1a?s=96&d=mm&r=g\",\"contentUrl\":\"https:\\\/\\\/secure.gravatar.com\\\/avatar\\\/eee448fc3f7164808013b816ba91ac7e43bbe82a70bebac296f8bc6f0addaa1a?s=96&d=mm&r=g\",\"caption\":\"Edici\u00f3n Web\"},\"url\":\"https:\\\/\\\/canal7slp.tv\\\/2025\\\/author\\\/edicionweb\\\/\"}]}<\/script>\n<!-- \/ Yoast SEO plugin. -->","yoast_head_json":{"title":"C\u00e1ncer de Mama en hombres, una enfermedad poco visible, pero real - Canal 7 SLP - 2025","robots":{"index":"index","follow":"follow","max-snippet":"max-snippet:-1","max-image-preview":"max-image-preview:large","max-video-preview":"max-video-preview:-1"},"canonical":"https:\/\/canal7slp.tv\/2025\/cancer-de-mama-en-hombres-una-enfermedad-poco-visible-pero-real\/","og_locale":"es_ES","og_type":"article","og_title":"C\u00e1ncer de Mama en hombres, una enfermedad poco visible, pero real - Canal 7 SLP - 2025","og_description":"M\u00e9xico.- En M\u00e9xico, 42 hombres murieron por esta causa en 2023; expertos llaman a una mayor conciencia y diagn\u00f3stico temprano Aunque el c\u00e1ncer de mama se asocia casi exclusivamente con las mujeres, los hombres tambi\u00e9n pueden padecerlo, aunque en una proporci\u00f3n mucho menor. De acuerdo con datos oficiales, solo entre el 0.5% y el 1% de los casos se presentan en varones. En M\u00e9xico, durante 2023 se registraron 8,034 muertes por c\u00e1ncer de mama, de las cuales 42 correspondieron a hombres. Esta baja incidencia ha contribuido a su invisibilidad m\u00e9dica y social, lo que dificulta el diagn\u00f3stico oportuno y puede [&hellip;]","og_url":"https:\/\/canal7slp.tv\/2025\/cancer-de-mama-en-hombres-una-enfermedad-poco-visible-pero-real\/","og_site_name":"Canal 7 SLP - 2025","article_publisher":"https:\/\/www.facebook.com\/noticieroscanal7atencionciudadana\/","article_published_time":"2025-10-19T16:31:09+00:00","og_image":[{"width":803,"height":500,"url":"https:\/\/canal7slp.tv\/2025\/wp-content\/uploads\/2025\/10\/03-19.jpg","type":"image\/jpeg"}],"author":"Edici\u00f3n Web","twitter_card":"summary_large_image","twitter_creator":"@NOTICIEROS7","twitter_site":"@NOTICIEROS7","twitter_misc":{"Escrito por":"Edici\u00f3n Web","Tiempo de lectura":"2 minutos"},"schema":{"@context":"https:\/\/schema.org","@graph":[{"@type":"Article","@id":"https:\/\/canal7slp.tv\/2025\/cancer-de-mama-en-hombres-una-enfermedad-poco-visible-pero-real\/#article","isPartOf":{"@id":"https:\/\/canal7slp.tv\/2025\/cancer-de-mama-en-hombres-una-enfermedad-poco-visible-pero-real\/"},"author":{"name":"Edici\u00f3n Web","@id":"https:\/\/canal7slp.tv\/2025\/#\/schema\/person\/271e2b60a96e7cc9d9ac296f4d7e414b"},"headline":"C\u00e1ncer de Mama en hombres, una enfermedad poco visible, pero real","datePublished":"2025-10-19T16:31:09+00:00","mainEntityOfPage":{"@id":"https:\/\/canal7slp.tv\/2025\/cancer-de-mama-en-hombres-una-enfermedad-poco-visible-pero-real\/"},"wordCount":321,"publisher":{"@id":"https:\/\/canal7slp.tv\/2025\/#organization"},"image":{"@id":"https:\/\/canal7slp.tv\/2025\/cancer-de-mama-en-hombres-una-enfermedad-poco-visible-pero-real\/#primaryimage"},"thumbnailUrl":"https:\/\/canal7slp.tv\/2025\/wp-content\/uploads\/2025\/10\/03-19.jpg","articleSection":["NACIONALES"],"inLanguage":"es"},{"@type":"WebPage","@id":"https:\/\/canal7slp.tv\/2025\/cancer-de-mama-en-hombres-una-enfermedad-poco-visible-pero-real\/","url":"https:\/\/canal7slp.tv\/2025\/cancer-de-mama-en-hombres-una-enfermedad-poco-visible-pero-real\/","name":"C\u00e1ncer de Mama en hombres, una enfermedad poco visible, pero real - Canal 7 SLP - 2025","isPartOf":{"@id":"https:\/\/canal7slp.tv\/2025\/#website"},"primaryImageOfPage":{"@id":"https:\/\/canal7slp.tv\/2025\/cancer-de-mama-en-hombres-una-enfermedad-poco-visible-pero-real\/#primaryimage"},"image":{"@id":"https:\/\/canal7slp.tv\/2025\/cancer-de-mama-en-hombres-una-enfermedad-poco-visible-pero-real\/#primaryimage"},"thumbnailUrl":"https:\/\/canal7slp.tv\/2025\/wp-content\/uploads\/2025\/10\/03-19.jpg","datePublished":"2025-10-19T16:31:09+00:00","breadcrumb":{"@id":"https:\/\/canal7slp.tv\/2025\/cancer-de-mama-en-hombres-una-enfermedad-poco-visible-pero-real\/#breadcrumb"},"inLanguage":"es","potentialAction":[{"@type":"ReadAction","target":["https:\/\/canal7slp.tv\/2025\/cancer-de-mama-en-hombres-una-enfermedad-poco-visible-pero-real\/"]}]},{"@type":"ImageObject","inLanguage":"es","@id":"https:\/\/canal7slp.tv\/2025\/cancer-de-mama-en-hombres-una-enfermedad-poco-visible-pero-real\/#primaryimage","url":"https:\/\/canal7slp.tv\/2025\/wp-content\/uploads\/2025\/10\/03-19.jpg","contentUrl":"https:\/\/canal7slp.tv\/2025\/wp-content\/uploads\/2025\/10\/03-19.jpg","width":803,"height":500},{"@type":"BreadcrumbList","@id":"https:\/\/canal7slp.tv\/2025\/cancer-de-mama-en-hombres-una-enfermedad-poco-visible-pero-real\/#breadcrumb","itemListElement":[{"@type":"ListItem","position":1,"name":"Portada","item":"https:\/\/canal7slp.tv\/2025\/"},{"@type":"ListItem","position":2,"name":"C\u00e1ncer de Mama en hombres, una enfermedad poco visible, pero real"}]},{"@type":"WebSite","@id":"https:\/\/canal7slp.tv\/2025\/#website","url":"https:\/\/canal7slp.tv\/2025\/","name":"N7 - Noticieros Canal 7","description":"Somos el Medio","publisher":{"@id":"https:\/\/canal7slp.tv\/2025\/#organization"},"potentialAction":[{"@type":"SearchAction","target":{"@type":"EntryPoint","urlTemplate":"https:\/\/canal7slp.tv\/2025\/?s={search_term_string}"},"query-input":{"@type":"PropertyValueSpecification","valueRequired":true,"valueName":"search_term_string"}}],"inLanguage":"es"},{"@type":"Organization","@id":"https:\/\/canal7slp.tv\/2025\/#organization","name":"Noticieros Canal 7","url":"https:\/\/canal7slp.tv\/2025\/","logo":{"@type":"ImageObject","inLanguage":"es","@id":"https:\/\/canal7slp.tv\/2025\/#\/schema\/logo\/image\/","url":"https:\/\/canal7slp.tv\/2025\/wp-content\/uploads\/2021\/01\/logo-noticieros@2x.png","contentUrl":"https:\/\/canal7slp.tv\/2025\/wp-content\/uploads\/2021\/01\/logo-noticieros@2x.png","width":1017,"height":268,"caption":"Noticieros Canal 7"},"image":{"@id":"https:\/\/canal7slp.tv\/2025\/#\/schema\/logo\/image\/"},"sameAs":["https:\/\/www.facebook.com\/noticieroscanal7atencionciudadana\/","https:\/\/x.com\/NOTICIEROS7","https:\/\/www.instagram.com\/canal7_slp","https:\/\/www.youtube.com\/channel\/UCliiYs-gP3JfJeqdPrNdd5A"]},{"@type":"Person","@id":"https:\/\/canal7slp.tv\/2025\/#\/schema\/person\/271e2b60a96e7cc9d9ac296f4d7e414b","name":"Edici\u00f3n Web","image":{"@type":"ImageObject","inLanguage":"es","@id":"https:\/\/secure.gravatar.com\/avatar\/eee448fc3f7164808013b816ba91ac7e43bbe82a70bebac296f8bc6f0addaa1a?s=96&d=mm&r=g","url":"https:\/\/secure.gravatar.com\/avatar\/eee448fc3f7164808013b816ba91ac7e43bbe82a70bebac296f8bc6f0addaa1a?s=96&d=mm&r=g","contentUrl":"https:\/\/secure.gravatar.com\/avatar\/eee448fc3f7164808013b816ba91ac7e43bbe82a70bebac296f8bc6f0addaa1a?s=96&d=mm&r=g","caption":"Edici\u00f3n Web"},"url":"https:\/\/canal7slp.tv\/2025\/author\/edicionweb\/"}]}},"_links":{"self":[{"href":"https:\/\/canal7slp.tv\/2025\/wp-json\/wp\/v2\/posts\/182545","targetHints":{"allow":["GET"]}}],"collection":[{"href":"https:\/\/canal7slp.tv\/2025\/wp-json\/wp\/v2\/posts"}],"about":[{"href":"https:\/\/canal7slp.tv\/2025\/wp-json\/wp\/v2\/types\/post"}],"author":[{"embeddable":true,"href":"https:\/\/canal7slp.tv\/2025\/wp-json\/wp\/v2\/users\/2"}],"replies":[{"embeddable":true,"href":"https:\/\/canal7slp.tv\/2025\/wp-json\/wp\/v2\/comments?post=182545"}],"version-history":[{"count":1,"href":"https:\/\/canal7slp.tv\/2025\/wp-json\/wp\/v2\/posts\/182545\/revisions"}],"predecessor-version":[{"id":182547,"href":"https:\/\/canal7slp.tv\/2025\/wp-json\/wp\/v2\/posts\/182545\/revisions\/182547"}],"wp:featuredmedia":[{"embeddable":true,"href":"https:\/\/canal7slp.tv\/2025\/wp-json\/wp\/v2\/media\/182546"}],"wp:attachment":[{"href":"https:\/\/canal7slp.tv\/2025\/wp-json\/wp\/v2\/media?parent=182545"}],"wp:term":[{"taxonomy":"category","embeddable":true,"href":"https:\/\/canal7slp.tv\/2025\/wp-json\/wp\/v2\/categories?post=182545"},{"taxonomy":"post_tag","embeddable":true,"href":"https:\/\/canal7slp.tv\/2025\/wp-json\/wp\/v2\/tags?post=182545"}],"curies":[{"name":"wp","href":"https:\/\/api.w.org\/{rel}","templated":true}]}}