{"id":182542,"date":"2025-10-19T10:20:35","date_gmt":"2025-10-19T16:20:35","guid":{"rendered":"https:\/\/canal7slp.tv\/2025\/?p=182542"},"modified":"2025-10-19T10:20:35","modified_gmt":"2025-10-19T16:20:35","slug":"pan-anuncia-reestructuracion-y-nuevo-rumbo-politico","status":"publish","type":"post","link":"https:\/\/canal7slp.tv\/2025\/pan-anuncia-reestructuracion-y-nuevo-rumbo-politico\/","title":{"rendered":"PAN anuncia reestructuraci\u00f3n y nuevo rumbo pol\u00edtico"},"content":{"rendered":"<p style=\"text-align: justify;\">M\u00e9xico.- El Partido Acci\u00f3n Nacional (PAN) realiz\u00f3 un acto de relanzamiento en el que deline\u00f3 una serie de cambios orientados a su modernizaci\u00f3n y a una mayor apertura hacia la ciudadan\u00eda.<\/p>\n<p style=\"text-align: justify;\">En su intervenci\u00f3n, el dirigente nacional del partido, Jorge Romero, se\u00f1al\u00f3 que en esta nueva fase, el futuro del PAN no depender\u00e1 de alianzas con otros partidos pol\u00edticos, haciendo referencia expl\u00edcita a la ruptura de su anterior coalici\u00f3n con el Partido Revolucionario Institucional (PRI).<\/p>\n<p style=\"text-align: justify;\">Como parte de la reestructuraci\u00f3n, se anunci\u00f3 una apertura en los procesos de afiliaci\u00f3n, permitiendo la incorporaci\u00f3n de cualquier ciudadano que se identifique con el partido, sin restricciones internas sobre qui\u00e9n puede o no ser miembro.<\/p>\n<p style=\"text-align: justify;\">En cuanto a los m\u00e9todos de selecci\u00f3n de candidatos, se present\u00f3 un nuevo esquema que combinar\u00e1 elecciones primarias abiertas a la ciudadan\u00eda, la realizaci\u00f3n de estudios cuantitativos y cualitativos, y el voto de los militantes.<\/p>\n","protected":false},"excerpt":{"rendered":"<p>M\u00e9xico.- El Partido Acci\u00f3n Nacional (PAN) realiz\u00f3 un acto de relanzamiento en el que deline\u00f3 una serie de cambios orientados a su modernizaci\u00f3n y a una mayor apertura hacia la ciudadan\u00eda. En su intervenci\u00f3n, el dirigente nacional del partido, Jorge Romero, se\u00f1al\u00f3 que en esta nueva fase, el futuro del PAN no depender\u00e1 de alianzas con otros partidos pol\u00edticos, haciendo referencia expl\u00edcita a la ruptura de su anterior coalici\u00f3n con el Partido Revolucionario Institucional (PRI). Como parte de la reestructuraci\u00f3n, se anunci\u00f3 una apertura en los procesos de afiliaci\u00f3n, permitiendo la incorporaci\u00f3n de cualquier ciudadano que se identifique con el [&hellip;]<\/p>\n","protected":false},"author":2,"featured_media":182543,"comment_status":"closed","ping_status":"closed","sticky":false,"template":"","format":"standard","meta":{"_monsterinsights_skip_tracking":false,"_monsterinsights_sitenote_active":false,"_monsterinsights_sitenote_note":"","_monsterinsights_sitenote_category":0,"footnotes":""},"categories":[46],"tags":[],"class_list":["post-182542","post","type-post","status-publish","format-standard","has-post-thumbnail","hentry","category-nacional","post--single"],"yoast_head":"<!-- This site is optimized with the Yoast SEO plugin v27.5 - https:\/\/yoast.com\/product\/yoast-seo-wordpress\/ -->\n<title>PAN anuncia reestructuraci\u00f3n y nuevo rumbo pol\u00edtico - Canal 7 SLP - 2025<\/title>\n<meta name=\"robots\" content=\"index, follow, max-snippet:-1, max-image-preview:large, max-video-preview:-1\" \/>\n<link rel=\"canonical\" href=\"https:\/\/canal7slp.tv\/2025\/pan-anuncia-reestructuracion-y-nuevo-rumbo-politico\/\" \/>\n<meta property=\"og:locale\" content=\"es_ES\" \/>\n<meta property=\"og:type\" content=\"article\" \/>\n<meta property=\"og:title\" content=\"PAN anuncia reestructuraci\u00f3n y nuevo rumbo pol\u00edtico - Canal 7 SLP - 2025\" \/>\n<meta property=\"og:description\" content=\"M\u00e9xico.- El Partido Acci\u00f3n Nacional (PAN) realiz\u00f3 un acto de relanzamiento en el que deline\u00f3 una serie de cambios orientados a su modernizaci\u00f3n y a una mayor apertura hacia la ciudadan\u00eda. En su intervenci\u00f3n, el dirigente nacional del partido, Jorge Romero, se\u00f1al\u00f3 que en esta nueva fase, el futuro del PAN no depender\u00e1 de alianzas con otros partidos pol\u00edticos, haciendo referencia expl\u00edcita a la ruptura de su anterior coalici\u00f3n con el Partido Revolucionario Institucional (PRI). Como parte de la reestructuraci\u00f3n, se anunci\u00f3 una apertura en los procesos de afiliaci\u00f3n, permitiendo la incorporaci\u00f3n de cualquier ciudadano que se identifique con el [&hellip;]\" \/>\n<meta property=\"og:url\" content=\"https:\/\/canal7slp.tv\/2025\/pan-anuncia-reestructuracion-y-nuevo-rumbo-politico\/\" \/>\n<meta property=\"og:site_name\" content=\"Canal 7 SLP - 2025\" \/>\n<meta property=\"article:publisher\" content=\"https:\/\/www.facebook.com\/noticieroscanal7atencionciudadana\/\" \/>\n<meta property=\"article:published_time\" content=\"2025-10-19T16:20:35+00:00\" \/>\n<meta property=\"og:image\" content=\"https:\/\/canal7slp.tv\/2025\/wp-content\/uploads\/2025\/10\/02-18.jpg\" \/>\n\t<meta property=\"og:image:width\" content=\"786\" \/>\n\t<meta property=\"og:image:height\" content=\"500\" \/>\n\t<meta property=\"og:image:type\" content=\"image\/jpeg\" \/>\n<meta name=\"author\" content=\"Edici\u00f3n Web\" \/>\n<meta name=\"twitter:card\" content=\"summary_large_image\" \/>\n<meta name=\"twitter:creator\" content=\"@NOTICIEROS7\" \/>\n<meta name=\"twitter:site\" content=\"@NOTICIEROS7\" \/>\n<meta name=\"twitter:label1\" content=\"Escrito por\" \/>\n\t<meta name=\"twitter:data1\" content=\"Edici\u00f3n Web\" \/>\n\t<meta name=\"twitter:label2\" content=\"Tiempo de lectura\" \/>\n\t<meta name=\"twitter:data2\" content=\"1 minuto\" \/>\n<script type=\"application\/ld+json\" class=\"yoast-schema-graph\">{\"@context\":\"https:\\\/\\\/schema.org\",\"@graph\":[{\"@type\":\"Article\",\"@id\":\"https:\\\/\\\/canal7slp.tv\\\/2025\\\/pan-anuncia-reestructuracion-y-nuevo-rumbo-politico\\\/#article\",\"isPartOf\":{\"@id\":\"https:\\\/\\\/canal7slp.tv\\\/2025\\\/pan-anuncia-reestructuracion-y-nuevo-rumbo-politico\\\/\"},\"author\":{\"name\":\"Edici\u00f3n Web\",\"@id\":\"https:\\\/\\\/canal7slp.tv\\\/2025\\\/#\\\/schema\\\/person\\\/271e2b60a96e7cc9d9ac296f4d7e414b\"},\"headline\":\"PAN anuncia reestructuraci\u00f3n y nuevo rumbo pol\u00edtico\",\"datePublished\":\"2025-10-19T16:20:35+00:00\",\"mainEntityOfPage\":{\"@id\":\"https:\\\/\\\/canal7slp.tv\\\/2025\\\/pan-anuncia-reestructuracion-y-nuevo-rumbo-politico\\\/\"},\"wordCount\":173,\"publisher\":{\"@id\":\"https:\\\/\\\/canal7slp.tv\\\/2025\\\/#organization\"},\"image\":{\"@id\":\"https:\\\/\\\/canal7slp.tv\\\/2025\\\/pan-anuncia-reestructuracion-y-nuevo-rumbo-politico\\\/#primaryimage\"},\"thumbnailUrl\":\"https:\\\/\\\/canal7slp.tv\\\/2025\\\/wp-content\\\/uploads\\\/2025\\\/10\\\/02-18.jpg\",\"articleSection\":[\"NACIONALES\"],\"inLanguage\":\"es\"},{\"@type\":\"WebPage\",\"@id\":\"https:\\\/\\\/canal7slp.tv\\\/2025\\\/pan-anuncia-reestructuracion-y-nuevo-rumbo-politico\\\/\",\"url\":\"https:\\\/\\\/canal7slp.tv\\\/2025\\\/pan-anuncia-reestructuracion-y-nuevo-rumbo-politico\\\/\",\"name\":\"PAN anuncia reestructuraci\u00f3n y nuevo rumbo pol\u00edtico - Canal 7 SLP - 2025\",\"isPartOf\":{\"@id\":\"https:\\\/\\\/canal7slp.tv\\\/2025\\\/#website\"},\"primaryImageOfPage\":{\"@id\":\"https:\\\/\\\/canal7slp.tv\\\/2025\\\/pan-anuncia-reestructuracion-y-nuevo-rumbo-politico\\\/#primaryimage\"},\"image\":{\"@id\":\"https:\\\/\\\/canal7slp.tv\\\/2025\\\/pan-anuncia-reestructuracion-y-nuevo-rumbo-politico\\\/#primaryimage\"},\"thumbnailUrl\":\"https:\\\/\\\/canal7slp.tv\\\/2025\\\/wp-content\\\/uploads\\\/2025\\\/10\\\/02-18.jpg\",\"datePublished\":\"2025-10-19T16:20:35+00:00\",\"breadcrumb\":{\"@id\":\"https:\\\/\\\/canal7slp.tv\\\/2025\\\/pan-anuncia-reestructuracion-y-nuevo-rumbo-politico\\\/#breadcrumb\"},\"inLanguage\":\"es\",\"potentialAction\":[{\"@type\":\"ReadAction\",\"target\":[\"https:\\\/\\\/canal7slp.tv\\\/2025\\\/pan-anuncia-reestructuracion-y-nuevo-rumbo-politico\\\/\"]}]},{\"@type\":\"ImageObject\",\"inLanguage\":\"es\",\"@id\":\"https:\\\/\\\/canal7slp.tv\\\/2025\\\/pan-anuncia-reestructuracion-y-nuevo-rumbo-politico\\\/#primaryimage\",\"url\":\"https:\\\/\\\/canal7slp.tv\\\/2025\\\/wp-content\\\/uploads\\\/2025\\\/10\\\/02-18.jpg\",\"contentUrl\":\"https:\\\/\\\/canal7slp.tv\\\/2025\\\/wp-content\\\/uploads\\\/2025\\\/10\\\/02-18.jpg\",\"width\":786,\"height\":500},{\"@type\":\"BreadcrumbList\",\"@id\":\"https:\\\/\\\/canal7slp.tv\\\/2025\\\/pan-anuncia-reestructuracion-y-nuevo-rumbo-politico\\\/#breadcrumb\",\"itemListElement\":[{\"@type\":\"ListItem\",\"position\":1,\"name\":\"Portada\",\"item\":\"https:\\\/\\\/canal7slp.tv\\\/2025\\\/\"},{\"@type\":\"ListItem\",\"position\":2,\"name\":\"PAN anuncia reestructuraci\u00f3n y nuevo rumbo pol\u00edtico\"}]},{\"@type\":\"WebSite\",\"@id\":\"https:\\\/\\\/canal7slp.tv\\\/2025\\\/#website\",\"url\":\"https:\\\/\\\/canal7slp.tv\\\/2025\\\/\",\"name\":\"N7 - Noticieros Canal 7\",\"description\":\"Somos el Medio\",\"publisher\":{\"@id\":\"https:\\\/\\\/canal7slp.tv\\\/2025\\\/#organization\"},\"potentialAction\":[{\"@type\":\"SearchAction\",\"target\":{\"@type\":\"EntryPoint\",\"urlTemplate\":\"https:\\\/\\\/canal7slp.tv\\\/2025\\\/?s={search_term_string}\"},\"query-input\":{\"@type\":\"PropertyValueSpecification\",\"valueRequired\":true,\"valueName\":\"search_term_string\"}}],\"inLanguage\":\"es\"},{\"@type\":\"Organization\",\"@id\":\"https:\\\/\\\/canal7slp.tv\\\/2025\\\/#organization\",\"name\":\"Noticieros Canal 7\",\"url\":\"https:\\\/\\\/canal7slp.tv\\\/2025\\\/\",\"logo\":{\"@type\":\"ImageObject\",\"inLanguage\":\"es\",\"@id\":\"https:\\\/\\\/canal7slp.tv\\\/2025\\\/#\\\/schema\\\/logo\\\/image\\\/\",\"url\":\"https:\\\/\\\/canal7slp.tv\\\/2025\\\/wp-content\\\/uploads\\\/2021\\\/01\\\/logo-noticieros@2x.png\",\"contentUrl\":\"https:\\\/\\\/canal7slp.tv\\\/2025\\\/wp-content\\\/uploads\\\/2021\\\/01\\\/logo-noticieros@2x.png\",\"width\":1017,\"height\":268,\"caption\":\"Noticieros Canal 7\"},\"image\":{\"@id\":\"https:\\\/\\\/canal7slp.tv\\\/2025\\\/#\\\/schema\\\/logo\\\/image\\\/\"},\"sameAs\":[\"https:\\\/\\\/www.facebook.com\\\/noticieroscanal7atencionciudadana\\\/\",\"https:\\\/\\\/x.com\\\/NOTICIEROS7\",\"https:\\\/\\\/www.instagram.com\\\/canal7_slp\",\"https:\\\/\\\/www.youtube.com\\\/channel\\\/UCliiYs-gP3JfJeqdPrNdd5A\"]},{\"@type\":\"Person\",\"@id\":\"https:\\\/\\\/canal7slp.tv\\\/2025\\\/#\\\/schema\\\/person\\\/271e2b60a96e7cc9d9ac296f4d7e414b\",\"name\":\"Edici\u00f3n Web\",\"image\":{\"@type\":\"ImageObject\",\"inLanguage\":\"es\",\"@id\":\"https:\\\/\\\/secure.gravatar.com\\\/avatar\\\/eee448fc3f7164808013b816ba91ac7e43bbe82a70bebac296f8bc6f0addaa1a?s=96&d=mm&r=g\",\"url\":\"https:\\\/\\\/secure.gravatar.com\\\/avatar\\\/eee448fc3f7164808013b816ba91ac7e43bbe82a70bebac296f8bc6f0addaa1a?s=96&d=mm&r=g\",\"contentUrl\":\"https:\\\/\\\/secure.gravatar.com\\\/avatar\\\/eee448fc3f7164808013b816ba91ac7e43bbe82a70bebac296f8bc6f0addaa1a?s=96&d=mm&r=g\",\"caption\":\"Edici\u00f3n Web\"},\"url\":\"https:\\\/\\\/canal7slp.tv\\\/2025\\\/author\\\/edicionweb\\\/\"}]}<\/script>\n<!-- \/ Yoast SEO plugin. -->","yoast_head_json":{"title":"PAN anuncia reestructuraci\u00f3n y nuevo rumbo pol\u00edtico - Canal 7 SLP - 2025","robots":{"index":"index","follow":"follow","max-snippet":"max-snippet:-1","max-image-preview":"max-image-preview:large","max-video-preview":"max-video-preview:-1"},"canonical":"https:\/\/canal7slp.tv\/2025\/pan-anuncia-reestructuracion-y-nuevo-rumbo-politico\/","og_locale":"es_ES","og_type":"article","og_title":"PAN anuncia reestructuraci\u00f3n y nuevo rumbo pol\u00edtico - Canal 7 SLP - 2025","og_description":"M\u00e9xico.- El Partido Acci\u00f3n Nacional (PAN) realiz\u00f3 un acto de relanzamiento en el que deline\u00f3 una serie de cambios orientados a su modernizaci\u00f3n y a una mayor apertura hacia la ciudadan\u00eda. En su intervenci\u00f3n, el dirigente nacional del partido, Jorge Romero, se\u00f1al\u00f3 que en esta nueva fase, el futuro del PAN no depender\u00e1 de alianzas con otros partidos pol\u00edticos, haciendo referencia expl\u00edcita a la ruptura de su anterior coalici\u00f3n con el Partido Revolucionario Institucional (PRI). Como parte de la reestructuraci\u00f3n, se anunci\u00f3 una apertura en los procesos de afiliaci\u00f3n, permitiendo la incorporaci\u00f3n de cualquier ciudadano que se identifique con el [&hellip;]","og_url":"https:\/\/canal7slp.tv\/2025\/pan-anuncia-reestructuracion-y-nuevo-rumbo-politico\/","og_site_name":"Canal 7 SLP - 2025","article_publisher":"https:\/\/www.facebook.com\/noticieroscanal7atencionciudadana\/","article_published_time":"2025-10-19T16:20:35+00:00","og_image":[{"width":786,"height":500,"url":"https:\/\/canal7slp.tv\/2025\/wp-content\/uploads\/2025\/10\/02-18.jpg","type":"image\/jpeg"}],"author":"Edici\u00f3n Web","twitter_card":"summary_large_image","twitter_creator":"@NOTICIEROS7","twitter_site":"@NOTICIEROS7","twitter_misc":{"Escrito por":"Edici\u00f3n Web","Tiempo de lectura":"1 minuto"},"schema":{"@context":"https:\/\/schema.org","@graph":[{"@type":"Article","@id":"https:\/\/canal7slp.tv\/2025\/pan-anuncia-reestructuracion-y-nuevo-rumbo-politico\/#article","isPartOf":{"@id":"https:\/\/canal7slp.tv\/2025\/pan-anuncia-reestructuracion-y-nuevo-rumbo-politico\/"},"author":{"name":"Edici\u00f3n Web","@id":"https:\/\/canal7slp.tv\/2025\/#\/schema\/person\/271e2b60a96e7cc9d9ac296f4d7e414b"},"headline":"PAN anuncia reestructuraci\u00f3n y nuevo rumbo pol\u00edtico","datePublished":"2025-10-19T16:20:35+00:00","mainEntityOfPage":{"@id":"https:\/\/canal7slp.tv\/2025\/pan-anuncia-reestructuracion-y-nuevo-rumbo-politico\/"},"wordCount":173,"publisher":{"@id":"https:\/\/canal7slp.tv\/2025\/#organization"},"image":{"@id":"https:\/\/canal7slp.tv\/2025\/pan-anuncia-reestructuracion-y-nuevo-rumbo-politico\/#primaryimage"},"thumbnailUrl":"https:\/\/canal7slp.tv\/2025\/wp-content\/uploads\/2025\/10\/02-18.jpg","articleSection":["NACIONALES"],"inLanguage":"es"},{"@type":"WebPage","@id":"https:\/\/canal7slp.tv\/2025\/pan-anuncia-reestructuracion-y-nuevo-rumbo-politico\/","url":"https:\/\/canal7slp.tv\/2025\/pan-anuncia-reestructuracion-y-nuevo-rumbo-politico\/","name":"PAN anuncia reestructuraci\u00f3n y nuevo rumbo pol\u00edtico - Canal 7 SLP - 2025","isPartOf":{"@id":"https:\/\/canal7slp.tv\/2025\/#website"},"primaryImageOfPage":{"@id":"https:\/\/canal7slp.tv\/2025\/pan-anuncia-reestructuracion-y-nuevo-rumbo-politico\/#primaryimage"},"image":{"@id":"https:\/\/canal7slp.tv\/2025\/pan-anuncia-reestructuracion-y-nuevo-rumbo-politico\/#primaryimage"},"thumbnailUrl":"https:\/\/canal7slp.tv\/2025\/wp-content\/uploads\/2025\/10\/02-18.jpg","datePublished":"2025-10-19T16:20:35+00:00","breadcrumb":{"@id":"https:\/\/canal7slp.tv\/2025\/pan-anuncia-reestructuracion-y-nuevo-rumbo-politico\/#breadcrumb"},"inLanguage":"es","potentialAction":[{"@type":"ReadAction","target":["https:\/\/canal7slp.tv\/2025\/pan-anuncia-reestructuracion-y-nuevo-rumbo-politico\/"]}]},{"@type":"ImageObject","inLanguage":"es","@id":"https:\/\/canal7slp.tv\/2025\/pan-anuncia-reestructuracion-y-nuevo-rumbo-politico\/#primaryimage","url":"https:\/\/canal7slp.tv\/2025\/wp-content\/uploads\/2025\/10\/02-18.jpg","contentUrl":"https:\/\/canal7slp.tv\/2025\/wp-content\/uploads\/2025\/10\/02-18.jpg","width":786,"height":500},{"@type":"BreadcrumbList","@id":"https:\/\/canal7slp.tv\/2025\/pan-anuncia-reestructuracion-y-nuevo-rumbo-politico\/#breadcrumb","itemListElement":[{"@type":"ListItem","position":1,"name":"Portada","item":"https:\/\/canal7slp.tv\/2025\/"},{"@type":"ListItem","position":2,"name":"PAN anuncia reestructuraci\u00f3n y nuevo rumbo pol\u00edtico"}]},{"@type":"WebSite","@id":"https:\/\/canal7slp.tv\/2025\/#website","url":"https:\/\/canal7slp.tv\/2025\/","name":"N7 - Noticieros Canal 7","description":"Somos el Medio","publisher":{"@id":"https:\/\/canal7slp.tv\/2025\/#organization"},"potentialAction":[{"@type":"SearchAction","target":{"@type":"EntryPoint","urlTemplate":"https:\/\/canal7slp.tv\/2025\/?s={search_term_string}"},"query-input":{"@type":"PropertyValueSpecification","valueRequired":true,"valueName":"search_term_string"}}],"inLanguage":"es"},{"@type":"Organization","@id":"https:\/\/canal7slp.tv\/2025\/#organization","name":"Noticieros Canal 7","url":"https:\/\/canal7slp.tv\/2025\/","logo":{"@type":"ImageObject","inLanguage":"es","@id":"https:\/\/canal7slp.tv\/2025\/#\/schema\/logo\/image\/","url":"https:\/\/canal7slp.tv\/2025\/wp-content\/uploads\/2021\/01\/logo-noticieros@2x.png","contentUrl":"https:\/\/canal7slp.tv\/2025\/wp-content\/uploads\/2021\/01\/logo-noticieros@2x.png","width":1017,"height":268,"caption":"Noticieros Canal 7"},"image":{"@id":"https:\/\/canal7slp.tv\/2025\/#\/schema\/logo\/image\/"},"sameAs":["https:\/\/www.facebook.com\/noticieroscanal7atencionciudadana\/","https:\/\/x.com\/NOTICIEROS7","https:\/\/www.instagram.com\/canal7_slp","https:\/\/www.youtube.com\/channel\/UCliiYs-gP3JfJeqdPrNdd5A"]},{"@type":"Person","@id":"https:\/\/canal7slp.tv\/2025\/#\/schema\/person\/271e2b60a96e7cc9d9ac296f4d7e414b","name":"Edici\u00f3n Web","image":{"@type":"ImageObject","inLanguage":"es","@id":"https:\/\/secure.gravatar.com\/avatar\/eee448fc3f7164808013b816ba91ac7e43bbe82a70bebac296f8bc6f0addaa1a?s=96&d=mm&r=g","url":"https:\/\/secure.gravatar.com\/avatar\/eee448fc3f7164808013b816ba91ac7e43bbe82a70bebac296f8bc6f0addaa1a?s=96&d=mm&r=g","contentUrl":"https:\/\/secure.gravatar.com\/avatar\/eee448fc3f7164808013b816ba91ac7e43bbe82a70bebac296f8bc6f0addaa1a?s=96&d=mm&r=g","caption":"Edici\u00f3n Web"},"url":"https:\/\/canal7slp.tv\/2025\/author\/edicionweb\/"}]}},"_links":{"self":[{"href":"https:\/\/canal7slp.tv\/2025\/wp-json\/wp\/v2\/posts\/182542","targetHints":{"allow":["GET"]}}],"collection":[{"href":"https:\/\/canal7slp.tv\/2025\/wp-json\/wp\/v2\/posts"}],"about":[{"href":"https:\/\/canal7slp.tv\/2025\/wp-json\/wp\/v2\/types\/post"}],"author":[{"embeddable":true,"href":"https:\/\/canal7slp.tv\/2025\/wp-json\/wp\/v2\/users\/2"}],"replies":[{"embeddable":true,"href":"https:\/\/canal7slp.tv\/2025\/wp-json\/wp\/v2\/comments?post=182542"}],"version-history":[{"count":1,"href":"https:\/\/canal7slp.tv\/2025\/wp-json\/wp\/v2\/posts\/182542\/revisions"}],"predecessor-version":[{"id":182544,"href":"https:\/\/canal7slp.tv\/2025\/wp-json\/wp\/v2\/posts\/182542\/revisions\/182544"}],"wp:featuredmedia":[{"embeddable":true,"href":"https:\/\/canal7slp.tv\/2025\/wp-json\/wp\/v2\/media\/182543"}],"wp:attachment":[{"href":"https:\/\/canal7slp.tv\/2025\/wp-json\/wp\/v2\/media?parent=182542"}],"wp:term":[{"taxonomy":"category","embeddable":true,"href":"https:\/\/canal7slp.tv\/2025\/wp-json\/wp\/v2\/categories?post=182542"},{"taxonomy":"post_tag","embeddable":true,"href":"https:\/\/canal7slp.tv\/2025\/wp-json\/wp\/v2\/tags?post=182542"}],"curies":[{"name":"wp","href":"https:\/\/api.w.org\/{rel}","templated":true}]}}