{"id":182521,"date":"2025-10-20T11:34:43","date_gmt":"2025-10-20T17:34:43","guid":{"rendered":"https:\/\/canal7slp.tv\/2025\/?p=182521"},"modified":"2025-10-20T11:34:43","modified_gmt":"2025-10-20T17:34:43","slug":"ralentizan-producciones-por-politica-arancelaria-ipac","status":"publish","type":"post","link":"https:\/\/canal7slp.tv\/2025\/ralentizan-producciones-por-politica-arancelaria-ipac\/","title":{"rendered":"Ralentizan producciones, por pol\u00edtica arancelaria: IPAC"},"content":{"rendered":"<p style=\"text-align: justify;\">SLP.- Empresas han reducido productividad en San Luis Potos\u00ed debido a la incertidumbre generada por la negociaci\u00f3n del Tratado M\u00e9xico Canad\u00e1 y Estados Unidos, adem\u00e1s del tema arancelario.<\/p>\n<p style=\"text-align: justify;\">\u201cS\u00ed han bajado algo las producciones, s\u00ed ha causado digamos, entre los aranceles que puso el presidente Trump a los productos voy a decir de todos los pa\u00edses\u201d.<\/p>\n<p style=\"text-align: justify;\">De manera particular los incrementos en aranceles fueron determinantes.<\/p>\n<p style=\"text-align: justify;\">\u201cM\u00e9xico tiene aranceles ahorita en el acero y aluminio, trae el 50%, traemos los aranceles digamos reducidos de estos 90 d\u00edas que mencionaban de 10%, sin duda esto est\u00e1 afectando la econom\u00eda estadounidense y eso va a generar que se sigan ralentizando algunas producciones\u201d.<\/p>\n<p style=\"text-align: justify;\">El coraz\u00f3n de la zona industrial es la vocaci\u00f3n automotriz y es precisamente este rubro uno de los afectados.<\/p>\n<p style=\"text-align: justify;\">\u201cS\u00ed derivado de estos tratados, s\u00ed ha habido algunas plantas sobre todo automotrices que han tenido que hacer algunas disminuciones digamos de producci\u00f3n\u201d.<\/p>\n<p style=\"text-align: justify;\">Otro tema relacionado, es la reducci\u00f3n del crecimiento de las operaciones de cada f\u00e1brica.<\/p>\n<p style=\"text-align: justify;\">\u201cLa incertidumbre lo que est\u00e1 causando de manera m\u00e1s importante es el retraso en inversiones, el empresariado o el empresario en general lo que necesita es tener claras las reglas, una vez teniendo claras las reglas decide si le entra con esas reglas a poner alguna empresas, hacer alguna inversi\u00f3n, ampliar producci\u00f3n o a qu\u00e9 producto entrarle\u201d.<\/p>\n<p style=\"text-align: justify;\">Fue a finales del mes de julio que el presidente de los Estados Unidos de Am\u00e9rica, Donald Trump decret\u00f3 un tiempo de 90 d\u00edas para la negociaci\u00f3n de aranceles con nuestro pa\u00eds, lapso que est\u00e1 por concluir.<\/p>\n<p>Por: Juan Carlos Contreras<\/p>\n","protected":false},"excerpt":{"rendered":"<p>SLP.- Empresas han reducido productividad en San Luis Potos\u00ed debido a la incertidumbre generada por la negociaci\u00f3n del Tratado M\u00e9xico Canad\u00e1 y Estados Unidos, adem\u00e1s del tema arancelario. \u201cS\u00ed han bajado algo las producciones, s\u00ed ha causado digamos, entre los aranceles que puso el presidente Trump a los productos voy a decir de todos los pa\u00edses\u201d. De manera particular los incrementos en aranceles fueron determinantes. \u201cM\u00e9xico tiene aranceles ahorita en el acero y aluminio, trae el 50%, traemos los aranceles digamos reducidos de estos 90 d\u00edas que mencionaban de 10%, sin duda esto est\u00e1 afectando la econom\u00eda estadounidense y eso [&hellip;]<\/p>\n","protected":false},"author":2,"featured_media":182530,"comment_status":"closed","ping_status":"closed","sticky":false,"template":"","format":"video","meta":{"_monsterinsights_skip_tracking":false,"_monsterinsights_sitenote_active":false,"_monsterinsights_sitenote_note":"","_monsterinsights_sitenote_category":0,"footnotes":""},"categories":[5,45],"tags":[],"class_list":["post-182521","post","type-post","status-publish","format-video","has-post-thumbnail","hentry","category-destacadas","category-localesyregionales","post_format-post-format-video","post--single"],"yoast_head":"<!-- This site is optimized with the Yoast SEO plugin v27.4 - https:\/\/yoast.com\/product\/yoast-seo-wordpress\/ -->\n<title>Ralentizan producciones, por pol\u00edtica arancelaria: IPAC - Canal 7 SLP - 2025<\/title>\n<meta name=\"robots\" content=\"index, follow, max-snippet:-1, max-image-preview:large, max-video-preview:-1\" \/>\n<link rel=\"canonical\" href=\"https:\/\/canal7slp.tv\/2025\/ralentizan-producciones-por-politica-arancelaria-ipac\/\" \/>\n<meta property=\"og:locale\" content=\"es_ES\" \/>\n<meta property=\"og:type\" content=\"article\" \/>\n<meta property=\"og:title\" content=\"Ralentizan producciones, por pol\u00edtica arancelaria: IPAC - Canal 7 SLP - 2025\" \/>\n<meta property=\"og:description\" content=\"SLP.- Empresas han reducido productividad en San Luis Potos\u00ed debido a la incertidumbre generada por la negociaci\u00f3n del Tratado M\u00e9xico Canad\u00e1 y Estados Unidos, adem\u00e1s del tema arancelario. \u201cS\u00ed han bajado algo las producciones, s\u00ed ha causado digamos, entre los aranceles que puso el presidente Trump a los productos voy a decir de todos los pa\u00edses\u201d. De manera particular los incrementos en aranceles fueron determinantes. \u201cM\u00e9xico tiene aranceles ahorita en el acero y aluminio, trae el 50%, traemos los aranceles digamos reducidos de estos 90 d\u00edas que mencionaban de 10%, sin duda esto est\u00e1 afectando la econom\u00eda estadounidense y eso [&hellip;]\" \/>\n<meta property=\"og:url\" content=\"https:\/\/canal7slp.tv\/2025\/ralentizan-producciones-por-politica-arancelaria-ipac\/\" \/>\n<meta property=\"og:site_name\" content=\"Canal 7 SLP - 2025\" \/>\n<meta property=\"article:publisher\" content=\"https:\/\/www.facebook.com\/noticieroscanal7atencionciudadana\/\" \/>\n<meta property=\"article:published_time\" content=\"2025-10-20T17:34:43+00:00\" \/>\n<meta property=\"og:image\" content=\"https:\/\/canal7slp.tv\/2025\/wp-content\/uploads\/2025\/10\/Poky01IPACFreno.jpg\" \/>\n\t<meta property=\"og:image:width\" content=\"1280\" \/>\n\t<meta property=\"og:image:height\" content=\"720\" \/>\n\t<meta property=\"og:image:type\" content=\"image\/jpeg\" \/>\n<meta name=\"author\" content=\"Edici\u00f3n Web\" \/>\n<meta name=\"twitter:card\" content=\"summary_large_image\" \/>\n<meta name=\"twitter:creator\" content=\"@NOTICIEROS7\" \/>\n<meta name=\"twitter:site\" content=\"@NOTICIEROS7\" \/>\n<meta name=\"twitter:label1\" content=\"Escrito por\" \/>\n\t<meta name=\"twitter:data1\" content=\"Edici\u00f3n Web\" \/>\n\t<meta name=\"twitter:label2\" content=\"Tiempo de lectura\" \/>\n\t<meta name=\"twitter:data2\" content=\"2 minutos\" \/>\n<script type=\"application\/ld+json\" class=\"yoast-schema-graph\">{\"@context\":\"https:\\\/\\\/schema.org\",\"@graph\":[{\"@type\":\"Article\",\"@id\":\"https:\\\/\\\/canal7slp.tv\\\/2025\\\/ralentizan-producciones-por-politica-arancelaria-ipac\\\/#article\",\"isPartOf\":{\"@id\":\"https:\\\/\\\/canal7slp.tv\\\/2025\\\/ralentizan-producciones-por-politica-arancelaria-ipac\\\/\"},\"author\":{\"name\":\"Edici\u00f3n Web\",\"@id\":\"https:\\\/\\\/canal7slp.tv\\\/2025\\\/#\\\/schema\\\/person\\\/271e2b60a96e7cc9d9ac296f4d7e414b\"},\"headline\":\"Ralentizan producciones, por pol\u00edtica arancelaria: IPAC\",\"datePublished\":\"2025-10-20T17:34:43+00:00\",\"mainEntityOfPage\":{\"@id\":\"https:\\\/\\\/canal7slp.tv\\\/2025\\\/ralentizan-producciones-por-politica-arancelaria-ipac\\\/\"},\"wordCount\":286,\"publisher\":{\"@id\":\"https:\\\/\\\/canal7slp.tv\\\/2025\\\/#organization\"},\"image\":{\"@id\":\"https:\\\/\\\/canal7slp.tv\\\/2025\\\/ralentizan-producciones-por-politica-arancelaria-ipac\\\/#primaryimage\"},\"thumbnailUrl\":\"https:\\\/\\\/canal7slp.tv\\\/2025\\\/wp-content\\\/uploads\\\/2025\\\/10\\\/Poky01IPACFreno.jpg\",\"articleSection\":[\"DESTACADAS\",\"LOCALES Y REGIONALES\"],\"inLanguage\":\"es\"},{\"@type\":\"WebPage\",\"@id\":\"https:\\\/\\\/canal7slp.tv\\\/2025\\\/ralentizan-producciones-por-politica-arancelaria-ipac\\\/\",\"url\":\"https:\\\/\\\/canal7slp.tv\\\/2025\\\/ralentizan-producciones-por-politica-arancelaria-ipac\\\/\",\"name\":\"Ralentizan producciones, por pol\u00edtica arancelaria: IPAC - Canal 7 SLP - 2025\",\"isPartOf\":{\"@id\":\"https:\\\/\\\/canal7slp.tv\\\/2025\\\/#website\"},\"primaryImageOfPage\":{\"@id\":\"https:\\\/\\\/canal7slp.tv\\\/2025\\\/ralentizan-producciones-por-politica-arancelaria-ipac\\\/#primaryimage\"},\"image\":{\"@id\":\"https:\\\/\\\/canal7slp.tv\\\/2025\\\/ralentizan-producciones-por-politica-arancelaria-ipac\\\/#primaryimage\"},\"thumbnailUrl\":\"https:\\\/\\\/canal7slp.tv\\\/2025\\\/wp-content\\\/uploads\\\/2025\\\/10\\\/Poky01IPACFreno.jpg\",\"datePublished\":\"2025-10-20T17:34:43+00:00\",\"breadcrumb\":{\"@id\":\"https:\\\/\\\/canal7slp.tv\\\/2025\\\/ralentizan-producciones-por-politica-arancelaria-ipac\\\/#breadcrumb\"},\"inLanguage\":\"es\",\"potentialAction\":[{\"@type\":\"ReadAction\",\"target\":[\"https:\\\/\\\/canal7slp.tv\\\/2025\\\/ralentizan-producciones-por-politica-arancelaria-ipac\\\/\"]}]},{\"@type\":\"ImageObject\",\"inLanguage\":\"es\",\"@id\":\"https:\\\/\\\/canal7slp.tv\\\/2025\\\/ralentizan-producciones-por-politica-arancelaria-ipac\\\/#primaryimage\",\"url\":\"https:\\\/\\\/canal7slp.tv\\\/2025\\\/wp-content\\\/uploads\\\/2025\\\/10\\\/Poky01IPACFreno.jpg\",\"contentUrl\":\"https:\\\/\\\/canal7slp.tv\\\/2025\\\/wp-content\\\/uploads\\\/2025\\\/10\\\/Poky01IPACFreno.jpg\",\"width\":1280,\"height\":720},{\"@type\":\"BreadcrumbList\",\"@id\":\"https:\\\/\\\/canal7slp.tv\\\/2025\\\/ralentizan-producciones-por-politica-arancelaria-ipac\\\/#breadcrumb\",\"itemListElement\":[{\"@type\":\"ListItem\",\"position\":1,\"name\":\"Portada\",\"item\":\"https:\\\/\\\/canal7slp.tv\\\/2025\\\/\"},{\"@type\":\"ListItem\",\"position\":2,\"name\":\"Ralentizan producciones, por pol\u00edtica arancelaria: IPAC\"}]},{\"@type\":\"WebSite\",\"@id\":\"https:\\\/\\\/canal7slp.tv\\\/2025\\\/#website\",\"url\":\"https:\\\/\\\/canal7slp.tv\\\/2025\\\/\",\"name\":\"N7 - Noticieros Canal 7\",\"description\":\"Somos el Medio\",\"publisher\":{\"@id\":\"https:\\\/\\\/canal7slp.tv\\\/2025\\\/#organization\"},\"potentialAction\":[{\"@type\":\"SearchAction\",\"target\":{\"@type\":\"EntryPoint\",\"urlTemplate\":\"https:\\\/\\\/canal7slp.tv\\\/2025\\\/?s={search_term_string}\"},\"query-input\":{\"@type\":\"PropertyValueSpecification\",\"valueRequired\":true,\"valueName\":\"search_term_string\"}}],\"inLanguage\":\"es\"},{\"@type\":\"Organization\",\"@id\":\"https:\\\/\\\/canal7slp.tv\\\/2025\\\/#organization\",\"name\":\"Noticieros Canal 7\",\"url\":\"https:\\\/\\\/canal7slp.tv\\\/2025\\\/\",\"logo\":{\"@type\":\"ImageObject\",\"inLanguage\":\"es\",\"@id\":\"https:\\\/\\\/canal7slp.tv\\\/2025\\\/#\\\/schema\\\/logo\\\/image\\\/\",\"url\":\"https:\\\/\\\/canal7slp.tv\\\/2025\\\/wp-content\\\/uploads\\\/2021\\\/01\\\/logo-noticieros@2x.png\",\"contentUrl\":\"https:\\\/\\\/canal7slp.tv\\\/2025\\\/wp-content\\\/uploads\\\/2021\\\/01\\\/logo-noticieros@2x.png\",\"width\":1017,\"height\":268,\"caption\":\"Noticieros Canal 7\"},\"image\":{\"@id\":\"https:\\\/\\\/canal7slp.tv\\\/2025\\\/#\\\/schema\\\/logo\\\/image\\\/\"},\"sameAs\":[\"https:\\\/\\\/www.facebook.com\\\/noticieroscanal7atencionciudadana\\\/\",\"https:\\\/\\\/x.com\\\/NOTICIEROS7\",\"https:\\\/\\\/www.instagram.com\\\/canal7_slp\",\"https:\\\/\\\/www.youtube.com\\\/channel\\\/UCliiYs-gP3JfJeqdPrNdd5A\"]},{\"@type\":\"Person\",\"@id\":\"https:\\\/\\\/canal7slp.tv\\\/2025\\\/#\\\/schema\\\/person\\\/271e2b60a96e7cc9d9ac296f4d7e414b\",\"name\":\"Edici\u00f3n Web\",\"image\":{\"@type\":\"ImageObject\",\"inLanguage\":\"es\",\"@id\":\"https:\\\/\\\/secure.gravatar.com\\\/avatar\\\/eee448fc3f7164808013b816ba91ac7e43bbe82a70bebac296f8bc6f0addaa1a?s=96&d=mm&r=g\",\"url\":\"https:\\\/\\\/secure.gravatar.com\\\/avatar\\\/eee448fc3f7164808013b816ba91ac7e43bbe82a70bebac296f8bc6f0addaa1a?s=96&d=mm&r=g\",\"contentUrl\":\"https:\\\/\\\/secure.gravatar.com\\\/avatar\\\/eee448fc3f7164808013b816ba91ac7e43bbe82a70bebac296f8bc6f0addaa1a?s=96&d=mm&r=g\",\"caption\":\"Edici\u00f3n Web\"},\"url\":\"https:\\\/\\\/canal7slp.tv\\\/2025\\\/author\\\/edicionweb\\\/\"}]}<\/script>\n<!-- \/ Yoast SEO plugin. -->","yoast_head_json":{"title":"Ralentizan producciones, por pol\u00edtica arancelaria: IPAC - Canal 7 SLP - 2025","robots":{"index":"index","follow":"follow","max-snippet":"max-snippet:-1","max-image-preview":"max-image-preview:large","max-video-preview":"max-video-preview:-1"},"canonical":"https:\/\/canal7slp.tv\/2025\/ralentizan-producciones-por-politica-arancelaria-ipac\/","og_locale":"es_ES","og_type":"article","og_title":"Ralentizan producciones, por pol\u00edtica arancelaria: IPAC - Canal 7 SLP - 2025","og_description":"SLP.- Empresas han reducido productividad en San Luis Potos\u00ed debido a la incertidumbre generada por la negociaci\u00f3n del Tratado M\u00e9xico Canad\u00e1 y Estados Unidos, adem\u00e1s del tema arancelario. \u201cS\u00ed han bajado algo las producciones, s\u00ed ha causado digamos, entre los aranceles que puso el presidente Trump a los productos voy a decir de todos los pa\u00edses\u201d. De manera particular los incrementos en aranceles fueron determinantes. \u201cM\u00e9xico tiene aranceles ahorita en el acero y aluminio, trae el 50%, traemos los aranceles digamos reducidos de estos 90 d\u00edas que mencionaban de 10%, sin duda esto est\u00e1 afectando la econom\u00eda estadounidense y eso [&hellip;]","og_url":"https:\/\/canal7slp.tv\/2025\/ralentizan-producciones-por-politica-arancelaria-ipac\/","og_site_name":"Canal 7 SLP - 2025","article_publisher":"https:\/\/www.facebook.com\/noticieroscanal7atencionciudadana\/","article_published_time":"2025-10-20T17:34:43+00:00","og_image":[{"width":1280,"height":720,"url":"https:\/\/canal7slp.tv\/2025\/wp-content\/uploads\/2025\/10\/Poky01IPACFreno.jpg","type":"image\/jpeg"}],"author":"Edici\u00f3n Web","twitter_card":"summary_large_image","twitter_creator":"@NOTICIEROS7","twitter_site":"@NOTICIEROS7","twitter_misc":{"Escrito por":"Edici\u00f3n Web","Tiempo de lectura":"2 minutos"},"schema":{"@context":"https:\/\/schema.org","@graph":[{"@type":"Article","@id":"https:\/\/canal7slp.tv\/2025\/ralentizan-producciones-por-politica-arancelaria-ipac\/#article","isPartOf":{"@id":"https:\/\/canal7slp.tv\/2025\/ralentizan-producciones-por-politica-arancelaria-ipac\/"},"author":{"name":"Edici\u00f3n Web","@id":"https:\/\/canal7slp.tv\/2025\/#\/schema\/person\/271e2b60a96e7cc9d9ac296f4d7e414b"},"headline":"Ralentizan producciones, por pol\u00edtica arancelaria: IPAC","datePublished":"2025-10-20T17:34:43+00:00","mainEntityOfPage":{"@id":"https:\/\/canal7slp.tv\/2025\/ralentizan-producciones-por-politica-arancelaria-ipac\/"},"wordCount":286,"publisher":{"@id":"https:\/\/canal7slp.tv\/2025\/#organization"},"image":{"@id":"https:\/\/canal7slp.tv\/2025\/ralentizan-producciones-por-politica-arancelaria-ipac\/#primaryimage"},"thumbnailUrl":"https:\/\/canal7slp.tv\/2025\/wp-content\/uploads\/2025\/10\/Poky01IPACFreno.jpg","articleSection":["DESTACADAS","LOCALES Y REGIONALES"],"inLanguage":"es"},{"@type":"WebPage","@id":"https:\/\/canal7slp.tv\/2025\/ralentizan-producciones-por-politica-arancelaria-ipac\/","url":"https:\/\/canal7slp.tv\/2025\/ralentizan-producciones-por-politica-arancelaria-ipac\/","name":"Ralentizan producciones, por pol\u00edtica arancelaria: IPAC - Canal 7 SLP - 2025","isPartOf":{"@id":"https:\/\/canal7slp.tv\/2025\/#website"},"primaryImageOfPage":{"@id":"https:\/\/canal7slp.tv\/2025\/ralentizan-producciones-por-politica-arancelaria-ipac\/#primaryimage"},"image":{"@id":"https:\/\/canal7slp.tv\/2025\/ralentizan-producciones-por-politica-arancelaria-ipac\/#primaryimage"},"thumbnailUrl":"https:\/\/canal7slp.tv\/2025\/wp-content\/uploads\/2025\/10\/Poky01IPACFreno.jpg","datePublished":"2025-10-20T17:34:43+00:00","breadcrumb":{"@id":"https:\/\/canal7slp.tv\/2025\/ralentizan-producciones-por-politica-arancelaria-ipac\/#breadcrumb"},"inLanguage":"es","potentialAction":[{"@type":"ReadAction","target":["https:\/\/canal7slp.tv\/2025\/ralentizan-producciones-por-politica-arancelaria-ipac\/"]}]},{"@type":"ImageObject","inLanguage":"es","@id":"https:\/\/canal7slp.tv\/2025\/ralentizan-producciones-por-politica-arancelaria-ipac\/#primaryimage","url":"https:\/\/canal7slp.tv\/2025\/wp-content\/uploads\/2025\/10\/Poky01IPACFreno.jpg","contentUrl":"https:\/\/canal7slp.tv\/2025\/wp-content\/uploads\/2025\/10\/Poky01IPACFreno.jpg","width":1280,"height":720},{"@type":"BreadcrumbList","@id":"https:\/\/canal7slp.tv\/2025\/ralentizan-producciones-por-politica-arancelaria-ipac\/#breadcrumb","itemListElement":[{"@type":"ListItem","position":1,"name":"Portada","item":"https:\/\/canal7slp.tv\/2025\/"},{"@type":"ListItem","position":2,"name":"Ralentizan producciones, por pol\u00edtica arancelaria: IPAC"}]},{"@type":"WebSite","@id":"https:\/\/canal7slp.tv\/2025\/#website","url":"https:\/\/canal7slp.tv\/2025\/","name":"N7 - Noticieros Canal 7","description":"Somos el Medio","publisher":{"@id":"https:\/\/canal7slp.tv\/2025\/#organization"},"potentialAction":[{"@type":"SearchAction","target":{"@type":"EntryPoint","urlTemplate":"https:\/\/canal7slp.tv\/2025\/?s={search_term_string}"},"query-input":{"@type":"PropertyValueSpecification","valueRequired":true,"valueName":"search_term_string"}}],"inLanguage":"es"},{"@type":"Organization","@id":"https:\/\/canal7slp.tv\/2025\/#organization","name":"Noticieros Canal 7","url":"https:\/\/canal7slp.tv\/2025\/","logo":{"@type":"ImageObject","inLanguage":"es","@id":"https:\/\/canal7slp.tv\/2025\/#\/schema\/logo\/image\/","url":"https:\/\/canal7slp.tv\/2025\/wp-content\/uploads\/2021\/01\/logo-noticieros@2x.png","contentUrl":"https:\/\/canal7slp.tv\/2025\/wp-content\/uploads\/2021\/01\/logo-noticieros@2x.png","width":1017,"height":268,"caption":"Noticieros Canal 7"},"image":{"@id":"https:\/\/canal7slp.tv\/2025\/#\/schema\/logo\/image\/"},"sameAs":["https:\/\/www.facebook.com\/noticieroscanal7atencionciudadana\/","https:\/\/x.com\/NOTICIEROS7","https:\/\/www.instagram.com\/canal7_slp","https:\/\/www.youtube.com\/channel\/UCliiYs-gP3JfJeqdPrNdd5A"]},{"@type":"Person","@id":"https:\/\/canal7slp.tv\/2025\/#\/schema\/person\/271e2b60a96e7cc9d9ac296f4d7e414b","name":"Edici\u00f3n Web","image":{"@type":"ImageObject","inLanguage":"es","@id":"https:\/\/secure.gravatar.com\/avatar\/eee448fc3f7164808013b816ba91ac7e43bbe82a70bebac296f8bc6f0addaa1a?s=96&d=mm&r=g","url":"https:\/\/secure.gravatar.com\/avatar\/eee448fc3f7164808013b816ba91ac7e43bbe82a70bebac296f8bc6f0addaa1a?s=96&d=mm&r=g","contentUrl":"https:\/\/secure.gravatar.com\/avatar\/eee448fc3f7164808013b816ba91ac7e43bbe82a70bebac296f8bc6f0addaa1a?s=96&d=mm&r=g","caption":"Edici\u00f3n Web"},"url":"https:\/\/canal7slp.tv\/2025\/author\/edicionweb\/"}]}},"_links":{"self":[{"href":"https:\/\/canal7slp.tv\/2025\/wp-json\/wp\/v2\/posts\/182521","targetHints":{"allow":["GET"]}}],"collection":[{"href":"https:\/\/canal7slp.tv\/2025\/wp-json\/wp\/v2\/posts"}],"about":[{"href":"https:\/\/canal7slp.tv\/2025\/wp-json\/wp\/v2\/types\/post"}],"author":[{"embeddable":true,"href":"https:\/\/canal7slp.tv\/2025\/wp-json\/wp\/v2\/users\/2"}],"replies":[{"embeddable":true,"href":"https:\/\/canal7slp.tv\/2025\/wp-json\/wp\/v2\/comments?post=182521"}],"version-history":[{"count":2,"href":"https:\/\/canal7slp.tv\/2025\/wp-json\/wp\/v2\/posts\/182521\/revisions"}],"predecessor-version":[{"id":182573,"href":"https:\/\/canal7slp.tv\/2025\/wp-json\/wp\/v2\/posts\/182521\/revisions\/182573"}],"wp:featuredmedia":[{"embeddable":true,"href":"https:\/\/canal7slp.tv\/2025\/wp-json\/wp\/v2\/media\/182530"}],"wp:attachment":[{"href":"https:\/\/canal7slp.tv\/2025\/wp-json\/wp\/v2\/media?parent=182521"}],"wp:term":[{"taxonomy":"category","embeddable":true,"href":"https:\/\/canal7slp.tv\/2025\/wp-json\/wp\/v2\/categories?post=182521"},{"taxonomy":"post_tag","embeddable":true,"href":"https:\/\/canal7slp.tv\/2025\/wp-json\/wp\/v2\/tags?post=182521"}],"curies":[{"name":"wp","href":"https:\/\/api.w.org\/{rel}","templated":true}]}}