{"id":182511,"date":"2025-10-18T15:30:31","date_gmt":"2025-10-18T21:30:31","guid":{"rendered":"https:\/\/canal7slp.tv\/2025\/?p=182511"},"modified":"2025-10-18T15:30:31","modified_gmt":"2025-10-18T21:30:31","slug":"cni-solicita-apoyo-solidario-para-comunidades-indigenas-afectadas-por-lluvias-en-veracruz","status":"publish","type":"post","link":"https:\/\/canal7slp.tv\/2025\/cni-solicita-apoyo-solidario-para-comunidades-indigenas-afectadas-por-lluvias-en-veracruz\/","title":{"rendered":"CNI solicita apoyo solidario para comunidades ind\u00edgenas afectadas por lluvias en Veracruz"},"content":{"rendered":"<p style=\"text-align: justify;\">\n<p style=\"text-align: justify;\">M\u00e9xico.- El Congreso Nacional Ind\u00edgena (CNI) de M\u00e9xico emiti\u00f3 un comunicado dirigido a la ciudadan\u00eda y organizaciones, solicitando solidaridad con los pueblos originarios de la Sierra Norte de Veracruz afectados por las recientes lluvias intensas.<\/p>\n<p style=\"text-align: justify;\">En el documento, el organismo expresa preocupaci\u00f3n por los da\u00f1os de gran magnitud registrados en comunidades ind\u00edgenas y campesinas de dicha regi\u00f3n, particularmente en la zona del Totonacapan. Se\u00f1ala que poblaciones como Ilamatl\u00e1n, Zontecomatl\u00e1n y Texcatepec enfrentan desabasto de v\u00edveres y medios de subsistencia.<\/p>\n<p style=\"text-align: justify;\">El CNI atribuye estas afectaciones no solamente a fen\u00f3menos meteorol\u00f3gicos, sino a lo que describe como \u00abconsecuencia de la destrucci\u00f3n provocada por el capitalismo hacia Nuestra Madre Tierra\u00bb. Asimismo, denuncia un \u00abcompleto abandono por parte de todos los niveles de gobierno\u00bb y retrasos en la llegada de ayuda oficial.<\/p>\n<p style=\"text-align: justify;\">Frente a esta situaci\u00f3n, el Congreso Nacional Ind\u00edgena hace un llamado a realizar aportaciones econ\u00f3micas a una cuenta bancaria espec\u00edfica, indicando que los recursos se destinar\u00e1n urgentemente a la adquisici\u00f3n de combustibles para transporte de v\u00edveres, movilizaci\u00f3n de maquinaria pesada y apoyo m\u00e9dico en las comunidades afectadas.<\/p>\n<p style=\"text-align: justify;\">El comunicado concluye con las firmas del Congreso Nacional Ind\u00edgena y del Ej\u00e9rcito Zapatista de Liberaci\u00f3n Nacional, respaldando la solicitud de apoyo para las poblaciones ind\u00edgenas de Veracruz.<\/p>\n","protected":false},"excerpt":{"rendered":"<p>M\u00e9xico.- El Congreso Nacional Ind\u00edgena (CNI) de M\u00e9xico emiti\u00f3 un comunicado dirigido a la ciudadan\u00eda y organizaciones, solicitando solidaridad con los pueblos originarios de la Sierra Norte de Veracruz afectados por las recientes lluvias intensas. En el documento, el organismo expresa preocupaci\u00f3n por los da\u00f1os de gran magnitud registrados en comunidades ind\u00edgenas y campesinas de dicha regi\u00f3n, particularmente en la zona del Totonacapan. Se\u00f1ala que poblaciones como Ilamatl\u00e1n, Zontecomatl\u00e1n y Texcatepec enfrentan desabasto de v\u00edveres y medios de subsistencia. El CNI atribuye estas afectaciones no solamente a fen\u00f3menos meteorol\u00f3gicos, sino a lo que describe como \u00abconsecuencia de la destrucci\u00f3n provocada [&hellip;]<\/p>\n","protected":false},"author":2,"featured_media":182512,"comment_status":"closed","ping_status":"closed","sticky":false,"template":"","format":"standard","meta":{"_monsterinsights_skip_tracking":false,"_monsterinsights_sitenote_active":false,"_monsterinsights_sitenote_note":"","_monsterinsights_sitenote_category":0,"footnotes":""},"categories":[46],"tags":[],"class_list":["post-182511","post","type-post","status-publish","format-standard","has-post-thumbnail","hentry","category-nacional","post--single"],"yoast_head":"<!-- This site is optimized with the Yoast SEO plugin v27.5 - https:\/\/yoast.com\/product\/yoast-seo-wordpress\/ -->\n<title>CNI solicita apoyo solidario para comunidades ind\u00edgenas afectadas por lluvias en Veracruz - Canal 7 SLP - 2025<\/title>\n<meta name=\"robots\" content=\"index, follow, max-snippet:-1, max-image-preview:large, max-video-preview:-1\" \/>\n<link rel=\"canonical\" href=\"https:\/\/canal7slp.tv\/2025\/cni-solicita-apoyo-solidario-para-comunidades-indigenas-afectadas-por-lluvias-en-veracruz\/\" \/>\n<meta property=\"og:locale\" content=\"es_ES\" \/>\n<meta property=\"og:type\" content=\"article\" \/>\n<meta property=\"og:title\" content=\"CNI solicita apoyo solidario para comunidades ind\u00edgenas afectadas por lluvias en Veracruz - Canal 7 SLP - 2025\" \/>\n<meta property=\"og:description\" content=\"M\u00e9xico.- El Congreso Nacional Ind\u00edgena (CNI) de M\u00e9xico emiti\u00f3 un comunicado dirigido a la ciudadan\u00eda y organizaciones, solicitando solidaridad con los pueblos originarios de la Sierra Norte de Veracruz afectados por las recientes lluvias intensas. En el documento, el organismo expresa preocupaci\u00f3n por los da\u00f1os de gran magnitud registrados en comunidades ind\u00edgenas y campesinas de dicha regi\u00f3n, particularmente en la zona del Totonacapan. Se\u00f1ala que poblaciones como Ilamatl\u00e1n, Zontecomatl\u00e1n y Texcatepec enfrentan desabasto de v\u00edveres y medios de subsistencia. El CNI atribuye estas afectaciones no solamente a fen\u00f3menos meteorol\u00f3gicos, sino a lo que describe como \u00abconsecuencia de la destrucci\u00f3n provocada [&hellip;]\" \/>\n<meta property=\"og:url\" content=\"https:\/\/canal7slp.tv\/2025\/cni-solicita-apoyo-solidario-para-comunidades-indigenas-afectadas-por-lluvias-en-veracruz\/\" \/>\n<meta property=\"og:site_name\" content=\"Canal 7 SLP - 2025\" \/>\n<meta property=\"article:publisher\" content=\"https:\/\/www.facebook.com\/noticieroscanal7atencionciudadana\/\" \/>\n<meta property=\"article:published_time\" content=\"2025-10-18T21:30:31+00:00\" \/>\n<meta property=\"og:image\" content=\"https:\/\/canal7slp.tv\/2025\/wp-content\/uploads\/2025\/10\/09-17.jpg\" \/>\n\t<meta property=\"og:image:width\" content=\"803\" \/>\n\t<meta property=\"og:image:height\" content=\"500\" \/>\n\t<meta property=\"og:image:type\" content=\"image\/jpeg\" \/>\n<meta name=\"author\" content=\"Edici\u00f3n Web\" \/>\n<meta name=\"twitter:card\" content=\"summary_large_image\" \/>\n<meta name=\"twitter:creator\" content=\"@NOTICIEROS7\" \/>\n<meta name=\"twitter:site\" content=\"@NOTICIEROS7\" \/>\n<meta name=\"twitter:label1\" content=\"Escrito por\" \/>\n\t<meta name=\"twitter:data1\" content=\"Edici\u00f3n Web\" \/>\n\t<meta name=\"twitter:label2\" content=\"Tiempo de lectura\" \/>\n\t<meta name=\"twitter:data2\" content=\"2 minutos\" \/>\n<script type=\"application\/ld+json\" class=\"yoast-schema-graph\">{\"@context\":\"https:\\\/\\\/schema.org\",\"@graph\":[{\"@type\":\"Article\",\"@id\":\"https:\\\/\\\/canal7slp.tv\\\/2025\\\/cni-solicita-apoyo-solidario-para-comunidades-indigenas-afectadas-por-lluvias-en-veracruz\\\/#article\",\"isPartOf\":{\"@id\":\"https:\\\/\\\/canal7slp.tv\\\/2025\\\/cni-solicita-apoyo-solidario-para-comunidades-indigenas-afectadas-por-lluvias-en-veracruz\\\/\"},\"author\":{\"name\":\"Edici\u00f3n Web\",\"@id\":\"https:\\\/\\\/canal7slp.tv\\\/2025\\\/#\\\/schema\\\/person\\\/271e2b60a96e7cc9d9ac296f4d7e414b\"},\"headline\":\"CNI solicita apoyo solidario para comunidades ind\u00edgenas afectadas por lluvias en Veracruz\",\"datePublished\":\"2025-10-18T21:30:31+00:00\",\"mainEntityOfPage\":{\"@id\":\"https:\\\/\\\/canal7slp.tv\\\/2025\\\/cni-solicita-apoyo-solidario-para-comunidades-indigenas-afectadas-por-lluvias-en-veracruz\\\/\"},\"wordCount\":245,\"publisher\":{\"@id\":\"https:\\\/\\\/canal7slp.tv\\\/2025\\\/#organization\"},\"image\":{\"@id\":\"https:\\\/\\\/canal7slp.tv\\\/2025\\\/cni-solicita-apoyo-solidario-para-comunidades-indigenas-afectadas-por-lluvias-en-veracruz\\\/#primaryimage\"},\"thumbnailUrl\":\"https:\\\/\\\/canal7slp.tv\\\/2025\\\/wp-content\\\/uploads\\\/2025\\\/10\\\/09-17.jpg\",\"articleSection\":[\"NACIONALES\"],\"inLanguage\":\"es\"},{\"@type\":\"WebPage\",\"@id\":\"https:\\\/\\\/canal7slp.tv\\\/2025\\\/cni-solicita-apoyo-solidario-para-comunidades-indigenas-afectadas-por-lluvias-en-veracruz\\\/\",\"url\":\"https:\\\/\\\/canal7slp.tv\\\/2025\\\/cni-solicita-apoyo-solidario-para-comunidades-indigenas-afectadas-por-lluvias-en-veracruz\\\/\",\"name\":\"CNI solicita apoyo solidario para comunidades ind\u00edgenas afectadas por lluvias en Veracruz - Canal 7 SLP - 2025\",\"isPartOf\":{\"@id\":\"https:\\\/\\\/canal7slp.tv\\\/2025\\\/#website\"},\"primaryImageOfPage\":{\"@id\":\"https:\\\/\\\/canal7slp.tv\\\/2025\\\/cni-solicita-apoyo-solidario-para-comunidades-indigenas-afectadas-por-lluvias-en-veracruz\\\/#primaryimage\"},\"image\":{\"@id\":\"https:\\\/\\\/canal7slp.tv\\\/2025\\\/cni-solicita-apoyo-solidario-para-comunidades-indigenas-afectadas-por-lluvias-en-veracruz\\\/#primaryimage\"},\"thumbnailUrl\":\"https:\\\/\\\/canal7slp.tv\\\/2025\\\/wp-content\\\/uploads\\\/2025\\\/10\\\/09-17.jpg\",\"datePublished\":\"2025-10-18T21:30:31+00:00\",\"breadcrumb\":{\"@id\":\"https:\\\/\\\/canal7slp.tv\\\/2025\\\/cni-solicita-apoyo-solidario-para-comunidades-indigenas-afectadas-por-lluvias-en-veracruz\\\/#breadcrumb\"},\"inLanguage\":\"es\",\"potentialAction\":[{\"@type\":\"ReadAction\",\"target\":[\"https:\\\/\\\/canal7slp.tv\\\/2025\\\/cni-solicita-apoyo-solidario-para-comunidades-indigenas-afectadas-por-lluvias-en-veracruz\\\/\"]}]},{\"@type\":\"ImageObject\",\"inLanguage\":\"es\",\"@id\":\"https:\\\/\\\/canal7slp.tv\\\/2025\\\/cni-solicita-apoyo-solidario-para-comunidades-indigenas-afectadas-por-lluvias-en-veracruz\\\/#primaryimage\",\"url\":\"https:\\\/\\\/canal7slp.tv\\\/2025\\\/wp-content\\\/uploads\\\/2025\\\/10\\\/09-17.jpg\",\"contentUrl\":\"https:\\\/\\\/canal7slp.tv\\\/2025\\\/wp-content\\\/uploads\\\/2025\\\/10\\\/09-17.jpg\",\"width\":803,\"height\":500},{\"@type\":\"BreadcrumbList\",\"@id\":\"https:\\\/\\\/canal7slp.tv\\\/2025\\\/cni-solicita-apoyo-solidario-para-comunidades-indigenas-afectadas-por-lluvias-en-veracruz\\\/#breadcrumb\",\"itemListElement\":[{\"@type\":\"ListItem\",\"position\":1,\"name\":\"Portada\",\"item\":\"https:\\\/\\\/canal7slp.tv\\\/2025\\\/\"},{\"@type\":\"ListItem\",\"position\":2,\"name\":\"CNI solicita apoyo solidario para comunidades ind\u00edgenas afectadas por lluvias en Veracruz\"}]},{\"@type\":\"WebSite\",\"@id\":\"https:\\\/\\\/canal7slp.tv\\\/2025\\\/#website\",\"url\":\"https:\\\/\\\/canal7slp.tv\\\/2025\\\/\",\"name\":\"N7 - Noticieros Canal 7\",\"description\":\"Somos el Medio\",\"publisher\":{\"@id\":\"https:\\\/\\\/canal7slp.tv\\\/2025\\\/#organization\"},\"potentialAction\":[{\"@type\":\"SearchAction\",\"target\":{\"@type\":\"EntryPoint\",\"urlTemplate\":\"https:\\\/\\\/canal7slp.tv\\\/2025\\\/?s={search_term_string}\"},\"query-input\":{\"@type\":\"PropertyValueSpecification\",\"valueRequired\":true,\"valueName\":\"search_term_string\"}}],\"inLanguage\":\"es\"},{\"@type\":\"Organization\",\"@id\":\"https:\\\/\\\/canal7slp.tv\\\/2025\\\/#organization\",\"name\":\"Noticieros Canal 7\",\"url\":\"https:\\\/\\\/canal7slp.tv\\\/2025\\\/\",\"logo\":{\"@type\":\"ImageObject\",\"inLanguage\":\"es\",\"@id\":\"https:\\\/\\\/canal7slp.tv\\\/2025\\\/#\\\/schema\\\/logo\\\/image\\\/\",\"url\":\"https:\\\/\\\/canal7slp.tv\\\/2025\\\/wp-content\\\/uploads\\\/2021\\\/01\\\/logo-noticieros@2x.png\",\"contentUrl\":\"https:\\\/\\\/canal7slp.tv\\\/2025\\\/wp-content\\\/uploads\\\/2021\\\/01\\\/logo-noticieros@2x.png\",\"width\":1017,\"height\":268,\"caption\":\"Noticieros Canal 7\"},\"image\":{\"@id\":\"https:\\\/\\\/canal7slp.tv\\\/2025\\\/#\\\/schema\\\/logo\\\/image\\\/\"},\"sameAs\":[\"https:\\\/\\\/www.facebook.com\\\/noticieroscanal7atencionciudadana\\\/\",\"https:\\\/\\\/x.com\\\/NOTICIEROS7\",\"https:\\\/\\\/www.instagram.com\\\/canal7_slp\",\"https:\\\/\\\/www.youtube.com\\\/channel\\\/UCliiYs-gP3JfJeqdPrNdd5A\"]},{\"@type\":\"Person\",\"@id\":\"https:\\\/\\\/canal7slp.tv\\\/2025\\\/#\\\/schema\\\/person\\\/271e2b60a96e7cc9d9ac296f4d7e414b\",\"name\":\"Edici\u00f3n Web\",\"image\":{\"@type\":\"ImageObject\",\"inLanguage\":\"es\",\"@id\":\"https:\\\/\\\/secure.gravatar.com\\\/avatar\\\/eee448fc3f7164808013b816ba91ac7e43bbe82a70bebac296f8bc6f0addaa1a?s=96&d=mm&r=g\",\"url\":\"https:\\\/\\\/secure.gravatar.com\\\/avatar\\\/eee448fc3f7164808013b816ba91ac7e43bbe82a70bebac296f8bc6f0addaa1a?s=96&d=mm&r=g\",\"contentUrl\":\"https:\\\/\\\/secure.gravatar.com\\\/avatar\\\/eee448fc3f7164808013b816ba91ac7e43bbe82a70bebac296f8bc6f0addaa1a?s=96&d=mm&r=g\",\"caption\":\"Edici\u00f3n Web\"},\"url\":\"https:\\\/\\\/canal7slp.tv\\\/2025\\\/author\\\/edicionweb\\\/\"}]}<\/script>\n<!-- \/ Yoast SEO plugin. -->","yoast_head_json":{"title":"CNI solicita apoyo solidario para comunidades ind\u00edgenas afectadas por lluvias en Veracruz - Canal 7 SLP - 2025","robots":{"index":"index","follow":"follow","max-snippet":"max-snippet:-1","max-image-preview":"max-image-preview:large","max-video-preview":"max-video-preview:-1"},"canonical":"https:\/\/canal7slp.tv\/2025\/cni-solicita-apoyo-solidario-para-comunidades-indigenas-afectadas-por-lluvias-en-veracruz\/","og_locale":"es_ES","og_type":"article","og_title":"CNI solicita apoyo solidario para comunidades ind\u00edgenas afectadas por lluvias en Veracruz - Canal 7 SLP - 2025","og_description":"M\u00e9xico.- El Congreso Nacional Ind\u00edgena (CNI) de M\u00e9xico emiti\u00f3 un comunicado dirigido a la ciudadan\u00eda y organizaciones, solicitando solidaridad con los pueblos originarios de la Sierra Norte de Veracruz afectados por las recientes lluvias intensas. En el documento, el organismo expresa preocupaci\u00f3n por los da\u00f1os de gran magnitud registrados en comunidades ind\u00edgenas y campesinas de dicha regi\u00f3n, particularmente en la zona del Totonacapan. Se\u00f1ala que poblaciones como Ilamatl\u00e1n, Zontecomatl\u00e1n y Texcatepec enfrentan desabasto de v\u00edveres y medios de subsistencia. El CNI atribuye estas afectaciones no solamente a fen\u00f3menos meteorol\u00f3gicos, sino a lo que describe como \u00abconsecuencia de la destrucci\u00f3n provocada [&hellip;]","og_url":"https:\/\/canal7slp.tv\/2025\/cni-solicita-apoyo-solidario-para-comunidades-indigenas-afectadas-por-lluvias-en-veracruz\/","og_site_name":"Canal 7 SLP - 2025","article_publisher":"https:\/\/www.facebook.com\/noticieroscanal7atencionciudadana\/","article_published_time":"2025-10-18T21:30:31+00:00","og_image":[{"width":803,"height":500,"url":"https:\/\/canal7slp.tv\/2025\/wp-content\/uploads\/2025\/10\/09-17.jpg","type":"image\/jpeg"}],"author":"Edici\u00f3n Web","twitter_card":"summary_large_image","twitter_creator":"@NOTICIEROS7","twitter_site":"@NOTICIEROS7","twitter_misc":{"Escrito por":"Edici\u00f3n Web","Tiempo de lectura":"2 minutos"},"schema":{"@context":"https:\/\/schema.org","@graph":[{"@type":"Article","@id":"https:\/\/canal7slp.tv\/2025\/cni-solicita-apoyo-solidario-para-comunidades-indigenas-afectadas-por-lluvias-en-veracruz\/#article","isPartOf":{"@id":"https:\/\/canal7slp.tv\/2025\/cni-solicita-apoyo-solidario-para-comunidades-indigenas-afectadas-por-lluvias-en-veracruz\/"},"author":{"name":"Edici\u00f3n Web","@id":"https:\/\/canal7slp.tv\/2025\/#\/schema\/person\/271e2b60a96e7cc9d9ac296f4d7e414b"},"headline":"CNI solicita apoyo solidario para comunidades ind\u00edgenas afectadas por lluvias en Veracruz","datePublished":"2025-10-18T21:30:31+00:00","mainEntityOfPage":{"@id":"https:\/\/canal7slp.tv\/2025\/cni-solicita-apoyo-solidario-para-comunidades-indigenas-afectadas-por-lluvias-en-veracruz\/"},"wordCount":245,"publisher":{"@id":"https:\/\/canal7slp.tv\/2025\/#organization"},"image":{"@id":"https:\/\/canal7slp.tv\/2025\/cni-solicita-apoyo-solidario-para-comunidades-indigenas-afectadas-por-lluvias-en-veracruz\/#primaryimage"},"thumbnailUrl":"https:\/\/canal7slp.tv\/2025\/wp-content\/uploads\/2025\/10\/09-17.jpg","articleSection":["NACIONALES"],"inLanguage":"es"},{"@type":"WebPage","@id":"https:\/\/canal7slp.tv\/2025\/cni-solicita-apoyo-solidario-para-comunidades-indigenas-afectadas-por-lluvias-en-veracruz\/","url":"https:\/\/canal7slp.tv\/2025\/cni-solicita-apoyo-solidario-para-comunidades-indigenas-afectadas-por-lluvias-en-veracruz\/","name":"CNI solicita apoyo solidario para comunidades ind\u00edgenas afectadas por lluvias en Veracruz - Canal 7 SLP - 2025","isPartOf":{"@id":"https:\/\/canal7slp.tv\/2025\/#website"},"primaryImageOfPage":{"@id":"https:\/\/canal7slp.tv\/2025\/cni-solicita-apoyo-solidario-para-comunidades-indigenas-afectadas-por-lluvias-en-veracruz\/#primaryimage"},"image":{"@id":"https:\/\/canal7slp.tv\/2025\/cni-solicita-apoyo-solidario-para-comunidades-indigenas-afectadas-por-lluvias-en-veracruz\/#primaryimage"},"thumbnailUrl":"https:\/\/canal7slp.tv\/2025\/wp-content\/uploads\/2025\/10\/09-17.jpg","datePublished":"2025-10-18T21:30:31+00:00","breadcrumb":{"@id":"https:\/\/canal7slp.tv\/2025\/cni-solicita-apoyo-solidario-para-comunidades-indigenas-afectadas-por-lluvias-en-veracruz\/#breadcrumb"},"inLanguage":"es","potentialAction":[{"@type":"ReadAction","target":["https:\/\/canal7slp.tv\/2025\/cni-solicita-apoyo-solidario-para-comunidades-indigenas-afectadas-por-lluvias-en-veracruz\/"]}]},{"@type":"ImageObject","inLanguage":"es","@id":"https:\/\/canal7slp.tv\/2025\/cni-solicita-apoyo-solidario-para-comunidades-indigenas-afectadas-por-lluvias-en-veracruz\/#primaryimage","url":"https:\/\/canal7slp.tv\/2025\/wp-content\/uploads\/2025\/10\/09-17.jpg","contentUrl":"https:\/\/canal7slp.tv\/2025\/wp-content\/uploads\/2025\/10\/09-17.jpg","width":803,"height":500},{"@type":"BreadcrumbList","@id":"https:\/\/canal7slp.tv\/2025\/cni-solicita-apoyo-solidario-para-comunidades-indigenas-afectadas-por-lluvias-en-veracruz\/#breadcrumb","itemListElement":[{"@type":"ListItem","position":1,"name":"Portada","item":"https:\/\/canal7slp.tv\/2025\/"},{"@type":"ListItem","position":2,"name":"CNI solicita apoyo solidario para comunidades ind\u00edgenas afectadas por lluvias en Veracruz"}]},{"@type":"WebSite","@id":"https:\/\/canal7slp.tv\/2025\/#website","url":"https:\/\/canal7slp.tv\/2025\/","name":"N7 - Noticieros Canal 7","description":"Somos el Medio","publisher":{"@id":"https:\/\/canal7slp.tv\/2025\/#organization"},"potentialAction":[{"@type":"SearchAction","target":{"@type":"EntryPoint","urlTemplate":"https:\/\/canal7slp.tv\/2025\/?s={search_term_string}"},"query-input":{"@type":"PropertyValueSpecification","valueRequired":true,"valueName":"search_term_string"}}],"inLanguage":"es"},{"@type":"Organization","@id":"https:\/\/canal7slp.tv\/2025\/#organization","name":"Noticieros Canal 7","url":"https:\/\/canal7slp.tv\/2025\/","logo":{"@type":"ImageObject","inLanguage":"es","@id":"https:\/\/canal7slp.tv\/2025\/#\/schema\/logo\/image\/","url":"https:\/\/canal7slp.tv\/2025\/wp-content\/uploads\/2021\/01\/logo-noticieros@2x.png","contentUrl":"https:\/\/canal7slp.tv\/2025\/wp-content\/uploads\/2021\/01\/logo-noticieros@2x.png","width":1017,"height":268,"caption":"Noticieros Canal 7"},"image":{"@id":"https:\/\/canal7slp.tv\/2025\/#\/schema\/logo\/image\/"},"sameAs":["https:\/\/www.facebook.com\/noticieroscanal7atencionciudadana\/","https:\/\/x.com\/NOTICIEROS7","https:\/\/www.instagram.com\/canal7_slp","https:\/\/www.youtube.com\/channel\/UCliiYs-gP3JfJeqdPrNdd5A"]},{"@type":"Person","@id":"https:\/\/canal7slp.tv\/2025\/#\/schema\/person\/271e2b60a96e7cc9d9ac296f4d7e414b","name":"Edici\u00f3n Web","image":{"@type":"ImageObject","inLanguage":"es","@id":"https:\/\/secure.gravatar.com\/avatar\/eee448fc3f7164808013b816ba91ac7e43bbe82a70bebac296f8bc6f0addaa1a?s=96&d=mm&r=g","url":"https:\/\/secure.gravatar.com\/avatar\/eee448fc3f7164808013b816ba91ac7e43bbe82a70bebac296f8bc6f0addaa1a?s=96&d=mm&r=g","contentUrl":"https:\/\/secure.gravatar.com\/avatar\/eee448fc3f7164808013b816ba91ac7e43bbe82a70bebac296f8bc6f0addaa1a?s=96&d=mm&r=g","caption":"Edici\u00f3n Web"},"url":"https:\/\/canal7slp.tv\/2025\/author\/edicionweb\/"}]}},"_links":{"self":[{"href":"https:\/\/canal7slp.tv\/2025\/wp-json\/wp\/v2\/posts\/182511","targetHints":{"allow":["GET"]}}],"collection":[{"href":"https:\/\/canal7slp.tv\/2025\/wp-json\/wp\/v2\/posts"}],"about":[{"href":"https:\/\/canal7slp.tv\/2025\/wp-json\/wp\/v2\/types\/post"}],"author":[{"embeddable":true,"href":"https:\/\/canal7slp.tv\/2025\/wp-json\/wp\/v2\/users\/2"}],"replies":[{"embeddable":true,"href":"https:\/\/canal7slp.tv\/2025\/wp-json\/wp\/v2\/comments?post=182511"}],"version-history":[{"count":1,"href":"https:\/\/canal7slp.tv\/2025\/wp-json\/wp\/v2\/posts\/182511\/revisions"}],"predecessor-version":[{"id":182513,"href":"https:\/\/canal7slp.tv\/2025\/wp-json\/wp\/v2\/posts\/182511\/revisions\/182513"}],"wp:featuredmedia":[{"embeddable":true,"href":"https:\/\/canal7slp.tv\/2025\/wp-json\/wp\/v2\/media\/182512"}],"wp:attachment":[{"href":"https:\/\/canal7slp.tv\/2025\/wp-json\/wp\/v2\/media?parent=182511"}],"wp:term":[{"taxonomy":"category","embeddable":true,"href":"https:\/\/canal7slp.tv\/2025\/wp-json\/wp\/v2\/categories?post=182511"},{"taxonomy":"post_tag","embeddable":true,"href":"https:\/\/canal7slp.tv\/2025\/wp-json\/wp\/v2\/tags?post=182511"}],"curies":[{"name":"wp","href":"https:\/\/api.w.org\/{rel}","templated":true}]}}