{"id":182508,"date":"2025-10-18T15:14:05","date_gmt":"2025-10-18T21:14:05","guid":{"rendered":"https:\/\/canal7slp.tv\/2025\/?p=182508"},"modified":"2025-10-18T15:14:05","modified_gmt":"2025-10-18T21:14:05","slug":"miles-de-personas-en-eua-marchan-contra-trump-bajo-el-lema-no-kings","status":"publish","type":"post","link":"https:\/\/canal7slp.tv\/2025\/miles-de-personas-en-eua-marchan-contra-trump-bajo-el-lema-no-kings\/","title":{"rendered":"Miles de personas en EUA marchan contra Trump bajo el lema \u00abNo Kings\u00bb"},"content":{"rendered":"<p style=\"text-align: justify;\">EEUU.- Este 18 de octubre se realizaron manifestaciones simult\u00e1neas en m\u00e1s de dos mil 500 ciudades de Estados Unidos, entre ellas Nueva York, Washington y Miami, bajo la consigna \u201cNo Kings\u201d (No Reyes). Las protestas corresponden a la segunda edici\u00f3n del movimiento, que seg\u00fan sus organizadores busca consolidarse como la mayor movilizaci\u00f3n desde el regreso de Donald Trump a la presidencia en enero pasado.<\/p>\n<p style=\"text-align: justify;\">Las concentraciones reunieron a miles de personas que expresaron su rechazo a diversas pol\u00edticas del actual gobierno, entre ellas las redadas migratorias, los recortes en servicios de salud, el despliegue militar en ciudades con gobiernos dem\u00f3cratas y las modificaciones en los distritos electorales. Los manifestantes portaron banderas estadounidenses y prendas amarillas, manteniendo un ambiente mayoritariamente pac\u00edfico.<\/p>\n<p style=\"text-align: justify;\">La plataforma convocante, integrada por unas doscientas organizaciones, destac\u00f3 el car\u00e1cter no violento de las movilizaciones y prohibi\u00f3 expresamente portar armas. Sin embargo, autoridades republicanas advirtieron sobre riesgos de disturbios, y el gobernador de Texas orden\u00f3 el despliegue de la Guardia Nacional en Austin como medida preventiva.<\/p>\n<p style=\"text-align: justify;\">Mientras se desarrollaban las protestas, el presidente Trump permaneci\u00f3 en su residencia privada de Florida, sin actividades p\u00fablicas. En contraste, el presidente de la C\u00e1mara de Representantes, Mike Johnson, calific\u00f3 las manifestaciones como una \u201cmuestra de odio contra Estados Unidos\u201d.<\/p>\n<p style=\"text-align: justify;\">El nombre del movimiento, \u201cNo Kings\u201d, alude a la percepci\u00f3n de que el mandatario ejerce el poder con rasgos autoritarios, evocando el origen hist\u00f3rico de la naci\u00f3n estadounidense, fundada en el rechazo al poder absoluto. En una entrevista reciente, Trump respondi\u00f3 a las cr\u00edticas: \u201cDicen que me comporto como un rey. No soy un rey\u201d.<\/p>\n","protected":false},"excerpt":{"rendered":"<p>EEUU.- Este 18 de octubre se realizaron manifestaciones simult\u00e1neas en m\u00e1s de dos mil 500 ciudades de Estados Unidos, entre ellas Nueva York, Washington y Miami, bajo la consigna \u201cNo Kings\u201d (No Reyes). Las protestas corresponden a la segunda edici\u00f3n del movimiento, que seg\u00fan sus organizadores busca consolidarse como la mayor movilizaci\u00f3n desde el regreso de Donald Trump a la presidencia en enero pasado. Las concentraciones reunieron a miles de personas que expresaron su rechazo a diversas pol\u00edticas del actual gobierno, entre ellas las redadas migratorias, los recortes en servicios de salud, el despliegue militar en ciudades con gobiernos dem\u00f3cratas [&hellip;]<\/p>\n","protected":false},"author":2,"featured_media":182509,"comment_status":"closed","ping_status":"closed","sticky":false,"template":"","format":"standard","meta":{"_monsterinsights_skip_tracking":false,"_monsterinsights_sitenote_active":false,"_monsterinsights_sitenote_note":"","_monsterinsights_sitenote_category":0,"footnotes":""},"categories":[44],"tags":[],"class_list":["post-182508","post","type-post","status-publish","format-standard","has-post-thumbnail","hentry","category-internacional","post--single"],"yoast_head":"<!-- This site is optimized with the Yoast SEO plugin v27.5 - https:\/\/yoast.com\/product\/yoast-seo-wordpress\/ -->\n<title>Miles de personas en EUA marchan contra Trump bajo el lema &quot;No Kings&quot; - Canal 7 SLP - 2025<\/title>\n<meta name=\"robots\" content=\"index, follow, max-snippet:-1, max-image-preview:large, max-video-preview:-1\" \/>\n<link rel=\"canonical\" href=\"https:\/\/canal7slp.tv\/2025\/miles-de-personas-en-eua-marchan-contra-trump-bajo-el-lema-no-kings\/\" \/>\n<meta property=\"og:locale\" content=\"es_ES\" \/>\n<meta property=\"og:type\" content=\"article\" \/>\n<meta property=\"og:title\" content=\"Miles de personas en EUA marchan contra Trump bajo el lema &quot;No Kings&quot; - Canal 7 SLP - 2025\" \/>\n<meta property=\"og:description\" content=\"EEUU.- Este 18 de octubre se realizaron manifestaciones simult\u00e1neas en m\u00e1s de dos mil 500 ciudades de Estados Unidos, entre ellas Nueva York, Washington y Miami, bajo la consigna \u201cNo Kings\u201d (No Reyes). Las protestas corresponden a la segunda edici\u00f3n del movimiento, que seg\u00fan sus organizadores busca consolidarse como la mayor movilizaci\u00f3n desde el regreso de Donald Trump a la presidencia en enero pasado. Las concentraciones reunieron a miles de personas que expresaron su rechazo a diversas pol\u00edticas del actual gobierno, entre ellas las redadas migratorias, los recortes en servicios de salud, el despliegue militar en ciudades con gobiernos dem\u00f3cratas [&hellip;]\" \/>\n<meta property=\"og:url\" content=\"https:\/\/canal7slp.tv\/2025\/miles-de-personas-en-eua-marchan-contra-trump-bajo-el-lema-no-kings\/\" \/>\n<meta property=\"og:site_name\" content=\"Canal 7 SLP - 2025\" \/>\n<meta property=\"article:publisher\" content=\"https:\/\/www.facebook.com\/noticieroscanal7atencionciudadana\/\" \/>\n<meta property=\"article:published_time\" content=\"2025-10-18T21:14:05+00:00\" \/>\n<meta property=\"og:image\" content=\"https:\/\/canal7slp.tv\/2025\/wp-content\/uploads\/2025\/10\/08-17.jpg\" \/>\n\t<meta property=\"og:image:width\" content=\"728\" \/>\n\t<meta property=\"og:image:height\" content=\"410\" \/>\n\t<meta property=\"og:image:type\" content=\"image\/jpeg\" \/>\n<meta name=\"author\" content=\"Edici\u00f3n Web\" \/>\n<meta name=\"twitter:card\" content=\"summary_large_image\" \/>\n<meta name=\"twitter:creator\" content=\"@NOTICIEROS7\" \/>\n<meta name=\"twitter:site\" content=\"@NOTICIEROS7\" \/>\n<meta name=\"twitter:label1\" content=\"Escrito por\" \/>\n\t<meta name=\"twitter:data1\" content=\"Edici\u00f3n Web\" \/>\n\t<meta name=\"twitter:label2\" content=\"Tiempo de lectura\" \/>\n\t<meta name=\"twitter:data2\" content=\"2 minutos\" \/>\n<script type=\"application\/ld+json\" class=\"yoast-schema-graph\">{\"@context\":\"https:\\\/\\\/schema.org\",\"@graph\":[{\"@type\":\"Article\",\"@id\":\"https:\\\/\\\/canal7slp.tv\\\/2025\\\/miles-de-personas-en-eua-marchan-contra-trump-bajo-el-lema-no-kings\\\/#article\",\"isPartOf\":{\"@id\":\"https:\\\/\\\/canal7slp.tv\\\/2025\\\/miles-de-personas-en-eua-marchan-contra-trump-bajo-el-lema-no-kings\\\/\"},\"author\":{\"name\":\"Edici\u00f3n Web\",\"@id\":\"https:\\\/\\\/canal7slp.tv\\\/2025\\\/#\\\/schema\\\/person\\\/271e2b60a96e7cc9d9ac296f4d7e414b\"},\"headline\":\"Miles de personas en EUA marchan contra Trump bajo el lema \u00abNo Kings\u00bb\",\"datePublished\":\"2025-10-18T21:14:05+00:00\",\"mainEntityOfPage\":{\"@id\":\"https:\\\/\\\/canal7slp.tv\\\/2025\\\/miles-de-personas-en-eua-marchan-contra-trump-bajo-el-lema-no-kings\\\/\"},\"wordCount\":289,\"publisher\":{\"@id\":\"https:\\\/\\\/canal7slp.tv\\\/2025\\\/#organization\"},\"image\":{\"@id\":\"https:\\\/\\\/canal7slp.tv\\\/2025\\\/miles-de-personas-en-eua-marchan-contra-trump-bajo-el-lema-no-kings\\\/#primaryimage\"},\"thumbnailUrl\":\"https:\\\/\\\/canal7slp.tv\\\/2025\\\/wp-content\\\/uploads\\\/2025\\\/10\\\/08-17.jpg\",\"articleSection\":[\"INTERNACIONALES\"],\"inLanguage\":\"es\"},{\"@type\":\"WebPage\",\"@id\":\"https:\\\/\\\/canal7slp.tv\\\/2025\\\/miles-de-personas-en-eua-marchan-contra-trump-bajo-el-lema-no-kings\\\/\",\"url\":\"https:\\\/\\\/canal7slp.tv\\\/2025\\\/miles-de-personas-en-eua-marchan-contra-trump-bajo-el-lema-no-kings\\\/\",\"name\":\"Miles de personas en EUA marchan contra Trump bajo el lema \\\"No Kings\\\" - Canal 7 SLP - 2025\",\"isPartOf\":{\"@id\":\"https:\\\/\\\/canal7slp.tv\\\/2025\\\/#website\"},\"primaryImageOfPage\":{\"@id\":\"https:\\\/\\\/canal7slp.tv\\\/2025\\\/miles-de-personas-en-eua-marchan-contra-trump-bajo-el-lema-no-kings\\\/#primaryimage\"},\"image\":{\"@id\":\"https:\\\/\\\/canal7slp.tv\\\/2025\\\/miles-de-personas-en-eua-marchan-contra-trump-bajo-el-lema-no-kings\\\/#primaryimage\"},\"thumbnailUrl\":\"https:\\\/\\\/canal7slp.tv\\\/2025\\\/wp-content\\\/uploads\\\/2025\\\/10\\\/08-17.jpg\",\"datePublished\":\"2025-10-18T21:14:05+00:00\",\"breadcrumb\":{\"@id\":\"https:\\\/\\\/canal7slp.tv\\\/2025\\\/miles-de-personas-en-eua-marchan-contra-trump-bajo-el-lema-no-kings\\\/#breadcrumb\"},\"inLanguage\":\"es\",\"potentialAction\":[{\"@type\":\"ReadAction\",\"target\":[\"https:\\\/\\\/canal7slp.tv\\\/2025\\\/miles-de-personas-en-eua-marchan-contra-trump-bajo-el-lema-no-kings\\\/\"]}]},{\"@type\":\"ImageObject\",\"inLanguage\":\"es\",\"@id\":\"https:\\\/\\\/canal7slp.tv\\\/2025\\\/miles-de-personas-en-eua-marchan-contra-trump-bajo-el-lema-no-kings\\\/#primaryimage\",\"url\":\"https:\\\/\\\/canal7slp.tv\\\/2025\\\/wp-content\\\/uploads\\\/2025\\\/10\\\/08-17.jpg\",\"contentUrl\":\"https:\\\/\\\/canal7slp.tv\\\/2025\\\/wp-content\\\/uploads\\\/2025\\\/10\\\/08-17.jpg\",\"width\":728,\"height\":410},{\"@type\":\"BreadcrumbList\",\"@id\":\"https:\\\/\\\/canal7slp.tv\\\/2025\\\/miles-de-personas-en-eua-marchan-contra-trump-bajo-el-lema-no-kings\\\/#breadcrumb\",\"itemListElement\":[{\"@type\":\"ListItem\",\"position\":1,\"name\":\"Portada\",\"item\":\"https:\\\/\\\/canal7slp.tv\\\/2025\\\/\"},{\"@type\":\"ListItem\",\"position\":2,\"name\":\"Miles de personas en EUA marchan contra Trump bajo el lema \u00abNo Kings\u00bb\"}]},{\"@type\":\"WebSite\",\"@id\":\"https:\\\/\\\/canal7slp.tv\\\/2025\\\/#website\",\"url\":\"https:\\\/\\\/canal7slp.tv\\\/2025\\\/\",\"name\":\"N7 - Noticieros Canal 7\",\"description\":\"Somos el Medio\",\"publisher\":{\"@id\":\"https:\\\/\\\/canal7slp.tv\\\/2025\\\/#organization\"},\"potentialAction\":[{\"@type\":\"SearchAction\",\"target\":{\"@type\":\"EntryPoint\",\"urlTemplate\":\"https:\\\/\\\/canal7slp.tv\\\/2025\\\/?s={search_term_string}\"},\"query-input\":{\"@type\":\"PropertyValueSpecification\",\"valueRequired\":true,\"valueName\":\"search_term_string\"}}],\"inLanguage\":\"es\"},{\"@type\":\"Organization\",\"@id\":\"https:\\\/\\\/canal7slp.tv\\\/2025\\\/#organization\",\"name\":\"Noticieros Canal 7\",\"url\":\"https:\\\/\\\/canal7slp.tv\\\/2025\\\/\",\"logo\":{\"@type\":\"ImageObject\",\"inLanguage\":\"es\",\"@id\":\"https:\\\/\\\/canal7slp.tv\\\/2025\\\/#\\\/schema\\\/logo\\\/image\\\/\",\"url\":\"https:\\\/\\\/canal7slp.tv\\\/2025\\\/wp-content\\\/uploads\\\/2021\\\/01\\\/logo-noticieros@2x.png\",\"contentUrl\":\"https:\\\/\\\/canal7slp.tv\\\/2025\\\/wp-content\\\/uploads\\\/2021\\\/01\\\/logo-noticieros@2x.png\",\"width\":1017,\"height\":268,\"caption\":\"Noticieros Canal 7\"},\"image\":{\"@id\":\"https:\\\/\\\/canal7slp.tv\\\/2025\\\/#\\\/schema\\\/logo\\\/image\\\/\"},\"sameAs\":[\"https:\\\/\\\/www.facebook.com\\\/noticieroscanal7atencionciudadana\\\/\",\"https:\\\/\\\/x.com\\\/NOTICIEROS7\",\"https:\\\/\\\/www.instagram.com\\\/canal7_slp\",\"https:\\\/\\\/www.youtube.com\\\/channel\\\/UCliiYs-gP3JfJeqdPrNdd5A\"]},{\"@type\":\"Person\",\"@id\":\"https:\\\/\\\/canal7slp.tv\\\/2025\\\/#\\\/schema\\\/person\\\/271e2b60a96e7cc9d9ac296f4d7e414b\",\"name\":\"Edici\u00f3n Web\",\"image\":{\"@type\":\"ImageObject\",\"inLanguage\":\"es\",\"@id\":\"https:\\\/\\\/secure.gravatar.com\\\/avatar\\\/eee448fc3f7164808013b816ba91ac7e43bbe82a70bebac296f8bc6f0addaa1a?s=96&d=mm&r=g\",\"url\":\"https:\\\/\\\/secure.gravatar.com\\\/avatar\\\/eee448fc3f7164808013b816ba91ac7e43bbe82a70bebac296f8bc6f0addaa1a?s=96&d=mm&r=g\",\"contentUrl\":\"https:\\\/\\\/secure.gravatar.com\\\/avatar\\\/eee448fc3f7164808013b816ba91ac7e43bbe82a70bebac296f8bc6f0addaa1a?s=96&d=mm&r=g\",\"caption\":\"Edici\u00f3n Web\"},\"url\":\"https:\\\/\\\/canal7slp.tv\\\/2025\\\/author\\\/edicionweb\\\/\"}]}<\/script>\n<!-- \/ Yoast SEO plugin. -->","yoast_head_json":{"title":"Miles de personas en EUA marchan contra Trump bajo el lema \"No Kings\" - Canal 7 SLP - 2025","robots":{"index":"index","follow":"follow","max-snippet":"max-snippet:-1","max-image-preview":"max-image-preview:large","max-video-preview":"max-video-preview:-1"},"canonical":"https:\/\/canal7slp.tv\/2025\/miles-de-personas-en-eua-marchan-contra-trump-bajo-el-lema-no-kings\/","og_locale":"es_ES","og_type":"article","og_title":"Miles de personas en EUA marchan contra Trump bajo el lema \"No Kings\" - Canal 7 SLP - 2025","og_description":"EEUU.- Este 18 de octubre se realizaron manifestaciones simult\u00e1neas en m\u00e1s de dos mil 500 ciudades de Estados Unidos, entre ellas Nueva York, Washington y Miami, bajo la consigna \u201cNo Kings\u201d (No Reyes). Las protestas corresponden a la segunda edici\u00f3n del movimiento, que seg\u00fan sus organizadores busca consolidarse como la mayor movilizaci\u00f3n desde el regreso de Donald Trump a la presidencia en enero pasado. Las concentraciones reunieron a miles de personas que expresaron su rechazo a diversas pol\u00edticas del actual gobierno, entre ellas las redadas migratorias, los recortes en servicios de salud, el despliegue militar en ciudades con gobiernos dem\u00f3cratas [&hellip;]","og_url":"https:\/\/canal7slp.tv\/2025\/miles-de-personas-en-eua-marchan-contra-trump-bajo-el-lema-no-kings\/","og_site_name":"Canal 7 SLP - 2025","article_publisher":"https:\/\/www.facebook.com\/noticieroscanal7atencionciudadana\/","article_published_time":"2025-10-18T21:14:05+00:00","og_image":[{"width":728,"height":410,"url":"https:\/\/canal7slp.tv\/2025\/wp-content\/uploads\/2025\/10\/08-17.jpg","type":"image\/jpeg"}],"author":"Edici\u00f3n Web","twitter_card":"summary_large_image","twitter_creator":"@NOTICIEROS7","twitter_site":"@NOTICIEROS7","twitter_misc":{"Escrito por":"Edici\u00f3n Web","Tiempo de lectura":"2 minutos"},"schema":{"@context":"https:\/\/schema.org","@graph":[{"@type":"Article","@id":"https:\/\/canal7slp.tv\/2025\/miles-de-personas-en-eua-marchan-contra-trump-bajo-el-lema-no-kings\/#article","isPartOf":{"@id":"https:\/\/canal7slp.tv\/2025\/miles-de-personas-en-eua-marchan-contra-trump-bajo-el-lema-no-kings\/"},"author":{"name":"Edici\u00f3n Web","@id":"https:\/\/canal7slp.tv\/2025\/#\/schema\/person\/271e2b60a96e7cc9d9ac296f4d7e414b"},"headline":"Miles de personas en EUA marchan contra Trump bajo el lema \u00abNo Kings\u00bb","datePublished":"2025-10-18T21:14:05+00:00","mainEntityOfPage":{"@id":"https:\/\/canal7slp.tv\/2025\/miles-de-personas-en-eua-marchan-contra-trump-bajo-el-lema-no-kings\/"},"wordCount":289,"publisher":{"@id":"https:\/\/canal7slp.tv\/2025\/#organization"},"image":{"@id":"https:\/\/canal7slp.tv\/2025\/miles-de-personas-en-eua-marchan-contra-trump-bajo-el-lema-no-kings\/#primaryimage"},"thumbnailUrl":"https:\/\/canal7slp.tv\/2025\/wp-content\/uploads\/2025\/10\/08-17.jpg","articleSection":["INTERNACIONALES"],"inLanguage":"es"},{"@type":"WebPage","@id":"https:\/\/canal7slp.tv\/2025\/miles-de-personas-en-eua-marchan-contra-trump-bajo-el-lema-no-kings\/","url":"https:\/\/canal7slp.tv\/2025\/miles-de-personas-en-eua-marchan-contra-trump-bajo-el-lema-no-kings\/","name":"Miles de personas en EUA marchan contra Trump bajo el lema \"No Kings\" - Canal 7 SLP - 2025","isPartOf":{"@id":"https:\/\/canal7slp.tv\/2025\/#website"},"primaryImageOfPage":{"@id":"https:\/\/canal7slp.tv\/2025\/miles-de-personas-en-eua-marchan-contra-trump-bajo-el-lema-no-kings\/#primaryimage"},"image":{"@id":"https:\/\/canal7slp.tv\/2025\/miles-de-personas-en-eua-marchan-contra-trump-bajo-el-lema-no-kings\/#primaryimage"},"thumbnailUrl":"https:\/\/canal7slp.tv\/2025\/wp-content\/uploads\/2025\/10\/08-17.jpg","datePublished":"2025-10-18T21:14:05+00:00","breadcrumb":{"@id":"https:\/\/canal7slp.tv\/2025\/miles-de-personas-en-eua-marchan-contra-trump-bajo-el-lema-no-kings\/#breadcrumb"},"inLanguage":"es","potentialAction":[{"@type":"ReadAction","target":["https:\/\/canal7slp.tv\/2025\/miles-de-personas-en-eua-marchan-contra-trump-bajo-el-lema-no-kings\/"]}]},{"@type":"ImageObject","inLanguage":"es","@id":"https:\/\/canal7slp.tv\/2025\/miles-de-personas-en-eua-marchan-contra-trump-bajo-el-lema-no-kings\/#primaryimage","url":"https:\/\/canal7slp.tv\/2025\/wp-content\/uploads\/2025\/10\/08-17.jpg","contentUrl":"https:\/\/canal7slp.tv\/2025\/wp-content\/uploads\/2025\/10\/08-17.jpg","width":728,"height":410},{"@type":"BreadcrumbList","@id":"https:\/\/canal7slp.tv\/2025\/miles-de-personas-en-eua-marchan-contra-trump-bajo-el-lema-no-kings\/#breadcrumb","itemListElement":[{"@type":"ListItem","position":1,"name":"Portada","item":"https:\/\/canal7slp.tv\/2025\/"},{"@type":"ListItem","position":2,"name":"Miles de personas en EUA marchan contra Trump bajo el lema \u00abNo Kings\u00bb"}]},{"@type":"WebSite","@id":"https:\/\/canal7slp.tv\/2025\/#website","url":"https:\/\/canal7slp.tv\/2025\/","name":"N7 - Noticieros Canal 7","description":"Somos el Medio","publisher":{"@id":"https:\/\/canal7slp.tv\/2025\/#organization"},"potentialAction":[{"@type":"SearchAction","target":{"@type":"EntryPoint","urlTemplate":"https:\/\/canal7slp.tv\/2025\/?s={search_term_string}"},"query-input":{"@type":"PropertyValueSpecification","valueRequired":true,"valueName":"search_term_string"}}],"inLanguage":"es"},{"@type":"Organization","@id":"https:\/\/canal7slp.tv\/2025\/#organization","name":"Noticieros Canal 7","url":"https:\/\/canal7slp.tv\/2025\/","logo":{"@type":"ImageObject","inLanguage":"es","@id":"https:\/\/canal7slp.tv\/2025\/#\/schema\/logo\/image\/","url":"https:\/\/canal7slp.tv\/2025\/wp-content\/uploads\/2021\/01\/logo-noticieros@2x.png","contentUrl":"https:\/\/canal7slp.tv\/2025\/wp-content\/uploads\/2021\/01\/logo-noticieros@2x.png","width":1017,"height":268,"caption":"Noticieros Canal 7"},"image":{"@id":"https:\/\/canal7slp.tv\/2025\/#\/schema\/logo\/image\/"},"sameAs":["https:\/\/www.facebook.com\/noticieroscanal7atencionciudadana\/","https:\/\/x.com\/NOTICIEROS7","https:\/\/www.instagram.com\/canal7_slp","https:\/\/www.youtube.com\/channel\/UCliiYs-gP3JfJeqdPrNdd5A"]},{"@type":"Person","@id":"https:\/\/canal7slp.tv\/2025\/#\/schema\/person\/271e2b60a96e7cc9d9ac296f4d7e414b","name":"Edici\u00f3n Web","image":{"@type":"ImageObject","inLanguage":"es","@id":"https:\/\/secure.gravatar.com\/avatar\/eee448fc3f7164808013b816ba91ac7e43bbe82a70bebac296f8bc6f0addaa1a?s=96&d=mm&r=g","url":"https:\/\/secure.gravatar.com\/avatar\/eee448fc3f7164808013b816ba91ac7e43bbe82a70bebac296f8bc6f0addaa1a?s=96&d=mm&r=g","contentUrl":"https:\/\/secure.gravatar.com\/avatar\/eee448fc3f7164808013b816ba91ac7e43bbe82a70bebac296f8bc6f0addaa1a?s=96&d=mm&r=g","caption":"Edici\u00f3n Web"},"url":"https:\/\/canal7slp.tv\/2025\/author\/edicionweb\/"}]}},"_links":{"self":[{"href":"https:\/\/canal7slp.tv\/2025\/wp-json\/wp\/v2\/posts\/182508","targetHints":{"allow":["GET"]}}],"collection":[{"href":"https:\/\/canal7slp.tv\/2025\/wp-json\/wp\/v2\/posts"}],"about":[{"href":"https:\/\/canal7slp.tv\/2025\/wp-json\/wp\/v2\/types\/post"}],"author":[{"embeddable":true,"href":"https:\/\/canal7slp.tv\/2025\/wp-json\/wp\/v2\/users\/2"}],"replies":[{"embeddable":true,"href":"https:\/\/canal7slp.tv\/2025\/wp-json\/wp\/v2\/comments?post=182508"}],"version-history":[{"count":1,"href":"https:\/\/canal7slp.tv\/2025\/wp-json\/wp\/v2\/posts\/182508\/revisions"}],"predecessor-version":[{"id":182510,"href":"https:\/\/canal7slp.tv\/2025\/wp-json\/wp\/v2\/posts\/182508\/revisions\/182510"}],"wp:featuredmedia":[{"embeddable":true,"href":"https:\/\/canal7slp.tv\/2025\/wp-json\/wp\/v2\/media\/182509"}],"wp:attachment":[{"href":"https:\/\/canal7slp.tv\/2025\/wp-json\/wp\/v2\/media?parent=182508"}],"wp:term":[{"taxonomy":"category","embeddable":true,"href":"https:\/\/canal7slp.tv\/2025\/wp-json\/wp\/v2\/categories?post=182508"},{"taxonomy":"post_tag","embeddable":true,"href":"https:\/\/canal7slp.tv\/2025\/wp-json\/wp\/v2\/tags?post=182508"}],"curies":[{"name":"wp","href":"https:\/\/api.w.org\/{rel}","templated":true}]}}