{"id":182498,"date":"2025-10-18T11:26:58","date_gmt":"2025-10-18T17:26:58","guid":{"rendered":"https:\/\/canal7slp.tv\/2025\/?p=182498"},"modified":"2025-10-18T11:26:58","modified_gmt":"2025-10-18T17:26:58","slug":"suvs-impulsan-la-recuperacion-del-mercado-automotriz-mexicano","status":"publish","type":"post","link":"https:\/\/canal7slp.tv\/2025\/suvs-impulsan-la-recuperacion-del-mercado-automotriz-mexicano\/","title":{"rendered":"SUVs impulsan la recuperaci\u00f3n del mercado automotriz mexicano"},"content":{"rendered":"<p style=\"text-align: justify;\">M\u00e9xico.- El mercado automotriz en M\u00e9xico registra un cambio significativo en las preferencias de compra durante 2025, seg\u00fan datos de la Asociaci\u00f3n Mexicana de Distribuidores de Automotores (AMDA).<\/p>\n<p style=\"text-align: justify;\">Los veh\u00edculos de uso m\u00faltiple, que incluyen SUVs, minivans y pickups, representan el segmento con mayor volumen de ventas, alcanzando 443,929 unidades entre enero y septiembre.<\/p>\n<p style=\"text-align: justify;\">Los veh\u00edculos subcompactos ocupan el segundo lugar con 223,305 unidades vendidas, mientras que los autom\u00f3viles compactos tipo sed\u00e1n registran 188,042 unidades, mostrando una disminuci\u00f3n en comparaci\u00f3n con el a\u00f1o anterior cuando alcanzaron 205,419 unidades.<\/p>\n<p style=\"text-align: justify;\">Los segmentos de lujo y deportivos reportan 21,155 y 6,856 ventas respectivamente.<\/p>\n<p style=\"text-align: justify;\">En t\u00e9rminos de participaci\u00f3n de mercado, los veh\u00edculos de uso m\u00faltiple concentran el 41.3% de las ventas totales, mientras que los sedanes representan el 17.5%.<\/p>\n<p style=\"text-align: justify;\">Respecto a las marcas m\u00e1s comercializadas, Nissan lidera con 18.3% del mercado, seguida por Chevrolet con 12.3% y Volkswagen con 9.1%.<\/p>\n<p style=\"text-align: justify;\">Toyota, Kia y Honda completan los primeros seis lugares con participaciones entre 8.4% y 7.0%.<\/p>\n<p style=\"text-align: justify;\">En conjunto, estas seis marcas concentran el 62.6% de las ventas totales del sector.<\/p>\n","protected":false},"excerpt":{"rendered":"<p>M\u00e9xico.- El mercado automotriz en M\u00e9xico registra un cambio significativo en las preferencias de compra durante 2025, seg\u00fan datos de la Asociaci\u00f3n Mexicana de Distribuidores de Automotores (AMDA). Los veh\u00edculos de uso m\u00faltiple, que incluyen SUVs, minivans y pickups, representan el segmento con mayor volumen de ventas, alcanzando 443,929 unidades entre enero y septiembre. Los veh\u00edculos subcompactos ocupan el segundo lugar con 223,305 unidades vendidas, mientras que los autom\u00f3viles compactos tipo sed\u00e1n registran 188,042 unidades, mostrando una disminuci\u00f3n en comparaci\u00f3n con el a\u00f1o anterior cuando alcanzaron 205,419 unidades. Los segmentos de lujo y deportivos reportan 21,155 y 6,856 ventas respectivamente. [&hellip;]<\/p>\n","protected":false},"author":2,"featured_media":182499,"comment_status":"closed","ping_status":"closed","sticky":false,"template":"","format":"standard","meta":{"_monsterinsights_skip_tracking":false,"_monsterinsights_sitenote_active":false,"_monsterinsights_sitenote_note":"","_monsterinsights_sitenote_category":0,"footnotes":""},"categories":[40,46],"tags":[],"class_list":["post-182498","post","type-post","status-publish","format-standard","has-post-thumbnail","hentry","category-economia","category-nacional","post--single"],"yoast_head":"<!-- This site is optimized with the Yoast SEO plugin v27.5 - https:\/\/yoast.com\/product\/yoast-seo-wordpress\/ -->\n<title>SUVs impulsan la recuperaci\u00f3n del mercado automotriz mexicano - Canal 7 SLP - 2025<\/title>\n<meta name=\"robots\" content=\"index, follow, max-snippet:-1, max-image-preview:large, max-video-preview:-1\" \/>\n<link rel=\"canonical\" href=\"https:\/\/canal7slp.tv\/2025\/suvs-impulsan-la-recuperacion-del-mercado-automotriz-mexicano\/\" \/>\n<meta property=\"og:locale\" content=\"es_ES\" \/>\n<meta property=\"og:type\" content=\"article\" \/>\n<meta property=\"og:title\" content=\"SUVs impulsan la recuperaci\u00f3n del mercado automotriz mexicano - Canal 7 SLP - 2025\" \/>\n<meta property=\"og:description\" content=\"M\u00e9xico.- El mercado automotriz en M\u00e9xico registra un cambio significativo en las preferencias de compra durante 2025, seg\u00fan datos de la Asociaci\u00f3n Mexicana de Distribuidores de Automotores (AMDA). Los veh\u00edculos de uso m\u00faltiple, que incluyen SUVs, minivans y pickups, representan el segmento con mayor volumen de ventas, alcanzando 443,929 unidades entre enero y septiembre. Los veh\u00edculos subcompactos ocupan el segundo lugar con 223,305 unidades vendidas, mientras que los autom\u00f3viles compactos tipo sed\u00e1n registran 188,042 unidades, mostrando una disminuci\u00f3n en comparaci\u00f3n con el a\u00f1o anterior cuando alcanzaron 205,419 unidades. Los segmentos de lujo y deportivos reportan 21,155 y 6,856 ventas respectivamente. [&hellip;]\" \/>\n<meta property=\"og:url\" content=\"https:\/\/canal7slp.tv\/2025\/suvs-impulsan-la-recuperacion-del-mercado-automotriz-mexicano\/\" \/>\n<meta property=\"og:site_name\" content=\"Canal 7 SLP - 2025\" \/>\n<meta property=\"article:publisher\" content=\"https:\/\/www.facebook.com\/noticieroscanal7atencionciudadana\/\" \/>\n<meta property=\"article:published_time\" content=\"2025-10-18T17:26:58+00:00\" \/>\n<meta property=\"og:image\" content=\"https:\/\/canal7slp.tv\/2025\/wp-content\/uploads\/2025\/10\/05-16.jpg\" \/>\n\t<meta property=\"og:image:width\" content=\"750\" \/>\n\t<meta property=\"og:image:height\" content=\"500\" \/>\n\t<meta property=\"og:image:type\" content=\"image\/jpeg\" \/>\n<meta name=\"author\" content=\"Edici\u00f3n Web\" \/>\n<meta name=\"twitter:card\" content=\"summary_large_image\" \/>\n<meta name=\"twitter:creator\" content=\"@NOTICIEROS7\" \/>\n<meta name=\"twitter:site\" content=\"@NOTICIEROS7\" \/>\n<meta name=\"twitter:label1\" content=\"Escrito por\" \/>\n\t<meta name=\"twitter:data1\" content=\"Edici\u00f3n Web\" \/>\n\t<meta name=\"twitter:label2\" content=\"Tiempo de lectura\" \/>\n\t<meta name=\"twitter:data2\" content=\"2 minutos\" \/>\n<script type=\"application\/ld+json\" class=\"yoast-schema-graph\">{\"@context\":\"https:\\\/\\\/schema.org\",\"@graph\":[{\"@type\":\"Article\",\"@id\":\"https:\\\/\\\/canal7slp.tv\\\/2025\\\/suvs-impulsan-la-recuperacion-del-mercado-automotriz-mexicano\\\/#article\",\"isPartOf\":{\"@id\":\"https:\\\/\\\/canal7slp.tv\\\/2025\\\/suvs-impulsan-la-recuperacion-del-mercado-automotriz-mexicano\\\/\"},\"author\":{\"name\":\"Edici\u00f3n Web\",\"@id\":\"https:\\\/\\\/canal7slp.tv\\\/2025\\\/#\\\/schema\\\/person\\\/271e2b60a96e7cc9d9ac296f4d7e414b\"},\"headline\":\"SUVs impulsan la recuperaci\u00f3n del mercado automotriz mexicano\",\"datePublished\":\"2025-10-18T17:26:58+00:00\",\"mainEntityOfPage\":{\"@id\":\"https:\\\/\\\/canal7slp.tv\\\/2025\\\/suvs-impulsan-la-recuperacion-del-mercado-automotriz-mexicano\\\/\"},\"wordCount\":187,\"publisher\":{\"@id\":\"https:\\\/\\\/canal7slp.tv\\\/2025\\\/#organization\"},\"image\":{\"@id\":\"https:\\\/\\\/canal7slp.tv\\\/2025\\\/suvs-impulsan-la-recuperacion-del-mercado-automotriz-mexicano\\\/#primaryimage\"},\"thumbnailUrl\":\"https:\\\/\\\/canal7slp.tv\\\/2025\\\/wp-content\\\/uploads\\\/2025\\\/10\\\/05-16.jpg\",\"articleSection\":[\"ECONOM\u00cdA\",\"NACIONALES\"],\"inLanguage\":\"es\"},{\"@type\":\"WebPage\",\"@id\":\"https:\\\/\\\/canal7slp.tv\\\/2025\\\/suvs-impulsan-la-recuperacion-del-mercado-automotriz-mexicano\\\/\",\"url\":\"https:\\\/\\\/canal7slp.tv\\\/2025\\\/suvs-impulsan-la-recuperacion-del-mercado-automotriz-mexicano\\\/\",\"name\":\"SUVs impulsan la recuperaci\u00f3n del mercado automotriz mexicano - Canal 7 SLP - 2025\",\"isPartOf\":{\"@id\":\"https:\\\/\\\/canal7slp.tv\\\/2025\\\/#website\"},\"primaryImageOfPage\":{\"@id\":\"https:\\\/\\\/canal7slp.tv\\\/2025\\\/suvs-impulsan-la-recuperacion-del-mercado-automotriz-mexicano\\\/#primaryimage\"},\"image\":{\"@id\":\"https:\\\/\\\/canal7slp.tv\\\/2025\\\/suvs-impulsan-la-recuperacion-del-mercado-automotriz-mexicano\\\/#primaryimage\"},\"thumbnailUrl\":\"https:\\\/\\\/canal7slp.tv\\\/2025\\\/wp-content\\\/uploads\\\/2025\\\/10\\\/05-16.jpg\",\"datePublished\":\"2025-10-18T17:26:58+00:00\",\"breadcrumb\":{\"@id\":\"https:\\\/\\\/canal7slp.tv\\\/2025\\\/suvs-impulsan-la-recuperacion-del-mercado-automotriz-mexicano\\\/#breadcrumb\"},\"inLanguage\":\"es\",\"potentialAction\":[{\"@type\":\"ReadAction\",\"target\":[\"https:\\\/\\\/canal7slp.tv\\\/2025\\\/suvs-impulsan-la-recuperacion-del-mercado-automotriz-mexicano\\\/\"]}]},{\"@type\":\"ImageObject\",\"inLanguage\":\"es\",\"@id\":\"https:\\\/\\\/canal7slp.tv\\\/2025\\\/suvs-impulsan-la-recuperacion-del-mercado-automotriz-mexicano\\\/#primaryimage\",\"url\":\"https:\\\/\\\/canal7slp.tv\\\/2025\\\/wp-content\\\/uploads\\\/2025\\\/10\\\/05-16.jpg\",\"contentUrl\":\"https:\\\/\\\/canal7slp.tv\\\/2025\\\/wp-content\\\/uploads\\\/2025\\\/10\\\/05-16.jpg\",\"width\":750,\"height\":500},{\"@type\":\"BreadcrumbList\",\"@id\":\"https:\\\/\\\/canal7slp.tv\\\/2025\\\/suvs-impulsan-la-recuperacion-del-mercado-automotriz-mexicano\\\/#breadcrumb\",\"itemListElement\":[{\"@type\":\"ListItem\",\"position\":1,\"name\":\"Portada\",\"item\":\"https:\\\/\\\/canal7slp.tv\\\/2025\\\/\"},{\"@type\":\"ListItem\",\"position\":2,\"name\":\"SUVs impulsan la recuperaci\u00f3n del mercado automotriz mexicano\"}]},{\"@type\":\"WebSite\",\"@id\":\"https:\\\/\\\/canal7slp.tv\\\/2025\\\/#website\",\"url\":\"https:\\\/\\\/canal7slp.tv\\\/2025\\\/\",\"name\":\"N7 - Noticieros Canal 7\",\"description\":\"Somos el Medio\",\"publisher\":{\"@id\":\"https:\\\/\\\/canal7slp.tv\\\/2025\\\/#organization\"},\"potentialAction\":[{\"@type\":\"SearchAction\",\"target\":{\"@type\":\"EntryPoint\",\"urlTemplate\":\"https:\\\/\\\/canal7slp.tv\\\/2025\\\/?s={search_term_string}\"},\"query-input\":{\"@type\":\"PropertyValueSpecification\",\"valueRequired\":true,\"valueName\":\"search_term_string\"}}],\"inLanguage\":\"es\"},{\"@type\":\"Organization\",\"@id\":\"https:\\\/\\\/canal7slp.tv\\\/2025\\\/#organization\",\"name\":\"Noticieros Canal 7\",\"url\":\"https:\\\/\\\/canal7slp.tv\\\/2025\\\/\",\"logo\":{\"@type\":\"ImageObject\",\"inLanguage\":\"es\",\"@id\":\"https:\\\/\\\/canal7slp.tv\\\/2025\\\/#\\\/schema\\\/logo\\\/image\\\/\",\"url\":\"https:\\\/\\\/canal7slp.tv\\\/2025\\\/wp-content\\\/uploads\\\/2021\\\/01\\\/logo-noticieros@2x.png\",\"contentUrl\":\"https:\\\/\\\/canal7slp.tv\\\/2025\\\/wp-content\\\/uploads\\\/2021\\\/01\\\/logo-noticieros@2x.png\",\"width\":1017,\"height\":268,\"caption\":\"Noticieros Canal 7\"},\"image\":{\"@id\":\"https:\\\/\\\/canal7slp.tv\\\/2025\\\/#\\\/schema\\\/logo\\\/image\\\/\"},\"sameAs\":[\"https:\\\/\\\/www.facebook.com\\\/noticieroscanal7atencionciudadana\\\/\",\"https:\\\/\\\/x.com\\\/NOTICIEROS7\",\"https:\\\/\\\/www.instagram.com\\\/canal7_slp\",\"https:\\\/\\\/www.youtube.com\\\/channel\\\/UCliiYs-gP3JfJeqdPrNdd5A\"]},{\"@type\":\"Person\",\"@id\":\"https:\\\/\\\/canal7slp.tv\\\/2025\\\/#\\\/schema\\\/person\\\/271e2b60a96e7cc9d9ac296f4d7e414b\",\"name\":\"Edici\u00f3n Web\",\"image\":{\"@type\":\"ImageObject\",\"inLanguage\":\"es\",\"@id\":\"https:\\\/\\\/secure.gravatar.com\\\/avatar\\\/eee448fc3f7164808013b816ba91ac7e43bbe82a70bebac296f8bc6f0addaa1a?s=96&d=mm&r=g\",\"url\":\"https:\\\/\\\/secure.gravatar.com\\\/avatar\\\/eee448fc3f7164808013b816ba91ac7e43bbe82a70bebac296f8bc6f0addaa1a?s=96&d=mm&r=g\",\"contentUrl\":\"https:\\\/\\\/secure.gravatar.com\\\/avatar\\\/eee448fc3f7164808013b816ba91ac7e43bbe82a70bebac296f8bc6f0addaa1a?s=96&d=mm&r=g\",\"caption\":\"Edici\u00f3n Web\"},\"url\":\"https:\\\/\\\/canal7slp.tv\\\/2025\\\/author\\\/edicionweb\\\/\"}]}<\/script>\n<!-- \/ Yoast SEO plugin. -->","yoast_head_json":{"title":"SUVs impulsan la recuperaci\u00f3n del mercado automotriz mexicano - Canal 7 SLP - 2025","robots":{"index":"index","follow":"follow","max-snippet":"max-snippet:-1","max-image-preview":"max-image-preview:large","max-video-preview":"max-video-preview:-1"},"canonical":"https:\/\/canal7slp.tv\/2025\/suvs-impulsan-la-recuperacion-del-mercado-automotriz-mexicano\/","og_locale":"es_ES","og_type":"article","og_title":"SUVs impulsan la recuperaci\u00f3n del mercado automotriz mexicano - Canal 7 SLP - 2025","og_description":"M\u00e9xico.- El mercado automotriz en M\u00e9xico registra un cambio significativo en las preferencias de compra durante 2025, seg\u00fan datos de la Asociaci\u00f3n Mexicana de Distribuidores de Automotores (AMDA). Los veh\u00edculos de uso m\u00faltiple, que incluyen SUVs, minivans y pickups, representan el segmento con mayor volumen de ventas, alcanzando 443,929 unidades entre enero y septiembre. Los veh\u00edculos subcompactos ocupan el segundo lugar con 223,305 unidades vendidas, mientras que los autom\u00f3viles compactos tipo sed\u00e1n registran 188,042 unidades, mostrando una disminuci\u00f3n en comparaci\u00f3n con el a\u00f1o anterior cuando alcanzaron 205,419 unidades. Los segmentos de lujo y deportivos reportan 21,155 y 6,856 ventas respectivamente. [&hellip;]","og_url":"https:\/\/canal7slp.tv\/2025\/suvs-impulsan-la-recuperacion-del-mercado-automotriz-mexicano\/","og_site_name":"Canal 7 SLP - 2025","article_publisher":"https:\/\/www.facebook.com\/noticieroscanal7atencionciudadana\/","article_published_time":"2025-10-18T17:26:58+00:00","og_image":[{"width":750,"height":500,"url":"https:\/\/canal7slp.tv\/2025\/wp-content\/uploads\/2025\/10\/05-16.jpg","type":"image\/jpeg"}],"author":"Edici\u00f3n Web","twitter_card":"summary_large_image","twitter_creator":"@NOTICIEROS7","twitter_site":"@NOTICIEROS7","twitter_misc":{"Escrito por":"Edici\u00f3n Web","Tiempo de lectura":"2 minutos"},"schema":{"@context":"https:\/\/schema.org","@graph":[{"@type":"Article","@id":"https:\/\/canal7slp.tv\/2025\/suvs-impulsan-la-recuperacion-del-mercado-automotriz-mexicano\/#article","isPartOf":{"@id":"https:\/\/canal7slp.tv\/2025\/suvs-impulsan-la-recuperacion-del-mercado-automotriz-mexicano\/"},"author":{"name":"Edici\u00f3n Web","@id":"https:\/\/canal7slp.tv\/2025\/#\/schema\/person\/271e2b60a96e7cc9d9ac296f4d7e414b"},"headline":"SUVs impulsan la recuperaci\u00f3n del mercado automotriz mexicano","datePublished":"2025-10-18T17:26:58+00:00","mainEntityOfPage":{"@id":"https:\/\/canal7slp.tv\/2025\/suvs-impulsan-la-recuperacion-del-mercado-automotriz-mexicano\/"},"wordCount":187,"publisher":{"@id":"https:\/\/canal7slp.tv\/2025\/#organization"},"image":{"@id":"https:\/\/canal7slp.tv\/2025\/suvs-impulsan-la-recuperacion-del-mercado-automotriz-mexicano\/#primaryimage"},"thumbnailUrl":"https:\/\/canal7slp.tv\/2025\/wp-content\/uploads\/2025\/10\/05-16.jpg","articleSection":["ECONOM\u00cdA","NACIONALES"],"inLanguage":"es"},{"@type":"WebPage","@id":"https:\/\/canal7slp.tv\/2025\/suvs-impulsan-la-recuperacion-del-mercado-automotriz-mexicano\/","url":"https:\/\/canal7slp.tv\/2025\/suvs-impulsan-la-recuperacion-del-mercado-automotriz-mexicano\/","name":"SUVs impulsan la recuperaci\u00f3n del mercado automotriz mexicano - Canal 7 SLP - 2025","isPartOf":{"@id":"https:\/\/canal7slp.tv\/2025\/#website"},"primaryImageOfPage":{"@id":"https:\/\/canal7slp.tv\/2025\/suvs-impulsan-la-recuperacion-del-mercado-automotriz-mexicano\/#primaryimage"},"image":{"@id":"https:\/\/canal7slp.tv\/2025\/suvs-impulsan-la-recuperacion-del-mercado-automotriz-mexicano\/#primaryimage"},"thumbnailUrl":"https:\/\/canal7slp.tv\/2025\/wp-content\/uploads\/2025\/10\/05-16.jpg","datePublished":"2025-10-18T17:26:58+00:00","breadcrumb":{"@id":"https:\/\/canal7slp.tv\/2025\/suvs-impulsan-la-recuperacion-del-mercado-automotriz-mexicano\/#breadcrumb"},"inLanguage":"es","potentialAction":[{"@type":"ReadAction","target":["https:\/\/canal7slp.tv\/2025\/suvs-impulsan-la-recuperacion-del-mercado-automotriz-mexicano\/"]}]},{"@type":"ImageObject","inLanguage":"es","@id":"https:\/\/canal7slp.tv\/2025\/suvs-impulsan-la-recuperacion-del-mercado-automotriz-mexicano\/#primaryimage","url":"https:\/\/canal7slp.tv\/2025\/wp-content\/uploads\/2025\/10\/05-16.jpg","contentUrl":"https:\/\/canal7slp.tv\/2025\/wp-content\/uploads\/2025\/10\/05-16.jpg","width":750,"height":500},{"@type":"BreadcrumbList","@id":"https:\/\/canal7slp.tv\/2025\/suvs-impulsan-la-recuperacion-del-mercado-automotriz-mexicano\/#breadcrumb","itemListElement":[{"@type":"ListItem","position":1,"name":"Portada","item":"https:\/\/canal7slp.tv\/2025\/"},{"@type":"ListItem","position":2,"name":"SUVs impulsan la recuperaci\u00f3n del mercado automotriz mexicano"}]},{"@type":"WebSite","@id":"https:\/\/canal7slp.tv\/2025\/#website","url":"https:\/\/canal7slp.tv\/2025\/","name":"N7 - Noticieros Canal 7","description":"Somos el Medio","publisher":{"@id":"https:\/\/canal7slp.tv\/2025\/#organization"},"potentialAction":[{"@type":"SearchAction","target":{"@type":"EntryPoint","urlTemplate":"https:\/\/canal7slp.tv\/2025\/?s={search_term_string}"},"query-input":{"@type":"PropertyValueSpecification","valueRequired":true,"valueName":"search_term_string"}}],"inLanguage":"es"},{"@type":"Organization","@id":"https:\/\/canal7slp.tv\/2025\/#organization","name":"Noticieros Canal 7","url":"https:\/\/canal7slp.tv\/2025\/","logo":{"@type":"ImageObject","inLanguage":"es","@id":"https:\/\/canal7slp.tv\/2025\/#\/schema\/logo\/image\/","url":"https:\/\/canal7slp.tv\/2025\/wp-content\/uploads\/2021\/01\/logo-noticieros@2x.png","contentUrl":"https:\/\/canal7slp.tv\/2025\/wp-content\/uploads\/2021\/01\/logo-noticieros@2x.png","width":1017,"height":268,"caption":"Noticieros Canal 7"},"image":{"@id":"https:\/\/canal7slp.tv\/2025\/#\/schema\/logo\/image\/"},"sameAs":["https:\/\/www.facebook.com\/noticieroscanal7atencionciudadana\/","https:\/\/x.com\/NOTICIEROS7","https:\/\/www.instagram.com\/canal7_slp","https:\/\/www.youtube.com\/channel\/UCliiYs-gP3JfJeqdPrNdd5A"]},{"@type":"Person","@id":"https:\/\/canal7slp.tv\/2025\/#\/schema\/person\/271e2b60a96e7cc9d9ac296f4d7e414b","name":"Edici\u00f3n Web","image":{"@type":"ImageObject","inLanguage":"es","@id":"https:\/\/secure.gravatar.com\/avatar\/eee448fc3f7164808013b816ba91ac7e43bbe82a70bebac296f8bc6f0addaa1a?s=96&d=mm&r=g","url":"https:\/\/secure.gravatar.com\/avatar\/eee448fc3f7164808013b816ba91ac7e43bbe82a70bebac296f8bc6f0addaa1a?s=96&d=mm&r=g","contentUrl":"https:\/\/secure.gravatar.com\/avatar\/eee448fc3f7164808013b816ba91ac7e43bbe82a70bebac296f8bc6f0addaa1a?s=96&d=mm&r=g","caption":"Edici\u00f3n Web"},"url":"https:\/\/canal7slp.tv\/2025\/author\/edicionweb\/"}]}},"_links":{"self":[{"href":"https:\/\/canal7slp.tv\/2025\/wp-json\/wp\/v2\/posts\/182498","targetHints":{"allow":["GET"]}}],"collection":[{"href":"https:\/\/canal7slp.tv\/2025\/wp-json\/wp\/v2\/posts"}],"about":[{"href":"https:\/\/canal7slp.tv\/2025\/wp-json\/wp\/v2\/types\/post"}],"author":[{"embeddable":true,"href":"https:\/\/canal7slp.tv\/2025\/wp-json\/wp\/v2\/users\/2"}],"replies":[{"embeddable":true,"href":"https:\/\/canal7slp.tv\/2025\/wp-json\/wp\/v2\/comments?post=182498"}],"version-history":[{"count":1,"href":"https:\/\/canal7slp.tv\/2025\/wp-json\/wp\/v2\/posts\/182498\/revisions"}],"predecessor-version":[{"id":182500,"href":"https:\/\/canal7slp.tv\/2025\/wp-json\/wp\/v2\/posts\/182498\/revisions\/182500"}],"wp:featuredmedia":[{"embeddable":true,"href":"https:\/\/canal7slp.tv\/2025\/wp-json\/wp\/v2\/media\/182499"}],"wp:attachment":[{"href":"https:\/\/canal7slp.tv\/2025\/wp-json\/wp\/v2\/media?parent=182498"}],"wp:term":[{"taxonomy":"category","embeddable":true,"href":"https:\/\/canal7slp.tv\/2025\/wp-json\/wp\/v2\/categories?post=182498"},{"taxonomy":"post_tag","embeddable":true,"href":"https:\/\/canal7slp.tv\/2025\/wp-json\/wp\/v2\/tags?post=182498"}],"curies":[{"name":"wp","href":"https:\/\/api.w.org\/{rel}","templated":true}]}}