{"id":182475,"date":"2025-10-18T09:00:46","date_gmt":"2025-10-18T15:00:46","guid":{"rendered":"https:\/\/canal7slp.tv\/2025\/?p=182475"},"modified":"2025-10-18T08:52:45","modified_gmt":"2025-10-18T14:52:45","slug":"se-quitan-la-careta-son-unos-tiranos","status":"publish","type":"post","link":"https:\/\/canal7slp.tv\/2025\/se-quitan-la-careta-son-unos-tiranos\/","title":{"rendered":"Se quitan la careta: son unos tiranos"},"content":{"rendered":"<p style=\"text-align: justify;\">La historia pol\u00edtica de M\u00e9xico est\u00e1 llena de contradicciones, de l\u00edderes que dicen una cosa y hacen otra. Pero pocas veces hab\u00edamos visto un caso tan descarado como el actual. Quienes llegaron al poder envueltos en un discurso de justicia social, democracia y cercan\u00eda con la gente, hoy se muestran por lo que realmente son: gobernantes que prefieren callar la voz del ciudadano antes que escucharla, que se atrincheran en el poder antes que rendir cuentas. Se quitan la careta, y debajo no hay nada de dem\u00f3cratas; lo que aparece es el rostro de unos tiranos.<\/p>\n<p style=\"text-align: justify;\">La reforma a la Ley de Amparo es el bot\u00f3n de muestra. Durante d\u00e9cadas, el amparo fue el recurso m\u00e1s valioso con el que contaba cualquier persona para detener un acto arbitrario de autoridad. Fue la creaci\u00f3n m\u00e1s noble de nuestro constitucionalismo liberal, una puerta abierta para que el d\u00e9bil enfrentara al poderoso, un instrumento que garantizaba que nadie estuviera por encima de la ley. Benito Ju\u00e1rez lo entendi\u00f3 como un dique contra los abusos; la Constituci\u00f3n de 1857 lo plasm\u00f3 como un derecho fundamental, y la de 1917 lo consolid\u00f3 como un orgullo nacional. Hoy, esa tradici\u00f3n se pisotea.<\/p>\n<p style=\"text-align: justify;\">La reforma aprobada convierte al amparo en un recurso limitado, enrevesado y pr\u00e1cticamente in\u00fatil para el grueso de la poblaci\u00f3n. Ya no ser\u00e1 sencillo obtener la protecci\u00f3n de la justicia frente a un acto de gobierno injusto; por el contrario, se establecen barreras que desaniman al ciudadano com\u00fan y facilitan a las autoridades darle la vuelta. El resultado es brutal: el gobernado queda solo, sin herramientas reales para defenderse, mientras que los actos de la autoridad quedan blindados.<\/p>\n<p style=\"text-align: justify;\">Imaginemos a un peque\u00f1o comerciante afectado por una clausura arbitraria, a una familia que ve expropiada su propiedad sin una compensaci\u00f3n justa, a una comunidad cuya agua es contaminada por una decisi\u00f3n oficial. Antes, todos ellos pod\u00edan acudir al amparo para frenar el atropello. Ahora, su voz encontrar\u00e1 puertas cerradas y muros legales. El mensaje es terrible: el Estado ya no teme al escrutinio, porque ha debilitado la \u00fanica llave que pod\u00eda abrir la puerta de la justicia.<\/p>\n<p style=\"text-align: justify;\">Lo que esta reforma deja claro es que la democracia fue, para los actuales gobernantes, un disfraz \u00fatil para llegar al poder. Se presentaron como aliados del pueblo, pero apenas se vieron consolidados en el cargo, comenzaron a desmontar los mecanismos que proteg\u00edan a ese mismo pueblo. La democracia, entendida como contrapesos, l\u00edmites y defensa de libertades, ha dejado de ser su prioridad. Lo que buscan ahora es control, obediencia y sumisi\u00f3n.<\/p>\n<p style=\"text-align: justify;\">La verdadera prueba de los gobiernos no est\u00e1 en lo que prometen, sino en lo que hacen con los derechos de la gente. Y en este caso, han optado por el camino m\u00e1s peligroso: arrebatarle al ciudadano su \u00faltima defensa. Al hacerlo, se desnudan y confirman lo que muchos tem\u00edan: que detr\u00e1s de las palabras grandilocuentes no hab\u00eda m\u00e1s que la ambici\u00f3n de controlar. Eso, y nada m\u00e1s, es tiran\u00eda.<\/p>\n<p style=\"text-align: right;\">Alejandro Moreno, Presidente Nacional del PRI<\/p>\n","protected":false},"excerpt":{"rendered":"<p>La historia pol\u00edtica de M\u00e9xico est\u00e1 llena de contradicciones, de l\u00edderes que dicen una cosa y hacen otra. Pero pocas veces hab\u00edamos visto un caso tan descarado como el actual. Quienes llegaron al poder envueltos en un discurso de justicia social, democracia y cercan\u00eda con la gente, hoy se muestran por lo que realmente son: gobernantes que prefieren callar la voz del ciudadano antes que escucharla, que se atrincheran en el poder antes que rendir cuentas. Se quitan la careta, y debajo no hay nada de dem\u00f3cratas; lo que aparece es el rostro de unos tiranos. La reforma a la [&hellip;]<\/p>\n","protected":false},"author":2,"featured_media":0,"comment_status":"closed","ping_status":"closed","sticky":false,"template":"","format":"standard","meta":{"_monsterinsights_skip_tracking":false,"_monsterinsights_sitenote_active":false,"_monsterinsights_sitenote_note":"","_monsterinsights_sitenote_category":0,"footnotes":""},"categories":[46],"tags":[],"class_list":["post-182475","post","type-post","status-publish","format-standard","hentry","category-nacional","post--single"],"yoast_head":"<!-- This site is optimized with the Yoast SEO plugin v27.4 - https:\/\/yoast.com\/product\/yoast-seo-wordpress\/ -->\n<title>Se quitan la careta: son unos tiranos - Canal 7 SLP - 2025<\/title>\n<meta name=\"robots\" content=\"index, follow, max-snippet:-1, max-image-preview:large, max-video-preview:-1\" \/>\n<link rel=\"canonical\" href=\"https:\/\/canal7slp.tv\/2025\/se-quitan-la-careta-son-unos-tiranos\/\" \/>\n<meta property=\"og:locale\" content=\"es_ES\" \/>\n<meta property=\"og:type\" content=\"article\" \/>\n<meta property=\"og:title\" content=\"Se quitan la careta: son unos tiranos - Canal 7 SLP - 2025\" \/>\n<meta property=\"og:description\" content=\"La historia pol\u00edtica de M\u00e9xico est\u00e1 llena de contradicciones, de l\u00edderes que dicen una cosa y hacen otra. Pero pocas veces hab\u00edamos visto un caso tan descarado como el actual. Quienes llegaron al poder envueltos en un discurso de justicia social, democracia y cercan\u00eda con la gente, hoy se muestran por lo que realmente son: gobernantes que prefieren callar la voz del ciudadano antes que escucharla, que se atrincheran en el poder antes que rendir cuentas. Se quitan la careta, y debajo no hay nada de dem\u00f3cratas; lo que aparece es el rostro de unos tiranos. La reforma a la [&hellip;]\" \/>\n<meta property=\"og:url\" content=\"https:\/\/canal7slp.tv\/2025\/se-quitan-la-careta-son-unos-tiranos\/\" \/>\n<meta property=\"og:site_name\" content=\"Canal 7 SLP - 2025\" \/>\n<meta property=\"article:publisher\" content=\"https:\/\/www.facebook.com\/noticieroscanal7atencionciudadana\/\" \/>\n<meta property=\"article:published_time\" content=\"2025-10-18T15:00:46+00:00\" \/>\n<meta property=\"og:image\" content=\"https:\/\/canal7slp.tv\/2025\/wp-content\/uploads\/2021\/02\/Alito.jpg\" \/>\n\t<meta property=\"og:image:width\" content=\"656\" \/>\n\t<meta property=\"og:image:height\" content=\"500\" \/>\n\t<meta property=\"og:image:type\" content=\"image\/jpeg\" \/>\n<meta name=\"author\" content=\"Edici\u00f3n Web\" \/>\n<meta name=\"twitter:card\" content=\"summary_large_image\" \/>\n<meta name=\"twitter:creator\" content=\"@NOTICIEROS7\" \/>\n<meta name=\"twitter:site\" content=\"@NOTICIEROS7\" \/>\n<meta name=\"twitter:label1\" content=\"Escrito por\" \/>\n\t<meta name=\"twitter:data1\" content=\"Edici\u00f3n Web\" \/>\n\t<meta name=\"twitter:label2\" content=\"Tiempo de lectura\" \/>\n\t<meta name=\"twitter:data2\" content=\"3 minutos\" \/>\n<script type=\"application\/ld+json\" class=\"yoast-schema-graph\">{\"@context\":\"https:\\\/\\\/schema.org\",\"@graph\":[{\"@type\":\"Article\",\"@id\":\"https:\\\/\\\/canal7slp.tv\\\/2025\\\/se-quitan-la-careta-son-unos-tiranos\\\/#article\",\"isPartOf\":{\"@id\":\"https:\\\/\\\/canal7slp.tv\\\/2025\\\/se-quitan-la-careta-son-unos-tiranos\\\/\"},\"author\":{\"name\":\"Edici\u00f3n Web\",\"@id\":\"https:\\\/\\\/canal7slp.tv\\\/2025\\\/#\\\/schema\\\/person\\\/271e2b60a96e7cc9d9ac296f4d7e414b\"},\"headline\":\"Se quitan la careta: son unos tiranos\",\"datePublished\":\"2025-10-18T15:00:46+00:00\",\"mainEntityOfPage\":{\"@id\":\"https:\\\/\\\/canal7slp.tv\\\/2025\\\/se-quitan-la-careta-son-unos-tiranos\\\/\"},\"wordCount\":541,\"publisher\":{\"@id\":\"https:\\\/\\\/canal7slp.tv\\\/2025\\\/#organization\"},\"articleSection\":[\"NACIONALES\"],\"inLanguage\":\"es\"},{\"@type\":\"WebPage\",\"@id\":\"https:\\\/\\\/canal7slp.tv\\\/2025\\\/se-quitan-la-careta-son-unos-tiranos\\\/\",\"url\":\"https:\\\/\\\/canal7slp.tv\\\/2025\\\/se-quitan-la-careta-son-unos-tiranos\\\/\",\"name\":\"Se quitan la careta: son unos tiranos - Canal 7 SLP - 2025\",\"isPartOf\":{\"@id\":\"https:\\\/\\\/canal7slp.tv\\\/2025\\\/#website\"},\"datePublished\":\"2025-10-18T15:00:46+00:00\",\"breadcrumb\":{\"@id\":\"https:\\\/\\\/canal7slp.tv\\\/2025\\\/se-quitan-la-careta-son-unos-tiranos\\\/#breadcrumb\"},\"inLanguage\":\"es\",\"potentialAction\":[{\"@type\":\"ReadAction\",\"target\":[\"https:\\\/\\\/canal7slp.tv\\\/2025\\\/se-quitan-la-careta-son-unos-tiranos\\\/\"]}]},{\"@type\":\"BreadcrumbList\",\"@id\":\"https:\\\/\\\/canal7slp.tv\\\/2025\\\/se-quitan-la-careta-son-unos-tiranos\\\/#breadcrumb\",\"itemListElement\":[{\"@type\":\"ListItem\",\"position\":1,\"name\":\"Portada\",\"item\":\"https:\\\/\\\/canal7slp.tv\\\/2025\\\/\"},{\"@type\":\"ListItem\",\"position\":2,\"name\":\"Se quitan la careta: son unos tiranos\"}]},{\"@type\":\"WebSite\",\"@id\":\"https:\\\/\\\/canal7slp.tv\\\/2025\\\/#website\",\"url\":\"https:\\\/\\\/canal7slp.tv\\\/2025\\\/\",\"name\":\"N7 - Noticieros Canal 7\",\"description\":\"Somos el Medio\",\"publisher\":{\"@id\":\"https:\\\/\\\/canal7slp.tv\\\/2025\\\/#organization\"},\"potentialAction\":[{\"@type\":\"SearchAction\",\"target\":{\"@type\":\"EntryPoint\",\"urlTemplate\":\"https:\\\/\\\/canal7slp.tv\\\/2025\\\/?s={search_term_string}\"},\"query-input\":{\"@type\":\"PropertyValueSpecification\",\"valueRequired\":true,\"valueName\":\"search_term_string\"}}],\"inLanguage\":\"es\"},{\"@type\":\"Organization\",\"@id\":\"https:\\\/\\\/canal7slp.tv\\\/2025\\\/#organization\",\"name\":\"Noticieros Canal 7\",\"url\":\"https:\\\/\\\/canal7slp.tv\\\/2025\\\/\",\"logo\":{\"@type\":\"ImageObject\",\"inLanguage\":\"es\",\"@id\":\"https:\\\/\\\/canal7slp.tv\\\/2025\\\/#\\\/schema\\\/logo\\\/image\\\/\",\"url\":\"https:\\\/\\\/canal7slp.tv\\\/2025\\\/wp-content\\\/uploads\\\/2021\\\/01\\\/logo-noticieros@2x.png\",\"contentUrl\":\"https:\\\/\\\/canal7slp.tv\\\/2025\\\/wp-content\\\/uploads\\\/2021\\\/01\\\/logo-noticieros@2x.png\",\"width\":1017,\"height\":268,\"caption\":\"Noticieros Canal 7\"},\"image\":{\"@id\":\"https:\\\/\\\/canal7slp.tv\\\/2025\\\/#\\\/schema\\\/logo\\\/image\\\/\"},\"sameAs\":[\"https:\\\/\\\/www.facebook.com\\\/noticieroscanal7atencionciudadana\\\/\",\"https:\\\/\\\/x.com\\\/NOTICIEROS7\",\"https:\\\/\\\/www.instagram.com\\\/canal7_slp\",\"https:\\\/\\\/www.youtube.com\\\/channel\\\/UCliiYs-gP3JfJeqdPrNdd5A\"]},{\"@type\":\"Person\",\"@id\":\"https:\\\/\\\/canal7slp.tv\\\/2025\\\/#\\\/schema\\\/person\\\/271e2b60a96e7cc9d9ac296f4d7e414b\",\"name\":\"Edici\u00f3n Web\",\"image\":{\"@type\":\"ImageObject\",\"inLanguage\":\"es\",\"@id\":\"https:\\\/\\\/secure.gravatar.com\\\/avatar\\\/eee448fc3f7164808013b816ba91ac7e43bbe82a70bebac296f8bc6f0addaa1a?s=96&d=mm&r=g\",\"url\":\"https:\\\/\\\/secure.gravatar.com\\\/avatar\\\/eee448fc3f7164808013b816ba91ac7e43bbe82a70bebac296f8bc6f0addaa1a?s=96&d=mm&r=g\",\"contentUrl\":\"https:\\\/\\\/secure.gravatar.com\\\/avatar\\\/eee448fc3f7164808013b816ba91ac7e43bbe82a70bebac296f8bc6f0addaa1a?s=96&d=mm&r=g\",\"caption\":\"Edici\u00f3n Web\"},\"url\":\"https:\\\/\\\/canal7slp.tv\\\/2025\\\/author\\\/edicionweb\\\/\"}]}<\/script>\n<!-- \/ Yoast SEO plugin. -->","yoast_head_json":{"title":"Se quitan la careta: son unos tiranos - Canal 7 SLP - 2025","robots":{"index":"index","follow":"follow","max-snippet":"max-snippet:-1","max-image-preview":"max-image-preview:large","max-video-preview":"max-video-preview:-1"},"canonical":"https:\/\/canal7slp.tv\/2025\/se-quitan-la-careta-son-unos-tiranos\/","og_locale":"es_ES","og_type":"article","og_title":"Se quitan la careta: son unos tiranos - Canal 7 SLP - 2025","og_description":"La historia pol\u00edtica de M\u00e9xico est\u00e1 llena de contradicciones, de l\u00edderes que dicen una cosa y hacen otra. Pero pocas veces hab\u00edamos visto un caso tan descarado como el actual. Quienes llegaron al poder envueltos en un discurso de justicia social, democracia y cercan\u00eda con la gente, hoy se muestran por lo que realmente son: gobernantes que prefieren callar la voz del ciudadano antes que escucharla, que se atrincheran en el poder antes que rendir cuentas. Se quitan la careta, y debajo no hay nada de dem\u00f3cratas; lo que aparece es el rostro de unos tiranos. La reforma a la [&hellip;]","og_url":"https:\/\/canal7slp.tv\/2025\/se-quitan-la-careta-son-unos-tiranos\/","og_site_name":"Canal 7 SLP - 2025","article_publisher":"https:\/\/www.facebook.com\/noticieroscanal7atencionciudadana\/","article_published_time":"2025-10-18T15:00:46+00:00","og_image":[{"width":656,"height":500,"url":"https:\/\/canal7slp.tv\/2025\/wp-content\/uploads\/2021\/02\/Alito.jpg","type":"image\/jpeg"}],"author":"Edici\u00f3n Web","twitter_card":"summary_large_image","twitter_creator":"@NOTICIEROS7","twitter_site":"@NOTICIEROS7","twitter_misc":{"Escrito por":"Edici\u00f3n Web","Tiempo de lectura":"3 minutos"},"schema":{"@context":"https:\/\/schema.org","@graph":[{"@type":"Article","@id":"https:\/\/canal7slp.tv\/2025\/se-quitan-la-careta-son-unos-tiranos\/#article","isPartOf":{"@id":"https:\/\/canal7slp.tv\/2025\/se-quitan-la-careta-son-unos-tiranos\/"},"author":{"name":"Edici\u00f3n Web","@id":"https:\/\/canal7slp.tv\/2025\/#\/schema\/person\/271e2b60a96e7cc9d9ac296f4d7e414b"},"headline":"Se quitan la careta: son unos tiranos","datePublished":"2025-10-18T15:00:46+00:00","mainEntityOfPage":{"@id":"https:\/\/canal7slp.tv\/2025\/se-quitan-la-careta-son-unos-tiranos\/"},"wordCount":541,"publisher":{"@id":"https:\/\/canal7slp.tv\/2025\/#organization"},"articleSection":["NACIONALES"],"inLanguage":"es"},{"@type":"WebPage","@id":"https:\/\/canal7slp.tv\/2025\/se-quitan-la-careta-son-unos-tiranos\/","url":"https:\/\/canal7slp.tv\/2025\/se-quitan-la-careta-son-unos-tiranos\/","name":"Se quitan la careta: son unos tiranos - Canal 7 SLP - 2025","isPartOf":{"@id":"https:\/\/canal7slp.tv\/2025\/#website"},"datePublished":"2025-10-18T15:00:46+00:00","breadcrumb":{"@id":"https:\/\/canal7slp.tv\/2025\/se-quitan-la-careta-son-unos-tiranos\/#breadcrumb"},"inLanguage":"es","potentialAction":[{"@type":"ReadAction","target":["https:\/\/canal7slp.tv\/2025\/se-quitan-la-careta-son-unos-tiranos\/"]}]},{"@type":"BreadcrumbList","@id":"https:\/\/canal7slp.tv\/2025\/se-quitan-la-careta-son-unos-tiranos\/#breadcrumb","itemListElement":[{"@type":"ListItem","position":1,"name":"Portada","item":"https:\/\/canal7slp.tv\/2025\/"},{"@type":"ListItem","position":2,"name":"Se quitan la careta: son unos tiranos"}]},{"@type":"WebSite","@id":"https:\/\/canal7slp.tv\/2025\/#website","url":"https:\/\/canal7slp.tv\/2025\/","name":"N7 - Noticieros Canal 7","description":"Somos el Medio","publisher":{"@id":"https:\/\/canal7slp.tv\/2025\/#organization"},"potentialAction":[{"@type":"SearchAction","target":{"@type":"EntryPoint","urlTemplate":"https:\/\/canal7slp.tv\/2025\/?s={search_term_string}"},"query-input":{"@type":"PropertyValueSpecification","valueRequired":true,"valueName":"search_term_string"}}],"inLanguage":"es"},{"@type":"Organization","@id":"https:\/\/canal7slp.tv\/2025\/#organization","name":"Noticieros Canal 7","url":"https:\/\/canal7slp.tv\/2025\/","logo":{"@type":"ImageObject","inLanguage":"es","@id":"https:\/\/canal7slp.tv\/2025\/#\/schema\/logo\/image\/","url":"https:\/\/canal7slp.tv\/2025\/wp-content\/uploads\/2021\/01\/logo-noticieros@2x.png","contentUrl":"https:\/\/canal7slp.tv\/2025\/wp-content\/uploads\/2021\/01\/logo-noticieros@2x.png","width":1017,"height":268,"caption":"Noticieros Canal 7"},"image":{"@id":"https:\/\/canal7slp.tv\/2025\/#\/schema\/logo\/image\/"},"sameAs":["https:\/\/www.facebook.com\/noticieroscanal7atencionciudadana\/","https:\/\/x.com\/NOTICIEROS7","https:\/\/www.instagram.com\/canal7_slp","https:\/\/www.youtube.com\/channel\/UCliiYs-gP3JfJeqdPrNdd5A"]},{"@type":"Person","@id":"https:\/\/canal7slp.tv\/2025\/#\/schema\/person\/271e2b60a96e7cc9d9ac296f4d7e414b","name":"Edici\u00f3n Web","image":{"@type":"ImageObject","inLanguage":"es","@id":"https:\/\/secure.gravatar.com\/avatar\/eee448fc3f7164808013b816ba91ac7e43bbe82a70bebac296f8bc6f0addaa1a?s=96&d=mm&r=g","url":"https:\/\/secure.gravatar.com\/avatar\/eee448fc3f7164808013b816ba91ac7e43bbe82a70bebac296f8bc6f0addaa1a?s=96&d=mm&r=g","contentUrl":"https:\/\/secure.gravatar.com\/avatar\/eee448fc3f7164808013b816ba91ac7e43bbe82a70bebac296f8bc6f0addaa1a?s=96&d=mm&r=g","caption":"Edici\u00f3n Web"},"url":"https:\/\/canal7slp.tv\/2025\/author\/edicionweb\/"}]}},"_links":{"self":[{"href":"https:\/\/canal7slp.tv\/2025\/wp-json\/wp\/v2\/posts\/182475","targetHints":{"allow":["GET"]}}],"collection":[{"href":"https:\/\/canal7slp.tv\/2025\/wp-json\/wp\/v2\/posts"}],"about":[{"href":"https:\/\/canal7slp.tv\/2025\/wp-json\/wp\/v2\/types\/post"}],"author":[{"embeddable":true,"href":"https:\/\/canal7slp.tv\/2025\/wp-json\/wp\/v2\/users\/2"}],"replies":[{"embeddable":true,"href":"https:\/\/canal7slp.tv\/2025\/wp-json\/wp\/v2\/comments?post=182475"}],"version-history":[{"count":1,"href":"https:\/\/canal7slp.tv\/2025\/wp-json\/wp\/v2\/posts\/182475\/revisions"}],"predecessor-version":[{"id":182476,"href":"https:\/\/canal7slp.tv\/2025\/wp-json\/wp\/v2\/posts\/182475\/revisions\/182476"}],"wp:attachment":[{"href":"https:\/\/canal7slp.tv\/2025\/wp-json\/wp\/v2\/media?parent=182475"}],"wp:term":[{"taxonomy":"category","embeddable":true,"href":"https:\/\/canal7slp.tv\/2025\/wp-json\/wp\/v2\/categories?post=182475"},{"taxonomy":"post_tag","embeddable":true,"href":"https:\/\/canal7slp.tv\/2025\/wp-json\/wp\/v2\/tags?post=182475"}],"curies":[{"name":"wp","href":"https:\/\/api.w.org\/{rel}","templated":true}]}}