{"id":182455,"date":"2025-10-17T18:56:03","date_gmt":"2025-10-18T00:56:03","guid":{"rendered":"https:\/\/canal7slp.tv\/2025\/?p=182455"},"modified":"2025-10-17T18:56:03","modified_gmt":"2025-10-18T00:56:03","slug":"fgj-cdmx-analizara-casos-del-abogado-david-cohen-como-linea-de-investigacion-por-su-homicidio","status":"publish","type":"post","link":"https:\/\/canal7slp.tv\/2025\/fgj-cdmx-analizara-casos-del-abogado-david-cohen-como-linea-de-investigacion-por-su-homicidio\/","title":{"rendered":"FGJ-CDMX analizar\u00e1 casos del abogado David Cohen como l\u00ednea de investigaci\u00f3n por su homicidio"},"content":{"rendered":"<p style=\"text-align: justify;\">\n<p style=\"text-align: justify;\">Ciudad de M\u00e9xico.- La Fiscal General de Justicia de la Ciudad de M\u00e9xico (FGJ-CDMX) inform\u00f3 que se realizar\u00e1 un an\u00e1lisis de los casos que llevaba el abogado David Cohen, quien falleci\u00f3 en un ataque el pasado 13 de octubre, como parte de las investigaciones correspondientes.<\/p>\n<p style=\"text-align: justify;\">La fiscal capitalina, Bertha Alcalde Luj\u00e1n, se\u00f1al\u00f3 que los escoltas del abogado no tienen actualmente la calidad de investigados, pero precis\u00f3 que la instituci\u00f3n ser\u00e1 exhaustiva en la revisi\u00f3n de todos los elementos relacionados con el homicidio.<\/p>\n","protected":false},"excerpt":{"rendered":"<p>Ciudad de M\u00e9xico.- La Fiscal General de Justicia de la Ciudad de M\u00e9xico (FGJ-CDMX) inform\u00f3 que se realizar\u00e1 un an\u00e1lisis de los casos que llevaba el abogado David Cohen, quien falleci\u00f3 en un ataque el pasado 13 de octubre, como parte de las investigaciones correspondientes. La fiscal capitalina, Bertha Alcalde Luj\u00e1n, se\u00f1al\u00f3 que los escoltas del abogado no tienen actualmente la calidad de investigados, pero precis\u00f3 que la instituci\u00f3n ser\u00e1 exhaustiva en la revisi\u00f3n de todos los elementos relacionados con el homicidio.<\/p>\n","protected":false},"author":2,"featured_media":182456,"comment_status":"closed","ping_status":"closed","sticky":false,"template":"","format":"standard","meta":{"_monsterinsights_skip_tracking":false,"_monsterinsights_sitenote_active":false,"_monsterinsights_sitenote_note":"","_monsterinsights_sitenote_category":0,"footnotes":""},"categories":[46],"tags":[],"class_list":["post-182455","post","type-post","status-publish","format-standard","has-post-thumbnail","hentry","category-nacional","post--single"],"yoast_head":"<!-- This site is optimized with the Yoast SEO plugin v27.4 - https:\/\/yoast.com\/product\/yoast-seo-wordpress\/ -->\n<title>FGJ-CDMX analizar\u00e1 casos del abogado David Cohen como l\u00ednea de investigaci\u00f3n por su homicidio - Canal 7 SLP - 2025<\/title>\n<meta name=\"robots\" content=\"index, follow, max-snippet:-1, max-image-preview:large, max-video-preview:-1\" \/>\n<link rel=\"canonical\" href=\"https:\/\/canal7slp.tv\/2025\/fgj-cdmx-analizara-casos-del-abogado-david-cohen-como-linea-de-investigacion-por-su-homicidio\/\" \/>\n<meta property=\"og:locale\" content=\"es_ES\" \/>\n<meta property=\"og:type\" content=\"article\" \/>\n<meta property=\"og:title\" content=\"FGJ-CDMX analizar\u00e1 casos del abogado David Cohen como l\u00ednea de investigaci\u00f3n por su homicidio - Canal 7 SLP - 2025\" \/>\n<meta property=\"og:description\" content=\"Ciudad de M\u00e9xico.- La Fiscal General de Justicia de la Ciudad de M\u00e9xico (FGJ-CDMX) inform\u00f3 que se realizar\u00e1 un an\u00e1lisis de los casos que llevaba el abogado David Cohen, quien falleci\u00f3 en un ataque el pasado 13 de octubre, como parte de las investigaciones correspondientes. La fiscal capitalina, Bertha Alcalde Luj\u00e1n, se\u00f1al\u00f3 que los escoltas del abogado no tienen actualmente la calidad de investigados, pero precis\u00f3 que la instituci\u00f3n ser\u00e1 exhaustiva en la revisi\u00f3n de todos los elementos relacionados con el homicidio.\" \/>\n<meta property=\"og:url\" content=\"https:\/\/canal7slp.tv\/2025\/fgj-cdmx-analizara-casos-del-abogado-david-cohen-como-linea-de-investigacion-por-su-homicidio\/\" \/>\n<meta property=\"og:site_name\" content=\"Canal 7 SLP - 2025\" \/>\n<meta property=\"article:publisher\" content=\"https:\/\/www.facebook.com\/noticieroscanal7atencionciudadana\/\" \/>\n<meta property=\"article:published_time\" content=\"2025-10-18T00:56:03+00:00\" \/>\n<meta property=\"og:image\" content=\"https:\/\/canal7slp.tv\/2025\/wp-content\/uploads\/2025\/10\/18-2.jpg\" \/>\n\t<meta property=\"og:image:width\" content=\"888\" \/>\n\t<meta property=\"og:image:height\" content=\"500\" \/>\n\t<meta property=\"og:image:type\" content=\"image\/jpeg\" \/>\n<meta name=\"author\" content=\"Edici\u00f3n Web\" \/>\n<meta name=\"twitter:card\" content=\"summary_large_image\" \/>\n<meta name=\"twitter:creator\" content=\"@NOTICIEROS7\" \/>\n<meta name=\"twitter:site\" content=\"@NOTICIEROS7\" \/>\n<meta name=\"twitter:label1\" content=\"Escrito por\" \/>\n\t<meta name=\"twitter:data1\" content=\"Edici\u00f3n Web\" \/>\n\t<meta name=\"twitter:label2\" content=\"Tiempo de lectura\" \/>\n\t<meta name=\"twitter:data2\" content=\"1 minuto\" \/>\n<script type=\"application\/ld+json\" class=\"yoast-schema-graph\">{\"@context\":\"https:\\\/\\\/schema.org\",\"@graph\":[{\"@type\":\"Article\",\"@id\":\"https:\\\/\\\/canal7slp.tv\\\/2025\\\/fgj-cdmx-analizara-casos-del-abogado-david-cohen-como-linea-de-investigacion-por-su-homicidio\\\/#article\",\"isPartOf\":{\"@id\":\"https:\\\/\\\/canal7slp.tv\\\/2025\\\/fgj-cdmx-analizara-casos-del-abogado-david-cohen-como-linea-de-investigacion-por-su-homicidio\\\/\"},\"author\":{\"name\":\"Edici\u00f3n Web\",\"@id\":\"https:\\\/\\\/canal7slp.tv\\\/2025\\\/#\\\/schema\\\/person\\\/271e2b60a96e7cc9d9ac296f4d7e414b\"},\"headline\":\"FGJ-CDMX analizar\u00e1 casos del abogado David Cohen como l\u00ednea de investigaci\u00f3n por su homicidio\",\"datePublished\":\"2025-10-18T00:56:03+00:00\",\"mainEntityOfPage\":{\"@id\":\"https:\\\/\\\/canal7slp.tv\\\/2025\\\/fgj-cdmx-analizara-casos-del-abogado-david-cohen-como-linea-de-investigacion-por-su-homicidio\\\/\"},\"wordCount\":105,\"publisher\":{\"@id\":\"https:\\\/\\\/canal7slp.tv\\\/2025\\\/#organization\"},\"image\":{\"@id\":\"https:\\\/\\\/canal7slp.tv\\\/2025\\\/fgj-cdmx-analizara-casos-del-abogado-david-cohen-como-linea-de-investigacion-por-su-homicidio\\\/#primaryimage\"},\"thumbnailUrl\":\"https:\\\/\\\/canal7slp.tv\\\/2025\\\/wp-content\\\/uploads\\\/2025\\\/10\\\/18-2.jpg\",\"articleSection\":[\"NACIONALES\"],\"inLanguage\":\"es\"},{\"@type\":\"WebPage\",\"@id\":\"https:\\\/\\\/canal7slp.tv\\\/2025\\\/fgj-cdmx-analizara-casos-del-abogado-david-cohen-como-linea-de-investigacion-por-su-homicidio\\\/\",\"url\":\"https:\\\/\\\/canal7slp.tv\\\/2025\\\/fgj-cdmx-analizara-casos-del-abogado-david-cohen-como-linea-de-investigacion-por-su-homicidio\\\/\",\"name\":\"FGJ-CDMX analizar\u00e1 casos del abogado David Cohen como l\u00ednea de investigaci\u00f3n por su homicidio - Canal 7 SLP - 2025\",\"isPartOf\":{\"@id\":\"https:\\\/\\\/canal7slp.tv\\\/2025\\\/#website\"},\"primaryImageOfPage\":{\"@id\":\"https:\\\/\\\/canal7slp.tv\\\/2025\\\/fgj-cdmx-analizara-casos-del-abogado-david-cohen-como-linea-de-investigacion-por-su-homicidio\\\/#primaryimage\"},\"image\":{\"@id\":\"https:\\\/\\\/canal7slp.tv\\\/2025\\\/fgj-cdmx-analizara-casos-del-abogado-david-cohen-como-linea-de-investigacion-por-su-homicidio\\\/#primaryimage\"},\"thumbnailUrl\":\"https:\\\/\\\/canal7slp.tv\\\/2025\\\/wp-content\\\/uploads\\\/2025\\\/10\\\/18-2.jpg\",\"datePublished\":\"2025-10-18T00:56:03+00:00\",\"breadcrumb\":{\"@id\":\"https:\\\/\\\/canal7slp.tv\\\/2025\\\/fgj-cdmx-analizara-casos-del-abogado-david-cohen-como-linea-de-investigacion-por-su-homicidio\\\/#breadcrumb\"},\"inLanguage\":\"es\",\"potentialAction\":[{\"@type\":\"ReadAction\",\"target\":[\"https:\\\/\\\/canal7slp.tv\\\/2025\\\/fgj-cdmx-analizara-casos-del-abogado-david-cohen-como-linea-de-investigacion-por-su-homicidio\\\/\"]}]},{\"@type\":\"ImageObject\",\"inLanguage\":\"es\",\"@id\":\"https:\\\/\\\/canal7slp.tv\\\/2025\\\/fgj-cdmx-analizara-casos-del-abogado-david-cohen-como-linea-de-investigacion-por-su-homicidio\\\/#primaryimage\",\"url\":\"https:\\\/\\\/canal7slp.tv\\\/2025\\\/wp-content\\\/uploads\\\/2025\\\/10\\\/18-2.jpg\",\"contentUrl\":\"https:\\\/\\\/canal7slp.tv\\\/2025\\\/wp-content\\\/uploads\\\/2025\\\/10\\\/18-2.jpg\",\"width\":888,\"height\":500},{\"@type\":\"BreadcrumbList\",\"@id\":\"https:\\\/\\\/canal7slp.tv\\\/2025\\\/fgj-cdmx-analizara-casos-del-abogado-david-cohen-como-linea-de-investigacion-por-su-homicidio\\\/#breadcrumb\",\"itemListElement\":[{\"@type\":\"ListItem\",\"position\":1,\"name\":\"Portada\",\"item\":\"https:\\\/\\\/canal7slp.tv\\\/2025\\\/\"},{\"@type\":\"ListItem\",\"position\":2,\"name\":\"FGJ-CDMX analizar\u00e1 casos del abogado David Cohen como l\u00ednea de investigaci\u00f3n por su homicidio\"}]},{\"@type\":\"WebSite\",\"@id\":\"https:\\\/\\\/canal7slp.tv\\\/2025\\\/#website\",\"url\":\"https:\\\/\\\/canal7slp.tv\\\/2025\\\/\",\"name\":\"N7 - Noticieros Canal 7\",\"description\":\"Somos el Medio\",\"publisher\":{\"@id\":\"https:\\\/\\\/canal7slp.tv\\\/2025\\\/#organization\"},\"potentialAction\":[{\"@type\":\"SearchAction\",\"target\":{\"@type\":\"EntryPoint\",\"urlTemplate\":\"https:\\\/\\\/canal7slp.tv\\\/2025\\\/?s={search_term_string}\"},\"query-input\":{\"@type\":\"PropertyValueSpecification\",\"valueRequired\":true,\"valueName\":\"search_term_string\"}}],\"inLanguage\":\"es\"},{\"@type\":\"Organization\",\"@id\":\"https:\\\/\\\/canal7slp.tv\\\/2025\\\/#organization\",\"name\":\"Noticieros Canal 7\",\"url\":\"https:\\\/\\\/canal7slp.tv\\\/2025\\\/\",\"logo\":{\"@type\":\"ImageObject\",\"inLanguage\":\"es\",\"@id\":\"https:\\\/\\\/canal7slp.tv\\\/2025\\\/#\\\/schema\\\/logo\\\/image\\\/\",\"url\":\"https:\\\/\\\/canal7slp.tv\\\/2025\\\/wp-content\\\/uploads\\\/2021\\\/01\\\/logo-noticieros@2x.png\",\"contentUrl\":\"https:\\\/\\\/canal7slp.tv\\\/2025\\\/wp-content\\\/uploads\\\/2021\\\/01\\\/logo-noticieros@2x.png\",\"width\":1017,\"height\":268,\"caption\":\"Noticieros Canal 7\"},\"image\":{\"@id\":\"https:\\\/\\\/canal7slp.tv\\\/2025\\\/#\\\/schema\\\/logo\\\/image\\\/\"},\"sameAs\":[\"https:\\\/\\\/www.facebook.com\\\/noticieroscanal7atencionciudadana\\\/\",\"https:\\\/\\\/x.com\\\/NOTICIEROS7\",\"https:\\\/\\\/www.instagram.com\\\/canal7_slp\",\"https:\\\/\\\/www.youtube.com\\\/channel\\\/UCliiYs-gP3JfJeqdPrNdd5A\"]},{\"@type\":\"Person\",\"@id\":\"https:\\\/\\\/canal7slp.tv\\\/2025\\\/#\\\/schema\\\/person\\\/271e2b60a96e7cc9d9ac296f4d7e414b\",\"name\":\"Edici\u00f3n Web\",\"image\":{\"@type\":\"ImageObject\",\"inLanguage\":\"es\",\"@id\":\"https:\\\/\\\/secure.gravatar.com\\\/avatar\\\/eee448fc3f7164808013b816ba91ac7e43bbe82a70bebac296f8bc6f0addaa1a?s=96&d=mm&r=g\",\"url\":\"https:\\\/\\\/secure.gravatar.com\\\/avatar\\\/eee448fc3f7164808013b816ba91ac7e43bbe82a70bebac296f8bc6f0addaa1a?s=96&d=mm&r=g\",\"contentUrl\":\"https:\\\/\\\/secure.gravatar.com\\\/avatar\\\/eee448fc3f7164808013b816ba91ac7e43bbe82a70bebac296f8bc6f0addaa1a?s=96&d=mm&r=g\",\"caption\":\"Edici\u00f3n Web\"},\"url\":\"https:\\\/\\\/canal7slp.tv\\\/2025\\\/author\\\/edicionweb\\\/\"}]}<\/script>\n<!-- \/ Yoast SEO plugin. -->","yoast_head_json":{"title":"FGJ-CDMX analizar\u00e1 casos del abogado David Cohen como l\u00ednea de investigaci\u00f3n por su homicidio - Canal 7 SLP - 2025","robots":{"index":"index","follow":"follow","max-snippet":"max-snippet:-1","max-image-preview":"max-image-preview:large","max-video-preview":"max-video-preview:-1"},"canonical":"https:\/\/canal7slp.tv\/2025\/fgj-cdmx-analizara-casos-del-abogado-david-cohen-como-linea-de-investigacion-por-su-homicidio\/","og_locale":"es_ES","og_type":"article","og_title":"FGJ-CDMX analizar\u00e1 casos del abogado David Cohen como l\u00ednea de investigaci\u00f3n por su homicidio - Canal 7 SLP - 2025","og_description":"Ciudad de M\u00e9xico.- La Fiscal General de Justicia de la Ciudad de M\u00e9xico (FGJ-CDMX) inform\u00f3 que se realizar\u00e1 un an\u00e1lisis de los casos que llevaba el abogado David Cohen, quien falleci\u00f3 en un ataque el pasado 13 de octubre, como parte de las investigaciones correspondientes. La fiscal capitalina, Bertha Alcalde Luj\u00e1n, se\u00f1al\u00f3 que los escoltas del abogado no tienen actualmente la calidad de investigados, pero precis\u00f3 que la instituci\u00f3n ser\u00e1 exhaustiva en la revisi\u00f3n de todos los elementos relacionados con el homicidio.","og_url":"https:\/\/canal7slp.tv\/2025\/fgj-cdmx-analizara-casos-del-abogado-david-cohen-como-linea-de-investigacion-por-su-homicidio\/","og_site_name":"Canal 7 SLP - 2025","article_publisher":"https:\/\/www.facebook.com\/noticieroscanal7atencionciudadana\/","article_published_time":"2025-10-18T00:56:03+00:00","og_image":[{"width":888,"height":500,"url":"https:\/\/canal7slp.tv\/2025\/wp-content\/uploads\/2025\/10\/18-2.jpg","type":"image\/jpeg"}],"author":"Edici\u00f3n Web","twitter_card":"summary_large_image","twitter_creator":"@NOTICIEROS7","twitter_site":"@NOTICIEROS7","twitter_misc":{"Escrito por":"Edici\u00f3n Web","Tiempo de lectura":"1 minuto"},"schema":{"@context":"https:\/\/schema.org","@graph":[{"@type":"Article","@id":"https:\/\/canal7slp.tv\/2025\/fgj-cdmx-analizara-casos-del-abogado-david-cohen-como-linea-de-investigacion-por-su-homicidio\/#article","isPartOf":{"@id":"https:\/\/canal7slp.tv\/2025\/fgj-cdmx-analizara-casos-del-abogado-david-cohen-como-linea-de-investigacion-por-su-homicidio\/"},"author":{"name":"Edici\u00f3n Web","@id":"https:\/\/canal7slp.tv\/2025\/#\/schema\/person\/271e2b60a96e7cc9d9ac296f4d7e414b"},"headline":"FGJ-CDMX analizar\u00e1 casos del abogado David Cohen como l\u00ednea de investigaci\u00f3n por su homicidio","datePublished":"2025-10-18T00:56:03+00:00","mainEntityOfPage":{"@id":"https:\/\/canal7slp.tv\/2025\/fgj-cdmx-analizara-casos-del-abogado-david-cohen-como-linea-de-investigacion-por-su-homicidio\/"},"wordCount":105,"publisher":{"@id":"https:\/\/canal7slp.tv\/2025\/#organization"},"image":{"@id":"https:\/\/canal7slp.tv\/2025\/fgj-cdmx-analizara-casos-del-abogado-david-cohen-como-linea-de-investigacion-por-su-homicidio\/#primaryimage"},"thumbnailUrl":"https:\/\/canal7slp.tv\/2025\/wp-content\/uploads\/2025\/10\/18-2.jpg","articleSection":["NACIONALES"],"inLanguage":"es"},{"@type":"WebPage","@id":"https:\/\/canal7slp.tv\/2025\/fgj-cdmx-analizara-casos-del-abogado-david-cohen-como-linea-de-investigacion-por-su-homicidio\/","url":"https:\/\/canal7slp.tv\/2025\/fgj-cdmx-analizara-casos-del-abogado-david-cohen-como-linea-de-investigacion-por-su-homicidio\/","name":"FGJ-CDMX analizar\u00e1 casos del abogado David Cohen como l\u00ednea de investigaci\u00f3n por su homicidio - Canal 7 SLP - 2025","isPartOf":{"@id":"https:\/\/canal7slp.tv\/2025\/#website"},"primaryImageOfPage":{"@id":"https:\/\/canal7slp.tv\/2025\/fgj-cdmx-analizara-casos-del-abogado-david-cohen-como-linea-de-investigacion-por-su-homicidio\/#primaryimage"},"image":{"@id":"https:\/\/canal7slp.tv\/2025\/fgj-cdmx-analizara-casos-del-abogado-david-cohen-como-linea-de-investigacion-por-su-homicidio\/#primaryimage"},"thumbnailUrl":"https:\/\/canal7slp.tv\/2025\/wp-content\/uploads\/2025\/10\/18-2.jpg","datePublished":"2025-10-18T00:56:03+00:00","breadcrumb":{"@id":"https:\/\/canal7slp.tv\/2025\/fgj-cdmx-analizara-casos-del-abogado-david-cohen-como-linea-de-investigacion-por-su-homicidio\/#breadcrumb"},"inLanguage":"es","potentialAction":[{"@type":"ReadAction","target":["https:\/\/canal7slp.tv\/2025\/fgj-cdmx-analizara-casos-del-abogado-david-cohen-como-linea-de-investigacion-por-su-homicidio\/"]}]},{"@type":"ImageObject","inLanguage":"es","@id":"https:\/\/canal7slp.tv\/2025\/fgj-cdmx-analizara-casos-del-abogado-david-cohen-como-linea-de-investigacion-por-su-homicidio\/#primaryimage","url":"https:\/\/canal7slp.tv\/2025\/wp-content\/uploads\/2025\/10\/18-2.jpg","contentUrl":"https:\/\/canal7slp.tv\/2025\/wp-content\/uploads\/2025\/10\/18-2.jpg","width":888,"height":500},{"@type":"BreadcrumbList","@id":"https:\/\/canal7slp.tv\/2025\/fgj-cdmx-analizara-casos-del-abogado-david-cohen-como-linea-de-investigacion-por-su-homicidio\/#breadcrumb","itemListElement":[{"@type":"ListItem","position":1,"name":"Portada","item":"https:\/\/canal7slp.tv\/2025\/"},{"@type":"ListItem","position":2,"name":"FGJ-CDMX analizar\u00e1 casos del abogado David Cohen como l\u00ednea de investigaci\u00f3n por su homicidio"}]},{"@type":"WebSite","@id":"https:\/\/canal7slp.tv\/2025\/#website","url":"https:\/\/canal7slp.tv\/2025\/","name":"N7 - Noticieros Canal 7","description":"Somos el Medio","publisher":{"@id":"https:\/\/canal7slp.tv\/2025\/#organization"},"potentialAction":[{"@type":"SearchAction","target":{"@type":"EntryPoint","urlTemplate":"https:\/\/canal7slp.tv\/2025\/?s={search_term_string}"},"query-input":{"@type":"PropertyValueSpecification","valueRequired":true,"valueName":"search_term_string"}}],"inLanguage":"es"},{"@type":"Organization","@id":"https:\/\/canal7slp.tv\/2025\/#organization","name":"Noticieros Canal 7","url":"https:\/\/canal7slp.tv\/2025\/","logo":{"@type":"ImageObject","inLanguage":"es","@id":"https:\/\/canal7slp.tv\/2025\/#\/schema\/logo\/image\/","url":"https:\/\/canal7slp.tv\/2025\/wp-content\/uploads\/2021\/01\/logo-noticieros@2x.png","contentUrl":"https:\/\/canal7slp.tv\/2025\/wp-content\/uploads\/2021\/01\/logo-noticieros@2x.png","width":1017,"height":268,"caption":"Noticieros Canal 7"},"image":{"@id":"https:\/\/canal7slp.tv\/2025\/#\/schema\/logo\/image\/"},"sameAs":["https:\/\/www.facebook.com\/noticieroscanal7atencionciudadana\/","https:\/\/x.com\/NOTICIEROS7","https:\/\/www.instagram.com\/canal7_slp","https:\/\/www.youtube.com\/channel\/UCliiYs-gP3JfJeqdPrNdd5A"]},{"@type":"Person","@id":"https:\/\/canal7slp.tv\/2025\/#\/schema\/person\/271e2b60a96e7cc9d9ac296f4d7e414b","name":"Edici\u00f3n Web","image":{"@type":"ImageObject","inLanguage":"es","@id":"https:\/\/secure.gravatar.com\/avatar\/eee448fc3f7164808013b816ba91ac7e43bbe82a70bebac296f8bc6f0addaa1a?s=96&d=mm&r=g","url":"https:\/\/secure.gravatar.com\/avatar\/eee448fc3f7164808013b816ba91ac7e43bbe82a70bebac296f8bc6f0addaa1a?s=96&d=mm&r=g","contentUrl":"https:\/\/secure.gravatar.com\/avatar\/eee448fc3f7164808013b816ba91ac7e43bbe82a70bebac296f8bc6f0addaa1a?s=96&d=mm&r=g","caption":"Edici\u00f3n Web"},"url":"https:\/\/canal7slp.tv\/2025\/author\/edicionweb\/"}]}},"_links":{"self":[{"href":"https:\/\/canal7slp.tv\/2025\/wp-json\/wp\/v2\/posts\/182455","targetHints":{"allow":["GET"]}}],"collection":[{"href":"https:\/\/canal7slp.tv\/2025\/wp-json\/wp\/v2\/posts"}],"about":[{"href":"https:\/\/canal7slp.tv\/2025\/wp-json\/wp\/v2\/types\/post"}],"author":[{"embeddable":true,"href":"https:\/\/canal7slp.tv\/2025\/wp-json\/wp\/v2\/users\/2"}],"replies":[{"embeddable":true,"href":"https:\/\/canal7slp.tv\/2025\/wp-json\/wp\/v2\/comments?post=182455"}],"version-history":[{"count":1,"href":"https:\/\/canal7slp.tv\/2025\/wp-json\/wp\/v2\/posts\/182455\/revisions"}],"predecessor-version":[{"id":182457,"href":"https:\/\/canal7slp.tv\/2025\/wp-json\/wp\/v2\/posts\/182455\/revisions\/182457"}],"wp:featuredmedia":[{"embeddable":true,"href":"https:\/\/canal7slp.tv\/2025\/wp-json\/wp\/v2\/media\/182456"}],"wp:attachment":[{"href":"https:\/\/canal7slp.tv\/2025\/wp-json\/wp\/v2\/media?parent=182455"}],"wp:term":[{"taxonomy":"category","embeddable":true,"href":"https:\/\/canal7slp.tv\/2025\/wp-json\/wp\/v2\/categories?post=182455"},{"taxonomy":"post_tag","embeddable":true,"href":"https:\/\/canal7slp.tv\/2025\/wp-json\/wp\/v2\/tags?post=182455"}],"curies":[{"name":"wp","href":"https:\/\/api.w.org\/{rel}","templated":true}]}}