{"id":182437,"date":"2025-10-17T17:39:45","date_gmt":"2025-10-17T23:39:45","guid":{"rendered":"https:\/\/canal7slp.tv\/2025\/?p=182437"},"modified":"2025-10-17T17:39:45","modified_gmt":"2025-10-17T23:39:45","slug":"senado-ratifica-a-cinco-magistrados-para-el-tfja","status":"publish","type":"post","link":"https:\/\/canal7slp.tv\/2025\/senado-ratifica-a-cinco-magistrados-para-el-tfja\/","title":{"rendered":"Senado ratifica a cinco magistrados para el TFJA"},"content":{"rendered":"<p style=\"text-align: justify;\">M\u00e9xico.- El Senado de la Rep\u00fablica ratific\u00f3 el nombramiento de cinco personas como magistrados de la Sala Superior del Tribunal Federal de Justicia Administrativa (TFJA).<\/p>\n<p style=\"text-align: justify;\">Ariadna Camacho Contreras, Selene Cruz Alcal\u00e1, Ludmila Valentina Albarr\u00e1n Acu\u00f1a, Eduardo Santill\u00e1n P\u00e9rez y Jos\u00e9 Ram\u00f3n Amieva G\u00e1lvez ejercer\u00e1n el cargo por un per\u00edodo de 15 a\u00f1os a partir del 1 de noviembre de 2025.<\/p>\n<p style=\"text-align: justify;\">La designaci\u00f3n fue aprobada con 82 votos a favor, 34 en contra y una abstenci\u00f3n. Tras la votaci\u00f3n, la presidenta del Senado tom\u00f3 protesta a los nuevos integrantes del tribunal.<\/p>\n<p style=\"text-align: justify;\">Durante el debate, legisladores de diferentes bancadas expresaron posturas divergentes.<\/p>\n<p style=\"text-align: justify;\">r un lado, se argument\u00f3 que los perfiles cumplen con los requisitos de experiencia y solidez t\u00e9cnica necesarios para fortalecer la justicia administrativa.<\/p>\n<p style=\"text-align: justify;\">Por otro lado, se manifestaron reservas respecto a la autonom\u00eda de los nombramientos, se\u00f1alando que podr\u00edan reflejar una influencia del Ejecutivo Federal.<\/p>\n<p style=\"text-align: justify;\">Los nuevos magistrados cuentan con trayectoria profesional en diversas \u00e1reas del derecho y la administraci\u00f3n p\u00fablica, habiendo ocupado posiciones en instituciones como Pemex, la Procuradur\u00eda Federal de la Defensa del Trabajo, tribunales locales y dependencias de gobierno.<\/p>\n","protected":false},"excerpt":{"rendered":"<p>M\u00e9xico.- El Senado de la Rep\u00fablica ratific\u00f3 el nombramiento de cinco personas como magistrados de la Sala Superior del Tribunal Federal de Justicia Administrativa (TFJA). Ariadna Camacho Contreras, Selene Cruz Alcal\u00e1, Ludmila Valentina Albarr\u00e1n Acu\u00f1a, Eduardo Santill\u00e1n P\u00e9rez y Jos\u00e9 Ram\u00f3n Amieva G\u00e1lvez ejercer\u00e1n el cargo por un per\u00edodo de 15 a\u00f1os a partir del 1 de noviembre de 2025. La designaci\u00f3n fue aprobada con 82 votos a favor, 34 en contra y una abstenci\u00f3n. Tras la votaci\u00f3n, la presidenta del Senado tom\u00f3 protesta a los nuevos integrantes del tribunal. Durante el debate, legisladores de diferentes bancadas expresaron posturas divergentes. [&hellip;]<\/p>\n","protected":false},"author":2,"featured_media":182438,"comment_status":"closed","ping_status":"closed","sticky":false,"template":"","format":"standard","meta":{"_monsterinsights_skip_tracking":false,"_monsterinsights_sitenote_active":false,"_monsterinsights_sitenote_note":"","_monsterinsights_sitenote_category":0,"footnotes":""},"categories":[46],"tags":[],"class_list":["post-182437","post","type-post","status-publish","format-standard","has-post-thumbnail","hentry","category-nacional","post--single"],"yoast_head":"<!-- This site is optimized with the Yoast SEO plugin v27.4 - https:\/\/yoast.com\/product\/yoast-seo-wordpress\/ -->\n<title>Senado ratifica a cinco magistrados para el TFJA - Canal 7 SLP - 2025<\/title>\n<meta name=\"robots\" content=\"index, follow, max-snippet:-1, max-image-preview:large, max-video-preview:-1\" \/>\n<link rel=\"canonical\" href=\"https:\/\/canal7slp.tv\/2025\/senado-ratifica-a-cinco-magistrados-para-el-tfja\/\" \/>\n<meta property=\"og:locale\" content=\"es_ES\" \/>\n<meta property=\"og:type\" content=\"article\" \/>\n<meta property=\"og:title\" content=\"Senado ratifica a cinco magistrados para el TFJA - Canal 7 SLP - 2025\" \/>\n<meta property=\"og:description\" content=\"M\u00e9xico.- El Senado de la Rep\u00fablica ratific\u00f3 el nombramiento de cinco personas como magistrados de la Sala Superior del Tribunal Federal de Justicia Administrativa (TFJA). Ariadna Camacho Contreras, Selene Cruz Alcal\u00e1, Ludmila Valentina Albarr\u00e1n Acu\u00f1a, Eduardo Santill\u00e1n P\u00e9rez y Jos\u00e9 Ram\u00f3n Amieva G\u00e1lvez ejercer\u00e1n el cargo por un per\u00edodo de 15 a\u00f1os a partir del 1 de noviembre de 2025. La designaci\u00f3n fue aprobada con 82 votos a favor, 34 en contra y una abstenci\u00f3n. Tras la votaci\u00f3n, la presidenta del Senado tom\u00f3 protesta a los nuevos integrantes del tribunal. Durante el debate, legisladores de diferentes bancadas expresaron posturas divergentes. [&hellip;]\" \/>\n<meta property=\"og:url\" content=\"https:\/\/canal7slp.tv\/2025\/senado-ratifica-a-cinco-magistrados-para-el-tfja\/\" \/>\n<meta property=\"og:site_name\" content=\"Canal 7 SLP - 2025\" \/>\n<meta property=\"article:publisher\" content=\"https:\/\/www.facebook.com\/noticieroscanal7atencionciudadana\/\" \/>\n<meta property=\"article:published_time\" content=\"2025-10-17T23:39:45+00:00\" \/>\n<meta property=\"og:image\" content=\"https:\/\/canal7slp.tv\/2025\/wp-content\/uploads\/2025\/10\/15-4.jpg\" \/>\n\t<meta property=\"og:image:width\" content=\"1000\" \/>\n\t<meta property=\"og:image:height\" content=\"500\" \/>\n\t<meta property=\"og:image:type\" content=\"image\/jpeg\" \/>\n<meta name=\"author\" content=\"Edici\u00f3n Web\" \/>\n<meta name=\"twitter:card\" content=\"summary_large_image\" \/>\n<meta name=\"twitter:creator\" content=\"@NOTICIEROS7\" \/>\n<meta name=\"twitter:site\" content=\"@NOTICIEROS7\" \/>\n<meta name=\"twitter:label1\" content=\"Escrito por\" \/>\n\t<meta name=\"twitter:data1\" content=\"Edici\u00f3n Web\" \/>\n\t<meta name=\"twitter:label2\" content=\"Tiempo de lectura\" \/>\n\t<meta name=\"twitter:data2\" content=\"2 minutos\" \/>\n<script type=\"application\/ld+json\" class=\"yoast-schema-graph\">{\"@context\":\"https:\\\/\\\/schema.org\",\"@graph\":[{\"@type\":\"Article\",\"@id\":\"https:\\\/\\\/canal7slp.tv\\\/2025\\\/senado-ratifica-a-cinco-magistrados-para-el-tfja\\\/#article\",\"isPartOf\":{\"@id\":\"https:\\\/\\\/canal7slp.tv\\\/2025\\\/senado-ratifica-a-cinco-magistrados-para-el-tfja\\\/\"},\"author\":{\"name\":\"Edici\u00f3n Web\",\"@id\":\"https:\\\/\\\/canal7slp.tv\\\/2025\\\/#\\\/schema\\\/person\\\/271e2b60a96e7cc9d9ac296f4d7e414b\"},\"headline\":\"Senado ratifica a cinco magistrados para el TFJA\",\"datePublished\":\"2025-10-17T23:39:45+00:00\",\"mainEntityOfPage\":{\"@id\":\"https:\\\/\\\/canal7slp.tv\\\/2025\\\/senado-ratifica-a-cinco-magistrados-para-el-tfja\\\/\"},\"wordCount\":207,\"publisher\":{\"@id\":\"https:\\\/\\\/canal7slp.tv\\\/2025\\\/#organization\"},\"image\":{\"@id\":\"https:\\\/\\\/canal7slp.tv\\\/2025\\\/senado-ratifica-a-cinco-magistrados-para-el-tfja\\\/#primaryimage\"},\"thumbnailUrl\":\"https:\\\/\\\/canal7slp.tv\\\/2025\\\/wp-content\\\/uploads\\\/2025\\\/10\\\/15-4.jpg\",\"articleSection\":[\"NACIONALES\"],\"inLanguage\":\"es\"},{\"@type\":\"WebPage\",\"@id\":\"https:\\\/\\\/canal7slp.tv\\\/2025\\\/senado-ratifica-a-cinco-magistrados-para-el-tfja\\\/\",\"url\":\"https:\\\/\\\/canal7slp.tv\\\/2025\\\/senado-ratifica-a-cinco-magistrados-para-el-tfja\\\/\",\"name\":\"Senado ratifica a cinco magistrados para el TFJA - Canal 7 SLP - 2025\",\"isPartOf\":{\"@id\":\"https:\\\/\\\/canal7slp.tv\\\/2025\\\/#website\"},\"primaryImageOfPage\":{\"@id\":\"https:\\\/\\\/canal7slp.tv\\\/2025\\\/senado-ratifica-a-cinco-magistrados-para-el-tfja\\\/#primaryimage\"},\"image\":{\"@id\":\"https:\\\/\\\/canal7slp.tv\\\/2025\\\/senado-ratifica-a-cinco-magistrados-para-el-tfja\\\/#primaryimage\"},\"thumbnailUrl\":\"https:\\\/\\\/canal7slp.tv\\\/2025\\\/wp-content\\\/uploads\\\/2025\\\/10\\\/15-4.jpg\",\"datePublished\":\"2025-10-17T23:39:45+00:00\",\"breadcrumb\":{\"@id\":\"https:\\\/\\\/canal7slp.tv\\\/2025\\\/senado-ratifica-a-cinco-magistrados-para-el-tfja\\\/#breadcrumb\"},\"inLanguage\":\"es\",\"potentialAction\":[{\"@type\":\"ReadAction\",\"target\":[\"https:\\\/\\\/canal7slp.tv\\\/2025\\\/senado-ratifica-a-cinco-magistrados-para-el-tfja\\\/\"]}]},{\"@type\":\"ImageObject\",\"inLanguage\":\"es\",\"@id\":\"https:\\\/\\\/canal7slp.tv\\\/2025\\\/senado-ratifica-a-cinco-magistrados-para-el-tfja\\\/#primaryimage\",\"url\":\"https:\\\/\\\/canal7slp.tv\\\/2025\\\/wp-content\\\/uploads\\\/2025\\\/10\\\/15-4.jpg\",\"contentUrl\":\"https:\\\/\\\/canal7slp.tv\\\/2025\\\/wp-content\\\/uploads\\\/2025\\\/10\\\/15-4.jpg\",\"width\":1000,\"height\":500},{\"@type\":\"BreadcrumbList\",\"@id\":\"https:\\\/\\\/canal7slp.tv\\\/2025\\\/senado-ratifica-a-cinco-magistrados-para-el-tfja\\\/#breadcrumb\",\"itemListElement\":[{\"@type\":\"ListItem\",\"position\":1,\"name\":\"Portada\",\"item\":\"https:\\\/\\\/canal7slp.tv\\\/2025\\\/\"},{\"@type\":\"ListItem\",\"position\":2,\"name\":\"Senado ratifica a cinco magistrados para el TFJA\"}]},{\"@type\":\"WebSite\",\"@id\":\"https:\\\/\\\/canal7slp.tv\\\/2025\\\/#website\",\"url\":\"https:\\\/\\\/canal7slp.tv\\\/2025\\\/\",\"name\":\"N7 - Noticieros Canal 7\",\"description\":\"Somos el Medio\",\"publisher\":{\"@id\":\"https:\\\/\\\/canal7slp.tv\\\/2025\\\/#organization\"},\"potentialAction\":[{\"@type\":\"SearchAction\",\"target\":{\"@type\":\"EntryPoint\",\"urlTemplate\":\"https:\\\/\\\/canal7slp.tv\\\/2025\\\/?s={search_term_string}\"},\"query-input\":{\"@type\":\"PropertyValueSpecification\",\"valueRequired\":true,\"valueName\":\"search_term_string\"}}],\"inLanguage\":\"es\"},{\"@type\":\"Organization\",\"@id\":\"https:\\\/\\\/canal7slp.tv\\\/2025\\\/#organization\",\"name\":\"Noticieros Canal 7\",\"url\":\"https:\\\/\\\/canal7slp.tv\\\/2025\\\/\",\"logo\":{\"@type\":\"ImageObject\",\"inLanguage\":\"es\",\"@id\":\"https:\\\/\\\/canal7slp.tv\\\/2025\\\/#\\\/schema\\\/logo\\\/image\\\/\",\"url\":\"https:\\\/\\\/canal7slp.tv\\\/2025\\\/wp-content\\\/uploads\\\/2021\\\/01\\\/logo-noticieros@2x.png\",\"contentUrl\":\"https:\\\/\\\/canal7slp.tv\\\/2025\\\/wp-content\\\/uploads\\\/2021\\\/01\\\/logo-noticieros@2x.png\",\"width\":1017,\"height\":268,\"caption\":\"Noticieros Canal 7\"},\"image\":{\"@id\":\"https:\\\/\\\/canal7slp.tv\\\/2025\\\/#\\\/schema\\\/logo\\\/image\\\/\"},\"sameAs\":[\"https:\\\/\\\/www.facebook.com\\\/noticieroscanal7atencionciudadana\\\/\",\"https:\\\/\\\/x.com\\\/NOTICIEROS7\",\"https:\\\/\\\/www.instagram.com\\\/canal7_slp\",\"https:\\\/\\\/www.youtube.com\\\/channel\\\/UCliiYs-gP3JfJeqdPrNdd5A\"]},{\"@type\":\"Person\",\"@id\":\"https:\\\/\\\/canal7slp.tv\\\/2025\\\/#\\\/schema\\\/person\\\/271e2b60a96e7cc9d9ac296f4d7e414b\",\"name\":\"Edici\u00f3n Web\",\"image\":{\"@type\":\"ImageObject\",\"inLanguage\":\"es\",\"@id\":\"https:\\\/\\\/secure.gravatar.com\\\/avatar\\\/eee448fc3f7164808013b816ba91ac7e43bbe82a70bebac296f8bc6f0addaa1a?s=96&d=mm&r=g\",\"url\":\"https:\\\/\\\/secure.gravatar.com\\\/avatar\\\/eee448fc3f7164808013b816ba91ac7e43bbe82a70bebac296f8bc6f0addaa1a?s=96&d=mm&r=g\",\"contentUrl\":\"https:\\\/\\\/secure.gravatar.com\\\/avatar\\\/eee448fc3f7164808013b816ba91ac7e43bbe82a70bebac296f8bc6f0addaa1a?s=96&d=mm&r=g\",\"caption\":\"Edici\u00f3n Web\"},\"url\":\"https:\\\/\\\/canal7slp.tv\\\/2025\\\/author\\\/edicionweb\\\/\"}]}<\/script>\n<!-- \/ Yoast SEO plugin. -->","yoast_head_json":{"title":"Senado ratifica a cinco magistrados para el TFJA - Canal 7 SLP - 2025","robots":{"index":"index","follow":"follow","max-snippet":"max-snippet:-1","max-image-preview":"max-image-preview:large","max-video-preview":"max-video-preview:-1"},"canonical":"https:\/\/canal7slp.tv\/2025\/senado-ratifica-a-cinco-magistrados-para-el-tfja\/","og_locale":"es_ES","og_type":"article","og_title":"Senado ratifica a cinco magistrados para el TFJA - Canal 7 SLP - 2025","og_description":"M\u00e9xico.- El Senado de la Rep\u00fablica ratific\u00f3 el nombramiento de cinco personas como magistrados de la Sala Superior del Tribunal Federal de Justicia Administrativa (TFJA). Ariadna Camacho Contreras, Selene Cruz Alcal\u00e1, Ludmila Valentina Albarr\u00e1n Acu\u00f1a, Eduardo Santill\u00e1n P\u00e9rez y Jos\u00e9 Ram\u00f3n Amieva G\u00e1lvez ejercer\u00e1n el cargo por un per\u00edodo de 15 a\u00f1os a partir del 1 de noviembre de 2025. La designaci\u00f3n fue aprobada con 82 votos a favor, 34 en contra y una abstenci\u00f3n. Tras la votaci\u00f3n, la presidenta del Senado tom\u00f3 protesta a los nuevos integrantes del tribunal. Durante el debate, legisladores de diferentes bancadas expresaron posturas divergentes. [&hellip;]","og_url":"https:\/\/canal7slp.tv\/2025\/senado-ratifica-a-cinco-magistrados-para-el-tfja\/","og_site_name":"Canal 7 SLP - 2025","article_publisher":"https:\/\/www.facebook.com\/noticieroscanal7atencionciudadana\/","article_published_time":"2025-10-17T23:39:45+00:00","og_image":[{"width":1000,"height":500,"url":"https:\/\/canal7slp.tv\/2025\/wp-content\/uploads\/2025\/10\/15-4.jpg","type":"image\/jpeg"}],"author":"Edici\u00f3n Web","twitter_card":"summary_large_image","twitter_creator":"@NOTICIEROS7","twitter_site":"@NOTICIEROS7","twitter_misc":{"Escrito por":"Edici\u00f3n Web","Tiempo de lectura":"2 minutos"},"schema":{"@context":"https:\/\/schema.org","@graph":[{"@type":"Article","@id":"https:\/\/canal7slp.tv\/2025\/senado-ratifica-a-cinco-magistrados-para-el-tfja\/#article","isPartOf":{"@id":"https:\/\/canal7slp.tv\/2025\/senado-ratifica-a-cinco-magistrados-para-el-tfja\/"},"author":{"name":"Edici\u00f3n Web","@id":"https:\/\/canal7slp.tv\/2025\/#\/schema\/person\/271e2b60a96e7cc9d9ac296f4d7e414b"},"headline":"Senado ratifica a cinco magistrados para el TFJA","datePublished":"2025-10-17T23:39:45+00:00","mainEntityOfPage":{"@id":"https:\/\/canal7slp.tv\/2025\/senado-ratifica-a-cinco-magistrados-para-el-tfja\/"},"wordCount":207,"publisher":{"@id":"https:\/\/canal7slp.tv\/2025\/#organization"},"image":{"@id":"https:\/\/canal7slp.tv\/2025\/senado-ratifica-a-cinco-magistrados-para-el-tfja\/#primaryimage"},"thumbnailUrl":"https:\/\/canal7slp.tv\/2025\/wp-content\/uploads\/2025\/10\/15-4.jpg","articleSection":["NACIONALES"],"inLanguage":"es"},{"@type":"WebPage","@id":"https:\/\/canal7slp.tv\/2025\/senado-ratifica-a-cinco-magistrados-para-el-tfja\/","url":"https:\/\/canal7slp.tv\/2025\/senado-ratifica-a-cinco-magistrados-para-el-tfja\/","name":"Senado ratifica a cinco magistrados para el TFJA - Canal 7 SLP - 2025","isPartOf":{"@id":"https:\/\/canal7slp.tv\/2025\/#website"},"primaryImageOfPage":{"@id":"https:\/\/canal7slp.tv\/2025\/senado-ratifica-a-cinco-magistrados-para-el-tfja\/#primaryimage"},"image":{"@id":"https:\/\/canal7slp.tv\/2025\/senado-ratifica-a-cinco-magistrados-para-el-tfja\/#primaryimage"},"thumbnailUrl":"https:\/\/canal7slp.tv\/2025\/wp-content\/uploads\/2025\/10\/15-4.jpg","datePublished":"2025-10-17T23:39:45+00:00","breadcrumb":{"@id":"https:\/\/canal7slp.tv\/2025\/senado-ratifica-a-cinco-magistrados-para-el-tfja\/#breadcrumb"},"inLanguage":"es","potentialAction":[{"@type":"ReadAction","target":["https:\/\/canal7slp.tv\/2025\/senado-ratifica-a-cinco-magistrados-para-el-tfja\/"]}]},{"@type":"ImageObject","inLanguage":"es","@id":"https:\/\/canal7slp.tv\/2025\/senado-ratifica-a-cinco-magistrados-para-el-tfja\/#primaryimage","url":"https:\/\/canal7slp.tv\/2025\/wp-content\/uploads\/2025\/10\/15-4.jpg","contentUrl":"https:\/\/canal7slp.tv\/2025\/wp-content\/uploads\/2025\/10\/15-4.jpg","width":1000,"height":500},{"@type":"BreadcrumbList","@id":"https:\/\/canal7slp.tv\/2025\/senado-ratifica-a-cinco-magistrados-para-el-tfja\/#breadcrumb","itemListElement":[{"@type":"ListItem","position":1,"name":"Portada","item":"https:\/\/canal7slp.tv\/2025\/"},{"@type":"ListItem","position":2,"name":"Senado ratifica a cinco magistrados para el TFJA"}]},{"@type":"WebSite","@id":"https:\/\/canal7slp.tv\/2025\/#website","url":"https:\/\/canal7slp.tv\/2025\/","name":"N7 - Noticieros Canal 7","description":"Somos el Medio","publisher":{"@id":"https:\/\/canal7slp.tv\/2025\/#organization"},"potentialAction":[{"@type":"SearchAction","target":{"@type":"EntryPoint","urlTemplate":"https:\/\/canal7slp.tv\/2025\/?s={search_term_string}"},"query-input":{"@type":"PropertyValueSpecification","valueRequired":true,"valueName":"search_term_string"}}],"inLanguage":"es"},{"@type":"Organization","@id":"https:\/\/canal7slp.tv\/2025\/#organization","name":"Noticieros Canal 7","url":"https:\/\/canal7slp.tv\/2025\/","logo":{"@type":"ImageObject","inLanguage":"es","@id":"https:\/\/canal7slp.tv\/2025\/#\/schema\/logo\/image\/","url":"https:\/\/canal7slp.tv\/2025\/wp-content\/uploads\/2021\/01\/logo-noticieros@2x.png","contentUrl":"https:\/\/canal7slp.tv\/2025\/wp-content\/uploads\/2021\/01\/logo-noticieros@2x.png","width":1017,"height":268,"caption":"Noticieros Canal 7"},"image":{"@id":"https:\/\/canal7slp.tv\/2025\/#\/schema\/logo\/image\/"},"sameAs":["https:\/\/www.facebook.com\/noticieroscanal7atencionciudadana\/","https:\/\/x.com\/NOTICIEROS7","https:\/\/www.instagram.com\/canal7_slp","https:\/\/www.youtube.com\/channel\/UCliiYs-gP3JfJeqdPrNdd5A"]},{"@type":"Person","@id":"https:\/\/canal7slp.tv\/2025\/#\/schema\/person\/271e2b60a96e7cc9d9ac296f4d7e414b","name":"Edici\u00f3n Web","image":{"@type":"ImageObject","inLanguage":"es","@id":"https:\/\/secure.gravatar.com\/avatar\/eee448fc3f7164808013b816ba91ac7e43bbe82a70bebac296f8bc6f0addaa1a?s=96&d=mm&r=g","url":"https:\/\/secure.gravatar.com\/avatar\/eee448fc3f7164808013b816ba91ac7e43bbe82a70bebac296f8bc6f0addaa1a?s=96&d=mm&r=g","contentUrl":"https:\/\/secure.gravatar.com\/avatar\/eee448fc3f7164808013b816ba91ac7e43bbe82a70bebac296f8bc6f0addaa1a?s=96&d=mm&r=g","caption":"Edici\u00f3n Web"},"url":"https:\/\/canal7slp.tv\/2025\/author\/edicionweb\/"}]}},"_links":{"self":[{"href":"https:\/\/canal7slp.tv\/2025\/wp-json\/wp\/v2\/posts\/182437","targetHints":{"allow":["GET"]}}],"collection":[{"href":"https:\/\/canal7slp.tv\/2025\/wp-json\/wp\/v2\/posts"}],"about":[{"href":"https:\/\/canal7slp.tv\/2025\/wp-json\/wp\/v2\/types\/post"}],"author":[{"embeddable":true,"href":"https:\/\/canal7slp.tv\/2025\/wp-json\/wp\/v2\/users\/2"}],"replies":[{"embeddable":true,"href":"https:\/\/canal7slp.tv\/2025\/wp-json\/wp\/v2\/comments?post=182437"}],"version-history":[{"count":1,"href":"https:\/\/canal7slp.tv\/2025\/wp-json\/wp\/v2\/posts\/182437\/revisions"}],"predecessor-version":[{"id":182439,"href":"https:\/\/canal7slp.tv\/2025\/wp-json\/wp\/v2\/posts\/182437\/revisions\/182439"}],"wp:featuredmedia":[{"embeddable":true,"href":"https:\/\/canal7slp.tv\/2025\/wp-json\/wp\/v2\/media\/182438"}],"wp:attachment":[{"href":"https:\/\/canal7slp.tv\/2025\/wp-json\/wp\/v2\/media?parent=182437"}],"wp:term":[{"taxonomy":"category","embeddable":true,"href":"https:\/\/canal7slp.tv\/2025\/wp-json\/wp\/v2\/categories?post=182437"},{"taxonomy":"post_tag","embeddable":true,"href":"https:\/\/canal7slp.tv\/2025\/wp-json\/wp\/v2\/tags?post=182437"}],"curies":[{"name":"wp","href":"https:\/\/api.w.org\/{rel}","templated":true}]}}