{"id":182428,"date":"2025-10-17T17:18:12","date_gmt":"2025-10-17T23:18:12","guid":{"rendered":"https:\/\/canal7slp.tv\/2025\/?p=182428"},"modified":"2025-10-17T17:18:12","modified_gmt":"2025-10-17T23:18:12","slug":"sre-confirma-fallecimiento-de-tres-mexicanos-en-accidente-aereo-en-michigan","status":"publish","type":"post","link":"https:\/\/canal7slp.tv\/2025\/sre-confirma-fallecimiento-de-tres-mexicanos-en-accidente-aereo-en-michigan\/","title":{"rendered":"SRE confirma fallecimiento de tres mexicanos en accidente a\u00e9reo en Michigan"},"content":{"rendered":"<p style=\"text-align: justify;\">Clinton.- Tres personas de nacionalidad mexicana fallecieron como resultado de un accidente a\u00e9reo ocurrido en el condado de Clinton, M\u00edchigan, el pasado jueves 16 de octubre. La informaci\u00f3n fue confirmada por la Secretar\u00eda de Relaciones Exteriores (SRE).<\/p>\n<p style=\"text-align: justify;\">De acuerdo con el reporte, los connacionales se encontraban a bordo de una aeronave privada con matr\u00edcula mexicana en el momento del incidente.<\/p>\n<p style=\"text-align: justify;\">Como parte de la respuesta a los hechos, el Consulado de M\u00e9xico en Detroit activ\u00f3 los protocolos de emergencia correspondientes.<\/p>\n<p style=\"text-align: justify;\">Representantes consulares se comunicaron con el Departamento de Polic\u00eda de Bath, Michigan, con el objetivo de obtener informaci\u00f3n sobre los avances en las investigaciones y colaborar en la asistencia y protecci\u00f3n que pudiera requerirse.<\/p>\n<p style=\"text-align: justify;\">La SRE inform\u00f3 que el Consulado ha establecido contacto con las familias de las personas fallecidas.<\/p>\n<p style=\"text-align: justify;\">Asimismo, se indic\u00f3 que la representaci\u00f3n diplom\u00e1tica mantendr\u00e1 la colaboraci\u00f3n con las autoridades locales para gestionar la eventual repatriaci\u00f3n de los fallecidos y ofrecer asistencia y acompa\u00f1amiento consular a los familiares que lo soliciten.<\/p>\n","protected":false},"excerpt":{"rendered":"<p>Clinton.- Tres personas de nacionalidad mexicana fallecieron como resultado de un accidente a\u00e9reo ocurrido en el condado de Clinton, M\u00edchigan, el pasado jueves 16 de octubre. La informaci\u00f3n fue confirmada por la Secretar\u00eda de Relaciones Exteriores (SRE). De acuerdo con el reporte, los connacionales se encontraban a bordo de una aeronave privada con matr\u00edcula mexicana en el momento del incidente. Como parte de la respuesta a los hechos, el Consulado de M\u00e9xico en Detroit activ\u00f3 los protocolos de emergencia correspondientes. Representantes consulares se comunicaron con el Departamento de Polic\u00eda de Bath, Michigan, con el objetivo de obtener informaci\u00f3n sobre los [&hellip;]<\/p>\n","protected":false},"author":2,"featured_media":182429,"comment_status":"closed","ping_status":"closed","sticky":false,"template":"","format":"standard","meta":{"_monsterinsights_skip_tracking":false,"_monsterinsights_sitenote_active":false,"_monsterinsights_sitenote_note":"","_monsterinsights_sitenote_category":0,"footnotes":""},"categories":[44],"tags":[],"class_list":["post-182428","post","type-post","status-publish","format-standard","has-post-thumbnail","hentry","category-internacional","post--single"],"yoast_head":"<!-- This site is optimized with the Yoast SEO plugin v27.4 - https:\/\/yoast.com\/product\/yoast-seo-wordpress\/ -->\n<title>SRE confirma fallecimiento de tres mexicanos en accidente a\u00e9reo en Michigan - Canal 7 SLP - 2025<\/title>\n<meta name=\"robots\" content=\"index, follow, max-snippet:-1, max-image-preview:large, max-video-preview:-1\" \/>\n<link rel=\"canonical\" href=\"https:\/\/canal7slp.tv\/2025\/sre-confirma-fallecimiento-de-tres-mexicanos-en-accidente-aereo-en-michigan\/\" \/>\n<meta property=\"og:locale\" content=\"es_ES\" \/>\n<meta property=\"og:type\" content=\"article\" \/>\n<meta property=\"og:title\" content=\"SRE confirma fallecimiento de tres mexicanos en accidente a\u00e9reo en Michigan - Canal 7 SLP - 2025\" \/>\n<meta property=\"og:description\" content=\"Clinton.- Tres personas de nacionalidad mexicana fallecieron como resultado de un accidente a\u00e9reo ocurrido en el condado de Clinton, M\u00edchigan, el pasado jueves 16 de octubre. La informaci\u00f3n fue confirmada por la Secretar\u00eda de Relaciones Exteriores (SRE). De acuerdo con el reporte, los connacionales se encontraban a bordo de una aeronave privada con matr\u00edcula mexicana en el momento del incidente. Como parte de la respuesta a los hechos, el Consulado de M\u00e9xico en Detroit activ\u00f3 los protocolos de emergencia correspondientes. Representantes consulares se comunicaron con el Departamento de Polic\u00eda de Bath, Michigan, con el objetivo de obtener informaci\u00f3n sobre los [&hellip;]\" \/>\n<meta property=\"og:url\" content=\"https:\/\/canal7slp.tv\/2025\/sre-confirma-fallecimiento-de-tres-mexicanos-en-accidente-aereo-en-michigan\/\" \/>\n<meta property=\"og:site_name\" content=\"Canal 7 SLP - 2025\" \/>\n<meta property=\"article:publisher\" content=\"https:\/\/www.facebook.com\/noticieroscanal7atencionciudadana\/\" \/>\n<meta property=\"article:published_time\" content=\"2025-10-17T23:18:12+00:00\" \/>\n<meta property=\"og:image\" content=\"https:\/\/canal7slp.tv\/2025\/wp-content\/uploads\/2025\/10\/12-9.jpg\" \/>\n\t<meta property=\"og:image:width\" content=\"825\" \/>\n\t<meta property=\"og:image:height\" content=\"500\" \/>\n\t<meta property=\"og:image:type\" content=\"image\/jpeg\" \/>\n<meta name=\"author\" content=\"Edici\u00f3n Web\" \/>\n<meta name=\"twitter:card\" content=\"summary_large_image\" \/>\n<meta name=\"twitter:creator\" content=\"@NOTICIEROS7\" \/>\n<meta name=\"twitter:site\" content=\"@NOTICIEROS7\" \/>\n<meta name=\"twitter:label1\" content=\"Escrito por\" \/>\n\t<meta name=\"twitter:data1\" content=\"Edici\u00f3n Web\" \/>\n\t<meta name=\"twitter:label2\" content=\"Tiempo de lectura\" \/>\n\t<meta name=\"twitter:data2\" content=\"1 minuto\" \/>\n<script type=\"application\/ld+json\" class=\"yoast-schema-graph\">{\"@context\":\"https:\\\/\\\/schema.org\",\"@graph\":[{\"@type\":\"Article\",\"@id\":\"https:\\\/\\\/canal7slp.tv\\\/2025\\\/sre-confirma-fallecimiento-de-tres-mexicanos-en-accidente-aereo-en-michigan\\\/#article\",\"isPartOf\":{\"@id\":\"https:\\\/\\\/canal7slp.tv\\\/2025\\\/sre-confirma-fallecimiento-de-tres-mexicanos-en-accidente-aereo-en-michigan\\\/\"},\"author\":{\"name\":\"Edici\u00f3n Web\",\"@id\":\"https:\\\/\\\/canal7slp.tv\\\/2025\\\/#\\\/schema\\\/person\\\/271e2b60a96e7cc9d9ac296f4d7e414b\"},\"headline\":\"SRE confirma fallecimiento de tres mexicanos en accidente a\u00e9reo en Michigan\",\"datePublished\":\"2025-10-17T23:18:12+00:00\",\"mainEntityOfPage\":{\"@id\":\"https:\\\/\\\/canal7slp.tv\\\/2025\\\/sre-confirma-fallecimiento-de-tres-mexicanos-en-accidente-aereo-en-michigan\\\/\"},\"wordCount\":190,\"publisher\":{\"@id\":\"https:\\\/\\\/canal7slp.tv\\\/2025\\\/#organization\"},\"image\":{\"@id\":\"https:\\\/\\\/canal7slp.tv\\\/2025\\\/sre-confirma-fallecimiento-de-tres-mexicanos-en-accidente-aereo-en-michigan\\\/#primaryimage\"},\"thumbnailUrl\":\"https:\\\/\\\/canal7slp.tv\\\/2025\\\/wp-content\\\/uploads\\\/2025\\\/10\\\/12-9.jpg\",\"articleSection\":[\"INTERNACIONALES\"],\"inLanguage\":\"es\"},{\"@type\":\"WebPage\",\"@id\":\"https:\\\/\\\/canal7slp.tv\\\/2025\\\/sre-confirma-fallecimiento-de-tres-mexicanos-en-accidente-aereo-en-michigan\\\/\",\"url\":\"https:\\\/\\\/canal7slp.tv\\\/2025\\\/sre-confirma-fallecimiento-de-tres-mexicanos-en-accidente-aereo-en-michigan\\\/\",\"name\":\"SRE confirma fallecimiento de tres mexicanos en accidente a\u00e9reo en Michigan - Canal 7 SLP - 2025\",\"isPartOf\":{\"@id\":\"https:\\\/\\\/canal7slp.tv\\\/2025\\\/#website\"},\"primaryImageOfPage\":{\"@id\":\"https:\\\/\\\/canal7slp.tv\\\/2025\\\/sre-confirma-fallecimiento-de-tres-mexicanos-en-accidente-aereo-en-michigan\\\/#primaryimage\"},\"image\":{\"@id\":\"https:\\\/\\\/canal7slp.tv\\\/2025\\\/sre-confirma-fallecimiento-de-tres-mexicanos-en-accidente-aereo-en-michigan\\\/#primaryimage\"},\"thumbnailUrl\":\"https:\\\/\\\/canal7slp.tv\\\/2025\\\/wp-content\\\/uploads\\\/2025\\\/10\\\/12-9.jpg\",\"datePublished\":\"2025-10-17T23:18:12+00:00\",\"breadcrumb\":{\"@id\":\"https:\\\/\\\/canal7slp.tv\\\/2025\\\/sre-confirma-fallecimiento-de-tres-mexicanos-en-accidente-aereo-en-michigan\\\/#breadcrumb\"},\"inLanguage\":\"es\",\"potentialAction\":[{\"@type\":\"ReadAction\",\"target\":[\"https:\\\/\\\/canal7slp.tv\\\/2025\\\/sre-confirma-fallecimiento-de-tres-mexicanos-en-accidente-aereo-en-michigan\\\/\"]}]},{\"@type\":\"ImageObject\",\"inLanguage\":\"es\",\"@id\":\"https:\\\/\\\/canal7slp.tv\\\/2025\\\/sre-confirma-fallecimiento-de-tres-mexicanos-en-accidente-aereo-en-michigan\\\/#primaryimage\",\"url\":\"https:\\\/\\\/canal7slp.tv\\\/2025\\\/wp-content\\\/uploads\\\/2025\\\/10\\\/12-9.jpg\",\"contentUrl\":\"https:\\\/\\\/canal7slp.tv\\\/2025\\\/wp-content\\\/uploads\\\/2025\\\/10\\\/12-9.jpg\",\"width\":825,\"height\":500},{\"@type\":\"BreadcrumbList\",\"@id\":\"https:\\\/\\\/canal7slp.tv\\\/2025\\\/sre-confirma-fallecimiento-de-tres-mexicanos-en-accidente-aereo-en-michigan\\\/#breadcrumb\",\"itemListElement\":[{\"@type\":\"ListItem\",\"position\":1,\"name\":\"Portada\",\"item\":\"https:\\\/\\\/canal7slp.tv\\\/2025\\\/\"},{\"@type\":\"ListItem\",\"position\":2,\"name\":\"SRE confirma fallecimiento de tres mexicanos en accidente a\u00e9reo en Michigan\"}]},{\"@type\":\"WebSite\",\"@id\":\"https:\\\/\\\/canal7slp.tv\\\/2025\\\/#website\",\"url\":\"https:\\\/\\\/canal7slp.tv\\\/2025\\\/\",\"name\":\"N7 - Noticieros Canal 7\",\"description\":\"Somos el Medio\",\"publisher\":{\"@id\":\"https:\\\/\\\/canal7slp.tv\\\/2025\\\/#organization\"},\"potentialAction\":[{\"@type\":\"SearchAction\",\"target\":{\"@type\":\"EntryPoint\",\"urlTemplate\":\"https:\\\/\\\/canal7slp.tv\\\/2025\\\/?s={search_term_string}\"},\"query-input\":{\"@type\":\"PropertyValueSpecification\",\"valueRequired\":true,\"valueName\":\"search_term_string\"}}],\"inLanguage\":\"es\"},{\"@type\":\"Organization\",\"@id\":\"https:\\\/\\\/canal7slp.tv\\\/2025\\\/#organization\",\"name\":\"Noticieros Canal 7\",\"url\":\"https:\\\/\\\/canal7slp.tv\\\/2025\\\/\",\"logo\":{\"@type\":\"ImageObject\",\"inLanguage\":\"es\",\"@id\":\"https:\\\/\\\/canal7slp.tv\\\/2025\\\/#\\\/schema\\\/logo\\\/image\\\/\",\"url\":\"https:\\\/\\\/canal7slp.tv\\\/2025\\\/wp-content\\\/uploads\\\/2021\\\/01\\\/logo-noticieros@2x.png\",\"contentUrl\":\"https:\\\/\\\/canal7slp.tv\\\/2025\\\/wp-content\\\/uploads\\\/2021\\\/01\\\/logo-noticieros@2x.png\",\"width\":1017,\"height\":268,\"caption\":\"Noticieros Canal 7\"},\"image\":{\"@id\":\"https:\\\/\\\/canal7slp.tv\\\/2025\\\/#\\\/schema\\\/logo\\\/image\\\/\"},\"sameAs\":[\"https:\\\/\\\/www.facebook.com\\\/noticieroscanal7atencionciudadana\\\/\",\"https:\\\/\\\/x.com\\\/NOTICIEROS7\",\"https:\\\/\\\/www.instagram.com\\\/canal7_slp\",\"https:\\\/\\\/www.youtube.com\\\/channel\\\/UCliiYs-gP3JfJeqdPrNdd5A\"]},{\"@type\":\"Person\",\"@id\":\"https:\\\/\\\/canal7slp.tv\\\/2025\\\/#\\\/schema\\\/person\\\/271e2b60a96e7cc9d9ac296f4d7e414b\",\"name\":\"Edici\u00f3n Web\",\"image\":{\"@type\":\"ImageObject\",\"inLanguage\":\"es\",\"@id\":\"https:\\\/\\\/secure.gravatar.com\\\/avatar\\\/eee448fc3f7164808013b816ba91ac7e43bbe82a70bebac296f8bc6f0addaa1a?s=96&d=mm&r=g\",\"url\":\"https:\\\/\\\/secure.gravatar.com\\\/avatar\\\/eee448fc3f7164808013b816ba91ac7e43bbe82a70bebac296f8bc6f0addaa1a?s=96&d=mm&r=g\",\"contentUrl\":\"https:\\\/\\\/secure.gravatar.com\\\/avatar\\\/eee448fc3f7164808013b816ba91ac7e43bbe82a70bebac296f8bc6f0addaa1a?s=96&d=mm&r=g\",\"caption\":\"Edici\u00f3n Web\"},\"url\":\"https:\\\/\\\/canal7slp.tv\\\/2025\\\/author\\\/edicionweb\\\/\"}]}<\/script>\n<!-- \/ Yoast SEO plugin. -->","yoast_head_json":{"title":"SRE confirma fallecimiento de tres mexicanos en accidente a\u00e9reo en Michigan - Canal 7 SLP - 2025","robots":{"index":"index","follow":"follow","max-snippet":"max-snippet:-1","max-image-preview":"max-image-preview:large","max-video-preview":"max-video-preview:-1"},"canonical":"https:\/\/canal7slp.tv\/2025\/sre-confirma-fallecimiento-de-tres-mexicanos-en-accidente-aereo-en-michigan\/","og_locale":"es_ES","og_type":"article","og_title":"SRE confirma fallecimiento de tres mexicanos en accidente a\u00e9reo en Michigan - Canal 7 SLP - 2025","og_description":"Clinton.- Tres personas de nacionalidad mexicana fallecieron como resultado de un accidente a\u00e9reo ocurrido en el condado de Clinton, M\u00edchigan, el pasado jueves 16 de octubre. La informaci\u00f3n fue confirmada por la Secretar\u00eda de Relaciones Exteriores (SRE). De acuerdo con el reporte, los connacionales se encontraban a bordo de una aeronave privada con matr\u00edcula mexicana en el momento del incidente. Como parte de la respuesta a los hechos, el Consulado de M\u00e9xico en Detroit activ\u00f3 los protocolos de emergencia correspondientes. Representantes consulares se comunicaron con el Departamento de Polic\u00eda de Bath, Michigan, con el objetivo de obtener informaci\u00f3n sobre los [&hellip;]","og_url":"https:\/\/canal7slp.tv\/2025\/sre-confirma-fallecimiento-de-tres-mexicanos-en-accidente-aereo-en-michigan\/","og_site_name":"Canal 7 SLP - 2025","article_publisher":"https:\/\/www.facebook.com\/noticieroscanal7atencionciudadana\/","article_published_time":"2025-10-17T23:18:12+00:00","og_image":[{"width":825,"height":500,"url":"https:\/\/canal7slp.tv\/2025\/wp-content\/uploads\/2025\/10\/12-9.jpg","type":"image\/jpeg"}],"author":"Edici\u00f3n Web","twitter_card":"summary_large_image","twitter_creator":"@NOTICIEROS7","twitter_site":"@NOTICIEROS7","twitter_misc":{"Escrito por":"Edici\u00f3n Web","Tiempo de lectura":"1 minuto"},"schema":{"@context":"https:\/\/schema.org","@graph":[{"@type":"Article","@id":"https:\/\/canal7slp.tv\/2025\/sre-confirma-fallecimiento-de-tres-mexicanos-en-accidente-aereo-en-michigan\/#article","isPartOf":{"@id":"https:\/\/canal7slp.tv\/2025\/sre-confirma-fallecimiento-de-tres-mexicanos-en-accidente-aereo-en-michigan\/"},"author":{"name":"Edici\u00f3n Web","@id":"https:\/\/canal7slp.tv\/2025\/#\/schema\/person\/271e2b60a96e7cc9d9ac296f4d7e414b"},"headline":"SRE confirma fallecimiento de tres mexicanos en accidente a\u00e9reo en Michigan","datePublished":"2025-10-17T23:18:12+00:00","mainEntityOfPage":{"@id":"https:\/\/canal7slp.tv\/2025\/sre-confirma-fallecimiento-de-tres-mexicanos-en-accidente-aereo-en-michigan\/"},"wordCount":190,"publisher":{"@id":"https:\/\/canal7slp.tv\/2025\/#organization"},"image":{"@id":"https:\/\/canal7slp.tv\/2025\/sre-confirma-fallecimiento-de-tres-mexicanos-en-accidente-aereo-en-michigan\/#primaryimage"},"thumbnailUrl":"https:\/\/canal7slp.tv\/2025\/wp-content\/uploads\/2025\/10\/12-9.jpg","articleSection":["INTERNACIONALES"],"inLanguage":"es"},{"@type":"WebPage","@id":"https:\/\/canal7slp.tv\/2025\/sre-confirma-fallecimiento-de-tres-mexicanos-en-accidente-aereo-en-michigan\/","url":"https:\/\/canal7slp.tv\/2025\/sre-confirma-fallecimiento-de-tres-mexicanos-en-accidente-aereo-en-michigan\/","name":"SRE confirma fallecimiento de tres mexicanos en accidente a\u00e9reo en Michigan - Canal 7 SLP - 2025","isPartOf":{"@id":"https:\/\/canal7slp.tv\/2025\/#website"},"primaryImageOfPage":{"@id":"https:\/\/canal7slp.tv\/2025\/sre-confirma-fallecimiento-de-tres-mexicanos-en-accidente-aereo-en-michigan\/#primaryimage"},"image":{"@id":"https:\/\/canal7slp.tv\/2025\/sre-confirma-fallecimiento-de-tres-mexicanos-en-accidente-aereo-en-michigan\/#primaryimage"},"thumbnailUrl":"https:\/\/canal7slp.tv\/2025\/wp-content\/uploads\/2025\/10\/12-9.jpg","datePublished":"2025-10-17T23:18:12+00:00","breadcrumb":{"@id":"https:\/\/canal7slp.tv\/2025\/sre-confirma-fallecimiento-de-tres-mexicanos-en-accidente-aereo-en-michigan\/#breadcrumb"},"inLanguage":"es","potentialAction":[{"@type":"ReadAction","target":["https:\/\/canal7slp.tv\/2025\/sre-confirma-fallecimiento-de-tres-mexicanos-en-accidente-aereo-en-michigan\/"]}]},{"@type":"ImageObject","inLanguage":"es","@id":"https:\/\/canal7slp.tv\/2025\/sre-confirma-fallecimiento-de-tres-mexicanos-en-accidente-aereo-en-michigan\/#primaryimage","url":"https:\/\/canal7slp.tv\/2025\/wp-content\/uploads\/2025\/10\/12-9.jpg","contentUrl":"https:\/\/canal7slp.tv\/2025\/wp-content\/uploads\/2025\/10\/12-9.jpg","width":825,"height":500},{"@type":"BreadcrumbList","@id":"https:\/\/canal7slp.tv\/2025\/sre-confirma-fallecimiento-de-tres-mexicanos-en-accidente-aereo-en-michigan\/#breadcrumb","itemListElement":[{"@type":"ListItem","position":1,"name":"Portada","item":"https:\/\/canal7slp.tv\/2025\/"},{"@type":"ListItem","position":2,"name":"SRE confirma fallecimiento de tres mexicanos en accidente a\u00e9reo en Michigan"}]},{"@type":"WebSite","@id":"https:\/\/canal7slp.tv\/2025\/#website","url":"https:\/\/canal7slp.tv\/2025\/","name":"N7 - Noticieros Canal 7","description":"Somos el Medio","publisher":{"@id":"https:\/\/canal7slp.tv\/2025\/#organization"},"potentialAction":[{"@type":"SearchAction","target":{"@type":"EntryPoint","urlTemplate":"https:\/\/canal7slp.tv\/2025\/?s={search_term_string}"},"query-input":{"@type":"PropertyValueSpecification","valueRequired":true,"valueName":"search_term_string"}}],"inLanguage":"es"},{"@type":"Organization","@id":"https:\/\/canal7slp.tv\/2025\/#organization","name":"Noticieros Canal 7","url":"https:\/\/canal7slp.tv\/2025\/","logo":{"@type":"ImageObject","inLanguage":"es","@id":"https:\/\/canal7slp.tv\/2025\/#\/schema\/logo\/image\/","url":"https:\/\/canal7slp.tv\/2025\/wp-content\/uploads\/2021\/01\/logo-noticieros@2x.png","contentUrl":"https:\/\/canal7slp.tv\/2025\/wp-content\/uploads\/2021\/01\/logo-noticieros@2x.png","width":1017,"height":268,"caption":"Noticieros Canal 7"},"image":{"@id":"https:\/\/canal7slp.tv\/2025\/#\/schema\/logo\/image\/"},"sameAs":["https:\/\/www.facebook.com\/noticieroscanal7atencionciudadana\/","https:\/\/x.com\/NOTICIEROS7","https:\/\/www.instagram.com\/canal7_slp","https:\/\/www.youtube.com\/channel\/UCliiYs-gP3JfJeqdPrNdd5A"]},{"@type":"Person","@id":"https:\/\/canal7slp.tv\/2025\/#\/schema\/person\/271e2b60a96e7cc9d9ac296f4d7e414b","name":"Edici\u00f3n Web","image":{"@type":"ImageObject","inLanguage":"es","@id":"https:\/\/secure.gravatar.com\/avatar\/eee448fc3f7164808013b816ba91ac7e43bbe82a70bebac296f8bc6f0addaa1a?s=96&d=mm&r=g","url":"https:\/\/secure.gravatar.com\/avatar\/eee448fc3f7164808013b816ba91ac7e43bbe82a70bebac296f8bc6f0addaa1a?s=96&d=mm&r=g","contentUrl":"https:\/\/secure.gravatar.com\/avatar\/eee448fc3f7164808013b816ba91ac7e43bbe82a70bebac296f8bc6f0addaa1a?s=96&d=mm&r=g","caption":"Edici\u00f3n Web"},"url":"https:\/\/canal7slp.tv\/2025\/author\/edicionweb\/"}]}},"_links":{"self":[{"href":"https:\/\/canal7slp.tv\/2025\/wp-json\/wp\/v2\/posts\/182428","targetHints":{"allow":["GET"]}}],"collection":[{"href":"https:\/\/canal7slp.tv\/2025\/wp-json\/wp\/v2\/posts"}],"about":[{"href":"https:\/\/canal7slp.tv\/2025\/wp-json\/wp\/v2\/types\/post"}],"author":[{"embeddable":true,"href":"https:\/\/canal7slp.tv\/2025\/wp-json\/wp\/v2\/users\/2"}],"replies":[{"embeddable":true,"href":"https:\/\/canal7slp.tv\/2025\/wp-json\/wp\/v2\/comments?post=182428"}],"version-history":[{"count":1,"href":"https:\/\/canal7slp.tv\/2025\/wp-json\/wp\/v2\/posts\/182428\/revisions"}],"predecessor-version":[{"id":182430,"href":"https:\/\/canal7slp.tv\/2025\/wp-json\/wp\/v2\/posts\/182428\/revisions\/182430"}],"wp:featuredmedia":[{"embeddable":true,"href":"https:\/\/canal7slp.tv\/2025\/wp-json\/wp\/v2\/media\/182429"}],"wp:attachment":[{"href":"https:\/\/canal7slp.tv\/2025\/wp-json\/wp\/v2\/media?parent=182428"}],"wp:term":[{"taxonomy":"category","embeddable":true,"href":"https:\/\/canal7slp.tv\/2025\/wp-json\/wp\/v2\/categories?post=182428"},{"taxonomy":"post_tag","embeddable":true,"href":"https:\/\/canal7slp.tv\/2025\/wp-json\/wp\/v2\/tags?post=182428"}],"curies":[{"name":"wp","href":"https:\/\/api.w.org\/{rel}","templated":true}]}}