{"id":182425,"date":"2025-10-17T17:14:55","date_gmt":"2025-10-17T23:14:55","guid":{"rendered":"https:\/\/canal7slp.tv\/2025\/?p=182425"},"modified":"2025-10-17T17:14:55","modified_gmt":"2025-10-17T23:14:55","slug":"gobierno-peruano-anuncia-estado-de-emergencia-en-lima-tras-protestas","status":"publish","type":"post","link":"https:\/\/canal7slp.tv\/2025\/gobierno-peruano-anuncia-estado-de-emergencia-en-lima-tras-protestas\/","title":{"rendered":"Gobierno peruano anuncia estado de emergencia en Lima tras protestas"},"content":{"rendered":"<p style=\"text-align: justify;\">Lima.- El Primer Ministro de Per\u00fa, Ernesto \u00c1lvarez, anunci\u00f3 la declaratoria inminente de un estado de emergencia en Lima, como medida para enfrentar la situaci\u00f3n de violencia registrada tras una protesta multitudinaria.<\/p>\n<p style=\"text-align: justify;\">Esta decisi\u00f3n se produce despu\u00e9s de que el Presidente, Jos\u00e9 Jer\u00ed, solicitara al Congreso facultades legislativas especiales para adoptar medidas de urgencia sin requerir la aprobaci\u00f3n previa de los parlamentarios.<\/p>\n<p style=\"text-align: justify;\">De acuerdo con lo informado, el estado de emergencia implica la suspensi\u00f3n temporal de ciertos derechos constitucionales, entre los que se encuentran la libertad y seguridad personales, la inviolabilidad del domicilio, y las libertades de reuni\u00f3n y tr\u00e1nsito en el territorio.<\/p>\n<p style=\"text-align: justify;\">Los eventos que motivaron estas acciones gubernamentales incluyen una protesta realizada la v\u00edspera, donde se registraron enfrentamientos.<\/p>\n<p style=\"text-align: justify;\">Seg\u00fan reportaron las autoridades, durante dichos incidentes falleci\u00f3 un manifestante y se contabilizaron 120 personas heridas, incluyendo 84 efectivos policiales.<\/p>\n","protected":false},"excerpt":{"rendered":"<p>Lima.- El Primer Ministro de Per\u00fa, Ernesto \u00c1lvarez, anunci\u00f3 la declaratoria inminente de un estado de emergencia en Lima, como medida para enfrentar la situaci\u00f3n de violencia registrada tras una protesta multitudinaria. Esta decisi\u00f3n se produce despu\u00e9s de que el Presidente, Jos\u00e9 Jer\u00ed, solicitara al Congreso facultades legislativas especiales para adoptar medidas de urgencia sin requerir la aprobaci\u00f3n previa de los parlamentarios. De acuerdo con lo informado, el estado de emergencia implica la suspensi\u00f3n temporal de ciertos derechos constitucionales, entre los que se encuentran la libertad y seguridad personales, la inviolabilidad del domicilio, y las libertades de reuni\u00f3n y tr\u00e1nsito [&hellip;]<\/p>\n","protected":false},"author":2,"featured_media":182426,"comment_status":"closed","ping_status":"closed","sticky":false,"template":"","format":"standard","meta":{"_monsterinsights_skip_tracking":false,"_monsterinsights_sitenote_active":false,"_monsterinsights_sitenote_note":"","_monsterinsights_sitenote_category":0,"footnotes":""},"categories":[44],"tags":[],"class_list":["post-182425","post","type-post","status-publish","format-standard","has-post-thumbnail","hentry","category-internacional","post--single"],"yoast_head":"<!-- This site is optimized with the Yoast SEO plugin v27.4 - https:\/\/yoast.com\/product\/yoast-seo-wordpress\/ -->\n<title>Gobierno peruano anuncia estado de emergencia en Lima tras protestas - Canal 7 SLP - 2025<\/title>\n<meta name=\"robots\" content=\"index, follow, max-snippet:-1, max-image-preview:large, max-video-preview:-1\" \/>\n<link rel=\"canonical\" href=\"https:\/\/canal7slp.tv\/2025\/gobierno-peruano-anuncia-estado-de-emergencia-en-lima-tras-protestas\/\" \/>\n<meta property=\"og:locale\" content=\"es_ES\" \/>\n<meta property=\"og:type\" content=\"article\" \/>\n<meta property=\"og:title\" content=\"Gobierno peruano anuncia estado de emergencia en Lima tras protestas - Canal 7 SLP - 2025\" \/>\n<meta property=\"og:description\" content=\"Lima.- El Primer Ministro de Per\u00fa, Ernesto \u00c1lvarez, anunci\u00f3 la declaratoria inminente de un estado de emergencia en Lima, como medida para enfrentar la situaci\u00f3n de violencia registrada tras una protesta multitudinaria. Esta decisi\u00f3n se produce despu\u00e9s de que el Presidente, Jos\u00e9 Jer\u00ed, solicitara al Congreso facultades legislativas especiales para adoptar medidas de urgencia sin requerir la aprobaci\u00f3n previa de los parlamentarios. De acuerdo con lo informado, el estado de emergencia implica la suspensi\u00f3n temporal de ciertos derechos constitucionales, entre los que se encuentran la libertad y seguridad personales, la inviolabilidad del domicilio, y las libertades de reuni\u00f3n y tr\u00e1nsito [&hellip;]\" \/>\n<meta property=\"og:url\" content=\"https:\/\/canal7slp.tv\/2025\/gobierno-peruano-anuncia-estado-de-emergencia-en-lima-tras-protestas\/\" \/>\n<meta property=\"og:site_name\" content=\"Canal 7 SLP - 2025\" \/>\n<meta property=\"article:publisher\" content=\"https:\/\/www.facebook.com\/noticieroscanal7atencionciudadana\/\" \/>\n<meta property=\"article:published_time\" content=\"2025-10-17T23:14:55+00:00\" \/>\n<meta property=\"og:image\" content=\"https:\/\/canal7slp.tv\/2025\/wp-content\/uploads\/2025\/10\/11-12.jpg\" \/>\n\t<meta property=\"og:image:width\" content=\"720\" \/>\n\t<meta property=\"og:image:height\" content=\"450\" \/>\n\t<meta property=\"og:image:type\" content=\"image\/jpeg\" \/>\n<meta name=\"author\" content=\"Edici\u00f3n Web\" \/>\n<meta name=\"twitter:card\" content=\"summary_large_image\" \/>\n<meta name=\"twitter:creator\" content=\"@NOTICIEROS7\" \/>\n<meta name=\"twitter:site\" content=\"@NOTICIEROS7\" \/>\n<meta name=\"twitter:label1\" content=\"Escrito por\" \/>\n\t<meta name=\"twitter:data1\" content=\"Edici\u00f3n Web\" \/>\n\t<meta name=\"twitter:label2\" content=\"Tiempo de lectura\" \/>\n\t<meta name=\"twitter:data2\" content=\"1 minuto\" \/>\n<script type=\"application\/ld+json\" class=\"yoast-schema-graph\">{\"@context\":\"https:\\\/\\\/schema.org\",\"@graph\":[{\"@type\":\"Article\",\"@id\":\"https:\\\/\\\/canal7slp.tv\\\/2025\\\/gobierno-peruano-anuncia-estado-de-emergencia-en-lima-tras-protestas\\\/#article\",\"isPartOf\":{\"@id\":\"https:\\\/\\\/canal7slp.tv\\\/2025\\\/gobierno-peruano-anuncia-estado-de-emergencia-en-lima-tras-protestas\\\/\"},\"author\":{\"name\":\"Edici\u00f3n Web\",\"@id\":\"https:\\\/\\\/canal7slp.tv\\\/2025\\\/#\\\/schema\\\/person\\\/271e2b60a96e7cc9d9ac296f4d7e414b\"},\"headline\":\"Gobierno peruano anuncia estado de emergencia en Lima tras protestas\",\"datePublished\":\"2025-10-17T23:14:55+00:00\",\"mainEntityOfPage\":{\"@id\":\"https:\\\/\\\/canal7slp.tv\\\/2025\\\/gobierno-peruano-anuncia-estado-de-emergencia-en-lima-tras-protestas\\\/\"},\"wordCount\":158,\"publisher\":{\"@id\":\"https:\\\/\\\/canal7slp.tv\\\/2025\\\/#organization\"},\"image\":{\"@id\":\"https:\\\/\\\/canal7slp.tv\\\/2025\\\/gobierno-peruano-anuncia-estado-de-emergencia-en-lima-tras-protestas\\\/#primaryimage\"},\"thumbnailUrl\":\"https:\\\/\\\/canal7slp.tv\\\/2025\\\/wp-content\\\/uploads\\\/2025\\\/10\\\/11-12.jpg\",\"articleSection\":[\"INTERNACIONALES\"],\"inLanguage\":\"es\"},{\"@type\":\"WebPage\",\"@id\":\"https:\\\/\\\/canal7slp.tv\\\/2025\\\/gobierno-peruano-anuncia-estado-de-emergencia-en-lima-tras-protestas\\\/\",\"url\":\"https:\\\/\\\/canal7slp.tv\\\/2025\\\/gobierno-peruano-anuncia-estado-de-emergencia-en-lima-tras-protestas\\\/\",\"name\":\"Gobierno peruano anuncia estado de emergencia en Lima tras protestas - Canal 7 SLP - 2025\",\"isPartOf\":{\"@id\":\"https:\\\/\\\/canal7slp.tv\\\/2025\\\/#website\"},\"primaryImageOfPage\":{\"@id\":\"https:\\\/\\\/canal7slp.tv\\\/2025\\\/gobierno-peruano-anuncia-estado-de-emergencia-en-lima-tras-protestas\\\/#primaryimage\"},\"image\":{\"@id\":\"https:\\\/\\\/canal7slp.tv\\\/2025\\\/gobierno-peruano-anuncia-estado-de-emergencia-en-lima-tras-protestas\\\/#primaryimage\"},\"thumbnailUrl\":\"https:\\\/\\\/canal7slp.tv\\\/2025\\\/wp-content\\\/uploads\\\/2025\\\/10\\\/11-12.jpg\",\"datePublished\":\"2025-10-17T23:14:55+00:00\",\"breadcrumb\":{\"@id\":\"https:\\\/\\\/canal7slp.tv\\\/2025\\\/gobierno-peruano-anuncia-estado-de-emergencia-en-lima-tras-protestas\\\/#breadcrumb\"},\"inLanguage\":\"es\",\"potentialAction\":[{\"@type\":\"ReadAction\",\"target\":[\"https:\\\/\\\/canal7slp.tv\\\/2025\\\/gobierno-peruano-anuncia-estado-de-emergencia-en-lima-tras-protestas\\\/\"]}]},{\"@type\":\"ImageObject\",\"inLanguage\":\"es\",\"@id\":\"https:\\\/\\\/canal7slp.tv\\\/2025\\\/gobierno-peruano-anuncia-estado-de-emergencia-en-lima-tras-protestas\\\/#primaryimage\",\"url\":\"https:\\\/\\\/canal7slp.tv\\\/2025\\\/wp-content\\\/uploads\\\/2025\\\/10\\\/11-12.jpg\",\"contentUrl\":\"https:\\\/\\\/canal7slp.tv\\\/2025\\\/wp-content\\\/uploads\\\/2025\\\/10\\\/11-12.jpg\",\"width\":720,\"height\":450},{\"@type\":\"BreadcrumbList\",\"@id\":\"https:\\\/\\\/canal7slp.tv\\\/2025\\\/gobierno-peruano-anuncia-estado-de-emergencia-en-lima-tras-protestas\\\/#breadcrumb\",\"itemListElement\":[{\"@type\":\"ListItem\",\"position\":1,\"name\":\"Portada\",\"item\":\"https:\\\/\\\/canal7slp.tv\\\/2025\\\/\"},{\"@type\":\"ListItem\",\"position\":2,\"name\":\"Gobierno peruano anuncia estado de emergencia en Lima tras protestas\"}]},{\"@type\":\"WebSite\",\"@id\":\"https:\\\/\\\/canal7slp.tv\\\/2025\\\/#website\",\"url\":\"https:\\\/\\\/canal7slp.tv\\\/2025\\\/\",\"name\":\"N7 - Noticieros Canal 7\",\"description\":\"Somos el Medio\",\"publisher\":{\"@id\":\"https:\\\/\\\/canal7slp.tv\\\/2025\\\/#organization\"},\"potentialAction\":[{\"@type\":\"SearchAction\",\"target\":{\"@type\":\"EntryPoint\",\"urlTemplate\":\"https:\\\/\\\/canal7slp.tv\\\/2025\\\/?s={search_term_string}\"},\"query-input\":{\"@type\":\"PropertyValueSpecification\",\"valueRequired\":true,\"valueName\":\"search_term_string\"}}],\"inLanguage\":\"es\"},{\"@type\":\"Organization\",\"@id\":\"https:\\\/\\\/canal7slp.tv\\\/2025\\\/#organization\",\"name\":\"Noticieros Canal 7\",\"url\":\"https:\\\/\\\/canal7slp.tv\\\/2025\\\/\",\"logo\":{\"@type\":\"ImageObject\",\"inLanguage\":\"es\",\"@id\":\"https:\\\/\\\/canal7slp.tv\\\/2025\\\/#\\\/schema\\\/logo\\\/image\\\/\",\"url\":\"https:\\\/\\\/canal7slp.tv\\\/2025\\\/wp-content\\\/uploads\\\/2021\\\/01\\\/logo-noticieros@2x.png\",\"contentUrl\":\"https:\\\/\\\/canal7slp.tv\\\/2025\\\/wp-content\\\/uploads\\\/2021\\\/01\\\/logo-noticieros@2x.png\",\"width\":1017,\"height\":268,\"caption\":\"Noticieros Canal 7\"},\"image\":{\"@id\":\"https:\\\/\\\/canal7slp.tv\\\/2025\\\/#\\\/schema\\\/logo\\\/image\\\/\"},\"sameAs\":[\"https:\\\/\\\/www.facebook.com\\\/noticieroscanal7atencionciudadana\\\/\",\"https:\\\/\\\/x.com\\\/NOTICIEROS7\",\"https:\\\/\\\/www.instagram.com\\\/canal7_slp\",\"https:\\\/\\\/www.youtube.com\\\/channel\\\/UCliiYs-gP3JfJeqdPrNdd5A\"]},{\"@type\":\"Person\",\"@id\":\"https:\\\/\\\/canal7slp.tv\\\/2025\\\/#\\\/schema\\\/person\\\/271e2b60a96e7cc9d9ac296f4d7e414b\",\"name\":\"Edici\u00f3n Web\",\"image\":{\"@type\":\"ImageObject\",\"inLanguage\":\"es\",\"@id\":\"https:\\\/\\\/secure.gravatar.com\\\/avatar\\\/eee448fc3f7164808013b816ba91ac7e43bbe82a70bebac296f8bc6f0addaa1a?s=96&d=mm&r=g\",\"url\":\"https:\\\/\\\/secure.gravatar.com\\\/avatar\\\/eee448fc3f7164808013b816ba91ac7e43bbe82a70bebac296f8bc6f0addaa1a?s=96&d=mm&r=g\",\"contentUrl\":\"https:\\\/\\\/secure.gravatar.com\\\/avatar\\\/eee448fc3f7164808013b816ba91ac7e43bbe82a70bebac296f8bc6f0addaa1a?s=96&d=mm&r=g\",\"caption\":\"Edici\u00f3n Web\"},\"url\":\"https:\\\/\\\/canal7slp.tv\\\/2025\\\/author\\\/edicionweb\\\/\"}]}<\/script>\n<!-- \/ Yoast SEO plugin. -->","yoast_head_json":{"title":"Gobierno peruano anuncia estado de emergencia en Lima tras protestas - Canal 7 SLP - 2025","robots":{"index":"index","follow":"follow","max-snippet":"max-snippet:-1","max-image-preview":"max-image-preview:large","max-video-preview":"max-video-preview:-1"},"canonical":"https:\/\/canal7slp.tv\/2025\/gobierno-peruano-anuncia-estado-de-emergencia-en-lima-tras-protestas\/","og_locale":"es_ES","og_type":"article","og_title":"Gobierno peruano anuncia estado de emergencia en Lima tras protestas - Canal 7 SLP - 2025","og_description":"Lima.- El Primer Ministro de Per\u00fa, Ernesto \u00c1lvarez, anunci\u00f3 la declaratoria inminente de un estado de emergencia en Lima, como medida para enfrentar la situaci\u00f3n de violencia registrada tras una protesta multitudinaria. Esta decisi\u00f3n se produce despu\u00e9s de que el Presidente, Jos\u00e9 Jer\u00ed, solicitara al Congreso facultades legislativas especiales para adoptar medidas de urgencia sin requerir la aprobaci\u00f3n previa de los parlamentarios. De acuerdo con lo informado, el estado de emergencia implica la suspensi\u00f3n temporal de ciertos derechos constitucionales, entre los que se encuentran la libertad y seguridad personales, la inviolabilidad del domicilio, y las libertades de reuni\u00f3n y tr\u00e1nsito [&hellip;]","og_url":"https:\/\/canal7slp.tv\/2025\/gobierno-peruano-anuncia-estado-de-emergencia-en-lima-tras-protestas\/","og_site_name":"Canal 7 SLP - 2025","article_publisher":"https:\/\/www.facebook.com\/noticieroscanal7atencionciudadana\/","article_published_time":"2025-10-17T23:14:55+00:00","og_image":[{"width":720,"height":450,"url":"https:\/\/canal7slp.tv\/2025\/wp-content\/uploads\/2025\/10\/11-12.jpg","type":"image\/jpeg"}],"author":"Edici\u00f3n Web","twitter_card":"summary_large_image","twitter_creator":"@NOTICIEROS7","twitter_site":"@NOTICIEROS7","twitter_misc":{"Escrito por":"Edici\u00f3n Web","Tiempo de lectura":"1 minuto"},"schema":{"@context":"https:\/\/schema.org","@graph":[{"@type":"Article","@id":"https:\/\/canal7slp.tv\/2025\/gobierno-peruano-anuncia-estado-de-emergencia-en-lima-tras-protestas\/#article","isPartOf":{"@id":"https:\/\/canal7slp.tv\/2025\/gobierno-peruano-anuncia-estado-de-emergencia-en-lima-tras-protestas\/"},"author":{"name":"Edici\u00f3n Web","@id":"https:\/\/canal7slp.tv\/2025\/#\/schema\/person\/271e2b60a96e7cc9d9ac296f4d7e414b"},"headline":"Gobierno peruano anuncia estado de emergencia en Lima tras protestas","datePublished":"2025-10-17T23:14:55+00:00","mainEntityOfPage":{"@id":"https:\/\/canal7slp.tv\/2025\/gobierno-peruano-anuncia-estado-de-emergencia-en-lima-tras-protestas\/"},"wordCount":158,"publisher":{"@id":"https:\/\/canal7slp.tv\/2025\/#organization"},"image":{"@id":"https:\/\/canal7slp.tv\/2025\/gobierno-peruano-anuncia-estado-de-emergencia-en-lima-tras-protestas\/#primaryimage"},"thumbnailUrl":"https:\/\/canal7slp.tv\/2025\/wp-content\/uploads\/2025\/10\/11-12.jpg","articleSection":["INTERNACIONALES"],"inLanguage":"es"},{"@type":"WebPage","@id":"https:\/\/canal7slp.tv\/2025\/gobierno-peruano-anuncia-estado-de-emergencia-en-lima-tras-protestas\/","url":"https:\/\/canal7slp.tv\/2025\/gobierno-peruano-anuncia-estado-de-emergencia-en-lima-tras-protestas\/","name":"Gobierno peruano anuncia estado de emergencia en Lima tras protestas - Canal 7 SLP - 2025","isPartOf":{"@id":"https:\/\/canal7slp.tv\/2025\/#website"},"primaryImageOfPage":{"@id":"https:\/\/canal7slp.tv\/2025\/gobierno-peruano-anuncia-estado-de-emergencia-en-lima-tras-protestas\/#primaryimage"},"image":{"@id":"https:\/\/canal7slp.tv\/2025\/gobierno-peruano-anuncia-estado-de-emergencia-en-lima-tras-protestas\/#primaryimage"},"thumbnailUrl":"https:\/\/canal7slp.tv\/2025\/wp-content\/uploads\/2025\/10\/11-12.jpg","datePublished":"2025-10-17T23:14:55+00:00","breadcrumb":{"@id":"https:\/\/canal7slp.tv\/2025\/gobierno-peruano-anuncia-estado-de-emergencia-en-lima-tras-protestas\/#breadcrumb"},"inLanguage":"es","potentialAction":[{"@type":"ReadAction","target":["https:\/\/canal7slp.tv\/2025\/gobierno-peruano-anuncia-estado-de-emergencia-en-lima-tras-protestas\/"]}]},{"@type":"ImageObject","inLanguage":"es","@id":"https:\/\/canal7slp.tv\/2025\/gobierno-peruano-anuncia-estado-de-emergencia-en-lima-tras-protestas\/#primaryimage","url":"https:\/\/canal7slp.tv\/2025\/wp-content\/uploads\/2025\/10\/11-12.jpg","contentUrl":"https:\/\/canal7slp.tv\/2025\/wp-content\/uploads\/2025\/10\/11-12.jpg","width":720,"height":450},{"@type":"BreadcrumbList","@id":"https:\/\/canal7slp.tv\/2025\/gobierno-peruano-anuncia-estado-de-emergencia-en-lima-tras-protestas\/#breadcrumb","itemListElement":[{"@type":"ListItem","position":1,"name":"Portada","item":"https:\/\/canal7slp.tv\/2025\/"},{"@type":"ListItem","position":2,"name":"Gobierno peruano anuncia estado de emergencia en Lima tras protestas"}]},{"@type":"WebSite","@id":"https:\/\/canal7slp.tv\/2025\/#website","url":"https:\/\/canal7slp.tv\/2025\/","name":"N7 - Noticieros Canal 7","description":"Somos el Medio","publisher":{"@id":"https:\/\/canal7slp.tv\/2025\/#organization"},"potentialAction":[{"@type":"SearchAction","target":{"@type":"EntryPoint","urlTemplate":"https:\/\/canal7slp.tv\/2025\/?s={search_term_string}"},"query-input":{"@type":"PropertyValueSpecification","valueRequired":true,"valueName":"search_term_string"}}],"inLanguage":"es"},{"@type":"Organization","@id":"https:\/\/canal7slp.tv\/2025\/#organization","name":"Noticieros Canal 7","url":"https:\/\/canal7slp.tv\/2025\/","logo":{"@type":"ImageObject","inLanguage":"es","@id":"https:\/\/canal7slp.tv\/2025\/#\/schema\/logo\/image\/","url":"https:\/\/canal7slp.tv\/2025\/wp-content\/uploads\/2021\/01\/logo-noticieros@2x.png","contentUrl":"https:\/\/canal7slp.tv\/2025\/wp-content\/uploads\/2021\/01\/logo-noticieros@2x.png","width":1017,"height":268,"caption":"Noticieros Canal 7"},"image":{"@id":"https:\/\/canal7slp.tv\/2025\/#\/schema\/logo\/image\/"},"sameAs":["https:\/\/www.facebook.com\/noticieroscanal7atencionciudadana\/","https:\/\/x.com\/NOTICIEROS7","https:\/\/www.instagram.com\/canal7_slp","https:\/\/www.youtube.com\/channel\/UCliiYs-gP3JfJeqdPrNdd5A"]},{"@type":"Person","@id":"https:\/\/canal7slp.tv\/2025\/#\/schema\/person\/271e2b60a96e7cc9d9ac296f4d7e414b","name":"Edici\u00f3n Web","image":{"@type":"ImageObject","inLanguage":"es","@id":"https:\/\/secure.gravatar.com\/avatar\/eee448fc3f7164808013b816ba91ac7e43bbe82a70bebac296f8bc6f0addaa1a?s=96&d=mm&r=g","url":"https:\/\/secure.gravatar.com\/avatar\/eee448fc3f7164808013b816ba91ac7e43bbe82a70bebac296f8bc6f0addaa1a?s=96&d=mm&r=g","contentUrl":"https:\/\/secure.gravatar.com\/avatar\/eee448fc3f7164808013b816ba91ac7e43bbe82a70bebac296f8bc6f0addaa1a?s=96&d=mm&r=g","caption":"Edici\u00f3n Web"},"url":"https:\/\/canal7slp.tv\/2025\/author\/edicionweb\/"}]}},"_links":{"self":[{"href":"https:\/\/canal7slp.tv\/2025\/wp-json\/wp\/v2\/posts\/182425","targetHints":{"allow":["GET"]}}],"collection":[{"href":"https:\/\/canal7slp.tv\/2025\/wp-json\/wp\/v2\/posts"}],"about":[{"href":"https:\/\/canal7slp.tv\/2025\/wp-json\/wp\/v2\/types\/post"}],"author":[{"embeddable":true,"href":"https:\/\/canal7slp.tv\/2025\/wp-json\/wp\/v2\/users\/2"}],"replies":[{"embeddable":true,"href":"https:\/\/canal7slp.tv\/2025\/wp-json\/wp\/v2\/comments?post=182425"}],"version-history":[{"count":1,"href":"https:\/\/canal7slp.tv\/2025\/wp-json\/wp\/v2\/posts\/182425\/revisions"}],"predecessor-version":[{"id":182427,"href":"https:\/\/canal7slp.tv\/2025\/wp-json\/wp\/v2\/posts\/182425\/revisions\/182427"}],"wp:featuredmedia":[{"embeddable":true,"href":"https:\/\/canal7slp.tv\/2025\/wp-json\/wp\/v2\/media\/182426"}],"wp:attachment":[{"href":"https:\/\/canal7slp.tv\/2025\/wp-json\/wp\/v2\/media?parent=182425"}],"wp:term":[{"taxonomy":"category","embeddable":true,"href":"https:\/\/canal7slp.tv\/2025\/wp-json\/wp\/v2\/categories?post=182425"},{"taxonomy":"post_tag","embeddable":true,"href":"https:\/\/canal7slp.tv\/2025\/wp-json\/wp\/v2\/tags?post=182425"}],"curies":[{"name":"wp","href":"https:\/\/api.w.org\/{rel}","templated":true}]}}