{"id":182181,"date":"2025-10-17T12:15:15","date_gmt":"2025-10-17T18:15:15","guid":{"rendered":"https:\/\/canal7slp.tv\/2025\/?p=182181"},"modified":"2025-10-17T12:15:15","modified_gmt":"2025-10-17T18:15:15","slug":"se-suma-sector-transportista-para-llevar-viveres-a-damnificados-por-intensa-lluvia-en-la-huasteca","status":"publish","type":"post","link":"https:\/\/canal7slp.tv\/2025\/se-suma-sector-transportista-para-llevar-viveres-a-damnificados-por-intensa-lluvia-en-la-huasteca\/","title":{"rendered":"Se suma sector transportista para llevar v\u00edveres a damnificados por intensa lluvia en la Huasteca"},"content":{"rendered":"<p style=\"text-align: justify;\"><span style=\"font-size: 1.21429rem;\">SLP.- A partir de este jueves 16 de Octubre y en un horario de 9 de la ma\u00f1ana a las seis de la tarde la Alianza Mexicana de Organizaciones de Transportistas, instalar\u00e1 un centro de acopio en la explanada del Templo de San Miguelito, para ayudar a los damnificados por las lluvias en la Huasteca Potosina.<\/span><\/p>\n<p style=\"text-align: justify;\">Su presidente local Ra\u00fal Torres Mendoza se\u00f1al\u00f3 que en algunos municipios no est\u00e1 llegando la ayuda que se requiere.<\/p>\n<p style=\"text-align: justify;\">Esta ayuda se estar\u00e1 dando con el apoyo de una asociaci\u00f3n civil con causa para llevar productos no perecederos, de higiene personal e insumos para primeros auxilios.<\/p>\n<p style=\"text-align: justify;\">Los transportistas se\u00f1alaron que en los municipios de Tanqui\u00e1n, Axtla de Terrazas, San Vicente Tancuayalab y \u00c9bano es donde se han resentido m\u00e1s los efectos de las lluvias, al decir su dirigente local que habr\u00e1 m\u00e1s unidades disponibles para el traslado de insumos y despensas si as\u00ed se requiere.<\/p>\n<p>Por: Claudio Ibarra<\/p>\n","protected":false},"excerpt":{"rendered":"<p>SLP.- A partir de este jueves 16 de Octubre y en un horario de 9 de la ma\u00f1ana a las seis de la tarde la Alianza Mexicana de Organizaciones de Transportistas, instalar\u00e1 un centro de acopio en la explanada del Templo de San Miguelito, para ayudar a los damnificados por las lluvias en la Huasteca Potosina. Su presidente local Ra\u00fal Torres Mendoza se\u00f1al\u00f3 que en algunos municipios no est\u00e1 llegando la ayuda que se requiere. Esta ayuda se estar\u00e1 dando con el apoyo de una asociaci\u00f3n civil con causa para llevar productos no perecederos, de higiene personal e insumos para [&hellip;]<\/p>\n","protected":false},"author":2,"featured_media":182204,"comment_status":"closed","ping_status":"closed","sticky":false,"template":"","format":"video","meta":{"_monsterinsights_skip_tracking":false,"_monsterinsights_sitenote_active":false,"_monsterinsights_sitenote_note":"","_monsterinsights_sitenote_category":0,"footnotes":""},"categories":[5,45],"tags":[],"class_list":["post-182181","post","type-post","status-publish","format-video","has-post-thumbnail","hentry","category-destacadas","category-localesyregionales","post_format-post-format-video","post--single"],"yoast_head":"<!-- This site is optimized with the Yoast SEO plugin v27.4 - https:\/\/yoast.com\/product\/yoast-seo-wordpress\/ -->\n<title>Se suma sector transportista para llevar v\u00edveres a damnificados por intensa lluvia en la Huasteca - Canal 7 SLP - 2025<\/title>\n<meta name=\"robots\" content=\"index, follow, max-snippet:-1, max-image-preview:large, max-video-preview:-1\" \/>\n<link rel=\"canonical\" href=\"https:\/\/canal7slp.tv\/2025\/se-suma-sector-transportista-para-llevar-viveres-a-damnificados-por-intensa-lluvia-en-la-huasteca\/\" \/>\n<meta property=\"og:locale\" content=\"es_ES\" \/>\n<meta property=\"og:type\" content=\"article\" \/>\n<meta property=\"og:title\" content=\"Se suma sector transportista para llevar v\u00edveres a damnificados por intensa lluvia en la Huasteca - Canal 7 SLP - 2025\" \/>\n<meta property=\"og:description\" content=\"SLP.- A partir de este jueves 16 de Octubre y en un horario de 9 de la ma\u00f1ana a las seis de la tarde la Alianza Mexicana de Organizaciones de Transportistas, instalar\u00e1 un centro de acopio en la explanada del Templo de San Miguelito, para ayudar a los damnificados por las lluvias en la Huasteca Potosina. Su presidente local Ra\u00fal Torres Mendoza se\u00f1al\u00f3 que en algunos municipios no est\u00e1 llegando la ayuda que se requiere. Esta ayuda se estar\u00e1 dando con el apoyo de una asociaci\u00f3n civil con causa para llevar productos no perecederos, de higiene personal e insumos para [&hellip;]\" \/>\n<meta property=\"og:url\" content=\"https:\/\/canal7slp.tv\/2025\/se-suma-sector-transportista-para-llevar-viveres-a-damnificados-por-intensa-lluvia-en-la-huasteca\/\" \/>\n<meta property=\"og:site_name\" content=\"Canal 7 SLP - 2025\" \/>\n<meta property=\"article:publisher\" content=\"https:\/\/www.facebook.com\/noticieroscanal7atencionciudadana\/\" \/>\n<meta property=\"article:published_time\" content=\"2025-10-17T18:15:15+00:00\" \/>\n<meta property=\"og:image\" content=\"https:\/\/canal7slp.tv\/2025\/wp-content\/uploads\/2025\/10\/Claudio0AMOTAC.jpg\" \/>\n\t<meta property=\"og:image:width\" content=\"1280\" \/>\n\t<meta property=\"og:image:height\" content=\"720\" \/>\n\t<meta property=\"og:image:type\" content=\"image\/jpeg\" \/>\n<meta name=\"author\" content=\"Edici\u00f3n Web\" \/>\n<meta name=\"twitter:card\" content=\"summary_large_image\" \/>\n<meta name=\"twitter:creator\" content=\"@NOTICIEROS7\" \/>\n<meta name=\"twitter:site\" content=\"@NOTICIEROS7\" \/>\n<meta name=\"twitter:label1\" content=\"Escrito por\" \/>\n\t<meta name=\"twitter:data1\" content=\"Edici\u00f3n Web\" \/>\n\t<meta name=\"twitter:label2\" content=\"Tiempo de lectura\" \/>\n\t<meta name=\"twitter:data2\" content=\"1 minuto\" \/>\n<script type=\"application\/ld+json\" class=\"yoast-schema-graph\">{\"@context\":\"https:\\\/\\\/schema.org\",\"@graph\":[{\"@type\":\"Article\",\"@id\":\"https:\\\/\\\/canal7slp.tv\\\/2025\\\/se-suma-sector-transportista-para-llevar-viveres-a-damnificados-por-intensa-lluvia-en-la-huasteca\\\/#article\",\"isPartOf\":{\"@id\":\"https:\\\/\\\/canal7slp.tv\\\/2025\\\/se-suma-sector-transportista-para-llevar-viveres-a-damnificados-por-intensa-lluvia-en-la-huasteca\\\/\"},\"author\":{\"name\":\"Edici\u00f3n Web\",\"@id\":\"https:\\\/\\\/canal7slp.tv\\\/2025\\\/#\\\/schema\\\/person\\\/271e2b60a96e7cc9d9ac296f4d7e414b\"},\"headline\":\"Se suma sector transportista para llevar v\u00edveres a damnificados por intensa lluvia en la Huasteca\",\"datePublished\":\"2025-10-17T18:15:15+00:00\",\"mainEntityOfPage\":{\"@id\":\"https:\\\/\\\/canal7slp.tv\\\/2025\\\/se-suma-sector-transportista-para-llevar-viveres-a-damnificados-por-intensa-lluvia-en-la-huasteca\\\/\"},\"wordCount\":177,\"publisher\":{\"@id\":\"https:\\\/\\\/canal7slp.tv\\\/2025\\\/#organization\"},\"image\":{\"@id\":\"https:\\\/\\\/canal7slp.tv\\\/2025\\\/se-suma-sector-transportista-para-llevar-viveres-a-damnificados-por-intensa-lluvia-en-la-huasteca\\\/#primaryimage\"},\"thumbnailUrl\":\"https:\\\/\\\/canal7slp.tv\\\/2025\\\/wp-content\\\/uploads\\\/2025\\\/10\\\/Claudio0AMOTAC.jpg\",\"articleSection\":[\"DESTACADAS\",\"LOCALES Y REGIONALES\"],\"inLanguage\":\"es\"},{\"@type\":\"WebPage\",\"@id\":\"https:\\\/\\\/canal7slp.tv\\\/2025\\\/se-suma-sector-transportista-para-llevar-viveres-a-damnificados-por-intensa-lluvia-en-la-huasteca\\\/\",\"url\":\"https:\\\/\\\/canal7slp.tv\\\/2025\\\/se-suma-sector-transportista-para-llevar-viveres-a-damnificados-por-intensa-lluvia-en-la-huasteca\\\/\",\"name\":\"Se suma sector transportista para llevar v\u00edveres a damnificados por intensa lluvia en la Huasteca - Canal 7 SLP - 2025\",\"isPartOf\":{\"@id\":\"https:\\\/\\\/canal7slp.tv\\\/2025\\\/#website\"},\"primaryImageOfPage\":{\"@id\":\"https:\\\/\\\/canal7slp.tv\\\/2025\\\/se-suma-sector-transportista-para-llevar-viveres-a-damnificados-por-intensa-lluvia-en-la-huasteca\\\/#primaryimage\"},\"image\":{\"@id\":\"https:\\\/\\\/canal7slp.tv\\\/2025\\\/se-suma-sector-transportista-para-llevar-viveres-a-damnificados-por-intensa-lluvia-en-la-huasteca\\\/#primaryimage\"},\"thumbnailUrl\":\"https:\\\/\\\/canal7slp.tv\\\/2025\\\/wp-content\\\/uploads\\\/2025\\\/10\\\/Claudio0AMOTAC.jpg\",\"datePublished\":\"2025-10-17T18:15:15+00:00\",\"breadcrumb\":{\"@id\":\"https:\\\/\\\/canal7slp.tv\\\/2025\\\/se-suma-sector-transportista-para-llevar-viveres-a-damnificados-por-intensa-lluvia-en-la-huasteca\\\/#breadcrumb\"},\"inLanguage\":\"es\",\"potentialAction\":[{\"@type\":\"ReadAction\",\"target\":[\"https:\\\/\\\/canal7slp.tv\\\/2025\\\/se-suma-sector-transportista-para-llevar-viveres-a-damnificados-por-intensa-lluvia-en-la-huasteca\\\/\"]}]},{\"@type\":\"ImageObject\",\"inLanguage\":\"es\",\"@id\":\"https:\\\/\\\/canal7slp.tv\\\/2025\\\/se-suma-sector-transportista-para-llevar-viveres-a-damnificados-por-intensa-lluvia-en-la-huasteca\\\/#primaryimage\",\"url\":\"https:\\\/\\\/canal7slp.tv\\\/2025\\\/wp-content\\\/uploads\\\/2025\\\/10\\\/Claudio0AMOTAC.jpg\",\"contentUrl\":\"https:\\\/\\\/canal7slp.tv\\\/2025\\\/wp-content\\\/uploads\\\/2025\\\/10\\\/Claudio0AMOTAC.jpg\",\"width\":1280,\"height\":720},{\"@type\":\"BreadcrumbList\",\"@id\":\"https:\\\/\\\/canal7slp.tv\\\/2025\\\/se-suma-sector-transportista-para-llevar-viveres-a-damnificados-por-intensa-lluvia-en-la-huasteca\\\/#breadcrumb\",\"itemListElement\":[{\"@type\":\"ListItem\",\"position\":1,\"name\":\"Portada\",\"item\":\"https:\\\/\\\/canal7slp.tv\\\/2025\\\/\"},{\"@type\":\"ListItem\",\"position\":2,\"name\":\"Se suma sector transportista para llevar v\u00edveres a damnificados por intensa lluvia en la Huasteca\"}]},{\"@type\":\"WebSite\",\"@id\":\"https:\\\/\\\/canal7slp.tv\\\/2025\\\/#website\",\"url\":\"https:\\\/\\\/canal7slp.tv\\\/2025\\\/\",\"name\":\"N7 - Noticieros Canal 7\",\"description\":\"Somos el Medio\",\"publisher\":{\"@id\":\"https:\\\/\\\/canal7slp.tv\\\/2025\\\/#organization\"},\"potentialAction\":[{\"@type\":\"SearchAction\",\"target\":{\"@type\":\"EntryPoint\",\"urlTemplate\":\"https:\\\/\\\/canal7slp.tv\\\/2025\\\/?s={search_term_string}\"},\"query-input\":{\"@type\":\"PropertyValueSpecification\",\"valueRequired\":true,\"valueName\":\"search_term_string\"}}],\"inLanguage\":\"es\"},{\"@type\":\"Organization\",\"@id\":\"https:\\\/\\\/canal7slp.tv\\\/2025\\\/#organization\",\"name\":\"Noticieros Canal 7\",\"url\":\"https:\\\/\\\/canal7slp.tv\\\/2025\\\/\",\"logo\":{\"@type\":\"ImageObject\",\"inLanguage\":\"es\",\"@id\":\"https:\\\/\\\/canal7slp.tv\\\/2025\\\/#\\\/schema\\\/logo\\\/image\\\/\",\"url\":\"https:\\\/\\\/canal7slp.tv\\\/2025\\\/wp-content\\\/uploads\\\/2021\\\/01\\\/logo-noticieros@2x.png\",\"contentUrl\":\"https:\\\/\\\/canal7slp.tv\\\/2025\\\/wp-content\\\/uploads\\\/2021\\\/01\\\/logo-noticieros@2x.png\",\"width\":1017,\"height\":268,\"caption\":\"Noticieros Canal 7\"},\"image\":{\"@id\":\"https:\\\/\\\/canal7slp.tv\\\/2025\\\/#\\\/schema\\\/logo\\\/image\\\/\"},\"sameAs\":[\"https:\\\/\\\/www.facebook.com\\\/noticieroscanal7atencionciudadana\\\/\",\"https:\\\/\\\/x.com\\\/NOTICIEROS7\",\"https:\\\/\\\/www.instagram.com\\\/canal7_slp\",\"https:\\\/\\\/www.youtube.com\\\/channel\\\/UCliiYs-gP3JfJeqdPrNdd5A\"]},{\"@type\":\"Person\",\"@id\":\"https:\\\/\\\/canal7slp.tv\\\/2025\\\/#\\\/schema\\\/person\\\/271e2b60a96e7cc9d9ac296f4d7e414b\",\"name\":\"Edici\u00f3n Web\",\"image\":{\"@type\":\"ImageObject\",\"inLanguage\":\"es\",\"@id\":\"https:\\\/\\\/secure.gravatar.com\\\/avatar\\\/eee448fc3f7164808013b816ba91ac7e43bbe82a70bebac296f8bc6f0addaa1a?s=96&d=mm&r=g\",\"url\":\"https:\\\/\\\/secure.gravatar.com\\\/avatar\\\/eee448fc3f7164808013b816ba91ac7e43bbe82a70bebac296f8bc6f0addaa1a?s=96&d=mm&r=g\",\"contentUrl\":\"https:\\\/\\\/secure.gravatar.com\\\/avatar\\\/eee448fc3f7164808013b816ba91ac7e43bbe82a70bebac296f8bc6f0addaa1a?s=96&d=mm&r=g\",\"caption\":\"Edici\u00f3n Web\"},\"url\":\"https:\\\/\\\/canal7slp.tv\\\/2025\\\/author\\\/edicionweb\\\/\"}]}<\/script>\n<!-- \/ Yoast SEO plugin. -->","yoast_head_json":{"title":"Se suma sector transportista para llevar v\u00edveres a damnificados por intensa lluvia en la Huasteca - Canal 7 SLP - 2025","robots":{"index":"index","follow":"follow","max-snippet":"max-snippet:-1","max-image-preview":"max-image-preview:large","max-video-preview":"max-video-preview:-1"},"canonical":"https:\/\/canal7slp.tv\/2025\/se-suma-sector-transportista-para-llevar-viveres-a-damnificados-por-intensa-lluvia-en-la-huasteca\/","og_locale":"es_ES","og_type":"article","og_title":"Se suma sector transportista para llevar v\u00edveres a damnificados por intensa lluvia en la Huasteca - Canal 7 SLP - 2025","og_description":"SLP.- A partir de este jueves 16 de Octubre y en un horario de 9 de la ma\u00f1ana a las seis de la tarde la Alianza Mexicana de Organizaciones de Transportistas, instalar\u00e1 un centro de acopio en la explanada del Templo de San Miguelito, para ayudar a los damnificados por las lluvias en la Huasteca Potosina. Su presidente local Ra\u00fal Torres Mendoza se\u00f1al\u00f3 que en algunos municipios no est\u00e1 llegando la ayuda que se requiere. Esta ayuda se estar\u00e1 dando con el apoyo de una asociaci\u00f3n civil con causa para llevar productos no perecederos, de higiene personal e insumos para [&hellip;]","og_url":"https:\/\/canal7slp.tv\/2025\/se-suma-sector-transportista-para-llevar-viveres-a-damnificados-por-intensa-lluvia-en-la-huasteca\/","og_site_name":"Canal 7 SLP - 2025","article_publisher":"https:\/\/www.facebook.com\/noticieroscanal7atencionciudadana\/","article_published_time":"2025-10-17T18:15:15+00:00","og_image":[{"width":1280,"height":720,"url":"https:\/\/canal7slp.tv\/2025\/wp-content\/uploads\/2025\/10\/Claudio0AMOTAC.jpg","type":"image\/jpeg"}],"author":"Edici\u00f3n Web","twitter_card":"summary_large_image","twitter_creator":"@NOTICIEROS7","twitter_site":"@NOTICIEROS7","twitter_misc":{"Escrito por":"Edici\u00f3n Web","Tiempo de lectura":"1 minuto"},"schema":{"@context":"https:\/\/schema.org","@graph":[{"@type":"Article","@id":"https:\/\/canal7slp.tv\/2025\/se-suma-sector-transportista-para-llevar-viveres-a-damnificados-por-intensa-lluvia-en-la-huasteca\/#article","isPartOf":{"@id":"https:\/\/canal7slp.tv\/2025\/se-suma-sector-transportista-para-llevar-viveres-a-damnificados-por-intensa-lluvia-en-la-huasteca\/"},"author":{"name":"Edici\u00f3n Web","@id":"https:\/\/canal7slp.tv\/2025\/#\/schema\/person\/271e2b60a96e7cc9d9ac296f4d7e414b"},"headline":"Se suma sector transportista para llevar v\u00edveres a damnificados por intensa lluvia en la Huasteca","datePublished":"2025-10-17T18:15:15+00:00","mainEntityOfPage":{"@id":"https:\/\/canal7slp.tv\/2025\/se-suma-sector-transportista-para-llevar-viveres-a-damnificados-por-intensa-lluvia-en-la-huasteca\/"},"wordCount":177,"publisher":{"@id":"https:\/\/canal7slp.tv\/2025\/#organization"},"image":{"@id":"https:\/\/canal7slp.tv\/2025\/se-suma-sector-transportista-para-llevar-viveres-a-damnificados-por-intensa-lluvia-en-la-huasteca\/#primaryimage"},"thumbnailUrl":"https:\/\/canal7slp.tv\/2025\/wp-content\/uploads\/2025\/10\/Claudio0AMOTAC.jpg","articleSection":["DESTACADAS","LOCALES Y REGIONALES"],"inLanguage":"es"},{"@type":"WebPage","@id":"https:\/\/canal7slp.tv\/2025\/se-suma-sector-transportista-para-llevar-viveres-a-damnificados-por-intensa-lluvia-en-la-huasteca\/","url":"https:\/\/canal7slp.tv\/2025\/se-suma-sector-transportista-para-llevar-viveres-a-damnificados-por-intensa-lluvia-en-la-huasteca\/","name":"Se suma sector transportista para llevar v\u00edveres a damnificados por intensa lluvia en la Huasteca - Canal 7 SLP - 2025","isPartOf":{"@id":"https:\/\/canal7slp.tv\/2025\/#website"},"primaryImageOfPage":{"@id":"https:\/\/canal7slp.tv\/2025\/se-suma-sector-transportista-para-llevar-viveres-a-damnificados-por-intensa-lluvia-en-la-huasteca\/#primaryimage"},"image":{"@id":"https:\/\/canal7slp.tv\/2025\/se-suma-sector-transportista-para-llevar-viveres-a-damnificados-por-intensa-lluvia-en-la-huasteca\/#primaryimage"},"thumbnailUrl":"https:\/\/canal7slp.tv\/2025\/wp-content\/uploads\/2025\/10\/Claudio0AMOTAC.jpg","datePublished":"2025-10-17T18:15:15+00:00","breadcrumb":{"@id":"https:\/\/canal7slp.tv\/2025\/se-suma-sector-transportista-para-llevar-viveres-a-damnificados-por-intensa-lluvia-en-la-huasteca\/#breadcrumb"},"inLanguage":"es","potentialAction":[{"@type":"ReadAction","target":["https:\/\/canal7slp.tv\/2025\/se-suma-sector-transportista-para-llevar-viveres-a-damnificados-por-intensa-lluvia-en-la-huasteca\/"]}]},{"@type":"ImageObject","inLanguage":"es","@id":"https:\/\/canal7slp.tv\/2025\/se-suma-sector-transportista-para-llevar-viveres-a-damnificados-por-intensa-lluvia-en-la-huasteca\/#primaryimage","url":"https:\/\/canal7slp.tv\/2025\/wp-content\/uploads\/2025\/10\/Claudio0AMOTAC.jpg","contentUrl":"https:\/\/canal7slp.tv\/2025\/wp-content\/uploads\/2025\/10\/Claudio0AMOTAC.jpg","width":1280,"height":720},{"@type":"BreadcrumbList","@id":"https:\/\/canal7slp.tv\/2025\/se-suma-sector-transportista-para-llevar-viveres-a-damnificados-por-intensa-lluvia-en-la-huasteca\/#breadcrumb","itemListElement":[{"@type":"ListItem","position":1,"name":"Portada","item":"https:\/\/canal7slp.tv\/2025\/"},{"@type":"ListItem","position":2,"name":"Se suma sector transportista para llevar v\u00edveres a damnificados por intensa lluvia en la Huasteca"}]},{"@type":"WebSite","@id":"https:\/\/canal7slp.tv\/2025\/#website","url":"https:\/\/canal7slp.tv\/2025\/","name":"N7 - Noticieros Canal 7","description":"Somos el Medio","publisher":{"@id":"https:\/\/canal7slp.tv\/2025\/#organization"},"potentialAction":[{"@type":"SearchAction","target":{"@type":"EntryPoint","urlTemplate":"https:\/\/canal7slp.tv\/2025\/?s={search_term_string}"},"query-input":{"@type":"PropertyValueSpecification","valueRequired":true,"valueName":"search_term_string"}}],"inLanguage":"es"},{"@type":"Organization","@id":"https:\/\/canal7slp.tv\/2025\/#organization","name":"Noticieros Canal 7","url":"https:\/\/canal7slp.tv\/2025\/","logo":{"@type":"ImageObject","inLanguage":"es","@id":"https:\/\/canal7slp.tv\/2025\/#\/schema\/logo\/image\/","url":"https:\/\/canal7slp.tv\/2025\/wp-content\/uploads\/2021\/01\/logo-noticieros@2x.png","contentUrl":"https:\/\/canal7slp.tv\/2025\/wp-content\/uploads\/2021\/01\/logo-noticieros@2x.png","width":1017,"height":268,"caption":"Noticieros Canal 7"},"image":{"@id":"https:\/\/canal7slp.tv\/2025\/#\/schema\/logo\/image\/"},"sameAs":["https:\/\/www.facebook.com\/noticieroscanal7atencionciudadana\/","https:\/\/x.com\/NOTICIEROS7","https:\/\/www.instagram.com\/canal7_slp","https:\/\/www.youtube.com\/channel\/UCliiYs-gP3JfJeqdPrNdd5A"]},{"@type":"Person","@id":"https:\/\/canal7slp.tv\/2025\/#\/schema\/person\/271e2b60a96e7cc9d9ac296f4d7e414b","name":"Edici\u00f3n Web","image":{"@type":"ImageObject","inLanguage":"es","@id":"https:\/\/secure.gravatar.com\/avatar\/eee448fc3f7164808013b816ba91ac7e43bbe82a70bebac296f8bc6f0addaa1a?s=96&d=mm&r=g","url":"https:\/\/secure.gravatar.com\/avatar\/eee448fc3f7164808013b816ba91ac7e43bbe82a70bebac296f8bc6f0addaa1a?s=96&d=mm&r=g","contentUrl":"https:\/\/secure.gravatar.com\/avatar\/eee448fc3f7164808013b816ba91ac7e43bbe82a70bebac296f8bc6f0addaa1a?s=96&d=mm&r=g","caption":"Edici\u00f3n Web"},"url":"https:\/\/canal7slp.tv\/2025\/author\/edicionweb\/"}]}},"_links":{"self":[{"href":"https:\/\/canal7slp.tv\/2025\/wp-json\/wp\/v2\/posts\/182181","targetHints":{"allow":["GET"]}}],"collection":[{"href":"https:\/\/canal7slp.tv\/2025\/wp-json\/wp\/v2\/posts"}],"about":[{"href":"https:\/\/canal7slp.tv\/2025\/wp-json\/wp\/v2\/types\/post"}],"author":[{"embeddable":true,"href":"https:\/\/canal7slp.tv\/2025\/wp-json\/wp\/v2\/users\/2"}],"replies":[{"embeddable":true,"href":"https:\/\/canal7slp.tv\/2025\/wp-json\/wp\/v2\/comments?post=182181"}],"version-history":[{"count":2,"href":"https:\/\/canal7slp.tv\/2025\/wp-json\/wp\/v2\/posts\/182181\/revisions"}],"predecessor-version":[{"id":182360,"href":"https:\/\/canal7slp.tv\/2025\/wp-json\/wp\/v2\/posts\/182181\/revisions\/182360"}],"wp:featuredmedia":[{"embeddable":true,"href":"https:\/\/canal7slp.tv\/2025\/wp-json\/wp\/v2\/media\/182204"}],"wp:attachment":[{"href":"https:\/\/canal7slp.tv\/2025\/wp-json\/wp\/v2\/media?parent=182181"}],"wp:term":[{"taxonomy":"category","embeddable":true,"href":"https:\/\/canal7slp.tv\/2025\/wp-json\/wp\/v2\/categories?post=182181"},{"taxonomy":"post_tag","embeddable":true,"href":"https:\/\/canal7slp.tv\/2025\/wp-json\/wp\/v2\/tags?post=182181"}],"curies":[{"name":"wp","href":"https:\/\/api.w.org\/{rel}","templated":true}]}}