{"id":182058,"date":"2025-10-17T12:01:33","date_gmt":"2025-10-17T18:01:33","guid":{"rendered":"https:\/\/canal7slp.tv\/2025\/?p=182058"},"modified":"2025-10-17T12:01:33","modified_gmt":"2025-10-17T18:01:33","slug":"vigente-en-slp-campana-de-vacunacion-contra-virus-del-papiloma-humano","status":"publish","type":"post","link":"https:\/\/canal7slp.tv\/2025\/vigente-en-slp-campana-de-vacunacion-contra-virus-del-papiloma-humano\/","title":{"rendered":"Vigente en SLP, campa\u00f1a de vacunaci\u00f3n contra Virus del Papiloma Humano"},"content":{"rendered":"<ul>\n<li>M\u00e1s de 50 mil dosis est\u00e1n previstas a aplicarse en la entidad.<\/li>\n<\/ul>\n<p style=\"text-align: justify;\">SLP.- Los Servicios de Salud de San Luis Potos\u00ed a trav\u00e9s de la campa\u00f1a de vacunaci\u00f3n contra el Virus del Papiloma Humano (VPH), buscan aplicar m\u00e1s 50 mil dosis en todo el estado.<\/p>\n<p style=\"text-align: justify;\">La jornada inici\u00f3 el pasado mes de septiembre y se mantendr\u00e1 vigente hasta diciembre, con participaci\u00f3n de los diferentes servicios de salud p\u00fablicos<\/p>\n<p style=\"text-align: justify;\">\u201cIniciamos con esta campa\u00f1a de vacunaci\u00f3n contra el virus del papiloma humano que es la campa\u00f1a de VPH, iniciamos el d\u00eda 17 de septiembre y terminamos el 19 de diciembre\u201d, detall\u00f3 la jefa del Departamento de Vacunolog\u00eda de los Servicios de Salud, Esmeralda Vanegas.<\/p>\n<p style=\"text-align: justify;\">Continu\u00f3: \u201cEs para todas las ni\u00f1as y ni\u00f1os de quinto grado de primaria y de 11 a\u00f1os no escolarizados; es muy importante ahorita que estamos acudiendo las escuelas llevar la Cartilla Nacional de Salud donde registramos la dosis de vacuna de VPH\u201d.<\/p>\n<p style=\"text-align: justify;\">Record\u00f3 que tambi\u00e9n se requiere la entrega del consentimiento informado por parte de los padres de familia para realizar la aplicaci\u00f3n, y destac\u00f3 la respuesta ante esta campa\u00f1a.<\/p>\n<p style=\"text-align: justify;\">\u201cF\u00edjate que es muy buena la respuesta, la mayor\u00eda de los padres est\u00e1n interesados con esa vacunaci\u00f3n, sobre todo porque tenemos una vacuna que protege contra nueve serotipos de VPH y es una vacuna muy buena.\u201d<\/p>\n<p style=\"text-align: justify;\">Vanegas detall\u00f3 que las brigadas estatales est\u00e1n recorriendo escuelas de todo el territorio potosino, con la intenci\u00f3n de alcanzar la cobertura total de la poblaci\u00f3n objetivo.<\/p>\n<p style=\"text-align: justify;\">\u201cAhorita estamos acudiendo justo a todas estas escuelas, que es nuestra mayor estrategia que tenemos en todo el pa\u00eds donde tenemos el mayor n\u00famero concentrado de ni\u00f1os y ni\u00f1as de quinto grado de primaria y ha sido muy buena la respuesta de los padres de familia\u00bb, insisti\u00f3.<\/p>\n<p style=\"text-align: justify;\">Por: Jos\u00e9 Luis V\u00e1zquez<\/p>\n","protected":false},"excerpt":{"rendered":"<p>M\u00e1s de 50 mil dosis est\u00e1n previstas a aplicarse en la entidad. SLP.- Los Servicios de Salud de San Luis Potos\u00ed a trav\u00e9s de la campa\u00f1a de vacunaci\u00f3n contra el Virus del Papiloma Humano (VPH), buscan aplicar m\u00e1s 50 mil dosis en todo el estado. La jornada inici\u00f3 el pasado mes de septiembre y se mantendr\u00e1 vigente hasta diciembre, con participaci\u00f3n de los diferentes servicios de salud p\u00fablicos \u201cIniciamos con esta campa\u00f1a de vacunaci\u00f3n contra el virus del papiloma humano que es la campa\u00f1a de VPH, iniciamos el d\u00eda 17 de septiembre y terminamos el 19 de diciembre\u201d, detall\u00f3 la [&hellip;]<\/p>\n","protected":false},"author":2,"featured_media":182062,"comment_status":"closed","ping_status":"closed","sticky":false,"template":"","format":"video","meta":{"_monsterinsights_skip_tracking":false,"_monsterinsights_sitenote_active":false,"_monsterinsights_sitenote_note":"","_monsterinsights_sitenote_category":0,"footnotes":""},"categories":[5,510,45],"tags":[],"class_list":["post-182058","post","type-post","status-publish","format-video","has-post-thumbnail","hentry","category-destacadas","category-gobedoslp","category-localesyregionales","post_format-post-format-video","post--single"],"yoast_head":"<!-- This site is optimized with the Yoast SEO plugin v27.5 - https:\/\/yoast.com\/product\/yoast-seo-wordpress\/ -->\n<title>Vigente en SLP, campa\u00f1a de vacunaci\u00f3n contra Virus del Papiloma Humano - Canal 7 SLP - 2025<\/title>\n<meta name=\"robots\" content=\"index, follow, max-snippet:-1, max-image-preview:large, max-video-preview:-1\" \/>\n<link rel=\"canonical\" href=\"https:\/\/canal7slp.tv\/2025\/vigente-en-slp-campana-de-vacunacion-contra-virus-del-papiloma-humano\/\" \/>\n<meta property=\"og:locale\" content=\"es_ES\" \/>\n<meta property=\"og:type\" content=\"article\" \/>\n<meta property=\"og:title\" content=\"Vigente en SLP, campa\u00f1a de vacunaci\u00f3n contra Virus del Papiloma Humano - Canal 7 SLP - 2025\" \/>\n<meta property=\"og:description\" content=\"M\u00e1s de 50 mil dosis est\u00e1n previstas a aplicarse en la entidad. SLP.- Los Servicios de Salud de San Luis Potos\u00ed a trav\u00e9s de la campa\u00f1a de vacunaci\u00f3n contra el Virus del Papiloma Humano (VPH), buscan aplicar m\u00e1s 50 mil dosis en todo el estado. La jornada inici\u00f3 el pasado mes de septiembre y se mantendr\u00e1 vigente hasta diciembre, con participaci\u00f3n de los diferentes servicios de salud p\u00fablicos \u201cIniciamos con esta campa\u00f1a de vacunaci\u00f3n contra el virus del papiloma humano que es la campa\u00f1a de VPH, iniciamos el d\u00eda 17 de septiembre y terminamos el 19 de diciembre\u201d, detall\u00f3 la [&hellip;]\" \/>\n<meta property=\"og:url\" content=\"https:\/\/canal7slp.tv\/2025\/vigente-en-slp-campana-de-vacunacion-contra-virus-del-papiloma-humano\/\" \/>\n<meta property=\"og:site_name\" content=\"Canal 7 SLP - 2025\" \/>\n<meta property=\"article:publisher\" content=\"https:\/\/www.facebook.com\/noticieroscanal7atencionciudadana\/\" \/>\n<meta property=\"article:published_time\" content=\"2025-10-17T18:01:33+00:00\" \/>\n<meta property=\"og:image\" content=\"https:\/\/canal7slp.tv\/2025\/wp-content\/uploads\/2025\/10\/Vazquez0VacunaVPH.jpg\" \/>\n\t<meta property=\"og:image:width\" content=\"1280\" \/>\n\t<meta property=\"og:image:height\" content=\"720\" \/>\n\t<meta property=\"og:image:type\" content=\"image\/jpeg\" \/>\n<meta name=\"author\" content=\"Edici\u00f3n Web\" \/>\n<meta name=\"twitter:card\" content=\"summary_large_image\" \/>\n<meta name=\"twitter:creator\" content=\"@NOTICIEROS7\" \/>\n<meta name=\"twitter:site\" content=\"@NOTICIEROS7\" \/>\n<meta name=\"twitter:label1\" content=\"Escrito por\" \/>\n\t<meta name=\"twitter:data1\" content=\"Edici\u00f3n Web\" \/>\n\t<meta name=\"twitter:label2\" content=\"Tiempo de lectura\" \/>\n\t<meta name=\"twitter:data2\" content=\"2 minutos\" \/>\n<script type=\"application\/ld+json\" class=\"yoast-schema-graph\">{\"@context\":\"https:\\\/\\\/schema.org\",\"@graph\":[{\"@type\":\"Article\",\"@id\":\"https:\\\/\\\/canal7slp.tv\\\/2025\\\/vigente-en-slp-campana-de-vacunacion-contra-virus-del-papiloma-humano\\\/#article\",\"isPartOf\":{\"@id\":\"https:\\\/\\\/canal7slp.tv\\\/2025\\\/vigente-en-slp-campana-de-vacunacion-contra-virus-del-papiloma-humano\\\/\"},\"author\":{\"name\":\"Edici\u00f3n Web\",\"@id\":\"https:\\\/\\\/canal7slp.tv\\\/2025\\\/#\\\/schema\\\/person\\\/271e2b60a96e7cc9d9ac296f4d7e414b\"},\"headline\":\"Vigente en SLP, campa\u00f1a de vacunaci\u00f3n contra Virus del Papiloma Humano\",\"datePublished\":\"2025-10-17T18:01:33+00:00\",\"mainEntityOfPage\":{\"@id\":\"https:\\\/\\\/canal7slp.tv\\\/2025\\\/vigente-en-slp-campana-de-vacunacion-contra-virus-del-papiloma-humano\\\/\"},\"wordCount\":335,\"publisher\":{\"@id\":\"https:\\\/\\\/canal7slp.tv\\\/2025\\\/#organization\"},\"image\":{\"@id\":\"https:\\\/\\\/canal7slp.tv\\\/2025\\\/vigente-en-slp-campana-de-vacunacion-contra-virus-del-papiloma-humano\\\/#primaryimage\"},\"thumbnailUrl\":\"https:\\\/\\\/canal7slp.tv\\\/2025\\\/wp-content\\\/uploads\\\/2025\\\/10\\\/Vazquez0VacunaVPH.jpg\",\"articleSection\":[\"DESTACADAS\",\"GOBEDOSLP\",\"LOCALES Y REGIONALES\"],\"inLanguage\":\"es\"},{\"@type\":\"WebPage\",\"@id\":\"https:\\\/\\\/canal7slp.tv\\\/2025\\\/vigente-en-slp-campana-de-vacunacion-contra-virus-del-papiloma-humano\\\/\",\"url\":\"https:\\\/\\\/canal7slp.tv\\\/2025\\\/vigente-en-slp-campana-de-vacunacion-contra-virus-del-papiloma-humano\\\/\",\"name\":\"Vigente en SLP, campa\u00f1a de vacunaci\u00f3n contra Virus del Papiloma Humano - Canal 7 SLP - 2025\",\"isPartOf\":{\"@id\":\"https:\\\/\\\/canal7slp.tv\\\/2025\\\/#website\"},\"primaryImageOfPage\":{\"@id\":\"https:\\\/\\\/canal7slp.tv\\\/2025\\\/vigente-en-slp-campana-de-vacunacion-contra-virus-del-papiloma-humano\\\/#primaryimage\"},\"image\":{\"@id\":\"https:\\\/\\\/canal7slp.tv\\\/2025\\\/vigente-en-slp-campana-de-vacunacion-contra-virus-del-papiloma-humano\\\/#primaryimage\"},\"thumbnailUrl\":\"https:\\\/\\\/canal7slp.tv\\\/2025\\\/wp-content\\\/uploads\\\/2025\\\/10\\\/Vazquez0VacunaVPH.jpg\",\"datePublished\":\"2025-10-17T18:01:33+00:00\",\"breadcrumb\":{\"@id\":\"https:\\\/\\\/canal7slp.tv\\\/2025\\\/vigente-en-slp-campana-de-vacunacion-contra-virus-del-papiloma-humano\\\/#breadcrumb\"},\"inLanguage\":\"es\",\"potentialAction\":[{\"@type\":\"ReadAction\",\"target\":[\"https:\\\/\\\/canal7slp.tv\\\/2025\\\/vigente-en-slp-campana-de-vacunacion-contra-virus-del-papiloma-humano\\\/\"]}]},{\"@type\":\"ImageObject\",\"inLanguage\":\"es\",\"@id\":\"https:\\\/\\\/canal7slp.tv\\\/2025\\\/vigente-en-slp-campana-de-vacunacion-contra-virus-del-papiloma-humano\\\/#primaryimage\",\"url\":\"https:\\\/\\\/canal7slp.tv\\\/2025\\\/wp-content\\\/uploads\\\/2025\\\/10\\\/Vazquez0VacunaVPH.jpg\",\"contentUrl\":\"https:\\\/\\\/canal7slp.tv\\\/2025\\\/wp-content\\\/uploads\\\/2025\\\/10\\\/Vazquez0VacunaVPH.jpg\",\"width\":1280,\"height\":720},{\"@type\":\"BreadcrumbList\",\"@id\":\"https:\\\/\\\/canal7slp.tv\\\/2025\\\/vigente-en-slp-campana-de-vacunacion-contra-virus-del-papiloma-humano\\\/#breadcrumb\",\"itemListElement\":[{\"@type\":\"ListItem\",\"position\":1,\"name\":\"Portada\",\"item\":\"https:\\\/\\\/canal7slp.tv\\\/2025\\\/\"},{\"@type\":\"ListItem\",\"position\":2,\"name\":\"Vigente en SLP, campa\u00f1a de vacunaci\u00f3n contra Virus del Papiloma Humano\"}]},{\"@type\":\"WebSite\",\"@id\":\"https:\\\/\\\/canal7slp.tv\\\/2025\\\/#website\",\"url\":\"https:\\\/\\\/canal7slp.tv\\\/2025\\\/\",\"name\":\"N7 - Noticieros Canal 7\",\"description\":\"Somos el Medio\",\"publisher\":{\"@id\":\"https:\\\/\\\/canal7slp.tv\\\/2025\\\/#organization\"},\"potentialAction\":[{\"@type\":\"SearchAction\",\"target\":{\"@type\":\"EntryPoint\",\"urlTemplate\":\"https:\\\/\\\/canal7slp.tv\\\/2025\\\/?s={search_term_string}\"},\"query-input\":{\"@type\":\"PropertyValueSpecification\",\"valueRequired\":true,\"valueName\":\"search_term_string\"}}],\"inLanguage\":\"es\"},{\"@type\":\"Organization\",\"@id\":\"https:\\\/\\\/canal7slp.tv\\\/2025\\\/#organization\",\"name\":\"Noticieros Canal 7\",\"url\":\"https:\\\/\\\/canal7slp.tv\\\/2025\\\/\",\"logo\":{\"@type\":\"ImageObject\",\"inLanguage\":\"es\",\"@id\":\"https:\\\/\\\/canal7slp.tv\\\/2025\\\/#\\\/schema\\\/logo\\\/image\\\/\",\"url\":\"https:\\\/\\\/canal7slp.tv\\\/2025\\\/wp-content\\\/uploads\\\/2021\\\/01\\\/logo-noticieros@2x.png\",\"contentUrl\":\"https:\\\/\\\/canal7slp.tv\\\/2025\\\/wp-content\\\/uploads\\\/2021\\\/01\\\/logo-noticieros@2x.png\",\"width\":1017,\"height\":268,\"caption\":\"Noticieros Canal 7\"},\"image\":{\"@id\":\"https:\\\/\\\/canal7slp.tv\\\/2025\\\/#\\\/schema\\\/logo\\\/image\\\/\"},\"sameAs\":[\"https:\\\/\\\/www.facebook.com\\\/noticieroscanal7atencionciudadana\\\/\",\"https:\\\/\\\/x.com\\\/NOTICIEROS7\",\"https:\\\/\\\/www.instagram.com\\\/canal7_slp\",\"https:\\\/\\\/www.youtube.com\\\/channel\\\/UCliiYs-gP3JfJeqdPrNdd5A\"]},{\"@type\":\"Person\",\"@id\":\"https:\\\/\\\/canal7slp.tv\\\/2025\\\/#\\\/schema\\\/person\\\/271e2b60a96e7cc9d9ac296f4d7e414b\",\"name\":\"Edici\u00f3n Web\",\"image\":{\"@type\":\"ImageObject\",\"inLanguage\":\"es\",\"@id\":\"https:\\\/\\\/secure.gravatar.com\\\/avatar\\\/eee448fc3f7164808013b816ba91ac7e43bbe82a70bebac296f8bc6f0addaa1a?s=96&d=mm&r=g\",\"url\":\"https:\\\/\\\/secure.gravatar.com\\\/avatar\\\/eee448fc3f7164808013b816ba91ac7e43bbe82a70bebac296f8bc6f0addaa1a?s=96&d=mm&r=g\",\"contentUrl\":\"https:\\\/\\\/secure.gravatar.com\\\/avatar\\\/eee448fc3f7164808013b816ba91ac7e43bbe82a70bebac296f8bc6f0addaa1a?s=96&d=mm&r=g\",\"caption\":\"Edici\u00f3n Web\"},\"url\":\"https:\\\/\\\/canal7slp.tv\\\/2025\\\/author\\\/edicionweb\\\/\"}]}<\/script>\n<!-- \/ Yoast SEO plugin. -->","yoast_head_json":{"title":"Vigente en SLP, campa\u00f1a de vacunaci\u00f3n contra Virus del Papiloma Humano - Canal 7 SLP - 2025","robots":{"index":"index","follow":"follow","max-snippet":"max-snippet:-1","max-image-preview":"max-image-preview:large","max-video-preview":"max-video-preview:-1"},"canonical":"https:\/\/canal7slp.tv\/2025\/vigente-en-slp-campana-de-vacunacion-contra-virus-del-papiloma-humano\/","og_locale":"es_ES","og_type":"article","og_title":"Vigente en SLP, campa\u00f1a de vacunaci\u00f3n contra Virus del Papiloma Humano - Canal 7 SLP - 2025","og_description":"M\u00e1s de 50 mil dosis est\u00e1n previstas a aplicarse en la entidad. SLP.- Los Servicios de Salud de San Luis Potos\u00ed a trav\u00e9s de la campa\u00f1a de vacunaci\u00f3n contra el Virus del Papiloma Humano (VPH), buscan aplicar m\u00e1s 50 mil dosis en todo el estado. La jornada inici\u00f3 el pasado mes de septiembre y se mantendr\u00e1 vigente hasta diciembre, con participaci\u00f3n de los diferentes servicios de salud p\u00fablicos \u201cIniciamos con esta campa\u00f1a de vacunaci\u00f3n contra el virus del papiloma humano que es la campa\u00f1a de VPH, iniciamos el d\u00eda 17 de septiembre y terminamos el 19 de diciembre\u201d, detall\u00f3 la [&hellip;]","og_url":"https:\/\/canal7slp.tv\/2025\/vigente-en-slp-campana-de-vacunacion-contra-virus-del-papiloma-humano\/","og_site_name":"Canal 7 SLP - 2025","article_publisher":"https:\/\/www.facebook.com\/noticieroscanal7atencionciudadana\/","article_published_time":"2025-10-17T18:01:33+00:00","og_image":[{"width":1280,"height":720,"url":"https:\/\/canal7slp.tv\/2025\/wp-content\/uploads\/2025\/10\/Vazquez0VacunaVPH.jpg","type":"image\/jpeg"}],"author":"Edici\u00f3n Web","twitter_card":"summary_large_image","twitter_creator":"@NOTICIEROS7","twitter_site":"@NOTICIEROS7","twitter_misc":{"Escrito por":"Edici\u00f3n Web","Tiempo de lectura":"2 minutos"},"schema":{"@context":"https:\/\/schema.org","@graph":[{"@type":"Article","@id":"https:\/\/canal7slp.tv\/2025\/vigente-en-slp-campana-de-vacunacion-contra-virus-del-papiloma-humano\/#article","isPartOf":{"@id":"https:\/\/canal7slp.tv\/2025\/vigente-en-slp-campana-de-vacunacion-contra-virus-del-papiloma-humano\/"},"author":{"name":"Edici\u00f3n Web","@id":"https:\/\/canal7slp.tv\/2025\/#\/schema\/person\/271e2b60a96e7cc9d9ac296f4d7e414b"},"headline":"Vigente en SLP, campa\u00f1a de vacunaci\u00f3n contra Virus del Papiloma Humano","datePublished":"2025-10-17T18:01:33+00:00","mainEntityOfPage":{"@id":"https:\/\/canal7slp.tv\/2025\/vigente-en-slp-campana-de-vacunacion-contra-virus-del-papiloma-humano\/"},"wordCount":335,"publisher":{"@id":"https:\/\/canal7slp.tv\/2025\/#organization"},"image":{"@id":"https:\/\/canal7slp.tv\/2025\/vigente-en-slp-campana-de-vacunacion-contra-virus-del-papiloma-humano\/#primaryimage"},"thumbnailUrl":"https:\/\/canal7slp.tv\/2025\/wp-content\/uploads\/2025\/10\/Vazquez0VacunaVPH.jpg","articleSection":["DESTACADAS","GOBEDOSLP","LOCALES Y REGIONALES"],"inLanguage":"es"},{"@type":"WebPage","@id":"https:\/\/canal7slp.tv\/2025\/vigente-en-slp-campana-de-vacunacion-contra-virus-del-papiloma-humano\/","url":"https:\/\/canal7slp.tv\/2025\/vigente-en-slp-campana-de-vacunacion-contra-virus-del-papiloma-humano\/","name":"Vigente en SLP, campa\u00f1a de vacunaci\u00f3n contra Virus del Papiloma Humano - Canal 7 SLP - 2025","isPartOf":{"@id":"https:\/\/canal7slp.tv\/2025\/#website"},"primaryImageOfPage":{"@id":"https:\/\/canal7slp.tv\/2025\/vigente-en-slp-campana-de-vacunacion-contra-virus-del-papiloma-humano\/#primaryimage"},"image":{"@id":"https:\/\/canal7slp.tv\/2025\/vigente-en-slp-campana-de-vacunacion-contra-virus-del-papiloma-humano\/#primaryimage"},"thumbnailUrl":"https:\/\/canal7slp.tv\/2025\/wp-content\/uploads\/2025\/10\/Vazquez0VacunaVPH.jpg","datePublished":"2025-10-17T18:01:33+00:00","breadcrumb":{"@id":"https:\/\/canal7slp.tv\/2025\/vigente-en-slp-campana-de-vacunacion-contra-virus-del-papiloma-humano\/#breadcrumb"},"inLanguage":"es","potentialAction":[{"@type":"ReadAction","target":["https:\/\/canal7slp.tv\/2025\/vigente-en-slp-campana-de-vacunacion-contra-virus-del-papiloma-humano\/"]}]},{"@type":"ImageObject","inLanguage":"es","@id":"https:\/\/canal7slp.tv\/2025\/vigente-en-slp-campana-de-vacunacion-contra-virus-del-papiloma-humano\/#primaryimage","url":"https:\/\/canal7slp.tv\/2025\/wp-content\/uploads\/2025\/10\/Vazquez0VacunaVPH.jpg","contentUrl":"https:\/\/canal7slp.tv\/2025\/wp-content\/uploads\/2025\/10\/Vazquez0VacunaVPH.jpg","width":1280,"height":720},{"@type":"BreadcrumbList","@id":"https:\/\/canal7slp.tv\/2025\/vigente-en-slp-campana-de-vacunacion-contra-virus-del-papiloma-humano\/#breadcrumb","itemListElement":[{"@type":"ListItem","position":1,"name":"Portada","item":"https:\/\/canal7slp.tv\/2025\/"},{"@type":"ListItem","position":2,"name":"Vigente en SLP, campa\u00f1a de vacunaci\u00f3n contra Virus del Papiloma Humano"}]},{"@type":"WebSite","@id":"https:\/\/canal7slp.tv\/2025\/#website","url":"https:\/\/canal7slp.tv\/2025\/","name":"N7 - Noticieros Canal 7","description":"Somos el Medio","publisher":{"@id":"https:\/\/canal7slp.tv\/2025\/#organization"},"potentialAction":[{"@type":"SearchAction","target":{"@type":"EntryPoint","urlTemplate":"https:\/\/canal7slp.tv\/2025\/?s={search_term_string}"},"query-input":{"@type":"PropertyValueSpecification","valueRequired":true,"valueName":"search_term_string"}}],"inLanguage":"es"},{"@type":"Organization","@id":"https:\/\/canal7slp.tv\/2025\/#organization","name":"Noticieros Canal 7","url":"https:\/\/canal7slp.tv\/2025\/","logo":{"@type":"ImageObject","inLanguage":"es","@id":"https:\/\/canal7slp.tv\/2025\/#\/schema\/logo\/image\/","url":"https:\/\/canal7slp.tv\/2025\/wp-content\/uploads\/2021\/01\/logo-noticieros@2x.png","contentUrl":"https:\/\/canal7slp.tv\/2025\/wp-content\/uploads\/2021\/01\/logo-noticieros@2x.png","width":1017,"height":268,"caption":"Noticieros Canal 7"},"image":{"@id":"https:\/\/canal7slp.tv\/2025\/#\/schema\/logo\/image\/"},"sameAs":["https:\/\/www.facebook.com\/noticieroscanal7atencionciudadana\/","https:\/\/x.com\/NOTICIEROS7","https:\/\/www.instagram.com\/canal7_slp","https:\/\/www.youtube.com\/channel\/UCliiYs-gP3JfJeqdPrNdd5A"]},{"@type":"Person","@id":"https:\/\/canal7slp.tv\/2025\/#\/schema\/person\/271e2b60a96e7cc9d9ac296f4d7e414b","name":"Edici\u00f3n Web","image":{"@type":"ImageObject","inLanguage":"es","@id":"https:\/\/secure.gravatar.com\/avatar\/eee448fc3f7164808013b816ba91ac7e43bbe82a70bebac296f8bc6f0addaa1a?s=96&d=mm&r=g","url":"https:\/\/secure.gravatar.com\/avatar\/eee448fc3f7164808013b816ba91ac7e43bbe82a70bebac296f8bc6f0addaa1a?s=96&d=mm&r=g","contentUrl":"https:\/\/secure.gravatar.com\/avatar\/eee448fc3f7164808013b816ba91ac7e43bbe82a70bebac296f8bc6f0addaa1a?s=96&d=mm&r=g","caption":"Edici\u00f3n Web"},"url":"https:\/\/canal7slp.tv\/2025\/author\/edicionweb\/"}]}},"_links":{"self":[{"href":"https:\/\/canal7slp.tv\/2025\/wp-json\/wp\/v2\/posts\/182058","targetHints":{"allow":["GET"]}}],"collection":[{"href":"https:\/\/canal7slp.tv\/2025\/wp-json\/wp\/v2\/posts"}],"about":[{"href":"https:\/\/canal7slp.tv\/2025\/wp-json\/wp\/v2\/types\/post"}],"author":[{"embeddable":true,"href":"https:\/\/canal7slp.tv\/2025\/wp-json\/wp\/v2\/users\/2"}],"replies":[{"embeddable":true,"href":"https:\/\/canal7slp.tv\/2025\/wp-json\/wp\/v2\/comments?post=182058"}],"version-history":[{"count":3,"href":"https:\/\/canal7slp.tv\/2025\/wp-json\/wp\/v2\/posts\/182058\/revisions"}],"predecessor-version":[{"id":182350,"href":"https:\/\/canal7slp.tv\/2025\/wp-json\/wp\/v2\/posts\/182058\/revisions\/182350"}],"wp:featuredmedia":[{"embeddable":true,"href":"https:\/\/canal7slp.tv\/2025\/wp-json\/wp\/v2\/media\/182062"}],"wp:attachment":[{"href":"https:\/\/canal7slp.tv\/2025\/wp-json\/wp\/v2\/media?parent=182058"}],"wp:term":[{"taxonomy":"category","embeddable":true,"href":"https:\/\/canal7slp.tv\/2025\/wp-json\/wp\/v2\/categories?post=182058"},{"taxonomy":"post_tag","embeddable":true,"href":"https:\/\/canal7slp.tv\/2025\/wp-json\/wp\/v2\/tags?post=182058"}],"curies":[{"name":"wp","href":"https:\/\/api.w.org\/{rel}","templated":true}]}}