{"id":182019,"date":"2025-10-17T11:58:51","date_gmt":"2025-10-17T17:58:51","guid":{"rendered":"https:\/\/canal7slp.tv\/2025\/?p=182019"},"modified":"2025-10-17T11:58:51","modified_gmt":"2025-10-17T17:58:51","slug":"sin-certeza-juridica-muchos-habitantes-de-genovevo-rivas-guillen-quinto-plano-reconocen-autoridades","status":"publish","type":"post","link":"https:\/\/canal7slp.tv\/2025\/sin-certeza-juridica-muchos-habitantes-de-genovevo-rivas-guillen-quinto-plano-reconocen-autoridades\/","title":{"rendered":"Sin certeza jur\u00eddica, muchos habitantes de Genovevo Rivas Guill\u00e9n, quinto plano; reconocen autoridades"},"content":{"rendered":"<p style=\"text-align: justify;\">SGS.- Muchas personas de la Rivas Guill\u00e9n se mantiene sin regularizaci\u00f3n jur\u00eddica en gran parte de las casas de la zona reconoci\u00f3 el alcalde de Soledad de Graciano S\u00e1nchez, Juan Manuel Navarro Mu\u00f1iz.<\/p>\n<p style=\"text-align: justify;\">\u201cLo que le falta es tener su t\u00edtulo, su escritura, para que tengan ellos la certeza jur\u00eddica de que son due\u00f1os (\u2026) s\u00ed es un buen n\u00famero de habitantes que todav\u00eda no ha podido, todav\u00eda tienen ellos constancias ejidales\u201d.<\/p>\n<p style=\"text-align: justify;\">Acept\u00f3 que el proceso de regularizaci\u00f3n ser\u00e1 largo.<\/p>\n<p style=\"text-align: justify;\">\u201cPor eso hemos estado haciendo ya mesas de di\u00e1logo con ellos, hay que explicarles que el primer paso que tenemos que hacer es hacer el t\u00edtulo de propiedad y despu\u00e9s pasar a lo que es la escritura p\u00fablica\u201d.<\/p>\n<p style=\"text-align: justify;\">Y es que el municipio de Soledad comenz\u00f3 los tr\u00e1mites para obtener los documentos de propiedad de tierras mediante el Instituto Municipal de la Vivienda.<\/p>\n<p style=\"text-align: justify;\">\u201cYa estamos empezando, ya hay mesas, ya hubo di\u00e1logos con el Inmuvi, ya hay grupos de personas que se han acercado (\u2026) la gente que no ha tenido conocimiento que se vaya acercando\u201d.<\/p>\n<p style=\"text-align: justify;\">Se acompa\u00f1ar\u00e1n de autoridades estatales para esta acci\u00f3n.<\/p>\n<p style=\"text-align: justify;\">\u201cLo que estamos haciendo es ya generarlo de la mano del gobierno, de la mano del gobernador, a trav\u00e9s del registral, a trav\u00e9s del Inmuvi de Soledad para ayudar ya a toda la gente y darle la certeza\u201d.<\/p>\n<p style=\"text-align: justify;\">Mediante las juntas de mejoras se informar\u00e1 las fechas en las que se tendr\u00e1n las reuniones para lograr la regularizaci\u00f3n de la colonia.<\/p>\n<p>Por: Juan Carlos Contreras<\/p>\n","protected":false},"excerpt":{"rendered":"<p>SGS.- Muchas personas de la Rivas Guill\u00e9n se mantiene sin regularizaci\u00f3n jur\u00eddica en gran parte de las casas de la zona reconoci\u00f3 el alcalde de Soledad de Graciano S\u00e1nchez, Juan Manuel Navarro Mu\u00f1iz. \u201cLo que le falta es tener su t\u00edtulo, su escritura, para que tengan ellos la certeza jur\u00eddica de que son due\u00f1os (\u2026) s\u00ed es un buen n\u00famero de habitantes que todav\u00eda no ha podido, todav\u00eda tienen ellos constancias ejidales\u201d. Acept\u00f3 que el proceso de regularizaci\u00f3n ser\u00e1 largo. \u201cPor eso hemos estado haciendo ya mesas de di\u00e1logo con ellos, hay que explicarles que el primer paso que tenemos [&hellip;]<\/p>\n","protected":false},"author":2,"featured_media":182074,"comment_status":"closed","ping_status":"closed","sticky":false,"template":"","format":"video","meta":{"_monsterinsights_skip_tracking":false,"_monsterinsights_sitenote_active":false,"_monsterinsights_sitenote_note":"","_monsterinsights_sitenote_category":0,"footnotes":""},"categories":[512,5,45],"tags":[],"class_list":["post-182019","post","type-post","status-publish","format-video","has-post-thumbnail","hentry","category-ayosgs","category-destacadas","category-localesyregionales","post_format-post-format-video","post--single"],"yoast_head":"<!-- This site is optimized with the Yoast SEO plugin v27.5 - https:\/\/yoast.com\/product\/yoast-seo-wordpress\/ -->\n<title>Sin certeza jur\u00eddica, muchos habitantes de Genovevo Rivas Guill\u00e9n, quinto plano; reconocen autoridades - Canal 7 SLP - 2025<\/title>\n<meta name=\"robots\" content=\"index, follow, max-snippet:-1, max-image-preview:large, max-video-preview:-1\" \/>\n<link rel=\"canonical\" href=\"https:\/\/canal7slp.tv\/2025\/sin-certeza-juridica-muchos-habitantes-de-genovevo-rivas-guillen-quinto-plano-reconocen-autoridades\/\" \/>\n<meta property=\"og:locale\" content=\"es_ES\" \/>\n<meta property=\"og:type\" content=\"article\" \/>\n<meta property=\"og:title\" content=\"Sin certeza jur\u00eddica, muchos habitantes de Genovevo Rivas Guill\u00e9n, quinto plano; reconocen autoridades - Canal 7 SLP - 2025\" \/>\n<meta property=\"og:description\" content=\"SGS.- Muchas personas de la Rivas Guill\u00e9n se mantiene sin regularizaci\u00f3n jur\u00eddica en gran parte de las casas de la zona reconoci\u00f3 el alcalde de Soledad de Graciano S\u00e1nchez, Juan Manuel Navarro Mu\u00f1iz. \u201cLo que le falta es tener su t\u00edtulo, su escritura, para que tengan ellos la certeza jur\u00eddica de que son due\u00f1os (\u2026) s\u00ed es un buen n\u00famero de habitantes que todav\u00eda no ha podido, todav\u00eda tienen ellos constancias ejidales\u201d. Acept\u00f3 que el proceso de regularizaci\u00f3n ser\u00e1 largo. \u201cPor eso hemos estado haciendo ya mesas de di\u00e1logo con ellos, hay que explicarles que el primer paso que tenemos [&hellip;]\" \/>\n<meta property=\"og:url\" content=\"https:\/\/canal7slp.tv\/2025\/sin-certeza-juridica-muchos-habitantes-de-genovevo-rivas-guillen-quinto-plano-reconocen-autoridades\/\" \/>\n<meta property=\"og:site_name\" content=\"Canal 7 SLP - 2025\" \/>\n<meta property=\"article:publisher\" content=\"https:\/\/www.facebook.com\/noticieroscanal7atencionciudadana\/\" \/>\n<meta property=\"article:published_time\" content=\"2025-10-17T17:58:51+00:00\" \/>\n<meta property=\"og:image\" content=\"https:\/\/canal7slp.tv\/2025\/wp-content\/uploads\/2025\/10\/Poky0CertezaJuridica.jpg\" \/>\n\t<meta property=\"og:image:width\" content=\"1280\" \/>\n\t<meta property=\"og:image:height\" content=\"720\" \/>\n\t<meta property=\"og:image:type\" content=\"image\/jpeg\" \/>\n<meta name=\"author\" content=\"Edici\u00f3n Web\" \/>\n<meta name=\"twitter:card\" content=\"summary_large_image\" \/>\n<meta name=\"twitter:creator\" content=\"@NOTICIEROS7\" \/>\n<meta name=\"twitter:site\" content=\"@NOTICIEROS7\" \/>\n<meta name=\"twitter:label1\" content=\"Escrito por\" \/>\n\t<meta name=\"twitter:data1\" content=\"Edici\u00f3n Web\" \/>\n\t<meta name=\"twitter:label2\" content=\"Tiempo de lectura\" \/>\n\t<meta name=\"twitter:data2\" content=\"2 minutos\" \/>\n<script type=\"application\/ld+json\" class=\"yoast-schema-graph\">{\"@context\":\"https:\\\/\\\/schema.org\",\"@graph\":[{\"@type\":\"Article\",\"@id\":\"https:\\\/\\\/canal7slp.tv\\\/2025\\\/sin-certeza-juridica-muchos-habitantes-de-genovevo-rivas-guillen-quinto-plano-reconocen-autoridades\\\/#article\",\"isPartOf\":{\"@id\":\"https:\\\/\\\/canal7slp.tv\\\/2025\\\/sin-certeza-juridica-muchos-habitantes-de-genovevo-rivas-guillen-quinto-plano-reconocen-autoridades\\\/\"},\"author\":{\"name\":\"Edici\u00f3n Web\",\"@id\":\"https:\\\/\\\/canal7slp.tv\\\/2025\\\/#\\\/schema\\\/person\\\/271e2b60a96e7cc9d9ac296f4d7e414b\"},\"headline\":\"Sin certeza jur\u00eddica, muchos habitantes de Genovevo Rivas Guill\u00e9n, quinto plano; reconocen autoridades\",\"datePublished\":\"2025-10-17T17:58:51+00:00\",\"mainEntityOfPage\":{\"@id\":\"https:\\\/\\\/canal7slp.tv\\\/2025\\\/sin-certeza-juridica-muchos-habitantes-de-genovevo-rivas-guillen-quinto-plano-reconocen-autoridades\\\/\"},\"wordCount\":288,\"publisher\":{\"@id\":\"https:\\\/\\\/canal7slp.tv\\\/2025\\\/#organization\"},\"image\":{\"@id\":\"https:\\\/\\\/canal7slp.tv\\\/2025\\\/sin-certeza-juridica-muchos-habitantes-de-genovevo-rivas-guillen-quinto-plano-reconocen-autoridades\\\/#primaryimage\"},\"thumbnailUrl\":\"https:\\\/\\\/canal7slp.tv\\\/2025\\\/wp-content\\\/uploads\\\/2025\\\/10\\\/Poky0CertezaJuridica.jpg\",\"articleSection\":[\"AYOSGS\",\"DESTACADAS\",\"LOCALES Y REGIONALES\"],\"inLanguage\":\"es\"},{\"@type\":\"WebPage\",\"@id\":\"https:\\\/\\\/canal7slp.tv\\\/2025\\\/sin-certeza-juridica-muchos-habitantes-de-genovevo-rivas-guillen-quinto-plano-reconocen-autoridades\\\/\",\"url\":\"https:\\\/\\\/canal7slp.tv\\\/2025\\\/sin-certeza-juridica-muchos-habitantes-de-genovevo-rivas-guillen-quinto-plano-reconocen-autoridades\\\/\",\"name\":\"Sin certeza jur\u00eddica, muchos habitantes de Genovevo Rivas Guill\u00e9n, quinto plano; reconocen autoridades - Canal 7 SLP - 2025\",\"isPartOf\":{\"@id\":\"https:\\\/\\\/canal7slp.tv\\\/2025\\\/#website\"},\"primaryImageOfPage\":{\"@id\":\"https:\\\/\\\/canal7slp.tv\\\/2025\\\/sin-certeza-juridica-muchos-habitantes-de-genovevo-rivas-guillen-quinto-plano-reconocen-autoridades\\\/#primaryimage\"},\"image\":{\"@id\":\"https:\\\/\\\/canal7slp.tv\\\/2025\\\/sin-certeza-juridica-muchos-habitantes-de-genovevo-rivas-guillen-quinto-plano-reconocen-autoridades\\\/#primaryimage\"},\"thumbnailUrl\":\"https:\\\/\\\/canal7slp.tv\\\/2025\\\/wp-content\\\/uploads\\\/2025\\\/10\\\/Poky0CertezaJuridica.jpg\",\"datePublished\":\"2025-10-17T17:58:51+00:00\",\"breadcrumb\":{\"@id\":\"https:\\\/\\\/canal7slp.tv\\\/2025\\\/sin-certeza-juridica-muchos-habitantes-de-genovevo-rivas-guillen-quinto-plano-reconocen-autoridades\\\/#breadcrumb\"},\"inLanguage\":\"es\",\"potentialAction\":[{\"@type\":\"ReadAction\",\"target\":[\"https:\\\/\\\/canal7slp.tv\\\/2025\\\/sin-certeza-juridica-muchos-habitantes-de-genovevo-rivas-guillen-quinto-plano-reconocen-autoridades\\\/\"]}]},{\"@type\":\"ImageObject\",\"inLanguage\":\"es\",\"@id\":\"https:\\\/\\\/canal7slp.tv\\\/2025\\\/sin-certeza-juridica-muchos-habitantes-de-genovevo-rivas-guillen-quinto-plano-reconocen-autoridades\\\/#primaryimage\",\"url\":\"https:\\\/\\\/canal7slp.tv\\\/2025\\\/wp-content\\\/uploads\\\/2025\\\/10\\\/Poky0CertezaJuridica.jpg\",\"contentUrl\":\"https:\\\/\\\/canal7slp.tv\\\/2025\\\/wp-content\\\/uploads\\\/2025\\\/10\\\/Poky0CertezaJuridica.jpg\",\"width\":1280,\"height\":720},{\"@type\":\"BreadcrumbList\",\"@id\":\"https:\\\/\\\/canal7slp.tv\\\/2025\\\/sin-certeza-juridica-muchos-habitantes-de-genovevo-rivas-guillen-quinto-plano-reconocen-autoridades\\\/#breadcrumb\",\"itemListElement\":[{\"@type\":\"ListItem\",\"position\":1,\"name\":\"Portada\",\"item\":\"https:\\\/\\\/canal7slp.tv\\\/2025\\\/\"},{\"@type\":\"ListItem\",\"position\":2,\"name\":\"Sin certeza jur\u00eddica, muchos habitantes de Genovevo Rivas Guill\u00e9n, quinto plano; reconocen autoridades\"}]},{\"@type\":\"WebSite\",\"@id\":\"https:\\\/\\\/canal7slp.tv\\\/2025\\\/#website\",\"url\":\"https:\\\/\\\/canal7slp.tv\\\/2025\\\/\",\"name\":\"N7 - Noticieros Canal 7\",\"description\":\"Somos el Medio\",\"publisher\":{\"@id\":\"https:\\\/\\\/canal7slp.tv\\\/2025\\\/#organization\"},\"potentialAction\":[{\"@type\":\"SearchAction\",\"target\":{\"@type\":\"EntryPoint\",\"urlTemplate\":\"https:\\\/\\\/canal7slp.tv\\\/2025\\\/?s={search_term_string}\"},\"query-input\":{\"@type\":\"PropertyValueSpecification\",\"valueRequired\":true,\"valueName\":\"search_term_string\"}}],\"inLanguage\":\"es\"},{\"@type\":\"Organization\",\"@id\":\"https:\\\/\\\/canal7slp.tv\\\/2025\\\/#organization\",\"name\":\"Noticieros Canal 7\",\"url\":\"https:\\\/\\\/canal7slp.tv\\\/2025\\\/\",\"logo\":{\"@type\":\"ImageObject\",\"inLanguage\":\"es\",\"@id\":\"https:\\\/\\\/canal7slp.tv\\\/2025\\\/#\\\/schema\\\/logo\\\/image\\\/\",\"url\":\"https:\\\/\\\/canal7slp.tv\\\/2025\\\/wp-content\\\/uploads\\\/2021\\\/01\\\/logo-noticieros@2x.png\",\"contentUrl\":\"https:\\\/\\\/canal7slp.tv\\\/2025\\\/wp-content\\\/uploads\\\/2021\\\/01\\\/logo-noticieros@2x.png\",\"width\":1017,\"height\":268,\"caption\":\"Noticieros Canal 7\"},\"image\":{\"@id\":\"https:\\\/\\\/canal7slp.tv\\\/2025\\\/#\\\/schema\\\/logo\\\/image\\\/\"},\"sameAs\":[\"https:\\\/\\\/www.facebook.com\\\/noticieroscanal7atencionciudadana\\\/\",\"https:\\\/\\\/x.com\\\/NOTICIEROS7\",\"https:\\\/\\\/www.instagram.com\\\/canal7_slp\",\"https:\\\/\\\/www.youtube.com\\\/channel\\\/UCliiYs-gP3JfJeqdPrNdd5A\"]},{\"@type\":\"Person\",\"@id\":\"https:\\\/\\\/canal7slp.tv\\\/2025\\\/#\\\/schema\\\/person\\\/271e2b60a96e7cc9d9ac296f4d7e414b\",\"name\":\"Edici\u00f3n Web\",\"image\":{\"@type\":\"ImageObject\",\"inLanguage\":\"es\",\"@id\":\"https:\\\/\\\/secure.gravatar.com\\\/avatar\\\/eee448fc3f7164808013b816ba91ac7e43bbe82a70bebac296f8bc6f0addaa1a?s=96&d=mm&r=g\",\"url\":\"https:\\\/\\\/secure.gravatar.com\\\/avatar\\\/eee448fc3f7164808013b816ba91ac7e43bbe82a70bebac296f8bc6f0addaa1a?s=96&d=mm&r=g\",\"contentUrl\":\"https:\\\/\\\/secure.gravatar.com\\\/avatar\\\/eee448fc3f7164808013b816ba91ac7e43bbe82a70bebac296f8bc6f0addaa1a?s=96&d=mm&r=g\",\"caption\":\"Edici\u00f3n Web\"},\"url\":\"https:\\\/\\\/canal7slp.tv\\\/2025\\\/author\\\/edicionweb\\\/\"}]}<\/script>\n<!-- \/ Yoast SEO plugin. -->","yoast_head_json":{"title":"Sin certeza jur\u00eddica, muchos habitantes de Genovevo Rivas Guill\u00e9n, quinto plano; reconocen autoridades - Canal 7 SLP - 2025","robots":{"index":"index","follow":"follow","max-snippet":"max-snippet:-1","max-image-preview":"max-image-preview:large","max-video-preview":"max-video-preview:-1"},"canonical":"https:\/\/canal7slp.tv\/2025\/sin-certeza-juridica-muchos-habitantes-de-genovevo-rivas-guillen-quinto-plano-reconocen-autoridades\/","og_locale":"es_ES","og_type":"article","og_title":"Sin certeza jur\u00eddica, muchos habitantes de Genovevo Rivas Guill\u00e9n, quinto plano; reconocen autoridades - Canal 7 SLP - 2025","og_description":"SGS.- Muchas personas de la Rivas Guill\u00e9n se mantiene sin regularizaci\u00f3n jur\u00eddica en gran parte de las casas de la zona reconoci\u00f3 el alcalde de Soledad de Graciano S\u00e1nchez, Juan Manuel Navarro Mu\u00f1iz. \u201cLo que le falta es tener su t\u00edtulo, su escritura, para que tengan ellos la certeza jur\u00eddica de que son due\u00f1os (\u2026) s\u00ed es un buen n\u00famero de habitantes que todav\u00eda no ha podido, todav\u00eda tienen ellos constancias ejidales\u201d. Acept\u00f3 que el proceso de regularizaci\u00f3n ser\u00e1 largo. \u201cPor eso hemos estado haciendo ya mesas de di\u00e1logo con ellos, hay que explicarles que el primer paso que tenemos [&hellip;]","og_url":"https:\/\/canal7slp.tv\/2025\/sin-certeza-juridica-muchos-habitantes-de-genovevo-rivas-guillen-quinto-plano-reconocen-autoridades\/","og_site_name":"Canal 7 SLP - 2025","article_publisher":"https:\/\/www.facebook.com\/noticieroscanal7atencionciudadana\/","article_published_time":"2025-10-17T17:58:51+00:00","og_image":[{"width":1280,"height":720,"url":"https:\/\/canal7slp.tv\/2025\/wp-content\/uploads\/2025\/10\/Poky0CertezaJuridica.jpg","type":"image\/jpeg"}],"author":"Edici\u00f3n Web","twitter_card":"summary_large_image","twitter_creator":"@NOTICIEROS7","twitter_site":"@NOTICIEROS7","twitter_misc":{"Escrito por":"Edici\u00f3n Web","Tiempo de lectura":"2 minutos"},"schema":{"@context":"https:\/\/schema.org","@graph":[{"@type":"Article","@id":"https:\/\/canal7slp.tv\/2025\/sin-certeza-juridica-muchos-habitantes-de-genovevo-rivas-guillen-quinto-plano-reconocen-autoridades\/#article","isPartOf":{"@id":"https:\/\/canal7slp.tv\/2025\/sin-certeza-juridica-muchos-habitantes-de-genovevo-rivas-guillen-quinto-plano-reconocen-autoridades\/"},"author":{"name":"Edici\u00f3n Web","@id":"https:\/\/canal7slp.tv\/2025\/#\/schema\/person\/271e2b60a96e7cc9d9ac296f4d7e414b"},"headline":"Sin certeza jur\u00eddica, muchos habitantes de Genovevo Rivas Guill\u00e9n, quinto plano; reconocen autoridades","datePublished":"2025-10-17T17:58:51+00:00","mainEntityOfPage":{"@id":"https:\/\/canal7slp.tv\/2025\/sin-certeza-juridica-muchos-habitantes-de-genovevo-rivas-guillen-quinto-plano-reconocen-autoridades\/"},"wordCount":288,"publisher":{"@id":"https:\/\/canal7slp.tv\/2025\/#organization"},"image":{"@id":"https:\/\/canal7slp.tv\/2025\/sin-certeza-juridica-muchos-habitantes-de-genovevo-rivas-guillen-quinto-plano-reconocen-autoridades\/#primaryimage"},"thumbnailUrl":"https:\/\/canal7slp.tv\/2025\/wp-content\/uploads\/2025\/10\/Poky0CertezaJuridica.jpg","articleSection":["AYOSGS","DESTACADAS","LOCALES Y REGIONALES"],"inLanguage":"es"},{"@type":"WebPage","@id":"https:\/\/canal7slp.tv\/2025\/sin-certeza-juridica-muchos-habitantes-de-genovevo-rivas-guillen-quinto-plano-reconocen-autoridades\/","url":"https:\/\/canal7slp.tv\/2025\/sin-certeza-juridica-muchos-habitantes-de-genovevo-rivas-guillen-quinto-plano-reconocen-autoridades\/","name":"Sin certeza jur\u00eddica, muchos habitantes de Genovevo Rivas Guill\u00e9n, quinto plano; reconocen autoridades - Canal 7 SLP - 2025","isPartOf":{"@id":"https:\/\/canal7slp.tv\/2025\/#website"},"primaryImageOfPage":{"@id":"https:\/\/canal7slp.tv\/2025\/sin-certeza-juridica-muchos-habitantes-de-genovevo-rivas-guillen-quinto-plano-reconocen-autoridades\/#primaryimage"},"image":{"@id":"https:\/\/canal7slp.tv\/2025\/sin-certeza-juridica-muchos-habitantes-de-genovevo-rivas-guillen-quinto-plano-reconocen-autoridades\/#primaryimage"},"thumbnailUrl":"https:\/\/canal7slp.tv\/2025\/wp-content\/uploads\/2025\/10\/Poky0CertezaJuridica.jpg","datePublished":"2025-10-17T17:58:51+00:00","breadcrumb":{"@id":"https:\/\/canal7slp.tv\/2025\/sin-certeza-juridica-muchos-habitantes-de-genovevo-rivas-guillen-quinto-plano-reconocen-autoridades\/#breadcrumb"},"inLanguage":"es","potentialAction":[{"@type":"ReadAction","target":["https:\/\/canal7slp.tv\/2025\/sin-certeza-juridica-muchos-habitantes-de-genovevo-rivas-guillen-quinto-plano-reconocen-autoridades\/"]}]},{"@type":"ImageObject","inLanguage":"es","@id":"https:\/\/canal7slp.tv\/2025\/sin-certeza-juridica-muchos-habitantes-de-genovevo-rivas-guillen-quinto-plano-reconocen-autoridades\/#primaryimage","url":"https:\/\/canal7slp.tv\/2025\/wp-content\/uploads\/2025\/10\/Poky0CertezaJuridica.jpg","contentUrl":"https:\/\/canal7slp.tv\/2025\/wp-content\/uploads\/2025\/10\/Poky0CertezaJuridica.jpg","width":1280,"height":720},{"@type":"BreadcrumbList","@id":"https:\/\/canal7slp.tv\/2025\/sin-certeza-juridica-muchos-habitantes-de-genovevo-rivas-guillen-quinto-plano-reconocen-autoridades\/#breadcrumb","itemListElement":[{"@type":"ListItem","position":1,"name":"Portada","item":"https:\/\/canal7slp.tv\/2025\/"},{"@type":"ListItem","position":2,"name":"Sin certeza jur\u00eddica, muchos habitantes de Genovevo Rivas Guill\u00e9n, quinto plano; reconocen autoridades"}]},{"@type":"WebSite","@id":"https:\/\/canal7slp.tv\/2025\/#website","url":"https:\/\/canal7slp.tv\/2025\/","name":"N7 - Noticieros Canal 7","description":"Somos el Medio","publisher":{"@id":"https:\/\/canal7slp.tv\/2025\/#organization"},"potentialAction":[{"@type":"SearchAction","target":{"@type":"EntryPoint","urlTemplate":"https:\/\/canal7slp.tv\/2025\/?s={search_term_string}"},"query-input":{"@type":"PropertyValueSpecification","valueRequired":true,"valueName":"search_term_string"}}],"inLanguage":"es"},{"@type":"Organization","@id":"https:\/\/canal7slp.tv\/2025\/#organization","name":"Noticieros Canal 7","url":"https:\/\/canal7slp.tv\/2025\/","logo":{"@type":"ImageObject","inLanguage":"es","@id":"https:\/\/canal7slp.tv\/2025\/#\/schema\/logo\/image\/","url":"https:\/\/canal7slp.tv\/2025\/wp-content\/uploads\/2021\/01\/logo-noticieros@2x.png","contentUrl":"https:\/\/canal7slp.tv\/2025\/wp-content\/uploads\/2021\/01\/logo-noticieros@2x.png","width":1017,"height":268,"caption":"Noticieros Canal 7"},"image":{"@id":"https:\/\/canal7slp.tv\/2025\/#\/schema\/logo\/image\/"},"sameAs":["https:\/\/www.facebook.com\/noticieroscanal7atencionciudadana\/","https:\/\/x.com\/NOTICIEROS7","https:\/\/www.instagram.com\/canal7_slp","https:\/\/www.youtube.com\/channel\/UCliiYs-gP3JfJeqdPrNdd5A"]},{"@type":"Person","@id":"https:\/\/canal7slp.tv\/2025\/#\/schema\/person\/271e2b60a96e7cc9d9ac296f4d7e414b","name":"Edici\u00f3n Web","image":{"@type":"ImageObject","inLanguage":"es","@id":"https:\/\/secure.gravatar.com\/avatar\/eee448fc3f7164808013b816ba91ac7e43bbe82a70bebac296f8bc6f0addaa1a?s=96&d=mm&r=g","url":"https:\/\/secure.gravatar.com\/avatar\/eee448fc3f7164808013b816ba91ac7e43bbe82a70bebac296f8bc6f0addaa1a?s=96&d=mm&r=g","contentUrl":"https:\/\/secure.gravatar.com\/avatar\/eee448fc3f7164808013b816ba91ac7e43bbe82a70bebac296f8bc6f0addaa1a?s=96&d=mm&r=g","caption":"Edici\u00f3n Web"},"url":"https:\/\/canal7slp.tv\/2025\/author\/edicionweb\/"}]}},"_links":{"self":[{"href":"https:\/\/canal7slp.tv\/2025\/wp-json\/wp\/v2\/posts\/182019","targetHints":{"allow":["GET"]}}],"collection":[{"href":"https:\/\/canal7slp.tv\/2025\/wp-json\/wp\/v2\/posts"}],"about":[{"href":"https:\/\/canal7slp.tv\/2025\/wp-json\/wp\/v2\/types\/post"}],"author":[{"embeddable":true,"href":"https:\/\/canal7slp.tv\/2025\/wp-json\/wp\/v2\/users\/2"}],"replies":[{"embeddable":true,"href":"https:\/\/canal7slp.tv\/2025\/wp-json\/wp\/v2\/comments?post=182019"}],"version-history":[{"count":2,"href":"https:\/\/canal7slp.tv\/2025\/wp-json\/wp\/v2\/posts\/182019\/revisions"}],"predecessor-version":[{"id":182348,"href":"https:\/\/canal7slp.tv\/2025\/wp-json\/wp\/v2\/posts\/182019\/revisions\/182348"}],"wp:featuredmedia":[{"embeddable":true,"href":"https:\/\/canal7slp.tv\/2025\/wp-json\/wp\/v2\/media\/182074"}],"wp:attachment":[{"href":"https:\/\/canal7slp.tv\/2025\/wp-json\/wp\/v2\/media?parent=182019"}],"wp:term":[{"taxonomy":"category","embeddable":true,"href":"https:\/\/canal7slp.tv\/2025\/wp-json\/wp\/v2\/categories?post=182019"},{"taxonomy":"post_tag","embeddable":true,"href":"https:\/\/canal7slp.tv\/2025\/wp-json\/wp\/v2\/tags?post=182019"}],"curies":[{"name":"wp","href":"https:\/\/api.w.org\/{rel}","templated":true}]}}