{"id":181911,"date":"2025-10-13T15:44:50","date_gmt":"2025-10-13T21:44:50","guid":{"rendered":"https:\/\/canal7slp.tv\/2025\/?p=181911"},"modified":"2025-12-10T08:47:04","modified_gmt":"2025-12-10T14:47:04","slug":"aprueban-en-comision-nueva-ley-organica-para-la-armada-de-mexico","status":"publish","type":"post","link":"https:\/\/canal7slp.tv\/2025\/aprueban-en-comision-nueva-ley-organica-para-la-armada-de-mexico\/","title":{"rendered":"Aprueban en comisi\u00f3n nueva Ley Org\u00e1nica para la Armada de M\u00e9xico"},"content":{"rendered":"<p style=\"text-align: justify;\">M\u00e9xico.- La Comisi\u00f3n de Marina de la C\u00e1mara de Diputados aprob\u00f3 una iniciativa para expedir una nueva Ley Org\u00e1nica de la Armada de M\u00e9xico. La propuesta fue avalada con 14 votos a favor y cuatro en contra.<\/p>\n<p style=\"text-align: justify;\">De acuerdo con los promotores de la iniciativa, el objetivo es actualizar el marco jur\u00eddico de la instituci\u00f3n para armonizarlo con sus atribuciones actuales y con las estrategias establecidas en el Plan Nacional de Desarrollo.<\/p>\n<p style=\"text-align: justify;\">Entre los aspectos que incorpora se encuentra la redefinici\u00f3n de la organizaci\u00f3n de las fuerzas navales, la creaci\u00f3n de una Subsecretar\u00eda de Asuntos Mar\u00edtimos y el establecimiento de una Jefatura de Operaciones Navales.<\/p>\n<p style=\"text-align: justify;\">Los legisladores que se manifestaron en contra argumentaron que la propuesta forma parte de un proceso de militarizaci\u00f3n en el pa\u00eds y cuestionaron la rapidez con que se analiz\u00f3, al haber sido presentada la semana previa. Tambi\u00e9n expresaron inquietudes sobre las implicaciones presupuestales de las nuevas estructuras propuestas.<\/p>\n<p style=\"text-align: justify;\">Tras su aprobaci\u00f3n en comisi\u00f3n, el dictamen fue turnado a la Mesa Directiva para su eventual discusi\u00f3n y votaci\u00f3n en el pleno de la C\u00e1mara de Diputados.<\/p>\n","protected":false},"excerpt":{"rendered":"<p>M\u00e9xico.- La Comisi\u00f3n de Marina de la C\u00e1mara de Diputados aprob\u00f3 una iniciativa para expedir una nueva Ley Org\u00e1nica de la Armada de M\u00e9xico. La propuesta fue avalada con 14 votos a favor y cuatro en contra. De acuerdo con los promotores de la iniciativa, el objetivo es actualizar el marco jur\u00eddico de la instituci\u00f3n para armonizarlo con sus atribuciones actuales y con las estrategias establecidas en el Plan Nacional de Desarrollo. Entre los aspectos que incorpora se encuentra la redefinici\u00f3n de la organizaci\u00f3n de las fuerzas navales, la creaci\u00f3n de una Subsecretar\u00eda de Asuntos Mar\u00edtimos y el establecimiento de [&hellip;]<\/p>\n","protected":false},"author":2,"featured_media":181918,"comment_status":"closed","ping_status":"closed","sticky":false,"template":"","format":"standard","meta":{"_monsterinsights_skip_tracking":false,"_monsterinsights_sitenote_active":false,"_monsterinsights_sitenote_note":"","_monsterinsights_sitenote_category":0,"footnotes":""},"categories":[46],"tags":[],"class_list":["post-181911","post","type-post","status-publish","format-standard","has-post-thumbnail","hentry","category-nacional","post--single"],"yoast_head":"<!-- This site is optimized with the Yoast SEO plugin v27.5 - https:\/\/yoast.com\/product\/yoast-seo-wordpress\/ -->\n<title>Aprueban en comisi\u00f3n nueva Ley Org\u00e1nica para la Armada de M\u00e9xico - Canal 7 SLP - 2025<\/title>\n<meta name=\"robots\" content=\"index, follow, max-snippet:-1, max-image-preview:large, max-video-preview:-1\" \/>\n<link rel=\"canonical\" href=\"https:\/\/canal7slp.tv\/2025\/aprueban-en-comision-nueva-ley-organica-para-la-armada-de-mexico\/\" \/>\n<meta property=\"og:locale\" content=\"es_ES\" \/>\n<meta property=\"og:type\" content=\"article\" \/>\n<meta property=\"og:title\" content=\"Aprueban en comisi\u00f3n nueva Ley Org\u00e1nica para la Armada de M\u00e9xico - Canal 7 SLP - 2025\" \/>\n<meta property=\"og:description\" content=\"M\u00e9xico.- La Comisi\u00f3n de Marina de la C\u00e1mara de Diputados aprob\u00f3 una iniciativa para expedir una nueva Ley Org\u00e1nica de la Armada de M\u00e9xico. La propuesta fue avalada con 14 votos a favor y cuatro en contra. De acuerdo con los promotores de la iniciativa, el objetivo es actualizar el marco jur\u00eddico de la instituci\u00f3n para armonizarlo con sus atribuciones actuales y con las estrategias establecidas en el Plan Nacional de Desarrollo. Entre los aspectos que incorpora se encuentra la redefinici\u00f3n de la organizaci\u00f3n de las fuerzas navales, la creaci\u00f3n de una Subsecretar\u00eda de Asuntos Mar\u00edtimos y el establecimiento de [&hellip;]\" \/>\n<meta property=\"og:url\" content=\"https:\/\/canal7slp.tv\/2025\/aprueban-en-comision-nueva-ley-organica-para-la-armada-de-mexico\/\" \/>\n<meta property=\"og:site_name\" content=\"Canal 7 SLP - 2025\" \/>\n<meta property=\"article:publisher\" content=\"https:\/\/www.facebook.com\/noticieroscanal7atencionciudadana\/\" \/>\n<meta property=\"article:published_time\" content=\"2025-10-13T21:44:50+00:00\" \/>\n<meta property=\"article:modified_time\" content=\"2025-12-10T14:47:04+00:00\" \/>\n<meta property=\"og:image\" content=\"https:\/\/canal7slp.tv\/2025\/wp-content\/uploads\/2025\/10\/07-12.jpg\" \/>\n\t<meta property=\"og:image:width\" content=\"803\" \/>\n\t<meta property=\"og:image:height\" content=\"500\" \/>\n\t<meta property=\"og:image:type\" content=\"image\/jpeg\" \/>\n<meta name=\"author\" content=\"Edici\u00f3n Web\" \/>\n<meta name=\"twitter:card\" content=\"summary_large_image\" \/>\n<meta name=\"twitter:creator\" content=\"@NOTICIEROS7\" \/>\n<meta name=\"twitter:site\" content=\"@NOTICIEROS7\" \/>\n<meta name=\"twitter:label1\" content=\"Escrito por\" \/>\n\t<meta name=\"twitter:data1\" content=\"Edici\u00f3n Web\" \/>\n\t<meta name=\"twitter:label2\" content=\"Tiempo de lectura\" \/>\n\t<meta name=\"twitter:data2\" content=\"2 minutos\" \/>\n<script type=\"application\/ld+json\" class=\"yoast-schema-graph\">{\"@context\":\"https:\\\/\\\/schema.org\",\"@graph\":[{\"@type\":\"Article\",\"@id\":\"https:\\\/\\\/canal7slp.tv\\\/2025\\\/aprueban-en-comision-nueva-ley-organica-para-la-armada-de-mexico\\\/#article\",\"isPartOf\":{\"@id\":\"https:\\\/\\\/canal7slp.tv\\\/2025\\\/aprueban-en-comision-nueva-ley-organica-para-la-armada-de-mexico\\\/\"},\"author\":{\"name\":\"Edici\u00f3n Web\",\"@id\":\"https:\\\/\\\/canal7slp.tv\\\/2025\\\/#\\\/schema\\\/person\\\/271e2b60a96e7cc9d9ac296f4d7e414b\"},\"headline\":\"Aprueban en comisi\u00f3n nueva Ley Org\u00e1nica para la Armada de M\u00e9xico\",\"datePublished\":\"2025-10-13T21:44:50+00:00\",\"dateModified\":\"2025-12-10T14:47:04+00:00\",\"mainEntityOfPage\":{\"@id\":\"https:\\\/\\\/canal7slp.tv\\\/2025\\\/aprueban-en-comision-nueva-ley-organica-para-la-armada-de-mexico\\\/\"},\"wordCount\":214,\"publisher\":{\"@id\":\"https:\\\/\\\/canal7slp.tv\\\/2025\\\/#organization\"},\"image\":{\"@id\":\"https:\\\/\\\/canal7slp.tv\\\/2025\\\/aprueban-en-comision-nueva-ley-organica-para-la-armada-de-mexico\\\/#primaryimage\"},\"thumbnailUrl\":\"https:\\\/\\\/canal7slp.tv\\\/2025\\\/wp-content\\\/uploads\\\/2025\\\/10\\\/07-12.jpg\",\"articleSection\":[\"NACIONALES\"],\"inLanguage\":\"es\"},{\"@type\":\"WebPage\",\"@id\":\"https:\\\/\\\/canal7slp.tv\\\/2025\\\/aprueban-en-comision-nueva-ley-organica-para-la-armada-de-mexico\\\/\",\"url\":\"https:\\\/\\\/canal7slp.tv\\\/2025\\\/aprueban-en-comision-nueva-ley-organica-para-la-armada-de-mexico\\\/\",\"name\":\"Aprueban en comisi\u00f3n nueva Ley Org\u00e1nica para la Armada de M\u00e9xico - Canal 7 SLP - 2025\",\"isPartOf\":{\"@id\":\"https:\\\/\\\/canal7slp.tv\\\/2025\\\/#website\"},\"primaryImageOfPage\":{\"@id\":\"https:\\\/\\\/canal7slp.tv\\\/2025\\\/aprueban-en-comision-nueva-ley-organica-para-la-armada-de-mexico\\\/#primaryimage\"},\"image\":{\"@id\":\"https:\\\/\\\/canal7slp.tv\\\/2025\\\/aprueban-en-comision-nueva-ley-organica-para-la-armada-de-mexico\\\/#primaryimage\"},\"thumbnailUrl\":\"https:\\\/\\\/canal7slp.tv\\\/2025\\\/wp-content\\\/uploads\\\/2025\\\/10\\\/07-12.jpg\",\"datePublished\":\"2025-10-13T21:44:50+00:00\",\"dateModified\":\"2025-12-10T14:47:04+00:00\",\"breadcrumb\":{\"@id\":\"https:\\\/\\\/canal7slp.tv\\\/2025\\\/aprueban-en-comision-nueva-ley-organica-para-la-armada-de-mexico\\\/#breadcrumb\"},\"inLanguage\":\"es\",\"potentialAction\":[{\"@type\":\"ReadAction\",\"target\":[\"https:\\\/\\\/canal7slp.tv\\\/2025\\\/aprueban-en-comision-nueva-ley-organica-para-la-armada-de-mexico\\\/\"]}]},{\"@type\":\"ImageObject\",\"inLanguage\":\"es\",\"@id\":\"https:\\\/\\\/canal7slp.tv\\\/2025\\\/aprueban-en-comision-nueva-ley-organica-para-la-armada-de-mexico\\\/#primaryimage\",\"url\":\"https:\\\/\\\/canal7slp.tv\\\/2025\\\/wp-content\\\/uploads\\\/2025\\\/10\\\/07-12.jpg\",\"contentUrl\":\"https:\\\/\\\/canal7slp.tv\\\/2025\\\/wp-content\\\/uploads\\\/2025\\\/10\\\/07-12.jpg\",\"width\":803,\"height\":500},{\"@type\":\"BreadcrumbList\",\"@id\":\"https:\\\/\\\/canal7slp.tv\\\/2025\\\/aprueban-en-comision-nueva-ley-organica-para-la-armada-de-mexico\\\/#breadcrumb\",\"itemListElement\":[{\"@type\":\"ListItem\",\"position\":1,\"name\":\"Portada\",\"item\":\"https:\\\/\\\/canal7slp.tv\\\/2025\\\/\"},{\"@type\":\"ListItem\",\"position\":2,\"name\":\"Aprueban en comisi\u00f3n nueva Ley Org\u00e1nica para la Armada de M\u00e9xico\"}]},{\"@type\":\"WebSite\",\"@id\":\"https:\\\/\\\/canal7slp.tv\\\/2025\\\/#website\",\"url\":\"https:\\\/\\\/canal7slp.tv\\\/2025\\\/\",\"name\":\"N7 - Noticieros Canal 7\",\"description\":\"Somos el Medio\",\"publisher\":{\"@id\":\"https:\\\/\\\/canal7slp.tv\\\/2025\\\/#organization\"},\"potentialAction\":[{\"@type\":\"SearchAction\",\"target\":{\"@type\":\"EntryPoint\",\"urlTemplate\":\"https:\\\/\\\/canal7slp.tv\\\/2025\\\/?s={search_term_string}\"},\"query-input\":{\"@type\":\"PropertyValueSpecification\",\"valueRequired\":true,\"valueName\":\"search_term_string\"}}],\"inLanguage\":\"es\"},{\"@type\":\"Organization\",\"@id\":\"https:\\\/\\\/canal7slp.tv\\\/2025\\\/#organization\",\"name\":\"Noticieros Canal 7\",\"url\":\"https:\\\/\\\/canal7slp.tv\\\/2025\\\/\",\"logo\":{\"@type\":\"ImageObject\",\"inLanguage\":\"es\",\"@id\":\"https:\\\/\\\/canal7slp.tv\\\/2025\\\/#\\\/schema\\\/logo\\\/image\\\/\",\"url\":\"https:\\\/\\\/canal7slp.tv\\\/2025\\\/wp-content\\\/uploads\\\/2021\\\/01\\\/logo-noticieros@2x.png\",\"contentUrl\":\"https:\\\/\\\/canal7slp.tv\\\/2025\\\/wp-content\\\/uploads\\\/2021\\\/01\\\/logo-noticieros@2x.png\",\"width\":1017,\"height\":268,\"caption\":\"Noticieros Canal 7\"},\"image\":{\"@id\":\"https:\\\/\\\/canal7slp.tv\\\/2025\\\/#\\\/schema\\\/logo\\\/image\\\/\"},\"sameAs\":[\"https:\\\/\\\/www.facebook.com\\\/noticieroscanal7atencionciudadana\\\/\",\"https:\\\/\\\/x.com\\\/NOTICIEROS7\",\"https:\\\/\\\/www.instagram.com\\\/canal7_slp\",\"https:\\\/\\\/www.youtube.com\\\/channel\\\/UCliiYs-gP3JfJeqdPrNdd5A\"]},{\"@type\":\"Person\",\"@id\":\"https:\\\/\\\/canal7slp.tv\\\/2025\\\/#\\\/schema\\\/person\\\/271e2b60a96e7cc9d9ac296f4d7e414b\",\"name\":\"Edici\u00f3n Web\",\"image\":{\"@type\":\"ImageObject\",\"inLanguage\":\"es\",\"@id\":\"https:\\\/\\\/secure.gravatar.com\\\/avatar\\\/eee448fc3f7164808013b816ba91ac7e43bbe82a70bebac296f8bc6f0addaa1a?s=96&d=mm&r=g\",\"url\":\"https:\\\/\\\/secure.gravatar.com\\\/avatar\\\/eee448fc3f7164808013b816ba91ac7e43bbe82a70bebac296f8bc6f0addaa1a?s=96&d=mm&r=g\",\"contentUrl\":\"https:\\\/\\\/secure.gravatar.com\\\/avatar\\\/eee448fc3f7164808013b816ba91ac7e43bbe82a70bebac296f8bc6f0addaa1a?s=96&d=mm&r=g\",\"caption\":\"Edici\u00f3n Web\"},\"url\":\"https:\\\/\\\/canal7slp.tv\\\/2025\\\/author\\\/edicionweb\\\/\"}]}<\/script>\n<!-- \/ Yoast SEO plugin. -->","yoast_head_json":{"title":"Aprueban en comisi\u00f3n nueva Ley Org\u00e1nica para la Armada de M\u00e9xico - Canal 7 SLP - 2025","robots":{"index":"index","follow":"follow","max-snippet":"max-snippet:-1","max-image-preview":"max-image-preview:large","max-video-preview":"max-video-preview:-1"},"canonical":"https:\/\/canal7slp.tv\/2025\/aprueban-en-comision-nueva-ley-organica-para-la-armada-de-mexico\/","og_locale":"es_ES","og_type":"article","og_title":"Aprueban en comisi\u00f3n nueva Ley Org\u00e1nica para la Armada de M\u00e9xico - Canal 7 SLP - 2025","og_description":"M\u00e9xico.- La Comisi\u00f3n de Marina de la C\u00e1mara de Diputados aprob\u00f3 una iniciativa para expedir una nueva Ley Org\u00e1nica de la Armada de M\u00e9xico. La propuesta fue avalada con 14 votos a favor y cuatro en contra. De acuerdo con los promotores de la iniciativa, el objetivo es actualizar el marco jur\u00eddico de la instituci\u00f3n para armonizarlo con sus atribuciones actuales y con las estrategias establecidas en el Plan Nacional de Desarrollo. Entre los aspectos que incorpora se encuentra la redefinici\u00f3n de la organizaci\u00f3n de las fuerzas navales, la creaci\u00f3n de una Subsecretar\u00eda de Asuntos Mar\u00edtimos y el establecimiento de [&hellip;]","og_url":"https:\/\/canal7slp.tv\/2025\/aprueban-en-comision-nueva-ley-organica-para-la-armada-de-mexico\/","og_site_name":"Canal 7 SLP - 2025","article_publisher":"https:\/\/www.facebook.com\/noticieroscanal7atencionciudadana\/","article_published_time":"2025-10-13T21:44:50+00:00","article_modified_time":"2025-12-10T14:47:04+00:00","og_image":[{"width":803,"height":500,"url":"https:\/\/canal7slp.tv\/2025\/wp-content\/uploads\/2025\/10\/07-12.jpg","type":"image\/jpeg"}],"author":"Edici\u00f3n Web","twitter_card":"summary_large_image","twitter_creator":"@NOTICIEROS7","twitter_site":"@NOTICIEROS7","twitter_misc":{"Escrito por":"Edici\u00f3n Web","Tiempo de lectura":"2 minutos"},"schema":{"@context":"https:\/\/schema.org","@graph":[{"@type":"Article","@id":"https:\/\/canal7slp.tv\/2025\/aprueban-en-comision-nueva-ley-organica-para-la-armada-de-mexico\/#article","isPartOf":{"@id":"https:\/\/canal7slp.tv\/2025\/aprueban-en-comision-nueva-ley-organica-para-la-armada-de-mexico\/"},"author":{"name":"Edici\u00f3n Web","@id":"https:\/\/canal7slp.tv\/2025\/#\/schema\/person\/271e2b60a96e7cc9d9ac296f4d7e414b"},"headline":"Aprueban en comisi\u00f3n nueva Ley Org\u00e1nica para la Armada de M\u00e9xico","datePublished":"2025-10-13T21:44:50+00:00","dateModified":"2025-12-10T14:47:04+00:00","mainEntityOfPage":{"@id":"https:\/\/canal7slp.tv\/2025\/aprueban-en-comision-nueva-ley-organica-para-la-armada-de-mexico\/"},"wordCount":214,"publisher":{"@id":"https:\/\/canal7slp.tv\/2025\/#organization"},"image":{"@id":"https:\/\/canal7slp.tv\/2025\/aprueban-en-comision-nueva-ley-organica-para-la-armada-de-mexico\/#primaryimage"},"thumbnailUrl":"https:\/\/canal7slp.tv\/2025\/wp-content\/uploads\/2025\/10\/07-12.jpg","articleSection":["NACIONALES"],"inLanguage":"es"},{"@type":"WebPage","@id":"https:\/\/canal7slp.tv\/2025\/aprueban-en-comision-nueva-ley-organica-para-la-armada-de-mexico\/","url":"https:\/\/canal7slp.tv\/2025\/aprueban-en-comision-nueva-ley-organica-para-la-armada-de-mexico\/","name":"Aprueban en comisi\u00f3n nueva Ley Org\u00e1nica para la Armada de M\u00e9xico - Canal 7 SLP - 2025","isPartOf":{"@id":"https:\/\/canal7slp.tv\/2025\/#website"},"primaryImageOfPage":{"@id":"https:\/\/canal7slp.tv\/2025\/aprueban-en-comision-nueva-ley-organica-para-la-armada-de-mexico\/#primaryimage"},"image":{"@id":"https:\/\/canal7slp.tv\/2025\/aprueban-en-comision-nueva-ley-organica-para-la-armada-de-mexico\/#primaryimage"},"thumbnailUrl":"https:\/\/canal7slp.tv\/2025\/wp-content\/uploads\/2025\/10\/07-12.jpg","datePublished":"2025-10-13T21:44:50+00:00","dateModified":"2025-12-10T14:47:04+00:00","breadcrumb":{"@id":"https:\/\/canal7slp.tv\/2025\/aprueban-en-comision-nueva-ley-organica-para-la-armada-de-mexico\/#breadcrumb"},"inLanguage":"es","potentialAction":[{"@type":"ReadAction","target":["https:\/\/canal7slp.tv\/2025\/aprueban-en-comision-nueva-ley-organica-para-la-armada-de-mexico\/"]}]},{"@type":"ImageObject","inLanguage":"es","@id":"https:\/\/canal7slp.tv\/2025\/aprueban-en-comision-nueva-ley-organica-para-la-armada-de-mexico\/#primaryimage","url":"https:\/\/canal7slp.tv\/2025\/wp-content\/uploads\/2025\/10\/07-12.jpg","contentUrl":"https:\/\/canal7slp.tv\/2025\/wp-content\/uploads\/2025\/10\/07-12.jpg","width":803,"height":500},{"@type":"BreadcrumbList","@id":"https:\/\/canal7slp.tv\/2025\/aprueban-en-comision-nueva-ley-organica-para-la-armada-de-mexico\/#breadcrumb","itemListElement":[{"@type":"ListItem","position":1,"name":"Portada","item":"https:\/\/canal7slp.tv\/2025\/"},{"@type":"ListItem","position":2,"name":"Aprueban en comisi\u00f3n nueva Ley Org\u00e1nica para la Armada de M\u00e9xico"}]},{"@type":"WebSite","@id":"https:\/\/canal7slp.tv\/2025\/#website","url":"https:\/\/canal7slp.tv\/2025\/","name":"N7 - Noticieros Canal 7","description":"Somos el Medio","publisher":{"@id":"https:\/\/canal7slp.tv\/2025\/#organization"},"potentialAction":[{"@type":"SearchAction","target":{"@type":"EntryPoint","urlTemplate":"https:\/\/canal7slp.tv\/2025\/?s={search_term_string}"},"query-input":{"@type":"PropertyValueSpecification","valueRequired":true,"valueName":"search_term_string"}}],"inLanguage":"es"},{"@type":"Organization","@id":"https:\/\/canal7slp.tv\/2025\/#organization","name":"Noticieros Canal 7","url":"https:\/\/canal7slp.tv\/2025\/","logo":{"@type":"ImageObject","inLanguage":"es","@id":"https:\/\/canal7slp.tv\/2025\/#\/schema\/logo\/image\/","url":"https:\/\/canal7slp.tv\/2025\/wp-content\/uploads\/2021\/01\/logo-noticieros@2x.png","contentUrl":"https:\/\/canal7slp.tv\/2025\/wp-content\/uploads\/2021\/01\/logo-noticieros@2x.png","width":1017,"height":268,"caption":"Noticieros Canal 7"},"image":{"@id":"https:\/\/canal7slp.tv\/2025\/#\/schema\/logo\/image\/"},"sameAs":["https:\/\/www.facebook.com\/noticieroscanal7atencionciudadana\/","https:\/\/x.com\/NOTICIEROS7","https:\/\/www.instagram.com\/canal7_slp","https:\/\/www.youtube.com\/channel\/UCliiYs-gP3JfJeqdPrNdd5A"]},{"@type":"Person","@id":"https:\/\/canal7slp.tv\/2025\/#\/schema\/person\/271e2b60a96e7cc9d9ac296f4d7e414b","name":"Edici\u00f3n Web","image":{"@type":"ImageObject","inLanguage":"es","@id":"https:\/\/secure.gravatar.com\/avatar\/eee448fc3f7164808013b816ba91ac7e43bbe82a70bebac296f8bc6f0addaa1a?s=96&d=mm&r=g","url":"https:\/\/secure.gravatar.com\/avatar\/eee448fc3f7164808013b816ba91ac7e43bbe82a70bebac296f8bc6f0addaa1a?s=96&d=mm&r=g","contentUrl":"https:\/\/secure.gravatar.com\/avatar\/eee448fc3f7164808013b816ba91ac7e43bbe82a70bebac296f8bc6f0addaa1a?s=96&d=mm&r=g","caption":"Edici\u00f3n Web"},"url":"https:\/\/canal7slp.tv\/2025\/author\/edicionweb\/"}]}},"_links":{"self":[{"href":"https:\/\/canal7slp.tv\/2025\/wp-json\/wp\/v2\/posts\/181911","targetHints":{"allow":["GET"]}}],"collection":[{"href":"https:\/\/canal7slp.tv\/2025\/wp-json\/wp\/v2\/posts"}],"about":[{"href":"https:\/\/canal7slp.tv\/2025\/wp-json\/wp\/v2\/types\/post"}],"author":[{"embeddable":true,"href":"https:\/\/canal7slp.tv\/2025\/wp-json\/wp\/v2\/users\/2"}],"replies":[{"embeddable":true,"href":"https:\/\/canal7slp.tv\/2025\/wp-json\/wp\/v2\/comments?post=181911"}],"version-history":[{"count":1,"href":"https:\/\/canal7slp.tv\/2025\/wp-json\/wp\/v2\/posts\/181911\/revisions"}],"predecessor-version":[{"id":181919,"href":"https:\/\/canal7slp.tv\/2025\/wp-json\/wp\/v2\/posts\/181911\/revisions\/181919"}],"wp:featuredmedia":[{"embeddable":true,"href":"https:\/\/canal7slp.tv\/2025\/wp-json\/wp\/v2\/media\/181918"}],"wp:attachment":[{"href":"https:\/\/canal7slp.tv\/2025\/wp-json\/wp\/v2\/media?parent=181911"}],"wp:term":[{"taxonomy":"category","embeddable":true,"href":"https:\/\/canal7slp.tv\/2025\/wp-json\/wp\/v2\/categories?post=181911"},{"taxonomy":"post_tag","embeddable":true,"href":"https:\/\/canal7slp.tv\/2025\/wp-json\/wp\/v2\/tags?post=181911"}],"curies":[{"name":"wp","href":"https:\/\/api.w.org\/{rel}","templated":true}]}}