{"id":181902,"date":"2025-10-13T14:55:27","date_gmt":"2025-10-13T20:55:27","guid":{"rendered":"https:\/\/canal7slp.tv\/2025\/?p=181902"},"modified":"2025-10-13T14:55:27","modified_gmt":"2025-10-13T20:55:27","slug":"jesus-eduardo-ponce-bueno-conquista-plata-y-bronce-en-mundial-de-parapowerlifting","status":"publish","type":"post","link":"https:\/\/canal7slp.tv\/2025\/jesus-eduardo-ponce-bueno-conquista-plata-y-bronce-en-mundial-de-parapowerlifting\/","title":{"rendered":"Jes\u00fas Eduardo Ponce Bueno conquista plata y bronce en Mundial de Parapowerlifting"},"content":{"rendered":"<p style=\"text-align: justify;\">SLP.- \u00c9l para atleta potosino Jes\u00fas Eduardo Ponce Bueno conquist\u00f3 las medallas de plata y bronce en el Campeonato Mundial de Para Powerlifting El Cairo 2025, al levantar 95 kilogramos en la categor\u00eda Rookie, logrando el segundo lugar general y el bronce en la categor\u00eda de mejor levantamiento.<\/p>\n<p style=\"text-align: justify;\">Ponce Bueno logr\u00f3 un levantamiento de 95 kilogramos, coloc\u00e1ndose en el segundo lugar de la categor\u00eda Rookie, convirti\u00e9ndose as\u00ed en el primer medallista mexicano en esta competencia.<\/p>\n<p style=\"text-align: justify;\">Luego de esta competencia el para atleta potosino seguir\u00e1 concentrado en el Comit\u00e9 Paral\u00edmpico Mexicano junto a la selecci\u00f3n nacional de parapowerlifting, alistando su preparaci\u00f3n para representar a M\u00e9xico en los Juegos Parapanamericanos Juveniles, que se celebrar\u00e1n en Santiago de Chile, del 31 de octubre al 9 de noviembre.<\/p>\n<p style=\"text-align: justify;\">Su logro m\u00e1s reciente en territorio nacional fueron las dos medallas de oro en la Paralimpiada 2025 que se celebra en Aguascalientes.<\/p>\n","protected":false},"excerpt":{"rendered":"<p>SLP.- \u00c9l para atleta potosino Jes\u00fas Eduardo Ponce Bueno conquist\u00f3 las medallas de plata y bronce en el Campeonato Mundial de Para Powerlifting El Cairo 2025, al levantar 95 kilogramos en la categor\u00eda Rookie, logrando el segundo lugar general y el bronce en la categor\u00eda de mejor levantamiento. Ponce Bueno logr\u00f3 un levantamiento de 95 kilogramos, coloc\u00e1ndose en el segundo lugar de la categor\u00eda Rookie, convirti\u00e9ndose as\u00ed en el primer medallista mexicano en esta competencia. Luego de esta competencia el para atleta potosino seguir\u00e1 concentrado en el Comit\u00e9 Paral\u00edmpico Mexicano junto a la selecci\u00f3n nacional de parapowerlifting, alistando su preparaci\u00f3n [&hellip;]<\/p>\n","protected":false},"author":2,"featured_media":181904,"comment_status":"closed","ping_status":"closed","sticky":false,"template":"","format":"video","meta":{"_monsterinsights_skip_tracking":false,"_monsterinsights_sitenote_active":false,"_monsterinsights_sitenote_note":"","_monsterinsights_sitenote_category":0,"footnotes":""},"categories":[7,5],"tags":[],"class_list":["post-181902","post","type-post","status-publish","format-video","has-post-thumbnail","hentry","category-deportes","category-destacadas","post_format-post-format-video","post--single"],"yoast_head":"<!-- This site is optimized with the Yoast SEO plugin v27.4 - https:\/\/yoast.com\/product\/yoast-seo-wordpress\/ -->\n<title>Jes\u00fas Eduardo Ponce Bueno conquista plata y bronce en Mundial de Parapowerlifting - Canal 7 SLP - 2025<\/title>\n<meta name=\"robots\" content=\"index, follow, max-snippet:-1, max-image-preview:large, max-video-preview:-1\" \/>\n<link rel=\"canonical\" href=\"https:\/\/canal7slp.tv\/2025\/jesus-eduardo-ponce-bueno-conquista-plata-y-bronce-en-mundial-de-parapowerlifting\/\" \/>\n<meta property=\"og:locale\" content=\"es_ES\" \/>\n<meta property=\"og:type\" content=\"article\" \/>\n<meta property=\"og:title\" content=\"Jes\u00fas Eduardo Ponce Bueno conquista plata y bronce en Mundial de Parapowerlifting - Canal 7 SLP - 2025\" \/>\n<meta property=\"og:description\" content=\"SLP.- \u00c9l para atleta potosino Jes\u00fas Eduardo Ponce Bueno conquist\u00f3 las medallas de plata y bronce en el Campeonato Mundial de Para Powerlifting El Cairo 2025, al levantar 95 kilogramos en la categor\u00eda Rookie, logrando el segundo lugar general y el bronce en la categor\u00eda de mejor levantamiento. Ponce Bueno logr\u00f3 un levantamiento de 95 kilogramos, coloc\u00e1ndose en el segundo lugar de la categor\u00eda Rookie, convirti\u00e9ndose as\u00ed en el primer medallista mexicano en esta competencia. Luego de esta competencia el para atleta potosino seguir\u00e1 concentrado en el Comit\u00e9 Paral\u00edmpico Mexicano junto a la selecci\u00f3n nacional de parapowerlifting, alistando su preparaci\u00f3n [&hellip;]\" \/>\n<meta property=\"og:url\" content=\"https:\/\/canal7slp.tv\/2025\/jesus-eduardo-ponce-bueno-conquista-plata-y-bronce-en-mundial-de-parapowerlifting\/\" \/>\n<meta property=\"og:site_name\" content=\"Canal 7 SLP - 2025\" \/>\n<meta property=\"article:publisher\" content=\"https:\/\/www.facebook.com\/noticieroscanal7atencionciudadana\/\" \/>\n<meta property=\"article:published_time\" content=\"2025-10-13T20:55:27+00:00\" \/>\n<meta property=\"og:image\" content=\"https:\/\/canal7slp.tv\/2025\/wp-content\/uploads\/2025\/10\/Froi03ParaPowerlifting.jpg\" \/>\n\t<meta property=\"og:image:width\" content=\"1280\" \/>\n\t<meta property=\"og:image:height\" content=\"720\" \/>\n\t<meta property=\"og:image:type\" content=\"image\/jpeg\" \/>\n<meta name=\"author\" content=\"Edici\u00f3n Web\" \/>\n<meta name=\"twitter:card\" content=\"summary_large_image\" \/>\n<meta name=\"twitter:creator\" content=\"@NOTICIEROS7\" \/>\n<meta name=\"twitter:site\" content=\"@NOTICIEROS7\" \/>\n<meta name=\"twitter:label1\" content=\"Escrito por\" \/>\n\t<meta name=\"twitter:data1\" content=\"Edici\u00f3n Web\" \/>\n\t<meta name=\"twitter:label2\" content=\"Tiempo de lectura\" \/>\n\t<meta name=\"twitter:data2\" content=\"1 minuto\" \/>\n<script type=\"application\/ld+json\" class=\"yoast-schema-graph\">{\"@context\":\"https:\\\/\\\/schema.org\",\"@graph\":[{\"@type\":\"Article\",\"@id\":\"https:\\\/\\\/canal7slp.tv\\\/2025\\\/jesus-eduardo-ponce-bueno-conquista-plata-y-bronce-en-mundial-de-parapowerlifting\\\/#article\",\"isPartOf\":{\"@id\":\"https:\\\/\\\/canal7slp.tv\\\/2025\\\/jesus-eduardo-ponce-bueno-conquista-plata-y-bronce-en-mundial-de-parapowerlifting\\\/\"},\"author\":{\"name\":\"Edici\u00f3n Web\",\"@id\":\"https:\\\/\\\/canal7slp.tv\\\/2025\\\/#\\\/schema\\\/person\\\/271e2b60a96e7cc9d9ac296f4d7e414b\"},\"headline\":\"Jes\u00fas Eduardo Ponce Bueno conquista plata y bronce en Mundial de Parapowerlifting\",\"datePublished\":\"2025-10-13T20:55:27+00:00\",\"mainEntityOfPage\":{\"@id\":\"https:\\\/\\\/canal7slp.tv\\\/2025\\\/jesus-eduardo-ponce-bueno-conquista-plata-y-bronce-en-mundial-de-parapowerlifting\\\/\"},\"wordCount\":166,\"publisher\":{\"@id\":\"https:\\\/\\\/canal7slp.tv\\\/2025\\\/#organization\"},\"image\":{\"@id\":\"https:\\\/\\\/canal7slp.tv\\\/2025\\\/jesus-eduardo-ponce-bueno-conquista-plata-y-bronce-en-mundial-de-parapowerlifting\\\/#primaryimage\"},\"thumbnailUrl\":\"https:\\\/\\\/canal7slp.tv\\\/2025\\\/wp-content\\\/uploads\\\/2025\\\/10\\\/Froi03ParaPowerlifting.jpg\",\"articleSection\":[\"DEPORTES\",\"DESTACADAS\"],\"inLanguage\":\"es\"},{\"@type\":\"WebPage\",\"@id\":\"https:\\\/\\\/canal7slp.tv\\\/2025\\\/jesus-eduardo-ponce-bueno-conquista-plata-y-bronce-en-mundial-de-parapowerlifting\\\/\",\"url\":\"https:\\\/\\\/canal7slp.tv\\\/2025\\\/jesus-eduardo-ponce-bueno-conquista-plata-y-bronce-en-mundial-de-parapowerlifting\\\/\",\"name\":\"Jes\u00fas Eduardo Ponce Bueno conquista plata y bronce en Mundial de Parapowerlifting - Canal 7 SLP - 2025\",\"isPartOf\":{\"@id\":\"https:\\\/\\\/canal7slp.tv\\\/2025\\\/#website\"},\"primaryImageOfPage\":{\"@id\":\"https:\\\/\\\/canal7slp.tv\\\/2025\\\/jesus-eduardo-ponce-bueno-conquista-plata-y-bronce-en-mundial-de-parapowerlifting\\\/#primaryimage\"},\"image\":{\"@id\":\"https:\\\/\\\/canal7slp.tv\\\/2025\\\/jesus-eduardo-ponce-bueno-conquista-plata-y-bronce-en-mundial-de-parapowerlifting\\\/#primaryimage\"},\"thumbnailUrl\":\"https:\\\/\\\/canal7slp.tv\\\/2025\\\/wp-content\\\/uploads\\\/2025\\\/10\\\/Froi03ParaPowerlifting.jpg\",\"datePublished\":\"2025-10-13T20:55:27+00:00\",\"breadcrumb\":{\"@id\":\"https:\\\/\\\/canal7slp.tv\\\/2025\\\/jesus-eduardo-ponce-bueno-conquista-plata-y-bronce-en-mundial-de-parapowerlifting\\\/#breadcrumb\"},\"inLanguage\":\"es\",\"potentialAction\":[{\"@type\":\"ReadAction\",\"target\":[\"https:\\\/\\\/canal7slp.tv\\\/2025\\\/jesus-eduardo-ponce-bueno-conquista-plata-y-bronce-en-mundial-de-parapowerlifting\\\/\"]}]},{\"@type\":\"ImageObject\",\"inLanguage\":\"es\",\"@id\":\"https:\\\/\\\/canal7slp.tv\\\/2025\\\/jesus-eduardo-ponce-bueno-conquista-plata-y-bronce-en-mundial-de-parapowerlifting\\\/#primaryimage\",\"url\":\"https:\\\/\\\/canal7slp.tv\\\/2025\\\/wp-content\\\/uploads\\\/2025\\\/10\\\/Froi03ParaPowerlifting.jpg\",\"contentUrl\":\"https:\\\/\\\/canal7slp.tv\\\/2025\\\/wp-content\\\/uploads\\\/2025\\\/10\\\/Froi03ParaPowerlifting.jpg\",\"width\":1280,\"height\":720},{\"@type\":\"BreadcrumbList\",\"@id\":\"https:\\\/\\\/canal7slp.tv\\\/2025\\\/jesus-eduardo-ponce-bueno-conquista-plata-y-bronce-en-mundial-de-parapowerlifting\\\/#breadcrumb\",\"itemListElement\":[{\"@type\":\"ListItem\",\"position\":1,\"name\":\"Portada\",\"item\":\"https:\\\/\\\/canal7slp.tv\\\/2025\\\/\"},{\"@type\":\"ListItem\",\"position\":2,\"name\":\"Jes\u00fas Eduardo Ponce Bueno conquista plata y bronce en Mundial de Parapowerlifting\"}]},{\"@type\":\"WebSite\",\"@id\":\"https:\\\/\\\/canal7slp.tv\\\/2025\\\/#website\",\"url\":\"https:\\\/\\\/canal7slp.tv\\\/2025\\\/\",\"name\":\"N7 - Noticieros Canal 7\",\"description\":\"Somos el Medio\",\"publisher\":{\"@id\":\"https:\\\/\\\/canal7slp.tv\\\/2025\\\/#organization\"},\"potentialAction\":[{\"@type\":\"SearchAction\",\"target\":{\"@type\":\"EntryPoint\",\"urlTemplate\":\"https:\\\/\\\/canal7slp.tv\\\/2025\\\/?s={search_term_string}\"},\"query-input\":{\"@type\":\"PropertyValueSpecification\",\"valueRequired\":true,\"valueName\":\"search_term_string\"}}],\"inLanguage\":\"es\"},{\"@type\":\"Organization\",\"@id\":\"https:\\\/\\\/canal7slp.tv\\\/2025\\\/#organization\",\"name\":\"Noticieros Canal 7\",\"url\":\"https:\\\/\\\/canal7slp.tv\\\/2025\\\/\",\"logo\":{\"@type\":\"ImageObject\",\"inLanguage\":\"es\",\"@id\":\"https:\\\/\\\/canal7slp.tv\\\/2025\\\/#\\\/schema\\\/logo\\\/image\\\/\",\"url\":\"https:\\\/\\\/canal7slp.tv\\\/2025\\\/wp-content\\\/uploads\\\/2021\\\/01\\\/logo-noticieros@2x.png\",\"contentUrl\":\"https:\\\/\\\/canal7slp.tv\\\/2025\\\/wp-content\\\/uploads\\\/2021\\\/01\\\/logo-noticieros@2x.png\",\"width\":1017,\"height\":268,\"caption\":\"Noticieros Canal 7\"},\"image\":{\"@id\":\"https:\\\/\\\/canal7slp.tv\\\/2025\\\/#\\\/schema\\\/logo\\\/image\\\/\"},\"sameAs\":[\"https:\\\/\\\/www.facebook.com\\\/noticieroscanal7atencionciudadana\\\/\",\"https:\\\/\\\/x.com\\\/NOTICIEROS7\",\"https:\\\/\\\/www.instagram.com\\\/canal7_slp\",\"https:\\\/\\\/www.youtube.com\\\/channel\\\/UCliiYs-gP3JfJeqdPrNdd5A\"]},{\"@type\":\"Person\",\"@id\":\"https:\\\/\\\/canal7slp.tv\\\/2025\\\/#\\\/schema\\\/person\\\/271e2b60a96e7cc9d9ac296f4d7e414b\",\"name\":\"Edici\u00f3n Web\",\"image\":{\"@type\":\"ImageObject\",\"inLanguage\":\"es\",\"@id\":\"https:\\\/\\\/secure.gravatar.com\\\/avatar\\\/eee448fc3f7164808013b816ba91ac7e43bbe82a70bebac296f8bc6f0addaa1a?s=96&d=mm&r=g\",\"url\":\"https:\\\/\\\/secure.gravatar.com\\\/avatar\\\/eee448fc3f7164808013b816ba91ac7e43bbe82a70bebac296f8bc6f0addaa1a?s=96&d=mm&r=g\",\"contentUrl\":\"https:\\\/\\\/secure.gravatar.com\\\/avatar\\\/eee448fc3f7164808013b816ba91ac7e43bbe82a70bebac296f8bc6f0addaa1a?s=96&d=mm&r=g\",\"caption\":\"Edici\u00f3n Web\"},\"url\":\"https:\\\/\\\/canal7slp.tv\\\/2025\\\/author\\\/edicionweb\\\/\"}]}<\/script>\n<!-- \/ Yoast SEO plugin. -->","yoast_head_json":{"title":"Jes\u00fas Eduardo Ponce Bueno conquista plata y bronce en Mundial de Parapowerlifting - Canal 7 SLP - 2025","robots":{"index":"index","follow":"follow","max-snippet":"max-snippet:-1","max-image-preview":"max-image-preview:large","max-video-preview":"max-video-preview:-1"},"canonical":"https:\/\/canal7slp.tv\/2025\/jesus-eduardo-ponce-bueno-conquista-plata-y-bronce-en-mundial-de-parapowerlifting\/","og_locale":"es_ES","og_type":"article","og_title":"Jes\u00fas Eduardo Ponce Bueno conquista plata y bronce en Mundial de Parapowerlifting - Canal 7 SLP - 2025","og_description":"SLP.- \u00c9l para atleta potosino Jes\u00fas Eduardo Ponce Bueno conquist\u00f3 las medallas de plata y bronce en el Campeonato Mundial de Para Powerlifting El Cairo 2025, al levantar 95 kilogramos en la categor\u00eda Rookie, logrando el segundo lugar general y el bronce en la categor\u00eda de mejor levantamiento. Ponce Bueno logr\u00f3 un levantamiento de 95 kilogramos, coloc\u00e1ndose en el segundo lugar de la categor\u00eda Rookie, convirti\u00e9ndose as\u00ed en el primer medallista mexicano en esta competencia. Luego de esta competencia el para atleta potosino seguir\u00e1 concentrado en el Comit\u00e9 Paral\u00edmpico Mexicano junto a la selecci\u00f3n nacional de parapowerlifting, alistando su preparaci\u00f3n [&hellip;]","og_url":"https:\/\/canal7slp.tv\/2025\/jesus-eduardo-ponce-bueno-conquista-plata-y-bronce-en-mundial-de-parapowerlifting\/","og_site_name":"Canal 7 SLP - 2025","article_publisher":"https:\/\/www.facebook.com\/noticieroscanal7atencionciudadana\/","article_published_time":"2025-10-13T20:55:27+00:00","og_image":[{"width":1280,"height":720,"url":"https:\/\/canal7slp.tv\/2025\/wp-content\/uploads\/2025\/10\/Froi03ParaPowerlifting.jpg","type":"image\/jpeg"}],"author":"Edici\u00f3n Web","twitter_card":"summary_large_image","twitter_creator":"@NOTICIEROS7","twitter_site":"@NOTICIEROS7","twitter_misc":{"Escrito por":"Edici\u00f3n Web","Tiempo de lectura":"1 minuto"},"schema":{"@context":"https:\/\/schema.org","@graph":[{"@type":"Article","@id":"https:\/\/canal7slp.tv\/2025\/jesus-eduardo-ponce-bueno-conquista-plata-y-bronce-en-mundial-de-parapowerlifting\/#article","isPartOf":{"@id":"https:\/\/canal7slp.tv\/2025\/jesus-eduardo-ponce-bueno-conquista-plata-y-bronce-en-mundial-de-parapowerlifting\/"},"author":{"name":"Edici\u00f3n Web","@id":"https:\/\/canal7slp.tv\/2025\/#\/schema\/person\/271e2b60a96e7cc9d9ac296f4d7e414b"},"headline":"Jes\u00fas Eduardo Ponce Bueno conquista plata y bronce en Mundial de Parapowerlifting","datePublished":"2025-10-13T20:55:27+00:00","mainEntityOfPage":{"@id":"https:\/\/canal7slp.tv\/2025\/jesus-eduardo-ponce-bueno-conquista-plata-y-bronce-en-mundial-de-parapowerlifting\/"},"wordCount":166,"publisher":{"@id":"https:\/\/canal7slp.tv\/2025\/#organization"},"image":{"@id":"https:\/\/canal7slp.tv\/2025\/jesus-eduardo-ponce-bueno-conquista-plata-y-bronce-en-mundial-de-parapowerlifting\/#primaryimage"},"thumbnailUrl":"https:\/\/canal7slp.tv\/2025\/wp-content\/uploads\/2025\/10\/Froi03ParaPowerlifting.jpg","articleSection":["DEPORTES","DESTACADAS"],"inLanguage":"es"},{"@type":"WebPage","@id":"https:\/\/canal7slp.tv\/2025\/jesus-eduardo-ponce-bueno-conquista-plata-y-bronce-en-mundial-de-parapowerlifting\/","url":"https:\/\/canal7slp.tv\/2025\/jesus-eduardo-ponce-bueno-conquista-plata-y-bronce-en-mundial-de-parapowerlifting\/","name":"Jes\u00fas Eduardo Ponce Bueno conquista plata y bronce en Mundial de Parapowerlifting - Canal 7 SLP - 2025","isPartOf":{"@id":"https:\/\/canal7slp.tv\/2025\/#website"},"primaryImageOfPage":{"@id":"https:\/\/canal7slp.tv\/2025\/jesus-eduardo-ponce-bueno-conquista-plata-y-bronce-en-mundial-de-parapowerlifting\/#primaryimage"},"image":{"@id":"https:\/\/canal7slp.tv\/2025\/jesus-eduardo-ponce-bueno-conquista-plata-y-bronce-en-mundial-de-parapowerlifting\/#primaryimage"},"thumbnailUrl":"https:\/\/canal7slp.tv\/2025\/wp-content\/uploads\/2025\/10\/Froi03ParaPowerlifting.jpg","datePublished":"2025-10-13T20:55:27+00:00","breadcrumb":{"@id":"https:\/\/canal7slp.tv\/2025\/jesus-eduardo-ponce-bueno-conquista-plata-y-bronce-en-mundial-de-parapowerlifting\/#breadcrumb"},"inLanguage":"es","potentialAction":[{"@type":"ReadAction","target":["https:\/\/canal7slp.tv\/2025\/jesus-eduardo-ponce-bueno-conquista-plata-y-bronce-en-mundial-de-parapowerlifting\/"]}]},{"@type":"ImageObject","inLanguage":"es","@id":"https:\/\/canal7slp.tv\/2025\/jesus-eduardo-ponce-bueno-conquista-plata-y-bronce-en-mundial-de-parapowerlifting\/#primaryimage","url":"https:\/\/canal7slp.tv\/2025\/wp-content\/uploads\/2025\/10\/Froi03ParaPowerlifting.jpg","contentUrl":"https:\/\/canal7slp.tv\/2025\/wp-content\/uploads\/2025\/10\/Froi03ParaPowerlifting.jpg","width":1280,"height":720},{"@type":"BreadcrumbList","@id":"https:\/\/canal7slp.tv\/2025\/jesus-eduardo-ponce-bueno-conquista-plata-y-bronce-en-mundial-de-parapowerlifting\/#breadcrumb","itemListElement":[{"@type":"ListItem","position":1,"name":"Portada","item":"https:\/\/canal7slp.tv\/2025\/"},{"@type":"ListItem","position":2,"name":"Jes\u00fas Eduardo Ponce Bueno conquista plata y bronce en Mundial de Parapowerlifting"}]},{"@type":"WebSite","@id":"https:\/\/canal7slp.tv\/2025\/#website","url":"https:\/\/canal7slp.tv\/2025\/","name":"N7 - Noticieros Canal 7","description":"Somos el Medio","publisher":{"@id":"https:\/\/canal7slp.tv\/2025\/#organization"},"potentialAction":[{"@type":"SearchAction","target":{"@type":"EntryPoint","urlTemplate":"https:\/\/canal7slp.tv\/2025\/?s={search_term_string}"},"query-input":{"@type":"PropertyValueSpecification","valueRequired":true,"valueName":"search_term_string"}}],"inLanguage":"es"},{"@type":"Organization","@id":"https:\/\/canal7slp.tv\/2025\/#organization","name":"Noticieros Canal 7","url":"https:\/\/canal7slp.tv\/2025\/","logo":{"@type":"ImageObject","inLanguage":"es","@id":"https:\/\/canal7slp.tv\/2025\/#\/schema\/logo\/image\/","url":"https:\/\/canal7slp.tv\/2025\/wp-content\/uploads\/2021\/01\/logo-noticieros@2x.png","contentUrl":"https:\/\/canal7slp.tv\/2025\/wp-content\/uploads\/2021\/01\/logo-noticieros@2x.png","width":1017,"height":268,"caption":"Noticieros Canal 7"},"image":{"@id":"https:\/\/canal7slp.tv\/2025\/#\/schema\/logo\/image\/"},"sameAs":["https:\/\/www.facebook.com\/noticieroscanal7atencionciudadana\/","https:\/\/x.com\/NOTICIEROS7","https:\/\/www.instagram.com\/canal7_slp","https:\/\/www.youtube.com\/channel\/UCliiYs-gP3JfJeqdPrNdd5A"]},{"@type":"Person","@id":"https:\/\/canal7slp.tv\/2025\/#\/schema\/person\/271e2b60a96e7cc9d9ac296f4d7e414b","name":"Edici\u00f3n Web","image":{"@type":"ImageObject","inLanguage":"es","@id":"https:\/\/secure.gravatar.com\/avatar\/eee448fc3f7164808013b816ba91ac7e43bbe82a70bebac296f8bc6f0addaa1a?s=96&d=mm&r=g","url":"https:\/\/secure.gravatar.com\/avatar\/eee448fc3f7164808013b816ba91ac7e43bbe82a70bebac296f8bc6f0addaa1a?s=96&d=mm&r=g","contentUrl":"https:\/\/secure.gravatar.com\/avatar\/eee448fc3f7164808013b816ba91ac7e43bbe82a70bebac296f8bc6f0addaa1a?s=96&d=mm&r=g","caption":"Edici\u00f3n Web"},"url":"https:\/\/canal7slp.tv\/2025\/author\/edicionweb\/"}]}},"_links":{"self":[{"href":"https:\/\/canal7slp.tv\/2025\/wp-json\/wp\/v2\/posts\/181902","targetHints":{"allow":["GET"]}}],"collection":[{"href":"https:\/\/canal7slp.tv\/2025\/wp-json\/wp\/v2\/posts"}],"about":[{"href":"https:\/\/canal7slp.tv\/2025\/wp-json\/wp\/v2\/types\/post"}],"author":[{"embeddable":true,"href":"https:\/\/canal7slp.tv\/2025\/wp-json\/wp\/v2\/users\/2"}],"replies":[{"embeddable":true,"href":"https:\/\/canal7slp.tv\/2025\/wp-json\/wp\/v2\/comments?post=181902"}],"version-history":[{"count":1,"href":"https:\/\/canal7slp.tv\/2025\/wp-json\/wp\/v2\/posts\/181902\/revisions"}],"predecessor-version":[{"id":181905,"href":"https:\/\/canal7slp.tv\/2025\/wp-json\/wp\/v2\/posts\/181902\/revisions\/181905"}],"wp:featuredmedia":[{"embeddable":true,"href":"https:\/\/canal7slp.tv\/2025\/wp-json\/wp\/v2\/media\/181904"}],"wp:attachment":[{"href":"https:\/\/canal7slp.tv\/2025\/wp-json\/wp\/v2\/media?parent=181902"}],"wp:term":[{"taxonomy":"category","embeddable":true,"href":"https:\/\/canal7slp.tv\/2025\/wp-json\/wp\/v2\/categories?post=181902"},{"taxonomy":"post_tag","embeddable":true,"href":"https:\/\/canal7slp.tv\/2025\/wp-json\/wp\/v2\/tags?post=181902"}],"curies":[{"name":"wp","href":"https:\/\/api.w.org\/{rel}","templated":true}]}}