{"id":181885,"date":"2025-10-13T14:18:31","date_gmt":"2025-10-13T20:18:31","guid":{"rendered":"https:\/\/canal7slp.tv\/2025\/?p=181885"},"modified":"2025-10-13T14:18:31","modified_gmt":"2025-10-13T20:18:31","slug":"el-buen-fin-celebrara-su-15-aniversario-con-nuevo-calendario-y-mas-dias-de-ofertas","status":"publish","type":"post","link":"https:\/\/canal7slp.tv\/2025\/el-buen-fin-celebrara-su-15-aniversario-con-nuevo-calendario-y-mas-dias-de-ofertas\/","title":{"rendered":"\u201cEl Buen Fin\u201d celebrar\u00e1 su 15 aniversario con nuevo calendario y m\u00e1s d\u00edas de ofertas"},"content":{"rendered":"<p style=\"text-align: justify;\">\n<p style=\"text-align: justify;\">M\u00e9xico.- El evento comercial conocido como \u201cEl Buen Fin\u201d se llevar\u00e1 a cabo del 13 al 17 de noviembre de 2025, con un ajuste significativo en su calendario, ya que iniciar\u00e1 un d\u00eda antes, el jueves, en lugar del tradicional viernes.<\/p>\n<p style=\"text-align: justify;\">La modificaci\u00f3n fue acordada entre el gobierno federal y representantes del sector privado, con el objetivo de ampliar el periodo de ventas a cinco d\u00edas completos. La nueva fecha coincide con el fin de semana largo por la conmemoraci\u00f3n del aniversario de la Revoluci\u00f3n Mexicana.<\/p>\n<p style=\"text-align: justify;\">De acuerdo con informaci\u00f3n oficial, la edici\u00f3n de este a\u00f1o contar\u00e1 con la participaci\u00f3n de cadenas comerciales y plataformas de comercio electr\u00f3nico, ofreciendo descuentos directos, pagos a meses sin intereses y promociones exclusivas para compras en l\u00ednea.<\/p>\n<p style=\"text-align: justify;\">La Secretar\u00eda de Econom\u00eda precis\u00f3 que el ajuste en las fechas forma parte de las actualizaciones al programa en su decimoquinto aniversario, con el prop\u00f3sito de fortalecer la integraci\u00f3n entre el comercio f\u00edsico y digital.<\/p>\n<p style=\"text-align: justify;\">\n","protected":false},"excerpt":{"rendered":"<p>M\u00e9xico.- El evento comercial conocido como \u201cEl Buen Fin\u201d se llevar\u00e1 a cabo del 13 al 17 de noviembre de 2025, con un ajuste significativo en su calendario, ya que iniciar\u00e1 un d\u00eda antes, el jueves, en lugar del tradicional viernes. La modificaci\u00f3n fue acordada entre el gobierno federal y representantes del sector privado, con el objetivo de ampliar el periodo de ventas a cinco d\u00edas completos. La nueva fecha coincide con el fin de semana largo por la conmemoraci\u00f3n del aniversario de la Revoluci\u00f3n Mexicana. De acuerdo con informaci\u00f3n oficial, la edici\u00f3n de este a\u00f1o contar\u00e1 con la participaci\u00f3n [&hellip;]<\/p>\n","protected":false},"author":2,"featured_media":181886,"comment_status":"closed","ping_status":"closed","sticky":false,"template":"","format":"standard","meta":{"_monsterinsights_skip_tracking":false,"_monsterinsights_sitenote_active":false,"_monsterinsights_sitenote_note":"","_monsterinsights_sitenote_category":0,"footnotes":""},"categories":[40,46],"tags":[],"class_list":["post-181885","post","type-post","status-publish","format-standard","has-post-thumbnail","hentry","category-economia","category-nacional","post--single"],"yoast_head":"<!-- This site is optimized with the Yoast SEO plugin v27.4 - https:\/\/yoast.com\/product\/yoast-seo-wordpress\/ -->\n<title>\u201cEl Buen Fin\u201d celebrar\u00e1 su 15 aniversario con nuevo calendario y m\u00e1s d\u00edas de ofertas - Canal 7 SLP - 2025<\/title>\n<meta name=\"robots\" content=\"index, follow, max-snippet:-1, max-image-preview:large, max-video-preview:-1\" \/>\n<link rel=\"canonical\" href=\"https:\/\/canal7slp.tv\/2025\/el-buen-fin-celebrara-su-15-aniversario-con-nuevo-calendario-y-mas-dias-de-ofertas\/\" \/>\n<meta property=\"og:locale\" content=\"es_ES\" \/>\n<meta property=\"og:type\" content=\"article\" \/>\n<meta property=\"og:title\" content=\"\u201cEl Buen Fin\u201d celebrar\u00e1 su 15 aniversario con nuevo calendario y m\u00e1s d\u00edas de ofertas - Canal 7 SLP - 2025\" \/>\n<meta property=\"og:description\" content=\"M\u00e9xico.- El evento comercial conocido como \u201cEl Buen Fin\u201d se llevar\u00e1 a cabo del 13 al 17 de noviembre de 2025, con un ajuste significativo en su calendario, ya que iniciar\u00e1 un d\u00eda antes, el jueves, en lugar del tradicional viernes. La modificaci\u00f3n fue acordada entre el gobierno federal y representantes del sector privado, con el objetivo de ampliar el periodo de ventas a cinco d\u00edas completos. La nueva fecha coincide con el fin de semana largo por la conmemoraci\u00f3n del aniversario de la Revoluci\u00f3n Mexicana. De acuerdo con informaci\u00f3n oficial, la edici\u00f3n de este a\u00f1o contar\u00e1 con la participaci\u00f3n [&hellip;]\" \/>\n<meta property=\"og:url\" content=\"https:\/\/canal7slp.tv\/2025\/el-buen-fin-celebrara-su-15-aniversario-con-nuevo-calendario-y-mas-dias-de-ofertas\/\" \/>\n<meta property=\"og:site_name\" content=\"Canal 7 SLP - 2025\" \/>\n<meta property=\"article:publisher\" content=\"https:\/\/www.facebook.com\/noticieroscanal7atencionciudadana\/\" \/>\n<meta property=\"article:published_time\" content=\"2025-10-13T20:18:31+00:00\" \/>\n<meta property=\"og:image\" content=\"https:\/\/canal7slp.tv\/2025\/wp-content\/uploads\/2025\/10\/03-13.jpg\" \/>\n\t<meta property=\"og:image:width\" content=\"727\" \/>\n\t<meta property=\"og:image:height\" content=\"410\" \/>\n\t<meta property=\"og:image:type\" content=\"image\/jpeg\" \/>\n<meta name=\"author\" content=\"Edici\u00f3n Web\" \/>\n<meta name=\"twitter:card\" content=\"summary_large_image\" \/>\n<meta name=\"twitter:creator\" content=\"@NOTICIEROS7\" \/>\n<meta name=\"twitter:site\" content=\"@NOTICIEROS7\" \/>\n<meta name=\"twitter:label1\" content=\"Escrito por\" \/>\n\t<meta name=\"twitter:data1\" content=\"Edici\u00f3n Web\" \/>\n\t<meta name=\"twitter:label2\" content=\"Tiempo de lectura\" \/>\n\t<meta name=\"twitter:data2\" content=\"1 minuto\" \/>\n<script type=\"application\/ld+json\" class=\"yoast-schema-graph\">{\"@context\":\"https:\\\/\\\/schema.org\",\"@graph\":[{\"@type\":\"Article\",\"@id\":\"https:\\\/\\\/canal7slp.tv\\\/2025\\\/el-buen-fin-celebrara-su-15-aniversario-con-nuevo-calendario-y-mas-dias-de-ofertas\\\/#article\",\"isPartOf\":{\"@id\":\"https:\\\/\\\/canal7slp.tv\\\/2025\\\/el-buen-fin-celebrara-su-15-aniversario-con-nuevo-calendario-y-mas-dias-de-ofertas\\\/\"},\"author\":{\"name\":\"Edici\u00f3n Web\",\"@id\":\"https:\\\/\\\/canal7slp.tv\\\/2025\\\/#\\\/schema\\\/person\\\/271e2b60a96e7cc9d9ac296f4d7e414b\"},\"headline\":\"\u201cEl Buen Fin\u201d celebrar\u00e1 su 15 aniversario con nuevo calendario y m\u00e1s d\u00edas de ofertas\",\"datePublished\":\"2025-10-13T20:18:31+00:00\",\"mainEntityOfPage\":{\"@id\":\"https:\\\/\\\/canal7slp.tv\\\/2025\\\/el-buen-fin-celebrara-su-15-aniversario-con-nuevo-calendario-y-mas-dias-de-ofertas\\\/\"},\"wordCount\":189,\"publisher\":{\"@id\":\"https:\\\/\\\/canal7slp.tv\\\/2025\\\/#organization\"},\"image\":{\"@id\":\"https:\\\/\\\/canal7slp.tv\\\/2025\\\/el-buen-fin-celebrara-su-15-aniversario-con-nuevo-calendario-y-mas-dias-de-ofertas\\\/#primaryimage\"},\"thumbnailUrl\":\"https:\\\/\\\/canal7slp.tv\\\/2025\\\/wp-content\\\/uploads\\\/2025\\\/10\\\/03-13.jpg\",\"articleSection\":[\"ECONOM\u00cdA\",\"NACIONALES\"],\"inLanguage\":\"es\"},{\"@type\":\"WebPage\",\"@id\":\"https:\\\/\\\/canal7slp.tv\\\/2025\\\/el-buen-fin-celebrara-su-15-aniversario-con-nuevo-calendario-y-mas-dias-de-ofertas\\\/\",\"url\":\"https:\\\/\\\/canal7slp.tv\\\/2025\\\/el-buen-fin-celebrara-su-15-aniversario-con-nuevo-calendario-y-mas-dias-de-ofertas\\\/\",\"name\":\"\u201cEl Buen Fin\u201d celebrar\u00e1 su 15 aniversario con nuevo calendario y m\u00e1s d\u00edas de ofertas - Canal 7 SLP - 2025\",\"isPartOf\":{\"@id\":\"https:\\\/\\\/canal7slp.tv\\\/2025\\\/#website\"},\"primaryImageOfPage\":{\"@id\":\"https:\\\/\\\/canal7slp.tv\\\/2025\\\/el-buen-fin-celebrara-su-15-aniversario-con-nuevo-calendario-y-mas-dias-de-ofertas\\\/#primaryimage\"},\"image\":{\"@id\":\"https:\\\/\\\/canal7slp.tv\\\/2025\\\/el-buen-fin-celebrara-su-15-aniversario-con-nuevo-calendario-y-mas-dias-de-ofertas\\\/#primaryimage\"},\"thumbnailUrl\":\"https:\\\/\\\/canal7slp.tv\\\/2025\\\/wp-content\\\/uploads\\\/2025\\\/10\\\/03-13.jpg\",\"datePublished\":\"2025-10-13T20:18:31+00:00\",\"breadcrumb\":{\"@id\":\"https:\\\/\\\/canal7slp.tv\\\/2025\\\/el-buen-fin-celebrara-su-15-aniversario-con-nuevo-calendario-y-mas-dias-de-ofertas\\\/#breadcrumb\"},\"inLanguage\":\"es\",\"potentialAction\":[{\"@type\":\"ReadAction\",\"target\":[\"https:\\\/\\\/canal7slp.tv\\\/2025\\\/el-buen-fin-celebrara-su-15-aniversario-con-nuevo-calendario-y-mas-dias-de-ofertas\\\/\"]}]},{\"@type\":\"ImageObject\",\"inLanguage\":\"es\",\"@id\":\"https:\\\/\\\/canal7slp.tv\\\/2025\\\/el-buen-fin-celebrara-su-15-aniversario-con-nuevo-calendario-y-mas-dias-de-ofertas\\\/#primaryimage\",\"url\":\"https:\\\/\\\/canal7slp.tv\\\/2025\\\/wp-content\\\/uploads\\\/2025\\\/10\\\/03-13.jpg\",\"contentUrl\":\"https:\\\/\\\/canal7slp.tv\\\/2025\\\/wp-content\\\/uploads\\\/2025\\\/10\\\/03-13.jpg\",\"width\":727,\"height\":410},{\"@type\":\"BreadcrumbList\",\"@id\":\"https:\\\/\\\/canal7slp.tv\\\/2025\\\/el-buen-fin-celebrara-su-15-aniversario-con-nuevo-calendario-y-mas-dias-de-ofertas\\\/#breadcrumb\",\"itemListElement\":[{\"@type\":\"ListItem\",\"position\":1,\"name\":\"Portada\",\"item\":\"https:\\\/\\\/canal7slp.tv\\\/2025\\\/\"},{\"@type\":\"ListItem\",\"position\":2,\"name\":\"\u201cEl Buen Fin\u201d celebrar\u00e1 su 15 aniversario con nuevo calendario y m\u00e1s d\u00edas de ofertas\"}]},{\"@type\":\"WebSite\",\"@id\":\"https:\\\/\\\/canal7slp.tv\\\/2025\\\/#website\",\"url\":\"https:\\\/\\\/canal7slp.tv\\\/2025\\\/\",\"name\":\"N7 - Noticieros Canal 7\",\"description\":\"Somos el Medio\",\"publisher\":{\"@id\":\"https:\\\/\\\/canal7slp.tv\\\/2025\\\/#organization\"},\"potentialAction\":[{\"@type\":\"SearchAction\",\"target\":{\"@type\":\"EntryPoint\",\"urlTemplate\":\"https:\\\/\\\/canal7slp.tv\\\/2025\\\/?s={search_term_string}\"},\"query-input\":{\"@type\":\"PropertyValueSpecification\",\"valueRequired\":true,\"valueName\":\"search_term_string\"}}],\"inLanguage\":\"es\"},{\"@type\":\"Organization\",\"@id\":\"https:\\\/\\\/canal7slp.tv\\\/2025\\\/#organization\",\"name\":\"Noticieros Canal 7\",\"url\":\"https:\\\/\\\/canal7slp.tv\\\/2025\\\/\",\"logo\":{\"@type\":\"ImageObject\",\"inLanguage\":\"es\",\"@id\":\"https:\\\/\\\/canal7slp.tv\\\/2025\\\/#\\\/schema\\\/logo\\\/image\\\/\",\"url\":\"https:\\\/\\\/canal7slp.tv\\\/2025\\\/wp-content\\\/uploads\\\/2021\\\/01\\\/logo-noticieros@2x.png\",\"contentUrl\":\"https:\\\/\\\/canal7slp.tv\\\/2025\\\/wp-content\\\/uploads\\\/2021\\\/01\\\/logo-noticieros@2x.png\",\"width\":1017,\"height\":268,\"caption\":\"Noticieros Canal 7\"},\"image\":{\"@id\":\"https:\\\/\\\/canal7slp.tv\\\/2025\\\/#\\\/schema\\\/logo\\\/image\\\/\"},\"sameAs\":[\"https:\\\/\\\/www.facebook.com\\\/noticieroscanal7atencionciudadana\\\/\",\"https:\\\/\\\/x.com\\\/NOTICIEROS7\",\"https:\\\/\\\/www.instagram.com\\\/canal7_slp\",\"https:\\\/\\\/www.youtube.com\\\/channel\\\/UCliiYs-gP3JfJeqdPrNdd5A\"]},{\"@type\":\"Person\",\"@id\":\"https:\\\/\\\/canal7slp.tv\\\/2025\\\/#\\\/schema\\\/person\\\/271e2b60a96e7cc9d9ac296f4d7e414b\",\"name\":\"Edici\u00f3n Web\",\"image\":{\"@type\":\"ImageObject\",\"inLanguage\":\"es\",\"@id\":\"https:\\\/\\\/secure.gravatar.com\\\/avatar\\\/eee448fc3f7164808013b816ba91ac7e43bbe82a70bebac296f8bc6f0addaa1a?s=96&d=mm&r=g\",\"url\":\"https:\\\/\\\/secure.gravatar.com\\\/avatar\\\/eee448fc3f7164808013b816ba91ac7e43bbe82a70bebac296f8bc6f0addaa1a?s=96&d=mm&r=g\",\"contentUrl\":\"https:\\\/\\\/secure.gravatar.com\\\/avatar\\\/eee448fc3f7164808013b816ba91ac7e43bbe82a70bebac296f8bc6f0addaa1a?s=96&d=mm&r=g\",\"caption\":\"Edici\u00f3n Web\"},\"url\":\"https:\\\/\\\/canal7slp.tv\\\/2025\\\/author\\\/edicionweb\\\/\"}]}<\/script>\n<!-- \/ Yoast SEO plugin. -->","yoast_head_json":{"title":"\u201cEl Buen Fin\u201d celebrar\u00e1 su 15 aniversario con nuevo calendario y m\u00e1s d\u00edas de ofertas - Canal 7 SLP - 2025","robots":{"index":"index","follow":"follow","max-snippet":"max-snippet:-1","max-image-preview":"max-image-preview:large","max-video-preview":"max-video-preview:-1"},"canonical":"https:\/\/canal7slp.tv\/2025\/el-buen-fin-celebrara-su-15-aniversario-con-nuevo-calendario-y-mas-dias-de-ofertas\/","og_locale":"es_ES","og_type":"article","og_title":"\u201cEl Buen Fin\u201d celebrar\u00e1 su 15 aniversario con nuevo calendario y m\u00e1s d\u00edas de ofertas - Canal 7 SLP - 2025","og_description":"M\u00e9xico.- El evento comercial conocido como \u201cEl Buen Fin\u201d se llevar\u00e1 a cabo del 13 al 17 de noviembre de 2025, con un ajuste significativo en su calendario, ya que iniciar\u00e1 un d\u00eda antes, el jueves, en lugar del tradicional viernes. La modificaci\u00f3n fue acordada entre el gobierno federal y representantes del sector privado, con el objetivo de ampliar el periodo de ventas a cinco d\u00edas completos. La nueva fecha coincide con el fin de semana largo por la conmemoraci\u00f3n del aniversario de la Revoluci\u00f3n Mexicana. De acuerdo con informaci\u00f3n oficial, la edici\u00f3n de este a\u00f1o contar\u00e1 con la participaci\u00f3n [&hellip;]","og_url":"https:\/\/canal7slp.tv\/2025\/el-buen-fin-celebrara-su-15-aniversario-con-nuevo-calendario-y-mas-dias-de-ofertas\/","og_site_name":"Canal 7 SLP - 2025","article_publisher":"https:\/\/www.facebook.com\/noticieroscanal7atencionciudadana\/","article_published_time":"2025-10-13T20:18:31+00:00","og_image":[{"width":727,"height":410,"url":"https:\/\/canal7slp.tv\/2025\/wp-content\/uploads\/2025\/10\/03-13.jpg","type":"image\/jpeg"}],"author":"Edici\u00f3n Web","twitter_card":"summary_large_image","twitter_creator":"@NOTICIEROS7","twitter_site":"@NOTICIEROS7","twitter_misc":{"Escrito por":"Edici\u00f3n Web","Tiempo de lectura":"1 minuto"},"schema":{"@context":"https:\/\/schema.org","@graph":[{"@type":"Article","@id":"https:\/\/canal7slp.tv\/2025\/el-buen-fin-celebrara-su-15-aniversario-con-nuevo-calendario-y-mas-dias-de-ofertas\/#article","isPartOf":{"@id":"https:\/\/canal7slp.tv\/2025\/el-buen-fin-celebrara-su-15-aniversario-con-nuevo-calendario-y-mas-dias-de-ofertas\/"},"author":{"name":"Edici\u00f3n Web","@id":"https:\/\/canal7slp.tv\/2025\/#\/schema\/person\/271e2b60a96e7cc9d9ac296f4d7e414b"},"headline":"\u201cEl Buen Fin\u201d celebrar\u00e1 su 15 aniversario con nuevo calendario y m\u00e1s d\u00edas de ofertas","datePublished":"2025-10-13T20:18:31+00:00","mainEntityOfPage":{"@id":"https:\/\/canal7slp.tv\/2025\/el-buen-fin-celebrara-su-15-aniversario-con-nuevo-calendario-y-mas-dias-de-ofertas\/"},"wordCount":189,"publisher":{"@id":"https:\/\/canal7slp.tv\/2025\/#organization"},"image":{"@id":"https:\/\/canal7slp.tv\/2025\/el-buen-fin-celebrara-su-15-aniversario-con-nuevo-calendario-y-mas-dias-de-ofertas\/#primaryimage"},"thumbnailUrl":"https:\/\/canal7slp.tv\/2025\/wp-content\/uploads\/2025\/10\/03-13.jpg","articleSection":["ECONOM\u00cdA","NACIONALES"],"inLanguage":"es"},{"@type":"WebPage","@id":"https:\/\/canal7slp.tv\/2025\/el-buen-fin-celebrara-su-15-aniversario-con-nuevo-calendario-y-mas-dias-de-ofertas\/","url":"https:\/\/canal7slp.tv\/2025\/el-buen-fin-celebrara-su-15-aniversario-con-nuevo-calendario-y-mas-dias-de-ofertas\/","name":"\u201cEl Buen Fin\u201d celebrar\u00e1 su 15 aniversario con nuevo calendario y m\u00e1s d\u00edas de ofertas - Canal 7 SLP - 2025","isPartOf":{"@id":"https:\/\/canal7slp.tv\/2025\/#website"},"primaryImageOfPage":{"@id":"https:\/\/canal7slp.tv\/2025\/el-buen-fin-celebrara-su-15-aniversario-con-nuevo-calendario-y-mas-dias-de-ofertas\/#primaryimage"},"image":{"@id":"https:\/\/canal7slp.tv\/2025\/el-buen-fin-celebrara-su-15-aniversario-con-nuevo-calendario-y-mas-dias-de-ofertas\/#primaryimage"},"thumbnailUrl":"https:\/\/canal7slp.tv\/2025\/wp-content\/uploads\/2025\/10\/03-13.jpg","datePublished":"2025-10-13T20:18:31+00:00","breadcrumb":{"@id":"https:\/\/canal7slp.tv\/2025\/el-buen-fin-celebrara-su-15-aniversario-con-nuevo-calendario-y-mas-dias-de-ofertas\/#breadcrumb"},"inLanguage":"es","potentialAction":[{"@type":"ReadAction","target":["https:\/\/canal7slp.tv\/2025\/el-buen-fin-celebrara-su-15-aniversario-con-nuevo-calendario-y-mas-dias-de-ofertas\/"]}]},{"@type":"ImageObject","inLanguage":"es","@id":"https:\/\/canal7slp.tv\/2025\/el-buen-fin-celebrara-su-15-aniversario-con-nuevo-calendario-y-mas-dias-de-ofertas\/#primaryimage","url":"https:\/\/canal7slp.tv\/2025\/wp-content\/uploads\/2025\/10\/03-13.jpg","contentUrl":"https:\/\/canal7slp.tv\/2025\/wp-content\/uploads\/2025\/10\/03-13.jpg","width":727,"height":410},{"@type":"BreadcrumbList","@id":"https:\/\/canal7slp.tv\/2025\/el-buen-fin-celebrara-su-15-aniversario-con-nuevo-calendario-y-mas-dias-de-ofertas\/#breadcrumb","itemListElement":[{"@type":"ListItem","position":1,"name":"Portada","item":"https:\/\/canal7slp.tv\/2025\/"},{"@type":"ListItem","position":2,"name":"\u201cEl Buen Fin\u201d celebrar\u00e1 su 15 aniversario con nuevo calendario y m\u00e1s d\u00edas de ofertas"}]},{"@type":"WebSite","@id":"https:\/\/canal7slp.tv\/2025\/#website","url":"https:\/\/canal7slp.tv\/2025\/","name":"N7 - Noticieros Canal 7","description":"Somos el Medio","publisher":{"@id":"https:\/\/canal7slp.tv\/2025\/#organization"},"potentialAction":[{"@type":"SearchAction","target":{"@type":"EntryPoint","urlTemplate":"https:\/\/canal7slp.tv\/2025\/?s={search_term_string}"},"query-input":{"@type":"PropertyValueSpecification","valueRequired":true,"valueName":"search_term_string"}}],"inLanguage":"es"},{"@type":"Organization","@id":"https:\/\/canal7slp.tv\/2025\/#organization","name":"Noticieros Canal 7","url":"https:\/\/canal7slp.tv\/2025\/","logo":{"@type":"ImageObject","inLanguage":"es","@id":"https:\/\/canal7slp.tv\/2025\/#\/schema\/logo\/image\/","url":"https:\/\/canal7slp.tv\/2025\/wp-content\/uploads\/2021\/01\/logo-noticieros@2x.png","contentUrl":"https:\/\/canal7slp.tv\/2025\/wp-content\/uploads\/2021\/01\/logo-noticieros@2x.png","width":1017,"height":268,"caption":"Noticieros Canal 7"},"image":{"@id":"https:\/\/canal7slp.tv\/2025\/#\/schema\/logo\/image\/"},"sameAs":["https:\/\/www.facebook.com\/noticieroscanal7atencionciudadana\/","https:\/\/x.com\/NOTICIEROS7","https:\/\/www.instagram.com\/canal7_slp","https:\/\/www.youtube.com\/channel\/UCliiYs-gP3JfJeqdPrNdd5A"]},{"@type":"Person","@id":"https:\/\/canal7slp.tv\/2025\/#\/schema\/person\/271e2b60a96e7cc9d9ac296f4d7e414b","name":"Edici\u00f3n Web","image":{"@type":"ImageObject","inLanguage":"es","@id":"https:\/\/secure.gravatar.com\/avatar\/eee448fc3f7164808013b816ba91ac7e43bbe82a70bebac296f8bc6f0addaa1a?s=96&d=mm&r=g","url":"https:\/\/secure.gravatar.com\/avatar\/eee448fc3f7164808013b816ba91ac7e43bbe82a70bebac296f8bc6f0addaa1a?s=96&d=mm&r=g","contentUrl":"https:\/\/secure.gravatar.com\/avatar\/eee448fc3f7164808013b816ba91ac7e43bbe82a70bebac296f8bc6f0addaa1a?s=96&d=mm&r=g","caption":"Edici\u00f3n Web"},"url":"https:\/\/canal7slp.tv\/2025\/author\/edicionweb\/"}]}},"_links":{"self":[{"href":"https:\/\/canal7slp.tv\/2025\/wp-json\/wp\/v2\/posts\/181885","targetHints":{"allow":["GET"]}}],"collection":[{"href":"https:\/\/canal7slp.tv\/2025\/wp-json\/wp\/v2\/posts"}],"about":[{"href":"https:\/\/canal7slp.tv\/2025\/wp-json\/wp\/v2\/types\/post"}],"author":[{"embeddable":true,"href":"https:\/\/canal7slp.tv\/2025\/wp-json\/wp\/v2\/users\/2"}],"replies":[{"embeddable":true,"href":"https:\/\/canal7slp.tv\/2025\/wp-json\/wp\/v2\/comments?post=181885"}],"version-history":[{"count":1,"href":"https:\/\/canal7slp.tv\/2025\/wp-json\/wp\/v2\/posts\/181885\/revisions"}],"predecessor-version":[{"id":181887,"href":"https:\/\/canal7slp.tv\/2025\/wp-json\/wp\/v2\/posts\/181885\/revisions\/181887"}],"wp:featuredmedia":[{"embeddable":true,"href":"https:\/\/canal7slp.tv\/2025\/wp-json\/wp\/v2\/media\/181886"}],"wp:attachment":[{"href":"https:\/\/canal7slp.tv\/2025\/wp-json\/wp\/v2\/media?parent=181885"}],"wp:term":[{"taxonomy":"category","embeddable":true,"href":"https:\/\/canal7slp.tv\/2025\/wp-json\/wp\/v2\/categories?post=181885"},{"taxonomy":"post_tag","embeddable":true,"href":"https:\/\/canal7slp.tv\/2025\/wp-json\/wp\/v2\/tags?post=181885"}],"curies":[{"name":"wp","href":"https:\/\/api.w.org\/{rel}","templated":true}]}}