{"id":181856,"date":"2025-10-13T13:30:41","date_gmt":"2025-10-13T19:30:41","guid":{"rendered":"https:\/\/canal7slp.tv\/2025\/?p=181856"},"modified":"2025-10-13T13:30:41","modified_gmt":"2025-10-13T19:30:41","slug":"inspira-la-ultramaratonista-raramuri-lorena-ramirez-a-otras-mujeres-a-traves-de-su-historia","status":"publish","type":"post","link":"https:\/\/canal7slp.tv\/2025\/inspira-la-ultramaratonista-raramuri-lorena-ramirez-a-otras-mujeres-a-traves-de-su-historia\/","title":{"rendered":"Inspira la ultramaratonista rar\u00e1muri, Lorena Ram\u00edrez a otras mujeres, a trav\u00e9s de su historia"},"content":{"rendered":"<p style=\"text-align: justify;\">SLP.- Mar\u00eda Lorena Ram\u00edrez -atleta rar\u00e1muri, originaria de Guachochi, Chihuahua- quien ha impresionado al mundo al correr ultramaratones- comparti\u00f3 su experiencia en el Cuarto Congreso Nacional de la Colectiva 50+1, con sede en San Luis Potos\u00ed.<\/p>\n<p style=\"text-align: justify;\">La resistencia distingue a Lorena -nacida en 1995- que corre con vestimenta tradicional y huaraches.<\/p>\n<p style=\"text-align: justify;\">Relat\u00f3 c\u00f3mo correr ha sido parte de su vida diaria, en la sierra Tarahumara.<\/p>\n<p style=\"text-align: justify;\">En 2017, obtuvo primer lugar en el Ultra Marat\u00f3n Trail Cerro Rojo de 50 kil\u00f3metros.<\/p>\n<p style=\"text-align: justify;\">Otra muestra de proeza se dio en el Ultramarat\u00f3n de Hong Kong -que abarc\u00f3 100 kil\u00f3metros por diversos paisajes- y durante el cual a pesar de heridas, lo concluy\u00f3 con un tiempo de 26 horas, dos minutos y 12 segundos.<\/p>\n<p style=\"text-align: justify;\">Se le ha conocido como Lorena, la de pies ligeros.<\/p>\n<p>Por: Paulina Rodr\u00edguez<\/p>\n","protected":false},"excerpt":{"rendered":"<p>SLP.- Mar\u00eda Lorena Ram\u00edrez -atleta rar\u00e1muri, originaria de Guachochi, Chihuahua- quien ha impresionado al mundo al correr ultramaratones- comparti\u00f3 su experiencia en el Cuarto Congreso Nacional de la Colectiva 50+1, con sede en San Luis Potos\u00ed. La resistencia distingue a Lorena -nacida en 1995- que corre con vestimenta tradicional y huaraches. Relat\u00f3 c\u00f3mo correr ha sido parte de su vida diaria, en la sierra Tarahumara. En 2017, obtuvo primer lugar en el Ultra Marat\u00f3n Trail Cerro Rojo de 50 kil\u00f3metros. Otra muestra de proeza se dio en el Ultramarat\u00f3n de Hong Kong -que abarc\u00f3 100 kil\u00f3metros por diversos paisajes- y [&hellip;]<\/p>\n","protected":false},"author":2,"featured_media":181864,"comment_status":"closed","ping_status":"closed","sticky":false,"template":"","format":"video","meta":{"_monsterinsights_skip_tracking":false,"_monsterinsights_sitenote_active":false,"_monsterinsights_sitenote_note":"","_monsterinsights_sitenote_category":0,"footnotes":""},"categories":[5,45],"tags":[],"class_list":["post-181856","post","type-post","status-publish","format-video","has-post-thumbnail","hentry","category-destacadas","category-localesyregionales","post_format-post-format-video","post--single"],"yoast_head":"<!-- This site is optimized with the Yoast SEO plugin v27.4 - https:\/\/yoast.com\/product\/yoast-seo-wordpress\/ -->\n<title>Inspira la ultramaratonista rar\u00e1muri, Lorena Ram\u00edrez a otras mujeres, a trav\u00e9s de su historia - Canal 7 SLP - 2025<\/title>\n<meta name=\"robots\" content=\"index, follow, max-snippet:-1, max-image-preview:large, max-video-preview:-1\" \/>\n<link rel=\"canonical\" href=\"https:\/\/canal7slp.tv\/2025\/inspira-la-ultramaratonista-raramuri-lorena-ramirez-a-otras-mujeres-a-traves-de-su-historia\/\" \/>\n<meta property=\"og:locale\" content=\"es_ES\" \/>\n<meta property=\"og:type\" content=\"article\" \/>\n<meta property=\"og:title\" content=\"Inspira la ultramaratonista rar\u00e1muri, Lorena Ram\u00edrez a otras mujeres, a trav\u00e9s de su historia - Canal 7 SLP - 2025\" \/>\n<meta property=\"og:description\" content=\"SLP.- Mar\u00eda Lorena Ram\u00edrez -atleta rar\u00e1muri, originaria de Guachochi, Chihuahua- quien ha impresionado al mundo al correr ultramaratones- comparti\u00f3 su experiencia en el Cuarto Congreso Nacional de la Colectiva 50+1, con sede en San Luis Potos\u00ed. La resistencia distingue a Lorena -nacida en 1995- que corre con vestimenta tradicional y huaraches. Relat\u00f3 c\u00f3mo correr ha sido parte de su vida diaria, en la sierra Tarahumara. En 2017, obtuvo primer lugar en el Ultra Marat\u00f3n Trail Cerro Rojo de 50 kil\u00f3metros. Otra muestra de proeza se dio en el Ultramarat\u00f3n de Hong Kong -que abarc\u00f3 100 kil\u00f3metros por diversos paisajes- y [&hellip;]\" \/>\n<meta property=\"og:url\" content=\"https:\/\/canal7slp.tv\/2025\/inspira-la-ultramaratonista-raramuri-lorena-ramirez-a-otras-mujeres-a-traves-de-su-historia\/\" \/>\n<meta property=\"og:site_name\" content=\"Canal 7 SLP - 2025\" \/>\n<meta property=\"article:publisher\" content=\"https:\/\/www.facebook.com\/noticieroscanal7atencionciudadana\/\" \/>\n<meta property=\"article:published_time\" content=\"2025-10-13T19:30:41+00:00\" \/>\n<meta property=\"og:image\" content=\"https:\/\/canal7slp.tv\/2025\/wp-content\/uploads\/2025\/10\/Pau0Raramuri.jpg\" \/>\n\t<meta property=\"og:image:width\" content=\"1280\" \/>\n\t<meta property=\"og:image:height\" content=\"720\" \/>\n\t<meta property=\"og:image:type\" content=\"image\/jpeg\" \/>\n<meta name=\"author\" content=\"Edici\u00f3n Web\" \/>\n<meta name=\"twitter:card\" content=\"summary_large_image\" \/>\n<meta name=\"twitter:creator\" content=\"@NOTICIEROS7\" \/>\n<meta name=\"twitter:site\" content=\"@NOTICIEROS7\" \/>\n<meta name=\"twitter:label1\" content=\"Escrito por\" \/>\n\t<meta name=\"twitter:data1\" content=\"Edici\u00f3n Web\" \/>\n\t<meta name=\"twitter:label2\" content=\"Tiempo de lectura\" \/>\n\t<meta name=\"twitter:data2\" content=\"1 minuto\" \/>\n<script type=\"application\/ld+json\" class=\"yoast-schema-graph\">{\"@context\":\"https:\\\/\\\/schema.org\",\"@graph\":[{\"@type\":\"Article\",\"@id\":\"https:\\\/\\\/canal7slp.tv\\\/2025\\\/inspira-la-ultramaratonista-raramuri-lorena-ramirez-a-otras-mujeres-a-traves-de-su-historia\\\/#article\",\"isPartOf\":{\"@id\":\"https:\\\/\\\/canal7slp.tv\\\/2025\\\/inspira-la-ultramaratonista-raramuri-lorena-ramirez-a-otras-mujeres-a-traves-de-su-historia\\\/\"},\"author\":{\"name\":\"Edici\u00f3n Web\",\"@id\":\"https:\\\/\\\/canal7slp.tv\\\/2025\\\/#\\\/schema\\\/person\\\/271e2b60a96e7cc9d9ac296f4d7e414b\"},\"headline\":\"Inspira la ultramaratonista rar\u00e1muri, Lorena Ram\u00edrez a otras mujeres, a trav\u00e9s de su historia\",\"datePublished\":\"2025-10-13T19:30:41+00:00\",\"mainEntityOfPage\":{\"@id\":\"https:\\\/\\\/canal7slp.tv\\\/2025\\\/inspira-la-ultramaratonista-raramuri-lorena-ramirez-a-otras-mujeres-a-traves-de-su-historia\\\/\"},\"wordCount\":154,\"publisher\":{\"@id\":\"https:\\\/\\\/canal7slp.tv\\\/2025\\\/#organization\"},\"image\":{\"@id\":\"https:\\\/\\\/canal7slp.tv\\\/2025\\\/inspira-la-ultramaratonista-raramuri-lorena-ramirez-a-otras-mujeres-a-traves-de-su-historia\\\/#primaryimage\"},\"thumbnailUrl\":\"https:\\\/\\\/canal7slp.tv\\\/2025\\\/wp-content\\\/uploads\\\/2025\\\/10\\\/Pau0Raramuri.jpg\",\"articleSection\":[\"DESTACADAS\",\"LOCALES Y REGIONALES\"],\"inLanguage\":\"es\"},{\"@type\":\"WebPage\",\"@id\":\"https:\\\/\\\/canal7slp.tv\\\/2025\\\/inspira-la-ultramaratonista-raramuri-lorena-ramirez-a-otras-mujeres-a-traves-de-su-historia\\\/\",\"url\":\"https:\\\/\\\/canal7slp.tv\\\/2025\\\/inspira-la-ultramaratonista-raramuri-lorena-ramirez-a-otras-mujeres-a-traves-de-su-historia\\\/\",\"name\":\"Inspira la ultramaratonista rar\u00e1muri, Lorena Ram\u00edrez a otras mujeres, a trav\u00e9s de su historia - Canal 7 SLP - 2025\",\"isPartOf\":{\"@id\":\"https:\\\/\\\/canal7slp.tv\\\/2025\\\/#website\"},\"primaryImageOfPage\":{\"@id\":\"https:\\\/\\\/canal7slp.tv\\\/2025\\\/inspira-la-ultramaratonista-raramuri-lorena-ramirez-a-otras-mujeres-a-traves-de-su-historia\\\/#primaryimage\"},\"image\":{\"@id\":\"https:\\\/\\\/canal7slp.tv\\\/2025\\\/inspira-la-ultramaratonista-raramuri-lorena-ramirez-a-otras-mujeres-a-traves-de-su-historia\\\/#primaryimage\"},\"thumbnailUrl\":\"https:\\\/\\\/canal7slp.tv\\\/2025\\\/wp-content\\\/uploads\\\/2025\\\/10\\\/Pau0Raramuri.jpg\",\"datePublished\":\"2025-10-13T19:30:41+00:00\",\"breadcrumb\":{\"@id\":\"https:\\\/\\\/canal7slp.tv\\\/2025\\\/inspira-la-ultramaratonista-raramuri-lorena-ramirez-a-otras-mujeres-a-traves-de-su-historia\\\/#breadcrumb\"},\"inLanguage\":\"es\",\"potentialAction\":[{\"@type\":\"ReadAction\",\"target\":[\"https:\\\/\\\/canal7slp.tv\\\/2025\\\/inspira-la-ultramaratonista-raramuri-lorena-ramirez-a-otras-mujeres-a-traves-de-su-historia\\\/\"]}]},{\"@type\":\"ImageObject\",\"inLanguage\":\"es\",\"@id\":\"https:\\\/\\\/canal7slp.tv\\\/2025\\\/inspira-la-ultramaratonista-raramuri-lorena-ramirez-a-otras-mujeres-a-traves-de-su-historia\\\/#primaryimage\",\"url\":\"https:\\\/\\\/canal7slp.tv\\\/2025\\\/wp-content\\\/uploads\\\/2025\\\/10\\\/Pau0Raramuri.jpg\",\"contentUrl\":\"https:\\\/\\\/canal7slp.tv\\\/2025\\\/wp-content\\\/uploads\\\/2025\\\/10\\\/Pau0Raramuri.jpg\",\"width\":1280,\"height\":720},{\"@type\":\"BreadcrumbList\",\"@id\":\"https:\\\/\\\/canal7slp.tv\\\/2025\\\/inspira-la-ultramaratonista-raramuri-lorena-ramirez-a-otras-mujeres-a-traves-de-su-historia\\\/#breadcrumb\",\"itemListElement\":[{\"@type\":\"ListItem\",\"position\":1,\"name\":\"Portada\",\"item\":\"https:\\\/\\\/canal7slp.tv\\\/2025\\\/\"},{\"@type\":\"ListItem\",\"position\":2,\"name\":\"Inspira la ultramaratonista rar\u00e1muri, Lorena Ram\u00edrez a otras mujeres, a trav\u00e9s de su historia\"}]},{\"@type\":\"WebSite\",\"@id\":\"https:\\\/\\\/canal7slp.tv\\\/2025\\\/#website\",\"url\":\"https:\\\/\\\/canal7slp.tv\\\/2025\\\/\",\"name\":\"N7 - Noticieros Canal 7\",\"description\":\"Somos el Medio\",\"publisher\":{\"@id\":\"https:\\\/\\\/canal7slp.tv\\\/2025\\\/#organization\"},\"potentialAction\":[{\"@type\":\"SearchAction\",\"target\":{\"@type\":\"EntryPoint\",\"urlTemplate\":\"https:\\\/\\\/canal7slp.tv\\\/2025\\\/?s={search_term_string}\"},\"query-input\":{\"@type\":\"PropertyValueSpecification\",\"valueRequired\":true,\"valueName\":\"search_term_string\"}}],\"inLanguage\":\"es\"},{\"@type\":\"Organization\",\"@id\":\"https:\\\/\\\/canal7slp.tv\\\/2025\\\/#organization\",\"name\":\"Noticieros Canal 7\",\"url\":\"https:\\\/\\\/canal7slp.tv\\\/2025\\\/\",\"logo\":{\"@type\":\"ImageObject\",\"inLanguage\":\"es\",\"@id\":\"https:\\\/\\\/canal7slp.tv\\\/2025\\\/#\\\/schema\\\/logo\\\/image\\\/\",\"url\":\"https:\\\/\\\/canal7slp.tv\\\/2025\\\/wp-content\\\/uploads\\\/2021\\\/01\\\/logo-noticieros@2x.png\",\"contentUrl\":\"https:\\\/\\\/canal7slp.tv\\\/2025\\\/wp-content\\\/uploads\\\/2021\\\/01\\\/logo-noticieros@2x.png\",\"width\":1017,\"height\":268,\"caption\":\"Noticieros Canal 7\"},\"image\":{\"@id\":\"https:\\\/\\\/canal7slp.tv\\\/2025\\\/#\\\/schema\\\/logo\\\/image\\\/\"},\"sameAs\":[\"https:\\\/\\\/www.facebook.com\\\/noticieroscanal7atencionciudadana\\\/\",\"https:\\\/\\\/x.com\\\/NOTICIEROS7\",\"https:\\\/\\\/www.instagram.com\\\/canal7_slp\",\"https:\\\/\\\/www.youtube.com\\\/channel\\\/UCliiYs-gP3JfJeqdPrNdd5A\"]},{\"@type\":\"Person\",\"@id\":\"https:\\\/\\\/canal7slp.tv\\\/2025\\\/#\\\/schema\\\/person\\\/271e2b60a96e7cc9d9ac296f4d7e414b\",\"name\":\"Edici\u00f3n Web\",\"image\":{\"@type\":\"ImageObject\",\"inLanguage\":\"es\",\"@id\":\"https:\\\/\\\/secure.gravatar.com\\\/avatar\\\/eee448fc3f7164808013b816ba91ac7e43bbe82a70bebac296f8bc6f0addaa1a?s=96&d=mm&r=g\",\"url\":\"https:\\\/\\\/secure.gravatar.com\\\/avatar\\\/eee448fc3f7164808013b816ba91ac7e43bbe82a70bebac296f8bc6f0addaa1a?s=96&d=mm&r=g\",\"contentUrl\":\"https:\\\/\\\/secure.gravatar.com\\\/avatar\\\/eee448fc3f7164808013b816ba91ac7e43bbe82a70bebac296f8bc6f0addaa1a?s=96&d=mm&r=g\",\"caption\":\"Edici\u00f3n Web\"},\"url\":\"https:\\\/\\\/canal7slp.tv\\\/2025\\\/author\\\/edicionweb\\\/\"}]}<\/script>\n<!-- \/ Yoast SEO plugin. -->","yoast_head_json":{"title":"Inspira la ultramaratonista rar\u00e1muri, Lorena Ram\u00edrez a otras mujeres, a trav\u00e9s de su historia - Canal 7 SLP - 2025","robots":{"index":"index","follow":"follow","max-snippet":"max-snippet:-1","max-image-preview":"max-image-preview:large","max-video-preview":"max-video-preview:-1"},"canonical":"https:\/\/canal7slp.tv\/2025\/inspira-la-ultramaratonista-raramuri-lorena-ramirez-a-otras-mujeres-a-traves-de-su-historia\/","og_locale":"es_ES","og_type":"article","og_title":"Inspira la ultramaratonista rar\u00e1muri, Lorena Ram\u00edrez a otras mujeres, a trav\u00e9s de su historia - Canal 7 SLP - 2025","og_description":"SLP.- Mar\u00eda Lorena Ram\u00edrez -atleta rar\u00e1muri, originaria de Guachochi, Chihuahua- quien ha impresionado al mundo al correr ultramaratones- comparti\u00f3 su experiencia en el Cuarto Congreso Nacional de la Colectiva 50+1, con sede en San Luis Potos\u00ed. La resistencia distingue a Lorena -nacida en 1995- que corre con vestimenta tradicional y huaraches. Relat\u00f3 c\u00f3mo correr ha sido parte de su vida diaria, en la sierra Tarahumara. En 2017, obtuvo primer lugar en el Ultra Marat\u00f3n Trail Cerro Rojo de 50 kil\u00f3metros. Otra muestra de proeza se dio en el Ultramarat\u00f3n de Hong Kong -que abarc\u00f3 100 kil\u00f3metros por diversos paisajes- y [&hellip;]","og_url":"https:\/\/canal7slp.tv\/2025\/inspira-la-ultramaratonista-raramuri-lorena-ramirez-a-otras-mujeres-a-traves-de-su-historia\/","og_site_name":"Canal 7 SLP - 2025","article_publisher":"https:\/\/www.facebook.com\/noticieroscanal7atencionciudadana\/","article_published_time":"2025-10-13T19:30:41+00:00","og_image":[{"width":1280,"height":720,"url":"https:\/\/canal7slp.tv\/2025\/wp-content\/uploads\/2025\/10\/Pau0Raramuri.jpg","type":"image\/jpeg"}],"author":"Edici\u00f3n Web","twitter_card":"summary_large_image","twitter_creator":"@NOTICIEROS7","twitter_site":"@NOTICIEROS7","twitter_misc":{"Escrito por":"Edici\u00f3n Web","Tiempo de lectura":"1 minuto"},"schema":{"@context":"https:\/\/schema.org","@graph":[{"@type":"Article","@id":"https:\/\/canal7slp.tv\/2025\/inspira-la-ultramaratonista-raramuri-lorena-ramirez-a-otras-mujeres-a-traves-de-su-historia\/#article","isPartOf":{"@id":"https:\/\/canal7slp.tv\/2025\/inspira-la-ultramaratonista-raramuri-lorena-ramirez-a-otras-mujeres-a-traves-de-su-historia\/"},"author":{"name":"Edici\u00f3n Web","@id":"https:\/\/canal7slp.tv\/2025\/#\/schema\/person\/271e2b60a96e7cc9d9ac296f4d7e414b"},"headline":"Inspira la ultramaratonista rar\u00e1muri, Lorena Ram\u00edrez a otras mujeres, a trav\u00e9s de su historia","datePublished":"2025-10-13T19:30:41+00:00","mainEntityOfPage":{"@id":"https:\/\/canal7slp.tv\/2025\/inspira-la-ultramaratonista-raramuri-lorena-ramirez-a-otras-mujeres-a-traves-de-su-historia\/"},"wordCount":154,"publisher":{"@id":"https:\/\/canal7slp.tv\/2025\/#organization"},"image":{"@id":"https:\/\/canal7slp.tv\/2025\/inspira-la-ultramaratonista-raramuri-lorena-ramirez-a-otras-mujeres-a-traves-de-su-historia\/#primaryimage"},"thumbnailUrl":"https:\/\/canal7slp.tv\/2025\/wp-content\/uploads\/2025\/10\/Pau0Raramuri.jpg","articleSection":["DESTACADAS","LOCALES Y REGIONALES"],"inLanguage":"es"},{"@type":"WebPage","@id":"https:\/\/canal7slp.tv\/2025\/inspira-la-ultramaratonista-raramuri-lorena-ramirez-a-otras-mujeres-a-traves-de-su-historia\/","url":"https:\/\/canal7slp.tv\/2025\/inspira-la-ultramaratonista-raramuri-lorena-ramirez-a-otras-mujeres-a-traves-de-su-historia\/","name":"Inspira la ultramaratonista rar\u00e1muri, Lorena Ram\u00edrez a otras mujeres, a trav\u00e9s de su historia - Canal 7 SLP - 2025","isPartOf":{"@id":"https:\/\/canal7slp.tv\/2025\/#website"},"primaryImageOfPage":{"@id":"https:\/\/canal7slp.tv\/2025\/inspira-la-ultramaratonista-raramuri-lorena-ramirez-a-otras-mujeres-a-traves-de-su-historia\/#primaryimage"},"image":{"@id":"https:\/\/canal7slp.tv\/2025\/inspira-la-ultramaratonista-raramuri-lorena-ramirez-a-otras-mujeres-a-traves-de-su-historia\/#primaryimage"},"thumbnailUrl":"https:\/\/canal7slp.tv\/2025\/wp-content\/uploads\/2025\/10\/Pau0Raramuri.jpg","datePublished":"2025-10-13T19:30:41+00:00","breadcrumb":{"@id":"https:\/\/canal7slp.tv\/2025\/inspira-la-ultramaratonista-raramuri-lorena-ramirez-a-otras-mujeres-a-traves-de-su-historia\/#breadcrumb"},"inLanguage":"es","potentialAction":[{"@type":"ReadAction","target":["https:\/\/canal7slp.tv\/2025\/inspira-la-ultramaratonista-raramuri-lorena-ramirez-a-otras-mujeres-a-traves-de-su-historia\/"]}]},{"@type":"ImageObject","inLanguage":"es","@id":"https:\/\/canal7slp.tv\/2025\/inspira-la-ultramaratonista-raramuri-lorena-ramirez-a-otras-mujeres-a-traves-de-su-historia\/#primaryimage","url":"https:\/\/canal7slp.tv\/2025\/wp-content\/uploads\/2025\/10\/Pau0Raramuri.jpg","contentUrl":"https:\/\/canal7slp.tv\/2025\/wp-content\/uploads\/2025\/10\/Pau0Raramuri.jpg","width":1280,"height":720},{"@type":"BreadcrumbList","@id":"https:\/\/canal7slp.tv\/2025\/inspira-la-ultramaratonista-raramuri-lorena-ramirez-a-otras-mujeres-a-traves-de-su-historia\/#breadcrumb","itemListElement":[{"@type":"ListItem","position":1,"name":"Portada","item":"https:\/\/canal7slp.tv\/2025\/"},{"@type":"ListItem","position":2,"name":"Inspira la ultramaratonista rar\u00e1muri, Lorena Ram\u00edrez a otras mujeres, a trav\u00e9s de su historia"}]},{"@type":"WebSite","@id":"https:\/\/canal7slp.tv\/2025\/#website","url":"https:\/\/canal7slp.tv\/2025\/","name":"N7 - Noticieros Canal 7","description":"Somos el Medio","publisher":{"@id":"https:\/\/canal7slp.tv\/2025\/#organization"},"potentialAction":[{"@type":"SearchAction","target":{"@type":"EntryPoint","urlTemplate":"https:\/\/canal7slp.tv\/2025\/?s={search_term_string}"},"query-input":{"@type":"PropertyValueSpecification","valueRequired":true,"valueName":"search_term_string"}}],"inLanguage":"es"},{"@type":"Organization","@id":"https:\/\/canal7slp.tv\/2025\/#organization","name":"Noticieros Canal 7","url":"https:\/\/canal7slp.tv\/2025\/","logo":{"@type":"ImageObject","inLanguage":"es","@id":"https:\/\/canal7slp.tv\/2025\/#\/schema\/logo\/image\/","url":"https:\/\/canal7slp.tv\/2025\/wp-content\/uploads\/2021\/01\/logo-noticieros@2x.png","contentUrl":"https:\/\/canal7slp.tv\/2025\/wp-content\/uploads\/2021\/01\/logo-noticieros@2x.png","width":1017,"height":268,"caption":"Noticieros Canal 7"},"image":{"@id":"https:\/\/canal7slp.tv\/2025\/#\/schema\/logo\/image\/"},"sameAs":["https:\/\/www.facebook.com\/noticieroscanal7atencionciudadana\/","https:\/\/x.com\/NOTICIEROS7","https:\/\/www.instagram.com\/canal7_slp","https:\/\/www.youtube.com\/channel\/UCliiYs-gP3JfJeqdPrNdd5A"]},{"@type":"Person","@id":"https:\/\/canal7slp.tv\/2025\/#\/schema\/person\/271e2b60a96e7cc9d9ac296f4d7e414b","name":"Edici\u00f3n Web","image":{"@type":"ImageObject","inLanguage":"es","@id":"https:\/\/secure.gravatar.com\/avatar\/eee448fc3f7164808013b816ba91ac7e43bbe82a70bebac296f8bc6f0addaa1a?s=96&d=mm&r=g","url":"https:\/\/secure.gravatar.com\/avatar\/eee448fc3f7164808013b816ba91ac7e43bbe82a70bebac296f8bc6f0addaa1a?s=96&d=mm&r=g","contentUrl":"https:\/\/secure.gravatar.com\/avatar\/eee448fc3f7164808013b816ba91ac7e43bbe82a70bebac296f8bc6f0addaa1a?s=96&d=mm&r=g","caption":"Edici\u00f3n Web"},"url":"https:\/\/canal7slp.tv\/2025\/author\/edicionweb\/"}]}},"_links":{"self":[{"href":"https:\/\/canal7slp.tv\/2025\/wp-json\/wp\/v2\/posts\/181856","targetHints":{"allow":["GET"]}}],"collection":[{"href":"https:\/\/canal7slp.tv\/2025\/wp-json\/wp\/v2\/posts"}],"about":[{"href":"https:\/\/canal7slp.tv\/2025\/wp-json\/wp\/v2\/types\/post"}],"author":[{"embeddable":true,"href":"https:\/\/canal7slp.tv\/2025\/wp-json\/wp\/v2\/users\/2"}],"replies":[{"embeddable":true,"href":"https:\/\/canal7slp.tv\/2025\/wp-json\/wp\/v2\/comments?post=181856"}],"version-history":[{"count":3,"href":"https:\/\/canal7slp.tv\/2025\/wp-json\/wp\/v2\/posts\/181856\/revisions"}],"predecessor-version":[{"id":181880,"href":"https:\/\/canal7slp.tv\/2025\/wp-json\/wp\/v2\/posts\/181856\/revisions\/181880"}],"wp:featuredmedia":[{"embeddable":true,"href":"https:\/\/canal7slp.tv\/2025\/wp-json\/wp\/v2\/media\/181864"}],"wp:attachment":[{"href":"https:\/\/canal7slp.tv\/2025\/wp-json\/wp\/v2\/media?parent=181856"}],"wp:term":[{"taxonomy":"category","embeddable":true,"href":"https:\/\/canal7slp.tv\/2025\/wp-json\/wp\/v2\/categories?post=181856"},{"taxonomy":"post_tag","embeddable":true,"href":"https:\/\/canal7slp.tv\/2025\/wp-json\/wp\/v2\/tags?post=181856"}],"curies":[{"name":"wp","href":"https:\/\/api.w.org\/{rel}","templated":true}]}}