{"id":181732,"date":"2025-10-13T12:08:15","date_gmt":"2025-10-13T18:08:15","guid":{"rendered":"https:\/\/canal7slp.tv\/2025\/?p=181732"},"modified":"2025-10-13T12:08:15","modified_gmt":"2025-10-13T18:08:15","slug":"reconocimiento-de-dolor-origen-de-trata-blanqueamiento-y-negacion-historica-parte-de-comprension-del-pueblo-afromexicano","status":"publish","type":"post","link":"https:\/\/canal7slp.tv\/2025\/reconocimiento-de-dolor-origen-de-trata-blanqueamiento-y-negacion-historica-parte-de-comprension-del-pueblo-afromexicano\/","title":{"rendered":"Reconocimiento de dolor, origen de trata, blanqueamiento y negaci\u00f3n hist\u00f3rica; parte de comprensi\u00f3n del pueblo afromexicano"},"content":{"rendered":"<p style=\"text-align: justify;\">SLP.- El panel \u201cLlegamos todas. Derechos pol\u00edticos de las mujeres ind\u00edgenas y afroamericanas\u201d arroj\u00f3 varias perspectivas de la participaci\u00f3n del sector femenino cuando forma parte de grupos originarios o afrodescendientes, esto en el marco del Cuarto Congreso Nacional de la Colectiva 50+1 realizado en San Luis Potos\u00ed.<\/p>\n<p style=\"text-align: justify;\">Fue la activista Mijane Jim\u00e9nez Salinas quien asever\u00f3 que adem\u00e1s de la falta de intervenci\u00f3n de la mujer afrodescendiente en la vida pol\u00edtica, es necesario reconocer la historia de dolor que hay detr\u00e1s de ellas.<\/p>\n<p style=\"text-align: justify;\">\u201cEscarbar y hablar del pueblo afro mexicano a pesar de que las investigaciones tienen m\u00e1s de 60 a\u00f1os es reconocer el dolor, reconocer el origen de la trata trasatl\u00e1ntica, el blanqueamiento, la negaci\u00f3n hist\u00f3rica y sobre todo el que no haya habido ning\u00fan programa para preservar nuestra lengua, nuestra forma de hablar, nuestra propia cosmovisi\u00f3n pues lastima\u201d.<\/p>\n<p style=\"text-align: justify;\">Mar\u00eda Gloria S\u00e1nchez G\u00f3mez, quien fue una de las primeras alcaldesas ind\u00edgena del Estado de Chiapas, lament\u00f3 que el camino para este sector de la poblaci\u00f3n fuera tan dif\u00edcil.<\/p>\n<p style=\"text-align: justify;\">\u201cHacemos campa\u00f1a y el que hab\u00eda quedado en segundo lugar en el plebiscito se fue a otro partido (\u2026) Oxhuc no est\u00e1 para que lo monten las mujeres, as\u00ed dec\u00edan \u00bfno? (\u2026) ah\u00ed mi pensamiento no fue voy a perder, no, voy a ganar, porque yo voy a llevar el proyecto y la propuesta a cada comunidad y yo no me prest\u00e9 al contrincante hablar habladur\u00edas de machismo\u201d.<\/p>\n<p style=\"text-align: justify;\">Irma Juan Carlos, Diputada Federal, dijo que a la fecha se han logrado avances en la equidad de g\u00e9nero dentro de la pol\u00edtica incluso apoyada de la mano de los servidores del sexo masculino.<\/p>\n<p style=\"text-align: justify;\">\u201cAhora se reconocen los derechos pol\u00edticos electorales de las mujeres ind\u00edgenas y de las mujeres afromexicanas, entonces de manera muy general s\u00ed he tenido problemas con los compa\u00f1ero varones pero podr\u00eda decir en t\u00e9rminos muy generales que s\u00ed he encontrado apoyo en ciertos temas y en otros temas que ya son m\u00e1s complicados pues es donde ha sido m\u00e1s dif\u00edcil\u201d.<\/p>\n<p>Por: Juan Carlos Contreras<\/p>\n","protected":false},"excerpt":{"rendered":"<p>SLP.- El panel \u201cLlegamos todas. Derechos pol\u00edticos de las mujeres ind\u00edgenas y afroamericanas\u201d arroj\u00f3 varias perspectivas de la participaci\u00f3n del sector femenino cuando forma parte de grupos originarios o afrodescendientes, esto en el marco del Cuarto Congreso Nacional de la Colectiva 50+1 realizado en San Luis Potos\u00ed. Fue la activista Mijane Jim\u00e9nez Salinas quien asever\u00f3 que adem\u00e1s de la falta de intervenci\u00f3n de la mujer afrodescendiente en la vida pol\u00edtica, es necesario reconocer la historia de dolor que hay detr\u00e1s de ellas. \u201cEscarbar y hablar del pueblo afro mexicano a pesar de que las investigaciones tienen m\u00e1s de 60 a\u00f1os [&hellip;]<\/p>\n","protected":false},"author":2,"featured_media":181853,"comment_status":"closed","ping_status":"closed","sticky":false,"template":"","format":"video","meta":{"_monsterinsights_skip_tracking":false,"_monsterinsights_sitenote_active":false,"_monsterinsights_sitenote_note":"","_monsterinsights_sitenote_category":0,"footnotes":""},"categories":[5,45],"tags":[],"class_list":["post-181732","post","type-post","status-publish","format-video","has-post-thumbnail","hentry","category-destacadas","category-localesyregionales","post_format-post-format-video","post--single"],"yoast_head":"<!-- This site is optimized with the Yoast SEO plugin v27.4 - https:\/\/yoast.com\/product\/yoast-seo-wordpress\/ -->\n<title>Reconocimiento de dolor, origen de trata, blanqueamiento y negaci\u00f3n hist\u00f3rica; parte de comprensi\u00f3n del pueblo afromexicano - Canal 7 SLP - 2025<\/title>\n<meta name=\"robots\" content=\"index, follow, max-snippet:-1, max-image-preview:large, max-video-preview:-1\" \/>\n<link rel=\"canonical\" href=\"https:\/\/canal7slp.tv\/2025\/reconocimiento-de-dolor-origen-de-trata-blanqueamiento-y-negacion-historica-parte-de-comprension-del-pueblo-afromexicano\/\" \/>\n<meta property=\"og:locale\" content=\"es_ES\" \/>\n<meta property=\"og:type\" content=\"article\" \/>\n<meta property=\"og:title\" content=\"Reconocimiento de dolor, origen de trata, blanqueamiento y negaci\u00f3n hist\u00f3rica; parte de comprensi\u00f3n del pueblo afromexicano - Canal 7 SLP - 2025\" \/>\n<meta property=\"og:description\" content=\"SLP.- El panel \u201cLlegamos todas. Derechos pol\u00edticos de las mujeres ind\u00edgenas y afroamericanas\u201d arroj\u00f3 varias perspectivas de la participaci\u00f3n del sector femenino cuando forma parte de grupos originarios o afrodescendientes, esto en el marco del Cuarto Congreso Nacional de la Colectiva 50+1 realizado en San Luis Potos\u00ed. Fue la activista Mijane Jim\u00e9nez Salinas quien asever\u00f3 que adem\u00e1s de la falta de intervenci\u00f3n de la mujer afrodescendiente en la vida pol\u00edtica, es necesario reconocer la historia de dolor que hay detr\u00e1s de ellas. \u201cEscarbar y hablar del pueblo afro mexicano a pesar de que las investigaciones tienen m\u00e1s de 60 a\u00f1os [&hellip;]\" \/>\n<meta property=\"og:url\" content=\"https:\/\/canal7slp.tv\/2025\/reconocimiento-de-dolor-origen-de-trata-blanqueamiento-y-negacion-historica-parte-de-comprension-del-pueblo-afromexicano\/\" \/>\n<meta property=\"og:site_name\" content=\"Canal 7 SLP - 2025\" \/>\n<meta property=\"article:publisher\" content=\"https:\/\/www.facebook.com\/noticieroscanal7atencionciudadana\/\" \/>\n<meta property=\"article:published_time\" content=\"2025-10-13T18:08:15+00:00\" \/>\n<meta property=\"og:image\" content=\"https:\/\/canal7slp.tv\/2025\/wp-content\/uploads\/2025\/10\/Poky04IndigenasAfroamericanas.jpg\" \/>\n\t<meta property=\"og:image:width\" content=\"1280\" \/>\n\t<meta property=\"og:image:height\" content=\"720\" \/>\n\t<meta property=\"og:image:type\" content=\"image\/jpeg\" \/>\n<meta name=\"author\" content=\"Edici\u00f3n Web\" \/>\n<meta name=\"twitter:card\" content=\"summary_large_image\" \/>\n<meta name=\"twitter:creator\" content=\"@NOTICIEROS7\" \/>\n<meta name=\"twitter:site\" content=\"@NOTICIEROS7\" \/>\n<meta name=\"twitter:label1\" content=\"Escrito por\" \/>\n\t<meta name=\"twitter:data1\" content=\"Edici\u00f3n Web\" \/>\n\t<meta name=\"twitter:label2\" content=\"Tiempo de lectura\" \/>\n\t<meta name=\"twitter:data2\" content=\"2 minutos\" \/>\n<script type=\"application\/ld+json\" class=\"yoast-schema-graph\">{\"@context\":\"https:\\\/\\\/schema.org\",\"@graph\":[{\"@type\":\"Article\",\"@id\":\"https:\\\/\\\/canal7slp.tv\\\/2025\\\/reconocimiento-de-dolor-origen-de-trata-blanqueamiento-y-negacion-historica-parte-de-comprension-del-pueblo-afromexicano\\\/#article\",\"isPartOf\":{\"@id\":\"https:\\\/\\\/canal7slp.tv\\\/2025\\\/reconocimiento-de-dolor-origen-de-trata-blanqueamiento-y-negacion-historica-parte-de-comprension-del-pueblo-afromexicano\\\/\"},\"author\":{\"name\":\"Edici\u00f3n Web\",\"@id\":\"https:\\\/\\\/canal7slp.tv\\\/2025\\\/#\\\/schema\\\/person\\\/271e2b60a96e7cc9d9ac296f4d7e414b\"},\"headline\":\"Reconocimiento de dolor, origen de trata, blanqueamiento y negaci\u00f3n hist\u00f3rica; parte de comprensi\u00f3n del pueblo afromexicano\",\"datePublished\":\"2025-10-13T18:08:15+00:00\",\"mainEntityOfPage\":{\"@id\":\"https:\\\/\\\/canal7slp.tv\\\/2025\\\/reconocimiento-de-dolor-origen-de-trata-blanqueamiento-y-negacion-historica-parte-de-comprension-del-pueblo-afromexicano\\\/\"},\"wordCount\":385,\"publisher\":{\"@id\":\"https:\\\/\\\/canal7slp.tv\\\/2025\\\/#organization\"},\"image\":{\"@id\":\"https:\\\/\\\/canal7slp.tv\\\/2025\\\/reconocimiento-de-dolor-origen-de-trata-blanqueamiento-y-negacion-historica-parte-de-comprension-del-pueblo-afromexicano\\\/#primaryimage\"},\"thumbnailUrl\":\"https:\\\/\\\/canal7slp.tv\\\/2025\\\/wp-content\\\/uploads\\\/2025\\\/10\\\/Poky04IndigenasAfroamericanas.jpg\",\"articleSection\":[\"DESTACADAS\",\"LOCALES Y REGIONALES\"],\"inLanguage\":\"es\"},{\"@type\":\"WebPage\",\"@id\":\"https:\\\/\\\/canal7slp.tv\\\/2025\\\/reconocimiento-de-dolor-origen-de-trata-blanqueamiento-y-negacion-historica-parte-de-comprension-del-pueblo-afromexicano\\\/\",\"url\":\"https:\\\/\\\/canal7slp.tv\\\/2025\\\/reconocimiento-de-dolor-origen-de-trata-blanqueamiento-y-negacion-historica-parte-de-comprension-del-pueblo-afromexicano\\\/\",\"name\":\"Reconocimiento de dolor, origen de trata, blanqueamiento y negaci\u00f3n hist\u00f3rica; parte de comprensi\u00f3n del pueblo afromexicano - Canal 7 SLP - 2025\",\"isPartOf\":{\"@id\":\"https:\\\/\\\/canal7slp.tv\\\/2025\\\/#website\"},\"primaryImageOfPage\":{\"@id\":\"https:\\\/\\\/canal7slp.tv\\\/2025\\\/reconocimiento-de-dolor-origen-de-trata-blanqueamiento-y-negacion-historica-parte-de-comprension-del-pueblo-afromexicano\\\/#primaryimage\"},\"image\":{\"@id\":\"https:\\\/\\\/canal7slp.tv\\\/2025\\\/reconocimiento-de-dolor-origen-de-trata-blanqueamiento-y-negacion-historica-parte-de-comprension-del-pueblo-afromexicano\\\/#primaryimage\"},\"thumbnailUrl\":\"https:\\\/\\\/canal7slp.tv\\\/2025\\\/wp-content\\\/uploads\\\/2025\\\/10\\\/Poky04IndigenasAfroamericanas.jpg\",\"datePublished\":\"2025-10-13T18:08:15+00:00\",\"breadcrumb\":{\"@id\":\"https:\\\/\\\/canal7slp.tv\\\/2025\\\/reconocimiento-de-dolor-origen-de-trata-blanqueamiento-y-negacion-historica-parte-de-comprension-del-pueblo-afromexicano\\\/#breadcrumb\"},\"inLanguage\":\"es\",\"potentialAction\":[{\"@type\":\"ReadAction\",\"target\":[\"https:\\\/\\\/canal7slp.tv\\\/2025\\\/reconocimiento-de-dolor-origen-de-trata-blanqueamiento-y-negacion-historica-parte-de-comprension-del-pueblo-afromexicano\\\/\"]}]},{\"@type\":\"ImageObject\",\"inLanguage\":\"es\",\"@id\":\"https:\\\/\\\/canal7slp.tv\\\/2025\\\/reconocimiento-de-dolor-origen-de-trata-blanqueamiento-y-negacion-historica-parte-de-comprension-del-pueblo-afromexicano\\\/#primaryimage\",\"url\":\"https:\\\/\\\/canal7slp.tv\\\/2025\\\/wp-content\\\/uploads\\\/2025\\\/10\\\/Poky04IndigenasAfroamericanas.jpg\",\"contentUrl\":\"https:\\\/\\\/canal7slp.tv\\\/2025\\\/wp-content\\\/uploads\\\/2025\\\/10\\\/Poky04IndigenasAfroamericanas.jpg\",\"width\":1280,\"height\":720},{\"@type\":\"BreadcrumbList\",\"@id\":\"https:\\\/\\\/canal7slp.tv\\\/2025\\\/reconocimiento-de-dolor-origen-de-trata-blanqueamiento-y-negacion-historica-parte-de-comprension-del-pueblo-afromexicano\\\/#breadcrumb\",\"itemListElement\":[{\"@type\":\"ListItem\",\"position\":1,\"name\":\"Portada\",\"item\":\"https:\\\/\\\/canal7slp.tv\\\/2025\\\/\"},{\"@type\":\"ListItem\",\"position\":2,\"name\":\"Reconocimiento de dolor, origen de trata, blanqueamiento y negaci\u00f3n hist\u00f3rica; parte de comprensi\u00f3n del pueblo afromexicano\"}]},{\"@type\":\"WebSite\",\"@id\":\"https:\\\/\\\/canal7slp.tv\\\/2025\\\/#website\",\"url\":\"https:\\\/\\\/canal7slp.tv\\\/2025\\\/\",\"name\":\"N7 - Noticieros Canal 7\",\"description\":\"Somos el Medio\",\"publisher\":{\"@id\":\"https:\\\/\\\/canal7slp.tv\\\/2025\\\/#organization\"},\"potentialAction\":[{\"@type\":\"SearchAction\",\"target\":{\"@type\":\"EntryPoint\",\"urlTemplate\":\"https:\\\/\\\/canal7slp.tv\\\/2025\\\/?s={search_term_string}\"},\"query-input\":{\"@type\":\"PropertyValueSpecification\",\"valueRequired\":true,\"valueName\":\"search_term_string\"}}],\"inLanguage\":\"es\"},{\"@type\":\"Organization\",\"@id\":\"https:\\\/\\\/canal7slp.tv\\\/2025\\\/#organization\",\"name\":\"Noticieros Canal 7\",\"url\":\"https:\\\/\\\/canal7slp.tv\\\/2025\\\/\",\"logo\":{\"@type\":\"ImageObject\",\"inLanguage\":\"es\",\"@id\":\"https:\\\/\\\/canal7slp.tv\\\/2025\\\/#\\\/schema\\\/logo\\\/image\\\/\",\"url\":\"https:\\\/\\\/canal7slp.tv\\\/2025\\\/wp-content\\\/uploads\\\/2021\\\/01\\\/logo-noticieros@2x.png\",\"contentUrl\":\"https:\\\/\\\/canal7slp.tv\\\/2025\\\/wp-content\\\/uploads\\\/2021\\\/01\\\/logo-noticieros@2x.png\",\"width\":1017,\"height\":268,\"caption\":\"Noticieros Canal 7\"},\"image\":{\"@id\":\"https:\\\/\\\/canal7slp.tv\\\/2025\\\/#\\\/schema\\\/logo\\\/image\\\/\"},\"sameAs\":[\"https:\\\/\\\/www.facebook.com\\\/noticieroscanal7atencionciudadana\\\/\",\"https:\\\/\\\/x.com\\\/NOTICIEROS7\",\"https:\\\/\\\/www.instagram.com\\\/canal7_slp\",\"https:\\\/\\\/www.youtube.com\\\/channel\\\/UCliiYs-gP3JfJeqdPrNdd5A\"]},{\"@type\":\"Person\",\"@id\":\"https:\\\/\\\/canal7slp.tv\\\/2025\\\/#\\\/schema\\\/person\\\/271e2b60a96e7cc9d9ac296f4d7e414b\",\"name\":\"Edici\u00f3n Web\",\"image\":{\"@type\":\"ImageObject\",\"inLanguage\":\"es\",\"@id\":\"https:\\\/\\\/secure.gravatar.com\\\/avatar\\\/eee448fc3f7164808013b816ba91ac7e43bbe82a70bebac296f8bc6f0addaa1a?s=96&d=mm&r=g\",\"url\":\"https:\\\/\\\/secure.gravatar.com\\\/avatar\\\/eee448fc3f7164808013b816ba91ac7e43bbe82a70bebac296f8bc6f0addaa1a?s=96&d=mm&r=g\",\"contentUrl\":\"https:\\\/\\\/secure.gravatar.com\\\/avatar\\\/eee448fc3f7164808013b816ba91ac7e43bbe82a70bebac296f8bc6f0addaa1a?s=96&d=mm&r=g\",\"caption\":\"Edici\u00f3n Web\"},\"url\":\"https:\\\/\\\/canal7slp.tv\\\/2025\\\/author\\\/edicionweb\\\/\"}]}<\/script>\n<!-- \/ Yoast SEO plugin. -->","yoast_head_json":{"title":"Reconocimiento de dolor, origen de trata, blanqueamiento y negaci\u00f3n hist\u00f3rica; parte de comprensi\u00f3n del pueblo afromexicano - Canal 7 SLP - 2025","robots":{"index":"index","follow":"follow","max-snippet":"max-snippet:-1","max-image-preview":"max-image-preview:large","max-video-preview":"max-video-preview:-1"},"canonical":"https:\/\/canal7slp.tv\/2025\/reconocimiento-de-dolor-origen-de-trata-blanqueamiento-y-negacion-historica-parte-de-comprension-del-pueblo-afromexicano\/","og_locale":"es_ES","og_type":"article","og_title":"Reconocimiento de dolor, origen de trata, blanqueamiento y negaci\u00f3n hist\u00f3rica; parte de comprensi\u00f3n del pueblo afromexicano - Canal 7 SLP - 2025","og_description":"SLP.- El panel \u201cLlegamos todas. Derechos pol\u00edticos de las mujeres ind\u00edgenas y afroamericanas\u201d arroj\u00f3 varias perspectivas de la participaci\u00f3n del sector femenino cuando forma parte de grupos originarios o afrodescendientes, esto en el marco del Cuarto Congreso Nacional de la Colectiva 50+1 realizado en San Luis Potos\u00ed. Fue la activista Mijane Jim\u00e9nez Salinas quien asever\u00f3 que adem\u00e1s de la falta de intervenci\u00f3n de la mujer afrodescendiente en la vida pol\u00edtica, es necesario reconocer la historia de dolor que hay detr\u00e1s de ellas. \u201cEscarbar y hablar del pueblo afro mexicano a pesar de que las investigaciones tienen m\u00e1s de 60 a\u00f1os [&hellip;]","og_url":"https:\/\/canal7slp.tv\/2025\/reconocimiento-de-dolor-origen-de-trata-blanqueamiento-y-negacion-historica-parte-de-comprension-del-pueblo-afromexicano\/","og_site_name":"Canal 7 SLP - 2025","article_publisher":"https:\/\/www.facebook.com\/noticieroscanal7atencionciudadana\/","article_published_time":"2025-10-13T18:08:15+00:00","og_image":[{"width":1280,"height":720,"url":"https:\/\/canal7slp.tv\/2025\/wp-content\/uploads\/2025\/10\/Poky04IndigenasAfroamericanas.jpg","type":"image\/jpeg"}],"author":"Edici\u00f3n Web","twitter_card":"summary_large_image","twitter_creator":"@NOTICIEROS7","twitter_site":"@NOTICIEROS7","twitter_misc":{"Escrito por":"Edici\u00f3n Web","Tiempo de lectura":"2 minutos"},"schema":{"@context":"https:\/\/schema.org","@graph":[{"@type":"Article","@id":"https:\/\/canal7slp.tv\/2025\/reconocimiento-de-dolor-origen-de-trata-blanqueamiento-y-negacion-historica-parte-de-comprension-del-pueblo-afromexicano\/#article","isPartOf":{"@id":"https:\/\/canal7slp.tv\/2025\/reconocimiento-de-dolor-origen-de-trata-blanqueamiento-y-negacion-historica-parte-de-comprension-del-pueblo-afromexicano\/"},"author":{"name":"Edici\u00f3n Web","@id":"https:\/\/canal7slp.tv\/2025\/#\/schema\/person\/271e2b60a96e7cc9d9ac296f4d7e414b"},"headline":"Reconocimiento de dolor, origen de trata, blanqueamiento y negaci\u00f3n hist\u00f3rica; parte de comprensi\u00f3n del pueblo afromexicano","datePublished":"2025-10-13T18:08:15+00:00","mainEntityOfPage":{"@id":"https:\/\/canal7slp.tv\/2025\/reconocimiento-de-dolor-origen-de-trata-blanqueamiento-y-negacion-historica-parte-de-comprension-del-pueblo-afromexicano\/"},"wordCount":385,"publisher":{"@id":"https:\/\/canal7slp.tv\/2025\/#organization"},"image":{"@id":"https:\/\/canal7slp.tv\/2025\/reconocimiento-de-dolor-origen-de-trata-blanqueamiento-y-negacion-historica-parte-de-comprension-del-pueblo-afromexicano\/#primaryimage"},"thumbnailUrl":"https:\/\/canal7slp.tv\/2025\/wp-content\/uploads\/2025\/10\/Poky04IndigenasAfroamericanas.jpg","articleSection":["DESTACADAS","LOCALES Y REGIONALES"],"inLanguage":"es"},{"@type":"WebPage","@id":"https:\/\/canal7slp.tv\/2025\/reconocimiento-de-dolor-origen-de-trata-blanqueamiento-y-negacion-historica-parte-de-comprension-del-pueblo-afromexicano\/","url":"https:\/\/canal7slp.tv\/2025\/reconocimiento-de-dolor-origen-de-trata-blanqueamiento-y-negacion-historica-parte-de-comprension-del-pueblo-afromexicano\/","name":"Reconocimiento de dolor, origen de trata, blanqueamiento y negaci\u00f3n hist\u00f3rica; parte de comprensi\u00f3n del pueblo afromexicano - Canal 7 SLP - 2025","isPartOf":{"@id":"https:\/\/canal7slp.tv\/2025\/#website"},"primaryImageOfPage":{"@id":"https:\/\/canal7slp.tv\/2025\/reconocimiento-de-dolor-origen-de-trata-blanqueamiento-y-negacion-historica-parte-de-comprension-del-pueblo-afromexicano\/#primaryimage"},"image":{"@id":"https:\/\/canal7slp.tv\/2025\/reconocimiento-de-dolor-origen-de-trata-blanqueamiento-y-negacion-historica-parte-de-comprension-del-pueblo-afromexicano\/#primaryimage"},"thumbnailUrl":"https:\/\/canal7slp.tv\/2025\/wp-content\/uploads\/2025\/10\/Poky04IndigenasAfroamericanas.jpg","datePublished":"2025-10-13T18:08:15+00:00","breadcrumb":{"@id":"https:\/\/canal7slp.tv\/2025\/reconocimiento-de-dolor-origen-de-trata-blanqueamiento-y-negacion-historica-parte-de-comprension-del-pueblo-afromexicano\/#breadcrumb"},"inLanguage":"es","potentialAction":[{"@type":"ReadAction","target":["https:\/\/canal7slp.tv\/2025\/reconocimiento-de-dolor-origen-de-trata-blanqueamiento-y-negacion-historica-parte-de-comprension-del-pueblo-afromexicano\/"]}]},{"@type":"ImageObject","inLanguage":"es","@id":"https:\/\/canal7slp.tv\/2025\/reconocimiento-de-dolor-origen-de-trata-blanqueamiento-y-negacion-historica-parte-de-comprension-del-pueblo-afromexicano\/#primaryimage","url":"https:\/\/canal7slp.tv\/2025\/wp-content\/uploads\/2025\/10\/Poky04IndigenasAfroamericanas.jpg","contentUrl":"https:\/\/canal7slp.tv\/2025\/wp-content\/uploads\/2025\/10\/Poky04IndigenasAfroamericanas.jpg","width":1280,"height":720},{"@type":"BreadcrumbList","@id":"https:\/\/canal7slp.tv\/2025\/reconocimiento-de-dolor-origen-de-trata-blanqueamiento-y-negacion-historica-parte-de-comprension-del-pueblo-afromexicano\/#breadcrumb","itemListElement":[{"@type":"ListItem","position":1,"name":"Portada","item":"https:\/\/canal7slp.tv\/2025\/"},{"@type":"ListItem","position":2,"name":"Reconocimiento de dolor, origen de trata, blanqueamiento y negaci\u00f3n hist\u00f3rica; parte de comprensi\u00f3n del pueblo afromexicano"}]},{"@type":"WebSite","@id":"https:\/\/canal7slp.tv\/2025\/#website","url":"https:\/\/canal7slp.tv\/2025\/","name":"N7 - Noticieros Canal 7","description":"Somos el Medio","publisher":{"@id":"https:\/\/canal7slp.tv\/2025\/#organization"},"potentialAction":[{"@type":"SearchAction","target":{"@type":"EntryPoint","urlTemplate":"https:\/\/canal7slp.tv\/2025\/?s={search_term_string}"},"query-input":{"@type":"PropertyValueSpecification","valueRequired":true,"valueName":"search_term_string"}}],"inLanguage":"es"},{"@type":"Organization","@id":"https:\/\/canal7slp.tv\/2025\/#organization","name":"Noticieros Canal 7","url":"https:\/\/canal7slp.tv\/2025\/","logo":{"@type":"ImageObject","inLanguage":"es","@id":"https:\/\/canal7slp.tv\/2025\/#\/schema\/logo\/image\/","url":"https:\/\/canal7slp.tv\/2025\/wp-content\/uploads\/2021\/01\/logo-noticieros@2x.png","contentUrl":"https:\/\/canal7slp.tv\/2025\/wp-content\/uploads\/2021\/01\/logo-noticieros@2x.png","width":1017,"height":268,"caption":"Noticieros Canal 7"},"image":{"@id":"https:\/\/canal7slp.tv\/2025\/#\/schema\/logo\/image\/"},"sameAs":["https:\/\/www.facebook.com\/noticieroscanal7atencionciudadana\/","https:\/\/x.com\/NOTICIEROS7","https:\/\/www.instagram.com\/canal7_slp","https:\/\/www.youtube.com\/channel\/UCliiYs-gP3JfJeqdPrNdd5A"]},{"@type":"Person","@id":"https:\/\/canal7slp.tv\/2025\/#\/schema\/person\/271e2b60a96e7cc9d9ac296f4d7e414b","name":"Edici\u00f3n Web","image":{"@type":"ImageObject","inLanguage":"es","@id":"https:\/\/secure.gravatar.com\/avatar\/eee448fc3f7164808013b816ba91ac7e43bbe82a70bebac296f8bc6f0addaa1a?s=96&d=mm&r=g","url":"https:\/\/secure.gravatar.com\/avatar\/eee448fc3f7164808013b816ba91ac7e43bbe82a70bebac296f8bc6f0addaa1a?s=96&d=mm&r=g","contentUrl":"https:\/\/secure.gravatar.com\/avatar\/eee448fc3f7164808013b816ba91ac7e43bbe82a70bebac296f8bc6f0addaa1a?s=96&d=mm&r=g","caption":"Edici\u00f3n Web"},"url":"https:\/\/canal7slp.tv\/2025\/author\/edicionweb\/"}]}},"_links":{"self":[{"href":"https:\/\/canal7slp.tv\/2025\/wp-json\/wp\/v2\/posts\/181732","targetHints":{"allow":["GET"]}}],"collection":[{"href":"https:\/\/canal7slp.tv\/2025\/wp-json\/wp\/v2\/posts"}],"about":[{"href":"https:\/\/canal7slp.tv\/2025\/wp-json\/wp\/v2\/types\/post"}],"author":[{"embeddable":true,"href":"https:\/\/canal7slp.tv\/2025\/wp-json\/wp\/v2\/users\/2"}],"replies":[{"embeddable":true,"href":"https:\/\/canal7slp.tv\/2025\/wp-json\/wp\/v2\/comments?post=181732"}],"version-history":[{"count":2,"href":"https:\/\/canal7slp.tv\/2025\/wp-json\/wp\/v2\/posts\/181732\/revisions"}],"predecessor-version":[{"id":181854,"href":"https:\/\/canal7slp.tv\/2025\/wp-json\/wp\/v2\/posts\/181732\/revisions\/181854"}],"wp:featuredmedia":[{"embeddable":true,"href":"https:\/\/canal7slp.tv\/2025\/wp-json\/wp\/v2\/media\/181853"}],"wp:attachment":[{"href":"https:\/\/canal7slp.tv\/2025\/wp-json\/wp\/v2\/media?parent=181732"}],"wp:term":[{"taxonomy":"category","embeddable":true,"href":"https:\/\/canal7slp.tv\/2025\/wp-json\/wp\/v2\/categories?post=181732"},{"taxonomy":"post_tag","embeddable":true,"href":"https:\/\/canal7slp.tv\/2025\/wp-json\/wp\/v2\/tags?post=181732"}],"curies":[{"name":"wp","href":"https:\/\/api.w.org\/{rel}","templated":true}]}}