{"id":181731,"date":"2025-10-13T12:02:03","date_gmt":"2025-10-13T18:02:03","guid":{"rendered":"https:\/\/canal7slp.tv\/2025\/?p=181731"},"modified":"2025-10-13T12:02:03","modified_gmt":"2025-10-13T18:02:03","slug":"mas-alla-de-representacion-perspectiva-de-genero-requieren-las-instituciones-hilda-tellez-lino","status":"publish","type":"post","link":"https:\/\/canal7slp.tv\/2025\/mas-alla-de-representacion-perspectiva-de-genero-requieren-las-instituciones-hilda-tellez-lino\/","title":{"rendered":"M\u00e1s all\u00e1 de representaci\u00f3n, perspectiva de g\u00e9nero requieren las instituciones: Hilda T\u00e9llez Lino"},"content":{"rendered":"<p style=\"text-align: justify;\"><span style=\"font-size: 1.21429rem;\">SLP.- La presencia de las mujeres dentro de la vida pol\u00edtica es fundamental y debe de trabajarse d\u00eda con d\u00eda para que el esfuerzo llegue a todas y cada una de las integrantes de la sociedad se indic\u00f3 por las integrantes del panel \u201cMujeres que gobiernan desde lo local\u201d que se realiz\u00f3 en el Cuarto Congreso Nacional de 50+1.<\/span><\/p>\n<p style=\"text-align: justify;\">Fue la Senadora de la Rep\u00fablica Mexicana Amalia Garc\u00eda, quien arranc\u00f3 el tema haciendo menci\u00f3n de la necesidad de que el sector femenino en la pol\u00edtica ayude al resto de las mujeres.<\/p>\n<p style=\"text-align: justify;\">\u201cFundamental que estemos es un derecho como se ha dicho pero no es suficiente (\u2026) cuerpo de mujer no garantiza conciencia de g\u00e9nero, entonces es fundamental que estemos es nuestro derecho pero requerimos llegar con un compromiso de hacer pol\u00edticas p\u00fablicas o tareas legislativas o hacer justicia con esta perspectiva de g\u00e9nero\u201d.<\/p>\n<p style=\"text-align: justify;\">La titular de la Unidad de Atenci\u00f3n de la Diversidad Sexual de la Ciudad de M\u00e9xico, Hilda T\u00e9llez Lino, acept\u00f3 que a la fecha no est\u00e1 garantizada la participaci\u00f3n de la mujer en pol\u00edtica.<\/p>\n<p style=\"text-align: justify;\">\u201cY tenemos mucha representaci\u00f3n de mujeres en gobierno pero no necesariamente eso inmediatamente se traduce en que se beneficien todas las mujeres (\u2026) la l\u00f3gica de la administraci\u00f3n p\u00fablica, la l\u00f3gica tambi\u00e9n del trabajo dentro de una instancia de gobierno, es una instancia que no tiene una mirada de mujer\u201d.<\/p>\n<p style=\"text-align: justify;\">La presidenta de la Colectiva 50+1 en Aguascalientes, Patricia C\u00e1rdenas, asever\u00f3 que es necesario seguir en el camino de la paridad e g\u00e9nero.<\/p>\n<p style=\"text-align: justify;\">\u201cTodav\u00eda faltan muchos retos, ya llegamos, pero hay que transformar los espacios en los que estamos (\u2026) y sobre todo tiene que ser muy cercano a las mujeres en territorio s\u00ed desde arriba pero m\u00e1s desde abajo, caminando, platicando con ellas\u201d.<\/p>\n<p style=\"text-align: justify;\">Por: Juan Carlos Contreras<\/p>\n","protected":false},"excerpt":{"rendered":"<p>SLP.- La presencia de las mujeres dentro de la vida pol\u00edtica es fundamental y debe de trabajarse d\u00eda con d\u00eda para que el esfuerzo llegue a todas y cada una de las integrantes de la sociedad se indic\u00f3 por las integrantes del panel \u201cMujeres que gobiernan desde lo local\u201d que se realiz\u00f3 en el Cuarto Congreso Nacional de 50+1. Fue la Senadora de la Rep\u00fablica Mexicana Amalia Garc\u00eda, quien arranc\u00f3 el tema haciendo menci\u00f3n de la necesidad de que el sector femenino en la pol\u00edtica ayude al resto de las mujeres. \u201cFundamental que estemos es un derecho como se ha [&hellip;]<\/p>\n","protected":false},"author":2,"featured_media":181850,"comment_status":"closed","ping_status":"closed","sticky":false,"template":"","format":"video","meta":{"_monsterinsights_skip_tracking":false,"_monsterinsights_sitenote_active":false,"_monsterinsights_sitenote_note":"","_monsterinsights_sitenote_category":0,"footnotes":""},"categories":[5,45],"tags":[],"class_list":["post-181731","post","type-post","status-publish","format-video","has-post-thumbnail","hentry","category-destacadas","category-localesyregionales","post_format-post-format-video","post--single"],"yoast_head":"<!-- This site is optimized with the Yoast SEO plugin v27.4 - https:\/\/yoast.com\/product\/yoast-seo-wordpress\/ -->\n<title>M\u00e1s all\u00e1 de representaci\u00f3n, perspectiva de g\u00e9nero requieren las instituciones: Hilda T\u00e9llez Lino - Canal 7 SLP - 2025<\/title>\n<meta name=\"robots\" content=\"index, follow, max-snippet:-1, max-image-preview:large, max-video-preview:-1\" \/>\n<link rel=\"canonical\" href=\"https:\/\/canal7slp.tv\/2025\/mas-alla-de-representacion-perspectiva-de-genero-requieren-las-instituciones-hilda-tellez-lino\/\" \/>\n<meta property=\"og:locale\" content=\"es_ES\" \/>\n<meta property=\"og:type\" content=\"article\" \/>\n<meta property=\"og:title\" content=\"M\u00e1s all\u00e1 de representaci\u00f3n, perspectiva de g\u00e9nero requieren las instituciones: Hilda T\u00e9llez Lino - Canal 7 SLP - 2025\" \/>\n<meta property=\"og:description\" content=\"SLP.- La presencia de las mujeres dentro de la vida pol\u00edtica es fundamental y debe de trabajarse d\u00eda con d\u00eda para que el esfuerzo llegue a todas y cada una de las integrantes de la sociedad se indic\u00f3 por las integrantes del panel \u201cMujeres que gobiernan desde lo local\u201d que se realiz\u00f3 en el Cuarto Congreso Nacional de 50+1. Fue la Senadora de la Rep\u00fablica Mexicana Amalia Garc\u00eda, quien arranc\u00f3 el tema haciendo menci\u00f3n de la necesidad de que el sector femenino en la pol\u00edtica ayude al resto de las mujeres. \u201cFundamental que estemos es un derecho como se ha [&hellip;]\" \/>\n<meta property=\"og:url\" content=\"https:\/\/canal7slp.tv\/2025\/mas-alla-de-representacion-perspectiva-de-genero-requieren-las-instituciones-hilda-tellez-lino\/\" \/>\n<meta property=\"og:site_name\" content=\"Canal 7 SLP - 2025\" \/>\n<meta property=\"article:publisher\" content=\"https:\/\/www.facebook.com\/noticieroscanal7atencionciudadana\/\" \/>\n<meta property=\"article:published_time\" content=\"2025-10-13T18:02:03+00:00\" \/>\n<meta property=\"og:image\" content=\"https:\/\/canal7slp.tv\/2025\/wp-content\/uploads\/2025\/10\/Poky03MujeresQueGobiernan.jpg\" \/>\n\t<meta property=\"og:image:width\" content=\"1280\" \/>\n\t<meta property=\"og:image:height\" content=\"720\" \/>\n\t<meta property=\"og:image:type\" content=\"image\/jpeg\" \/>\n<meta name=\"author\" content=\"Edici\u00f3n Web\" \/>\n<meta name=\"twitter:card\" content=\"summary_large_image\" \/>\n<meta name=\"twitter:creator\" content=\"@NOTICIEROS7\" \/>\n<meta name=\"twitter:site\" content=\"@NOTICIEROS7\" \/>\n<meta name=\"twitter:label1\" content=\"Escrito por\" \/>\n\t<meta name=\"twitter:data1\" content=\"Edici\u00f3n Web\" \/>\n\t<meta name=\"twitter:label2\" content=\"Tiempo de lectura\" \/>\n\t<meta name=\"twitter:data2\" content=\"2 minutos\" \/>\n<script type=\"application\/ld+json\" class=\"yoast-schema-graph\">{\"@context\":\"https:\\\/\\\/schema.org\",\"@graph\":[{\"@type\":\"Article\",\"@id\":\"https:\\\/\\\/canal7slp.tv\\\/2025\\\/mas-alla-de-representacion-perspectiva-de-genero-requieren-las-instituciones-hilda-tellez-lino\\\/#article\",\"isPartOf\":{\"@id\":\"https:\\\/\\\/canal7slp.tv\\\/2025\\\/mas-alla-de-representacion-perspectiva-de-genero-requieren-las-instituciones-hilda-tellez-lino\\\/\"},\"author\":{\"name\":\"Edici\u00f3n Web\",\"@id\":\"https:\\\/\\\/canal7slp.tv\\\/2025\\\/#\\\/schema\\\/person\\\/271e2b60a96e7cc9d9ac296f4d7e414b\"},\"headline\":\"M\u00e1s all\u00e1 de representaci\u00f3n, perspectiva de g\u00e9nero requieren las instituciones: Hilda T\u00e9llez Lino\",\"datePublished\":\"2025-10-13T18:02:03+00:00\",\"mainEntityOfPage\":{\"@id\":\"https:\\\/\\\/canal7slp.tv\\\/2025\\\/mas-alla-de-representacion-perspectiva-de-genero-requieren-las-instituciones-hilda-tellez-lino\\\/\"},\"wordCount\":334,\"publisher\":{\"@id\":\"https:\\\/\\\/canal7slp.tv\\\/2025\\\/#organization\"},\"image\":{\"@id\":\"https:\\\/\\\/canal7slp.tv\\\/2025\\\/mas-alla-de-representacion-perspectiva-de-genero-requieren-las-instituciones-hilda-tellez-lino\\\/#primaryimage\"},\"thumbnailUrl\":\"https:\\\/\\\/canal7slp.tv\\\/2025\\\/wp-content\\\/uploads\\\/2025\\\/10\\\/Poky03MujeresQueGobiernan.jpg\",\"articleSection\":[\"DESTACADAS\",\"LOCALES Y REGIONALES\"],\"inLanguage\":\"es\"},{\"@type\":\"WebPage\",\"@id\":\"https:\\\/\\\/canal7slp.tv\\\/2025\\\/mas-alla-de-representacion-perspectiva-de-genero-requieren-las-instituciones-hilda-tellez-lino\\\/\",\"url\":\"https:\\\/\\\/canal7slp.tv\\\/2025\\\/mas-alla-de-representacion-perspectiva-de-genero-requieren-las-instituciones-hilda-tellez-lino\\\/\",\"name\":\"M\u00e1s all\u00e1 de representaci\u00f3n, perspectiva de g\u00e9nero requieren las instituciones: Hilda T\u00e9llez Lino - Canal 7 SLP - 2025\",\"isPartOf\":{\"@id\":\"https:\\\/\\\/canal7slp.tv\\\/2025\\\/#website\"},\"primaryImageOfPage\":{\"@id\":\"https:\\\/\\\/canal7slp.tv\\\/2025\\\/mas-alla-de-representacion-perspectiva-de-genero-requieren-las-instituciones-hilda-tellez-lino\\\/#primaryimage\"},\"image\":{\"@id\":\"https:\\\/\\\/canal7slp.tv\\\/2025\\\/mas-alla-de-representacion-perspectiva-de-genero-requieren-las-instituciones-hilda-tellez-lino\\\/#primaryimage\"},\"thumbnailUrl\":\"https:\\\/\\\/canal7slp.tv\\\/2025\\\/wp-content\\\/uploads\\\/2025\\\/10\\\/Poky03MujeresQueGobiernan.jpg\",\"datePublished\":\"2025-10-13T18:02:03+00:00\",\"breadcrumb\":{\"@id\":\"https:\\\/\\\/canal7slp.tv\\\/2025\\\/mas-alla-de-representacion-perspectiva-de-genero-requieren-las-instituciones-hilda-tellez-lino\\\/#breadcrumb\"},\"inLanguage\":\"es\",\"potentialAction\":[{\"@type\":\"ReadAction\",\"target\":[\"https:\\\/\\\/canal7slp.tv\\\/2025\\\/mas-alla-de-representacion-perspectiva-de-genero-requieren-las-instituciones-hilda-tellez-lino\\\/\"]}]},{\"@type\":\"ImageObject\",\"inLanguage\":\"es\",\"@id\":\"https:\\\/\\\/canal7slp.tv\\\/2025\\\/mas-alla-de-representacion-perspectiva-de-genero-requieren-las-instituciones-hilda-tellez-lino\\\/#primaryimage\",\"url\":\"https:\\\/\\\/canal7slp.tv\\\/2025\\\/wp-content\\\/uploads\\\/2025\\\/10\\\/Poky03MujeresQueGobiernan.jpg\",\"contentUrl\":\"https:\\\/\\\/canal7slp.tv\\\/2025\\\/wp-content\\\/uploads\\\/2025\\\/10\\\/Poky03MujeresQueGobiernan.jpg\",\"width\":1280,\"height\":720},{\"@type\":\"BreadcrumbList\",\"@id\":\"https:\\\/\\\/canal7slp.tv\\\/2025\\\/mas-alla-de-representacion-perspectiva-de-genero-requieren-las-instituciones-hilda-tellez-lino\\\/#breadcrumb\",\"itemListElement\":[{\"@type\":\"ListItem\",\"position\":1,\"name\":\"Portada\",\"item\":\"https:\\\/\\\/canal7slp.tv\\\/2025\\\/\"},{\"@type\":\"ListItem\",\"position\":2,\"name\":\"M\u00e1s all\u00e1 de representaci\u00f3n, perspectiva de g\u00e9nero requieren las instituciones: Hilda T\u00e9llez Lino\"}]},{\"@type\":\"WebSite\",\"@id\":\"https:\\\/\\\/canal7slp.tv\\\/2025\\\/#website\",\"url\":\"https:\\\/\\\/canal7slp.tv\\\/2025\\\/\",\"name\":\"N7 - Noticieros Canal 7\",\"description\":\"Somos el Medio\",\"publisher\":{\"@id\":\"https:\\\/\\\/canal7slp.tv\\\/2025\\\/#organization\"},\"potentialAction\":[{\"@type\":\"SearchAction\",\"target\":{\"@type\":\"EntryPoint\",\"urlTemplate\":\"https:\\\/\\\/canal7slp.tv\\\/2025\\\/?s={search_term_string}\"},\"query-input\":{\"@type\":\"PropertyValueSpecification\",\"valueRequired\":true,\"valueName\":\"search_term_string\"}}],\"inLanguage\":\"es\"},{\"@type\":\"Organization\",\"@id\":\"https:\\\/\\\/canal7slp.tv\\\/2025\\\/#organization\",\"name\":\"Noticieros Canal 7\",\"url\":\"https:\\\/\\\/canal7slp.tv\\\/2025\\\/\",\"logo\":{\"@type\":\"ImageObject\",\"inLanguage\":\"es\",\"@id\":\"https:\\\/\\\/canal7slp.tv\\\/2025\\\/#\\\/schema\\\/logo\\\/image\\\/\",\"url\":\"https:\\\/\\\/canal7slp.tv\\\/2025\\\/wp-content\\\/uploads\\\/2021\\\/01\\\/logo-noticieros@2x.png\",\"contentUrl\":\"https:\\\/\\\/canal7slp.tv\\\/2025\\\/wp-content\\\/uploads\\\/2021\\\/01\\\/logo-noticieros@2x.png\",\"width\":1017,\"height\":268,\"caption\":\"Noticieros Canal 7\"},\"image\":{\"@id\":\"https:\\\/\\\/canal7slp.tv\\\/2025\\\/#\\\/schema\\\/logo\\\/image\\\/\"},\"sameAs\":[\"https:\\\/\\\/www.facebook.com\\\/noticieroscanal7atencionciudadana\\\/\",\"https:\\\/\\\/x.com\\\/NOTICIEROS7\",\"https:\\\/\\\/www.instagram.com\\\/canal7_slp\",\"https:\\\/\\\/www.youtube.com\\\/channel\\\/UCliiYs-gP3JfJeqdPrNdd5A\"]},{\"@type\":\"Person\",\"@id\":\"https:\\\/\\\/canal7slp.tv\\\/2025\\\/#\\\/schema\\\/person\\\/271e2b60a96e7cc9d9ac296f4d7e414b\",\"name\":\"Edici\u00f3n Web\",\"image\":{\"@type\":\"ImageObject\",\"inLanguage\":\"es\",\"@id\":\"https:\\\/\\\/secure.gravatar.com\\\/avatar\\\/eee448fc3f7164808013b816ba91ac7e43bbe82a70bebac296f8bc6f0addaa1a?s=96&d=mm&r=g\",\"url\":\"https:\\\/\\\/secure.gravatar.com\\\/avatar\\\/eee448fc3f7164808013b816ba91ac7e43bbe82a70bebac296f8bc6f0addaa1a?s=96&d=mm&r=g\",\"contentUrl\":\"https:\\\/\\\/secure.gravatar.com\\\/avatar\\\/eee448fc3f7164808013b816ba91ac7e43bbe82a70bebac296f8bc6f0addaa1a?s=96&d=mm&r=g\",\"caption\":\"Edici\u00f3n Web\"},\"url\":\"https:\\\/\\\/canal7slp.tv\\\/2025\\\/author\\\/edicionweb\\\/\"}]}<\/script>\n<!-- \/ Yoast SEO plugin. -->","yoast_head_json":{"title":"M\u00e1s all\u00e1 de representaci\u00f3n, perspectiva de g\u00e9nero requieren las instituciones: Hilda T\u00e9llez Lino - Canal 7 SLP - 2025","robots":{"index":"index","follow":"follow","max-snippet":"max-snippet:-1","max-image-preview":"max-image-preview:large","max-video-preview":"max-video-preview:-1"},"canonical":"https:\/\/canal7slp.tv\/2025\/mas-alla-de-representacion-perspectiva-de-genero-requieren-las-instituciones-hilda-tellez-lino\/","og_locale":"es_ES","og_type":"article","og_title":"M\u00e1s all\u00e1 de representaci\u00f3n, perspectiva de g\u00e9nero requieren las instituciones: Hilda T\u00e9llez Lino - Canal 7 SLP - 2025","og_description":"SLP.- La presencia de las mujeres dentro de la vida pol\u00edtica es fundamental y debe de trabajarse d\u00eda con d\u00eda para que el esfuerzo llegue a todas y cada una de las integrantes de la sociedad se indic\u00f3 por las integrantes del panel \u201cMujeres que gobiernan desde lo local\u201d que se realiz\u00f3 en el Cuarto Congreso Nacional de 50+1. Fue la Senadora de la Rep\u00fablica Mexicana Amalia Garc\u00eda, quien arranc\u00f3 el tema haciendo menci\u00f3n de la necesidad de que el sector femenino en la pol\u00edtica ayude al resto de las mujeres. \u201cFundamental que estemos es un derecho como se ha [&hellip;]","og_url":"https:\/\/canal7slp.tv\/2025\/mas-alla-de-representacion-perspectiva-de-genero-requieren-las-instituciones-hilda-tellez-lino\/","og_site_name":"Canal 7 SLP - 2025","article_publisher":"https:\/\/www.facebook.com\/noticieroscanal7atencionciudadana\/","article_published_time":"2025-10-13T18:02:03+00:00","og_image":[{"width":1280,"height":720,"url":"https:\/\/canal7slp.tv\/2025\/wp-content\/uploads\/2025\/10\/Poky03MujeresQueGobiernan.jpg","type":"image\/jpeg"}],"author":"Edici\u00f3n Web","twitter_card":"summary_large_image","twitter_creator":"@NOTICIEROS7","twitter_site":"@NOTICIEROS7","twitter_misc":{"Escrito por":"Edici\u00f3n Web","Tiempo de lectura":"2 minutos"},"schema":{"@context":"https:\/\/schema.org","@graph":[{"@type":"Article","@id":"https:\/\/canal7slp.tv\/2025\/mas-alla-de-representacion-perspectiva-de-genero-requieren-las-instituciones-hilda-tellez-lino\/#article","isPartOf":{"@id":"https:\/\/canal7slp.tv\/2025\/mas-alla-de-representacion-perspectiva-de-genero-requieren-las-instituciones-hilda-tellez-lino\/"},"author":{"name":"Edici\u00f3n Web","@id":"https:\/\/canal7slp.tv\/2025\/#\/schema\/person\/271e2b60a96e7cc9d9ac296f4d7e414b"},"headline":"M\u00e1s all\u00e1 de representaci\u00f3n, perspectiva de g\u00e9nero requieren las instituciones: Hilda T\u00e9llez Lino","datePublished":"2025-10-13T18:02:03+00:00","mainEntityOfPage":{"@id":"https:\/\/canal7slp.tv\/2025\/mas-alla-de-representacion-perspectiva-de-genero-requieren-las-instituciones-hilda-tellez-lino\/"},"wordCount":334,"publisher":{"@id":"https:\/\/canal7slp.tv\/2025\/#organization"},"image":{"@id":"https:\/\/canal7slp.tv\/2025\/mas-alla-de-representacion-perspectiva-de-genero-requieren-las-instituciones-hilda-tellez-lino\/#primaryimage"},"thumbnailUrl":"https:\/\/canal7slp.tv\/2025\/wp-content\/uploads\/2025\/10\/Poky03MujeresQueGobiernan.jpg","articleSection":["DESTACADAS","LOCALES Y REGIONALES"],"inLanguage":"es"},{"@type":"WebPage","@id":"https:\/\/canal7slp.tv\/2025\/mas-alla-de-representacion-perspectiva-de-genero-requieren-las-instituciones-hilda-tellez-lino\/","url":"https:\/\/canal7slp.tv\/2025\/mas-alla-de-representacion-perspectiva-de-genero-requieren-las-instituciones-hilda-tellez-lino\/","name":"M\u00e1s all\u00e1 de representaci\u00f3n, perspectiva de g\u00e9nero requieren las instituciones: Hilda T\u00e9llez Lino - Canal 7 SLP - 2025","isPartOf":{"@id":"https:\/\/canal7slp.tv\/2025\/#website"},"primaryImageOfPage":{"@id":"https:\/\/canal7slp.tv\/2025\/mas-alla-de-representacion-perspectiva-de-genero-requieren-las-instituciones-hilda-tellez-lino\/#primaryimage"},"image":{"@id":"https:\/\/canal7slp.tv\/2025\/mas-alla-de-representacion-perspectiva-de-genero-requieren-las-instituciones-hilda-tellez-lino\/#primaryimage"},"thumbnailUrl":"https:\/\/canal7slp.tv\/2025\/wp-content\/uploads\/2025\/10\/Poky03MujeresQueGobiernan.jpg","datePublished":"2025-10-13T18:02:03+00:00","breadcrumb":{"@id":"https:\/\/canal7slp.tv\/2025\/mas-alla-de-representacion-perspectiva-de-genero-requieren-las-instituciones-hilda-tellez-lino\/#breadcrumb"},"inLanguage":"es","potentialAction":[{"@type":"ReadAction","target":["https:\/\/canal7slp.tv\/2025\/mas-alla-de-representacion-perspectiva-de-genero-requieren-las-instituciones-hilda-tellez-lino\/"]}]},{"@type":"ImageObject","inLanguage":"es","@id":"https:\/\/canal7slp.tv\/2025\/mas-alla-de-representacion-perspectiva-de-genero-requieren-las-instituciones-hilda-tellez-lino\/#primaryimage","url":"https:\/\/canal7slp.tv\/2025\/wp-content\/uploads\/2025\/10\/Poky03MujeresQueGobiernan.jpg","contentUrl":"https:\/\/canal7slp.tv\/2025\/wp-content\/uploads\/2025\/10\/Poky03MujeresQueGobiernan.jpg","width":1280,"height":720},{"@type":"BreadcrumbList","@id":"https:\/\/canal7slp.tv\/2025\/mas-alla-de-representacion-perspectiva-de-genero-requieren-las-instituciones-hilda-tellez-lino\/#breadcrumb","itemListElement":[{"@type":"ListItem","position":1,"name":"Portada","item":"https:\/\/canal7slp.tv\/2025\/"},{"@type":"ListItem","position":2,"name":"M\u00e1s all\u00e1 de representaci\u00f3n, perspectiva de g\u00e9nero requieren las instituciones: Hilda T\u00e9llez Lino"}]},{"@type":"WebSite","@id":"https:\/\/canal7slp.tv\/2025\/#website","url":"https:\/\/canal7slp.tv\/2025\/","name":"N7 - Noticieros Canal 7","description":"Somos el Medio","publisher":{"@id":"https:\/\/canal7slp.tv\/2025\/#organization"},"potentialAction":[{"@type":"SearchAction","target":{"@type":"EntryPoint","urlTemplate":"https:\/\/canal7slp.tv\/2025\/?s={search_term_string}"},"query-input":{"@type":"PropertyValueSpecification","valueRequired":true,"valueName":"search_term_string"}}],"inLanguage":"es"},{"@type":"Organization","@id":"https:\/\/canal7slp.tv\/2025\/#organization","name":"Noticieros Canal 7","url":"https:\/\/canal7slp.tv\/2025\/","logo":{"@type":"ImageObject","inLanguage":"es","@id":"https:\/\/canal7slp.tv\/2025\/#\/schema\/logo\/image\/","url":"https:\/\/canal7slp.tv\/2025\/wp-content\/uploads\/2021\/01\/logo-noticieros@2x.png","contentUrl":"https:\/\/canal7slp.tv\/2025\/wp-content\/uploads\/2021\/01\/logo-noticieros@2x.png","width":1017,"height":268,"caption":"Noticieros Canal 7"},"image":{"@id":"https:\/\/canal7slp.tv\/2025\/#\/schema\/logo\/image\/"},"sameAs":["https:\/\/www.facebook.com\/noticieroscanal7atencionciudadana\/","https:\/\/x.com\/NOTICIEROS7","https:\/\/www.instagram.com\/canal7_slp","https:\/\/www.youtube.com\/channel\/UCliiYs-gP3JfJeqdPrNdd5A"]},{"@type":"Person","@id":"https:\/\/canal7slp.tv\/2025\/#\/schema\/person\/271e2b60a96e7cc9d9ac296f4d7e414b","name":"Edici\u00f3n Web","image":{"@type":"ImageObject","inLanguage":"es","@id":"https:\/\/secure.gravatar.com\/avatar\/eee448fc3f7164808013b816ba91ac7e43bbe82a70bebac296f8bc6f0addaa1a?s=96&d=mm&r=g","url":"https:\/\/secure.gravatar.com\/avatar\/eee448fc3f7164808013b816ba91ac7e43bbe82a70bebac296f8bc6f0addaa1a?s=96&d=mm&r=g","contentUrl":"https:\/\/secure.gravatar.com\/avatar\/eee448fc3f7164808013b816ba91ac7e43bbe82a70bebac296f8bc6f0addaa1a?s=96&d=mm&r=g","caption":"Edici\u00f3n Web"},"url":"https:\/\/canal7slp.tv\/2025\/author\/edicionweb\/"}]}},"_links":{"self":[{"href":"https:\/\/canal7slp.tv\/2025\/wp-json\/wp\/v2\/posts\/181731","targetHints":{"allow":["GET"]}}],"collection":[{"href":"https:\/\/canal7slp.tv\/2025\/wp-json\/wp\/v2\/posts"}],"about":[{"href":"https:\/\/canal7slp.tv\/2025\/wp-json\/wp\/v2\/types\/post"}],"author":[{"embeddable":true,"href":"https:\/\/canal7slp.tv\/2025\/wp-json\/wp\/v2\/users\/2"}],"replies":[{"embeddable":true,"href":"https:\/\/canal7slp.tv\/2025\/wp-json\/wp\/v2\/comments?post=181731"}],"version-history":[{"count":2,"href":"https:\/\/canal7slp.tv\/2025\/wp-json\/wp\/v2\/posts\/181731\/revisions"}],"predecessor-version":[{"id":181851,"href":"https:\/\/canal7slp.tv\/2025\/wp-json\/wp\/v2\/posts\/181731\/revisions\/181851"}],"wp:featuredmedia":[{"embeddable":true,"href":"https:\/\/canal7slp.tv\/2025\/wp-json\/wp\/v2\/media\/181850"}],"wp:attachment":[{"href":"https:\/\/canal7slp.tv\/2025\/wp-json\/wp\/v2\/media?parent=181731"}],"wp:term":[{"taxonomy":"category","embeddable":true,"href":"https:\/\/canal7slp.tv\/2025\/wp-json\/wp\/v2\/categories?post=181731"},{"taxonomy":"post_tag","embeddable":true,"href":"https:\/\/canal7slp.tv\/2025\/wp-json\/wp\/v2\/tags?post=181731"}],"curies":[{"name":"wp","href":"https:\/\/api.w.org\/{rel}","templated":true}]}}