{"id":181730,"date":"2025-10-13T11:49:42","date_gmt":"2025-10-13T17:49:42","guid":{"rendered":"https:\/\/canal7slp.tv\/2025\/?p=181730"},"modified":"2025-10-13T11:49:42","modified_gmt":"2025-10-13T17:49:42","slug":"mexico-primer-lugar-en-abuso-sexual-infantil-expusieron-durante-el-cuarto-congreso-nacional-de-501","status":"publish","type":"post","link":"https:\/\/canal7slp.tv\/2025\/mexico-primer-lugar-en-abuso-sexual-infantil-expusieron-durante-el-cuarto-congreso-nacional-de-501\/","title":{"rendered":"M\u00e9xico, primer lugar en abuso sexual infantil; expusieron durante el Cuarto Congreso Nacional de 50+1"},"content":{"rendered":"<ul>\n<li>V\u00edctimas, mayoritariamente son ni\u00f1as.<\/li>\n<\/ul>\n<p style=\"text-align: justify;\"><span style=\"font-size: 1.21429rem;\">SLP.- La discriminaci\u00f3n por temas de g\u00e9nero y falta oportunidades se destacaron en el Cuarto Congreso Nacional de la Colectiva 50+1 que se realiz\u00f3 en San Luis Potos\u00ed.<\/span><\/p>\n<p style=\"text-align: justify;\">Rosa Bechara Arriola, la presidenta de 50+1 en San Luis Potos\u00ed dio la bienvenida a la poblaci\u00f3n presente.<\/p>\n<p style=\"text-align: justify;\">\u201cEste congreso tiene la finalidad de conmemorar el a\u00f1o de la Mujer Ind\u00edgena (\u2026) mujer es poder, poder para transformar, poder para construir, poder para liderar\u201d.<\/p>\n<p style=\"text-align: justify;\">El diputado federal por San Luis Potos\u00ed, Juan Carlos Valladares Eichelmann, record\u00f3 que la entidad potosina es vital en la lucha de los derechos de la mujer.<\/p>\n<p style=\"text-align: justify;\">\u201cFuimos el primer estado de M\u00e9xico en reconocer el derecho de las mujeres a votar en elecciones municipales el 8 de enero de 1923 cuando todav\u00eda parec\u00eda imposible que la participaci\u00f3n pol\u00edtica femenina fuera una realidad, esa decisi\u00f3n marc\u00f3 un antes y un despu\u00e9s\u201d.<\/p>\n<p style=\"text-align: justify;\">Es necesario fomentar una mayor participaci\u00f3n de la mujer en el pa\u00eds, asever\u00f3 Ricardo Vargas Navarro, presidente del Colegio Nacional del Notariado Mexicano.<\/p>\n<p style=\"text-align: justify;\">\u201cReconocer, visibilizar y fortalecer el empoderamiento de la mujer en todos los \u00e1mbitos de nuestra vida, sea social, pol\u00edtica, profesi\u00f3n al y econ\u00f3mica\u201d.<\/p>\n<p style=\"text-align: justify;\">La senadora Esther Ortiz Dom\u00ednguez, resalt\u00f3 el trabajo de la Colectiva 50+1 en nuestro pa\u00eds.<\/p>\n<p style=\"text-align: justify;\">\u201c50+1 no es solo un nombre, es un s\u00edmbolo, es una afirmaci\u00f3n de que las mujeres no somos minor\u00eda, no somos cuota, no somos a\u00f1adido en la historia de este pa\u00eds, somos m\u00e1s de la mitad de la poblaci\u00f3n y exigimos ocupar m\u00e1s de la mitad de los espacios donde se decide el rumbo de nuestras vidas\u201d.<\/p>\n<p style=\"text-align: justify;\">El esfuerzo de realizar el congreso se destac\u00f3 por Amalia Garc\u00eda Medina Senadora de la Rep\u00fablica y ex gobernadora de Zacatecas.<\/p>\n<p style=\"text-align: justify;\">\u201cPero quiero reconocer de manera muy especial al Capitulo San Luis Potos\u00ed a Rosa Bechara porque ha sacado la casta, no es f\u00e1cil organizar un congreso sobre todo cuando se trata de un evento nacional y todas llegan con la expectativa de encontrar visiones, puntos de vista, planteamientos que nos fortalezcan\u201d.<\/p>\n<p style=\"text-align: justify;\">La senadora Alejandra Barrales Magdaleno, asegur\u00f3 que es necesario erradicar la violencia contra la mujer.<\/p>\n<p style=\"text-align: justify;\">\u201cLa mujeres s\u00ed estamos representadas en los Congresos, muchas gobernadoras, mucha presencia pol\u00edtica pero no hemos logrado combatir la violencia hacia nuestras mujeres, hoy M\u00e9xico ocupa el vergonzoso primer lugar en abuso sexual infantil y por supuesto que la las v\u00edctimas son mayoritariamente ni\u00f1as\u201d.<\/p>\n<p style=\"text-align: justify;\">Luc\u00eda M\u00edcher Camarena, tambi\u00e9n integrante del Senado de la Rep\u00fablica, exhort\u00f3 a las mujeres a defender sus derechos unidas.<\/p>\n<p style=\"text-align: justify;\">\u201cLa igualdad ya no se negocia ni se pospone, se defiende, se impulsa y se construye desde abajo, con las mujeres, con ustedes, con los pueblos, con organizaciones y con instituciones comprometidas con un nuevo pacto social\u201d.<\/p>\n<p style=\"text-align: justify;\">La presidenta nacional de la Colectiva 50+1, Claudia Corichi Garc\u00eda, remarc\u00f3 la importancia de celebrar congresos.<\/p>\n<p style=\"text-align: justify;\">\u201cEs una gusto compartir con hombres y mujeres que est\u00e1n convencidas y convencidos de que la igualdad la construimos de manera conjunta, que la igualdad es un elemento fundamental para vivir de otra manera\u201d.<\/p>\n<p>Por: Juan Carlos Contreras<\/p>\n","protected":false},"excerpt":{"rendered":"<p>V\u00edctimas, mayoritariamente son ni\u00f1as. SLP.- La discriminaci\u00f3n por temas de g\u00e9nero y falta oportunidades se destacaron en el Cuarto Congreso Nacional de la Colectiva 50+1 que se realiz\u00f3 en San Luis Potos\u00ed. Rosa Bechara Arriola, la presidenta de 50+1 en San Luis Potos\u00ed dio la bienvenida a la poblaci\u00f3n presente. \u201cEste congreso tiene la finalidad de conmemorar el a\u00f1o de la Mujer Ind\u00edgena (\u2026) mujer es poder, poder para transformar, poder para construir, poder para liderar\u201d. El diputado federal por San Luis Potos\u00ed, Juan Carlos Valladares Eichelmann, record\u00f3 que la entidad potosina es vital en la lucha de los derechos [&hellip;]<\/p>\n","protected":false},"author":2,"featured_media":181848,"comment_status":"closed","ping_status":"closed","sticky":false,"template":"","format":"video","meta":{"_monsterinsights_skip_tracking":false,"_monsterinsights_sitenote_active":false,"_monsterinsights_sitenote_note":"","_monsterinsights_sitenote_category":0,"footnotes":""},"categories":[5,45],"tags":[],"class_list":["post-181730","post","type-post","status-publish","format-video","has-post-thumbnail","hentry","category-destacadas","category-localesyregionales","post_format-post-format-video","post--single"],"yoast_head":"<!-- This site is optimized with the Yoast SEO plugin v27.4 - https:\/\/yoast.com\/product\/yoast-seo-wordpress\/ -->\n<title>M\u00e9xico, primer lugar en abuso sexual infantil; expusieron durante el Cuarto Congreso Nacional de 50+1 - Canal 7 SLP - 2025<\/title>\n<meta name=\"robots\" content=\"index, follow, max-snippet:-1, max-image-preview:large, max-video-preview:-1\" \/>\n<link rel=\"canonical\" href=\"https:\/\/canal7slp.tv\/2025\/mexico-primer-lugar-en-abuso-sexual-infantil-expusieron-durante-el-cuarto-congreso-nacional-de-501\/\" \/>\n<meta property=\"og:locale\" content=\"es_ES\" \/>\n<meta property=\"og:type\" content=\"article\" \/>\n<meta property=\"og:title\" content=\"M\u00e9xico, primer lugar en abuso sexual infantil; expusieron durante el Cuarto Congreso Nacional de 50+1 - Canal 7 SLP - 2025\" \/>\n<meta property=\"og:description\" content=\"V\u00edctimas, mayoritariamente son ni\u00f1as. SLP.- La discriminaci\u00f3n por temas de g\u00e9nero y falta oportunidades se destacaron en el Cuarto Congreso Nacional de la Colectiva 50+1 que se realiz\u00f3 en San Luis Potos\u00ed. Rosa Bechara Arriola, la presidenta de 50+1 en San Luis Potos\u00ed dio la bienvenida a la poblaci\u00f3n presente. \u201cEste congreso tiene la finalidad de conmemorar el a\u00f1o de la Mujer Ind\u00edgena (\u2026) mujer es poder, poder para transformar, poder para construir, poder para liderar\u201d. El diputado federal por San Luis Potos\u00ed, Juan Carlos Valladares Eichelmann, record\u00f3 que la entidad potosina es vital en la lucha de los derechos [&hellip;]\" \/>\n<meta property=\"og:url\" content=\"https:\/\/canal7slp.tv\/2025\/mexico-primer-lugar-en-abuso-sexual-infantil-expusieron-durante-el-cuarto-congreso-nacional-de-501\/\" \/>\n<meta property=\"og:site_name\" content=\"Canal 7 SLP - 2025\" \/>\n<meta property=\"article:publisher\" content=\"https:\/\/www.facebook.com\/noticieroscanal7atencionciudadana\/\" \/>\n<meta property=\"article:published_time\" content=\"2025-10-13T17:49:42+00:00\" \/>\n<meta property=\"og:image\" content=\"https:\/\/canal7slp.tv\/2025\/wp-content\/uploads\/2025\/10\/Poky02CuartoCognreso.jpg\" \/>\n\t<meta property=\"og:image:width\" content=\"1280\" \/>\n\t<meta property=\"og:image:height\" content=\"720\" \/>\n\t<meta property=\"og:image:type\" content=\"image\/jpeg\" \/>\n<meta name=\"author\" content=\"Edici\u00f3n Web\" \/>\n<meta name=\"twitter:card\" content=\"summary_large_image\" \/>\n<meta name=\"twitter:creator\" content=\"@NOTICIEROS7\" \/>\n<meta name=\"twitter:site\" content=\"@NOTICIEROS7\" \/>\n<meta name=\"twitter:label1\" content=\"Escrito por\" \/>\n\t<meta name=\"twitter:data1\" content=\"Edici\u00f3n Web\" \/>\n\t<meta name=\"twitter:label2\" content=\"Tiempo de lectura\" \/>\n\t<meta name=\"twitter:data2\" content=\"3 minutos\" \/>\n<script type=\"application\/ld+json\" class=\"yoast-schema-graph\">{\"@context\":\"https:\\\/\\\/schema.org\",\"@graph\":[{\"@type\":\"Article\",\"@id\":\"https:\\\/\\\/canal7slp.tv\\\/2025\\\/mexico-primer-lugar-en-abuso-sexual-infantil-expusieron-durante-el-cuarto-congreso-nacional-de-501\\\/#article\",\"isPartOf\":{\"@id\":\"https:\\\/\\\/canal7slp.tv\\\/2025\\\/mexico-primer-lugar-en-abuso-sexual-infantil-expusieron-durante-el-cuarto-congreso-nacional-de-501\\\/\"},\"author\":{\"name\":\"Edici\u00f3n Web\",\"@id\":\"https:\\\/\\\/canal7slp.tv\\\/2025\\\/#\\\/schema\\\/person\\\/271e2b60a96e7cc9d9ac296f4d7e414b\"},\"headline\":\"M\u00e9xico, primer lugar en abuso sexual infantil; expusieron durante el Cuarto Congreso Nacional de 50+1\",\"datePublished\":\"2025-10-13T17:49:42+00:00\",\"mainEntityOfPage\":{\"@id\":\"https:\\\/\\\/canal7slp.tv\\\/2025\\\/mexico-primer-lugar-en-abuso-sexual-infantil-expusieron-durante-el-cuarto-congreso-nacional-de-501\\\/\"},\"wordCount\":556,\"publisher\":{\"@id\":\"https:\\\/\\\/canal7slp.tv\\\/2025\\\/#organization\"},\"image\":{\"@id\":\"https:\\\/\\\/canal7slp.tv\\\/2025\\\/mexico-primer-lugar-en-abuso-sexual-infantil-expusieron-durante-el-cuarto-congreso-nacional-de-501\\\/#primaryimage\"},\"thumbnailUrl\":\"https:\\\/\\\/canal7slp.tv\\\/2025\\\/wp-content\\\/uploads\\\/2025\\\/10\\\/Poky02CuartoCognreso.jpg\",\"articleSection\":[\"DESTACADAS\",\"LOCALES Y REGIONALES\"],\"inLanguage\":\"es\"},{\"@type\":\"WebPage\",\"@id\":\"https:\\\/\\\/canal7slp.tv\\\/2025\\\/mexico-primer-lugar-en-abuso-sexual-infantil-expusieron-durante-el-cuarto-congreso-nacional-de-501\\\/\",\"url\":\"https:\\\/\\\/canal7slp.tv\\\/2025\\\/mexico-primer-lugar-en-abuso-sexual-infantil-expusieron-durante-el-cuarto-congreso-nacional-de-501\\\/\",\"name\":\"M\u00e9xico, primer lugar en abuso sexual infantil; expusieron durante el Cuarto Congreso Nacional de 50+1 - Canal 7 SLP - 2025\",\"isPartOf\":{\"@id\":\"https:\\\/\\\/canal7slp.tv\\\/2025\\\/#website\"},\"primaryImageOfPage\":{\"@id\":\"https:\\\/\\\/canal7slp.tv\\\/2025\\\/mexico-primer-lugar-en-abuso-sexual-infantil-expusieron-durante-el-cuarto-congreso-nacional-de-501\\\/#primaryimage\"},\"image\":{\"@id\":\"https:\\\/\\\/canal7slp.tv\\\/2025\\\/mexico-primer-lugar-en-abuso-sexual-infantil-expusieron-durante-el-cuarto-congreso-nacional-de-501\\\/#primaryimage\"},\"thumbnailUrl\":\"https:\\\/\\\/canal7slp.tv\\\/2025\\\/wp-content\\\/uploads\\\/2025\\\/10\\\/Poky02CuartoCognreso.jpg\",\"datePublished\":\"2025-10-13T17:49:42+00:00\",\"breadcrumb\":{\"@id\":\"https:\\\/\\\/canal7slp.tv\\\/2025\\\/mexico-primer-lugar-en-abuso-sexual-infantil-expusieron-durante-el-cuarto-congreso-nacional-de-501\\\/#breadcrumb\"},\"inLanguage\":\"es\",\"potentialAction\":[{\"@type\":\"ReadAction\",\"target\":[\"https:\\\/\\\/canal7slp.tv\\\/2025\\\/mexico-primer-lugar-en-abuso-sexual-infantil-expusieron-durante-el-cuarto-congreso-nacional-de-501\\\/\"]}]},{\"@type\":\"ImageObject\",\"inLanguage\":\"es\",\"@id\":\"https:\\\/\\\/canal7slp.tv\\\/2025\\\/mexico-primer-lugar-en-abuso-sexual-infantil-expusieron-durante-el-cuarto-congreso-nacional-de-501\\\/#primaryimage\",\"url\":\"https:\\\/\\\/canal7slp.tv\\\/2025\\\/wp-content\\\/uploads\\\/2025\\\/10\\\/Poky02CuartoCognreso.jpg\",\"contentUrl\":\"https:\\\/\\\/canal7slp.tv\\\/2025\\\/wp-content\\\/uploads\\\/2025\\\/10\\\/Poky02CuartoCognreso.jpg\",\"width\":1280,\"height\":720},{\"@type\":\"BreadcrumbList\",\"@id\":\"https:\\\/\\\/canal7slp.tv\\\/2025\\\/mexico-primer-lugar-en-abuso-sexual-infantil-expusieron-durante-el-cuarto-congreso-nacional-de-501\\\/#breadcrumb\",\"itemListElement\":[{\"@type\":\"ListItem\",\"position\":1,\"name\":\"Portada\",\"item\":\"https:\\\/\\\/canal7slp.tv\\\/2025\\\/\"},{\"@type\":\"ListItem\",\"position\":2,\"name\":\"M\u00e9xico, primer lugar en abuso sexual infantil; expusieron durante el Cuarto Congreso Nacional de 50+1\"}]},{\"@type\":\"WebSite\",\"@id\":\"https:\\\/\\\/canal7slp.tv\\\/2025\\\/#website\",\"url\":\"https:\\\/\\\/canal7slp.tv\\\/2025\\\/\",\"name\":\"N7 - Noticieros Canal 7\",\"description\":\"Somos el Medio\",\"publisher\":{\"@id\":\"https:\\\/\\\/canal7slp.tv\\\/2025\\\/#organization\"},\"potentialAction\":[{\"@type\":\"SearchAction\",\"target\":{\"@type\":\"EntryPoint\",\"urlTemplate\":\"https:\\\/\\\/canal7slp.tv\\\/2025\\\/?s={search_term_string}\"},\"query-input\":{\"@type\":\"PropertyValueSpecification\",\"valueRequired\":true,\"valueName\":\"search_term_string\"}}],\"inLanguage\":\"es\"},{\"@type\":\"Organization\",\"@id\":\"https:\\\/\\\/canal7slp.tv\\\/2025\\\/#organization\",\"name\":\"Noticieros Canal 7\",\"url\":\"https:\\\/\\\/canal7slp.tv\\\/2025\\\/\",\"logo\":{\"@type\":\"ImageObject\",\"inLanguage\":\"es\",\"@id\":\"https:\\\/\\\/canal7slp.tv\\\/2025\\\/#\\\/schema\\\/logo\\\/image\\\/\",\"url\":\"https:\\\/\\\/canal7slp.tv\\\/2025\\\/wp-content\\\/uploads\\\/2021\\\/01\\\/logo-noticieros@2x.png\",\"contentUrl\":\"https:\\\/\\\/canal7slp.tv\\\/2025\\\/wp-content\\\/uploads\\\/2021\\\/01\\\/logo-noticieros@2x.png\",\"width\":1017,\"height\":268,\"caption\":\"Noticieros Canal 7\"},\"image\":{\"@id\":\"https:\\\/\\\/canal7slp.tv\\\/2025\\\/#\\\/schema\\\/logo\\\/image\\\/\"},\"sameAs\":[\"https:\\\/\\\/www.facebook.com\\\/noticieroscanal7atencionciudadana\\\/\",\"https:\\\/\\\/x.com\\\/NOTICIEROS7\",\"https:\\\/\\\/www.instagram.com\\\/canal7_slp\",\"https:\\\/\\\/www.youtube.com\\\/channel\\\/UCliiYs-gP3JfJeqdPrNdd5A\"]},{\"@type\":\"Person\",\"@id\":\"https:\\\/\\\/canal7slp.tv\\\/2025\\\/#\\\/schema\\\/person\\\/271e2b60a96e7cc9d9ac296f4d7e414b\",\"name\":\"Edici\u00f3n Web\",\"image\":{\"@type\":\"ImageObject\",\"inLanguage\":\"es\",\"@id\":\"https:\\\/\\\/secure.gravatar.com\\\/avatar\\\/eee448fc3f7164808013b816ba91ac7e43bbe82a70bebac296f8bc6f0addaa1a?s=96&d=mm&r=g\",\"url\":\"https:\\\/\\\/secure.gravatar.com\\\/avatar\\\/eee448fc3f7164808013b816ba91ac7e43bbe82a70bebac296f8bc6f0addaa1a?s=96&d=mm&r=g\",\"contentUrl\":\"https:\\\/\\\/secure.gravatar.com\\\/avatar\\\/eee448fc3f7164808013b816ba91ac7e43bbe82a70bebac296f8bc6f0addaa1a?s=96&d=mm&r=g\",\"caption\":\"Edici\u00f3n Web\"},\"url\":\"https:\\\/\\\/canal7slp.tv\\\/2025\\\/author\\\/edicionweb\\\/\"}]}<\/script>\n<!-- \/ Yoast SEO plugin. -->","yoast_head_json":{"title":"M\u00e9xico, primer lugar en abuso sexual infantil; expusieron durante el Cuarto Congreso Nacional de 50+1 - Canal 7 SLP - 2025","robots":{"index":"index","follow":"follow","max-snippet":"max-snippet:-1","max-image-preview":"max-image-preview:large","max-video-preview":"max-video-preview:-1"},"canonical":"https:\/\/canal7slp.tv\/2025\/mexico-primer-lugar-en-abuso-sexual-infantil-expusieron-durante-el-cuarto-congreso-nacional-de-501\/","og_locale":"es_ES","og_type":"article","og_title":"M\u00e9xico, primer lugar en abuso sexual infantil; expusieron durante el Cuarto Congreso Nacional de 50+1 - Canal 7 SLP - 2025","og_description":"V\u00edctimas, mayoritariamente son ni\u00f1as. SLP.- La discriminaci\u00f3n por temas de g\u00e9nero y falta oportunidades se destacaron en el Cuarto Congreso Nacional de la Colectiva 50+1 que se realiz\u00f3 en San Luis Potos\u00ed. Rosa Bechara Arriola, la presidenta de 50+1 en San Luis Potos\u00ed dio la bienvenida a la poblaci\u00f3n presente. \u201cEste congreso tiene la finalidad de conmemorar el a\u00f1o de la Mujer Ind\u00edgena (\u2026) mujer es poder, poder para transformar, poder para construir, poder para liderar\u201d. El diputado federal por San Luis Potos\u00ed, Juan Carlos Valladares Eichelmann, record\u00f3 que la entidad potosina es vital en la lucha de los derechos [&hellip;]","og_url":"https:\/\/canal7slp.tv\/2025\/mexico-primer-lugar-en-abuso-sexual-infantil-expusieron-durante-el-cuarto-congreso-nacional-de-501\/","og_site_name":"Canal 7 SLP - 2025","article_publisher":"https:\/\/www.facebook.com\/noticieroscanal7atencionciudadana\/","article_published_time":"2025-10-13T17:49:42+00:00","og_image":[{"width":1280,"height":720,"url":"https:\/\/canal7slp.tv\/2025\/wp-content\/uploads\/2025\/10\/Poky02CuartoCognreso.jpg","type":"image\/jpeg"}],"author":"Edici\u00f3n Web","twitter_card":"summary_large_image","twitter_creator":"@NOTICIEROS7","twitter_site":"@NOTICIEROS7","twitter_misc":{"Escrito por":"Edici\u00f3n Web","Tiempo de lectura":"3 minutos"},"schema":{"@context":"https:\/\/schema.org","@graph":[{"@type":"Article","@id":"https:\/\/canal7slp.tv\/2025\/mexico-primer-lugar-en-abuso-sexual-infantil-expusieron-durante-el-cuarto-congreso-nacional-de-501\/#article","isPartOf":{"@id":"https:\/\/canal7slp.tv\/2025\/mexico-primer-lugar-en-abuso-sexual-infantil-expusieron-durante-el-cuarto-congreso-nacional-de-501\/"},"author":{"name":"Edici\u00f3n Web","@id":"https:\/\/canal7slp.tv\/2025\/#\/schema\/person\/271e2b60a96e7cc9d9ac296f4d7e414b"},"headline":"M\u00e9xico, primer lugar en abuso sexual infantil; expusieron durante el Cuarto Congreso Nacional de 50+1","datePublished":"2025-10-13T17:49:42+00:00","mainEntityOfPage":{"@id":"https:\/\/canal7slp.tv\/2025\/mexico-primer-lugar-en-abuso-sexual-infantil-expusieron-durante-el-cuarto-congreso-nacional-de-501\/"},"wordCount":556,"publisher":{"@id":"https:\/\/canal7slp.tv\/2025\/#organization"},"image":{"@id":"https:\/\/canal7slp.tv\/2025\/mexico-primer-lugar-en-abuso-sexual-infantil-expusieron-durante-el-cuarto-congreso-nacional-de-501\/#primaryimage"},"thumbnailUrl":"https:\/\/canal7slp.tv\/2025\/wp-content\/uploads\/2025\/10\/Poky02CuartoCognreso.jpg","articleSection":["DESTACADAS","LOCALES Y REGIONALES"],"inLanguage":"es"},{"@type":"WebPage","@id":"https:\/\/canal7slp.tv\/2025\/mexico-primer-lugar-en-abuso-sexual-infantil-expusieron-durante-el-cuarto-congreso-nacional-de-501\/","url":"https:\/\/canal7slp.tv\/2025\/mexico-primer-lugar-en-abuso-sexual-infantil-expusieron-durante-el-cuarto-congreso-nacional-de-501\/","name":"M\u00e9xico, primer lugar en abuso sexual infantil; expusieron durante el Cuarto Congreso Nacional de 50+1 - Canal 7 SLP - 2025","isPartOf":{"@id":"https:\/\/canal7slp.tv\/2025\/#website"},"primaryImageOfPage":{"@id":"https:\/\/canal7slp.tv\/2025\/mexico-primer-lugar-en-abuso-sexual-infantil-expusieron-durante-el-cuarto-congreso-nacional-de-501\/#primaryimage"},"image":{"@id":"https:\/\/canal7slp.tv\/2025\/mexico-primer-lugar-en-abuso-sexual-infantil-expusieron-durante-el-cuarto-congreso-nacional-de-501\/#primaryimage"},"thumbnailUrl":"https:\/\/canal7slp.tv\/2025\/wp-content\/uploads\/2025\/10\/Poky02CuartoCognreso.jpg","datePublished":"2025-10-13T17:49:42+00:00","breadcrumb":{"@id":"https:\/\/canal7slp.tv\/2025\/mexico-primer-lugar-en-abuso-sexual-infantil-expusieron-durante-el-cuarto-congreso-nacional-de-501\/#breadcrumb"},"inLanguage":"es","potentialAction":[{"@type":"ReadAction","target":["https:\/\/canal7slp.tv\/2025\/mexico-primer-lugar-en-abuso-sexual-infantil-expusieron-durante-el-cuarto-congreso-nacional-de-501\/"]}]},{"@type":"ImageObject","inLanguage":"es","@id":"https:\/\/canal7slp.tv\/2025\/mexico-primer-lugar-en-abuso-sexual-infantil-expusieron-durante-el-cuarto-congreso-nacional-de-501\/#primaryimage","url":"https:\/\/canal7slp.tv\/2025\/wp-content\/uploads\/2025\/10\/Poky02CuartoCognreso.jpg","contentUrl":"https:\/\/canal7slp.tv\/2025\/wp-content\/uploads\/2025\/10\/Poky02CuartoCognreso.jpg","width":1280,"height":720},{"@type":"BreadcrumbList","@id":"https:\/\/canal7slp.tv\/2025\/mexico-primer-lugar-en-abuso-sexual-infantil-expusieron-durante-el-cuarto-congreso-nacional-de-501\/#breadcrumb","itemListElement":[{"@type":"ListItem","position":1,"name":"Portada","item":"https:\/\/canal7slp.tv\/2025\/"},{"@type":"ListItem","position":2,"name":"M\u00e9xico, primer lugar en abuso sexual infantil; expusieron durante el Cuarto Congreso Nacional de 50+1"}]},{"@type":"WebSite","@id":"https:\/\/canal7slp.tv\/2025\/#website","url":"https:\/\/canal7slp.tv\/2025\/","name":"N7 - Noticieros Canal 7","description":"Somos el Medio","publisher":{"@id":"https:\/\/canal7slp.tv\/2025\/#organization"},"potentialAction":[{"@type":"SearchAction","target":{"@type":"EntryPoint","urlTemplate":"https:\/\/canal7slp.tv\/2025\/?s={search_term_string}"},"query-input":{"@type":"PropertyValueSpecification","valueRequired":true,"valueName":"search_term_string"}}],"inLanguage":"es"},{"@type":"Organization","@id":"https:\/\/canal7slp.tv\/2025\/#organization","name":"Noticieros Canal 7","url":"https:\/\/canal7slp.tv\/2025\/","logo":{"@type":"ImageObject","inLanguage":"es","@id":"https:\/\/canal7slp.tv\/2025\/#\/schema\/logo\/image\/","url":"https:\/\/canal7slp.tv\/2025\/wp-content\/uploads\/2021\/01\/logo-noticieros@2x.png","contentUrl":"https:\/\/canal7slp.tv\/2025\/wp-content\/uploads\/2021\/01\/logo-noticieros@2x.png","width":1017,"height":268,"caption":"Noticieros Canal 7"},"image":{"@id":"https:\/\/canal7slp.tv\/2025\/#\/schema\/logo\/image\/"},"sameAs":["https:\/\/www.facebook.com\/noticieroscanal7atencionciudadana\/","https:\/\/x.com\/NOTICIEROS7","https:\/\/www.instagram.com\/canal7_slp","https:\/\/www.youtube.com\/channel\/UCliiYs-gP3JfJeqdPrNdd5A"]},{"@type":"Person","@id":"https:\/\/canal7slp.tv\/2025\/#\/schema\/person\/271e2b60a96e7cc9d9ac296f4d7e414b","name":"Edici\u00f3n Web","image":{"@type":"ImageObject","inLanguage":"es","@id":"https:\/\/secure.gravatar.com\/avatar\/eee448fc3f7164808013b816ba91ac7e43bbe82a70bebac296f8bc6f0addaa1a?s=96&d=mm&r=g","url":"https:\/\/secure.gravatar.com\/avatar\/eee448fc3f7164808013b816ba91ac7e43bbe82a70bebac296f8bc6f0addaa1a?s=96&d=mm&r=g","contentUrl":"https:\/\/secure.gravatar.com\/avatar\/eee448fc3f7164808013b816ba91ac7e43bbe82a70bebac296f8bc6f0addaa1a?s=96&d=mm&r=g","caption":"Edici\u00f3n Web"},"url":"https:\/\/canal7slp.tv\/2025\/author\/edicionweb\/"}]}},"_links":{"self":[{"href":"https:\/\/canal7slp.tv\/2025\/wp-json\/wp\/v2\/posts\/181730","targetHints":{"allow":["GET"]}}],"collection":[{"href":"https:\/\/canal7slp.tv\/2025\/wp-json\/wp\/v2\/posts"}],"about":[{"href":"https:\/\/canal7slp.tv\/2025\/wp-json\/wp\/v2\/types\/post"}],"author":[{"embeddable":true,"href":"https:\/\/canal7slp.tv\/2025\/wp-json\/wp\/v2\/users\/2"}],"replies":[{"embeddable":true,"href":"https:\/\/canal7slp.tv\/2025\/wp-json\/wp\/v2\/comments?post=181730"}],"version-history":[{"count":2,"href":"https:\/\/canal7slp.tv\/2025\/wp-json\/wp\/v2\/posts\/181730\/revisions"}],"predecessor-version":[{"id":181849,"href":"https:\/\/canal7slp.tv\/2025\/wp-json\/wp\/v2\/posts\/181730\/revisions\/181849"}],"wp:featuredmedia":[{"embeddable":true,"href":"https:\/\/canal7slp.tv\/2025\/wp-json\/wp\/v2\/media\/181848"}],"wp:attachment":[{"href":"https:\/\/canal7slp.tv\/2025\/wp-json\/wp\/v2\/media?parent=181730"}],"wp:term":[{"taxonomy":"category","embeddable":true,"href":"https:\/\/canal7slp.tv\/2025\/wp-json\/wp\/v2\/categories?post=181730"},{"taxonomy":"post_tag","embeddable":true,"href":"https:\/\/canal7slp.tv\/2025\/wp-json\/wp\/v2\/tags?post=181730"}],"curies":[{"name":"wp","href":"https:\/\/api.w.org\/{rel}","templated":true}]}}