{"id":181713,"date":"2025-10-10T19:35:09","date_gmt":"2025-10-11T01:35:09","guid":{"rendered":"https:\/\/canal7slp.tv\/2025\/?p=181713"},"modified":"2025-10-10T19:35:09","modified_gmt":"2025-10-11T01:35:09","slug":"congreso-de-peru-destituye-a-dina-boluarte-y-nombra-a-jose-jeri-como-nuevo-presidente","status":"publish","type":"post","link":"https:\/\/canal7slp.tv\/2025\/congreso-de-peru-destituye-a-dina-boluarte-y-nombra-a-jose-jeri-como-nuevo-presidente\/","title":{"rendered":"Congreso de Per\u00fa destituye a Dina Boluarte y nombra a Jos\u00e9 Jer\u00ed como nuevo presidente"},"content":{"rendered":"<p style=\"text-align: justify;\">Lima.- El Congreso de Per\u00fa destituy\u00f3 este 10 de octubre a la presidenta Dina Boluarte en un juicio pol\u00edtico acelerado, motivado por la crisis de inseguridad que enfrenta el pa\u00eds.<\/p>\n<p style=\"text-align: justify;\">Jos\u00e9 Jer\u00ed, quien era el presidente del Legislativo, asumi\u00f3 el cargo de manera interina, con un mandato que se extender\u00e1 hasta julio de 2026, mientras que se prev\u00e9n elecciones generales para abril.<\/p>\n<p style=\"text-align: justify;\">Desde 2016, Per\u00fa ha tenido siete presidentes, de los cuales tres han sido destituidos por el Congreso.<\/p>\n<p style=\"text-align: justify;\">Boluarte, quien asumi\u00f3 el poder en diciembre de 2022 tras la destituci\u00f3n de Pedro Castillo, enfrent\u00f3 m\u00faltiples esc\u00e1ndalos, protestas y un aumento en la criminalidad, lo que debilit\u00f3 su apoyo popular.<\/p>\n<p style=\"text-align: justify;\">El nuevo presidente, Jer\u00ed, declar\u00f3 que la principal amenaza proviene de las bandas criminales y afirm\u00f3 que su gobierno declarar\u00e1 la guerra a estas organizaciones.<\/p>\n<p style=\"text-align: justify;\">La destituci\u00f3n de Boluarte fue aprobada con 122 votos a favor, y su ausencia en el Congreso durante el juicio fue criticada por varios parlamentarios, quienes argumentaron que su gesti\u00f3n hab\u00eda sido incapaz de enfrentar la creciente criminalidad.<\/p>\n<p style=\"text-align: justify;\">Boluarte, que hab\u00eda intentado mantener su posici\u00f3n a trav\u00e9s de alianzas pol\u00edticas, vio su popularidad caer a niveles m\u00ednimos debido a la crisis de seguridad, que incluy\u00f3 recientes protestas y actos de violencia en Lima.<\/p>\n<p style=\"text-align: justify;\">Tras su destituci\u00f3n, Boluarte pierde su fuero y podr\u00eda enfrentar juicios por varias investigaciones en curso, incluyendo acusaciones de corrupci\u00f3n.<\/p>\n","protected":false},"excerpt":{"rendered":"<p>Lima.- El Congreso de Per\u00fa destituy\u00f3 este 10 de octubre a la presidenta Dina Boluarte en un juicio pol\u00edtico acelerado, motivado por la crisis de inseguridad que enfrenta el pa\u00eds. Jos\u00e9 Jer\u00ed, quien era el presidente del Legislativo, asumi\u00f3 el cargo de manera interina, con un mandato que se extender\u00e1 hasta julio de 2026, mientras que se prev\u00e9n elecciones generales para abril. Desde 2016, Per\u00fa ha tenido siete presidentes, de los cuales tres han sido destituidos por el Congreso. Boluarte, quien asumi\u00f3 el poder en diciembre de 2022 tras la destituci\u00f3n de Pedro Castillo, enfrent\u00f3 m\u00faltiples esc\u00e1ndalos, protestas y un [&hellip;]<\/p>\n","protected":false},"author":2,"featured_media":181714,"comment_status":"closed","ping_status":"closed","sticky":false,"template":"","format":"standard","meta":{"_monsterinsights_skip_tracking":false,"_monsterinsights_sitenote_active":false,"_monsterinsights_sitenote_note":"","_monsterinsights_sitenote_category":0,"footnotes":""},"categories":[44],"tags":[],"class_list":["post-181713","post","type-post","status-publish","format-standard","has-post-thumbnail","hentry","category-internacional","post--single"],"yoast_head":"<!-- This site is optimized with the Yoast SEO plugin v27.5 - https:\/\/yoast.com\/product\/yoast-seo-wordpress\/ -->\n<title>Congreso de Per\u00fa destituye a Dina Boluarte y nombra a Jos\u00e9 Jer\u00ed como nuevo presidente - Canal 7 SLP - 2025<\/title>\n<meta name=\"robots\" content=\"index, follow, max-snippet:-1, max-image-preview:large, max-video-preview:-1\" \/>\n<link rel=\"canonical\" href=\"https:\/\/canal7slp.tv\/2025\/congreso-de-peru-destituye-a-dina-boluarte-y-nombra-a-jose-jeri-como-nuevo-presidente\/\" \/>\n<meta property=\"og:locale\" content=\"es_ES\" \/>\n<meta property=\"og:type\" content=\"article\" \/>\n<meta property=\"og:title\" content=\"Congreso de Per\u00fa destituye a Dina Boluarte y nombra a Jos\u00e9 Jer\u00ed como nuevo presidente - Canal 7 SLP - 2025\" \/>\n<meta property=\"og:description\" content=\"Lima.- El Congreso de Per\u00fa destituy\u00f3 este 10 de octubre a la presidenta Dina Boluarte en un juicio pol\u00edtico acelerado, motivado por la crisis de inseguridad que enfrenta el pa\u00eds. Jos\u00e9 Jer\u00ed, quien era el presidente del Legislativo, asumi\u00f3 el cargo de manera interina, con un mandato que se extender\u00e1 hasta julio de 2026, mientras que se prev\u00e9n elecciones generales para abril. Desde 2016, Per\u00fa ha tenido siete presidentes, de los cuales tres han sido destituidos por el Congreso. Boluarte, quien asumi\u00f3 el poder en diciembre de 2022 tras la destituci\u00f3n de Pedro Castillo, enfrent\u00f3 m\u00faltiples esc\u00e1ndalos, protestas y un [&hellip;]\" \/>\n<meta property=\"og:url\" content=\"https:\/\/canal7slp.tv\/2025\/congreso-de-peru-destituye-a-dina-boluarte-y-nombra-a-jose-jeri-como-nuevo-presidente\/\" \/>\n<meta property=\"og:site_name\" content=\"Canal 7 SLP - 2025\" \/>\n<meta property=\"article:publisher\" content=\"https:\/\/www.facebook.com\/noticieroscanal7atencionciudadana\/\" \/>\n<meta property=\"article:published_time\" content=\"2025-10-11T01:35:09+00:00\" \/>\n<meta property=\"og:image\" content=\"https:\/\/canal7slp.tv\/2025\/wp-content\/uploads\/2025\/10\/08-9.jpg\" \/>\n\t<meta property=\"og:image:width\" content=\"749\" \/>\n\t<meta property=\"og:image:height\" content=\"500\" \/>\n\t<meta property=\"og:image:type\" content=\"image\/jpeg\" \/>\n<meta name=\"author\" content=\"Edici\u00f3n Web\" \/>\n<meta name=\"twitter:card\" content=\"summary_large_image\" \/>\n<meta name=\"twitter:creator\" content=\"@NOTICIEROS7\" \/>\n<meta name=\"twitter:site\" content=\"@NOTICIEROS7\" \/>\n<meta name=\"twitter:label1\" content=\"Escrito por\" \/>\n\t<meta name=\"twitter:data1\" content=\"Edici\u00f3n Web\" \/>\n\t<meta name=\"twitter:label2\" content=\"Tiempo de lectura\" \/>\n\t<meta name=\"twitter:data2\" content=\"2 minutos\" \/>\n<script type=\"application\/ld+json\" class=\"yoast-schema-graph\">{\"@context\":\"https:\\\/\\\/schema.org\",\"@graph\":[{\"@type\":\"Article\",\"@id\":\"https:\\\/\\\/canal7slp.tv\\\/2025\\\/congreso-de-peru-destituye-a-dina-boluarte-y-nombra-a-jose-jeri-como-nuevo-presidente\\\/#article\",\"isPartOf\":{\"@id\":\"https:\\\/\\\/canal7slp.tv\\\/2025\\\/congreso-de-peru-destituye-a-dina-boluarte-y-nombra-a-jose-jeri-como-nuevo-presidente\\\/\"},\"author\":{\"name\":\"Edici\u00f3n Web\",\"@id\":\"https:\\\/\\\/canal7slp.tv\\\/2025\\\/#\\\/schema\\\/person\\\/271e2b60a96e7cc9d9ac296f4d7e414b\"},\"headline\":\"Congreso de Per\u00fa destituye a Dina Boluarte y nombra a Jos\u00e9 Jer\u00ed como nuevo presidente\",\"datePublished\":\"2025-10-11T01:35:09+00:00\",\"mainEntityOfPage\":{\"@id\":\"https:\\\/\\\/canal7slp.tv\\\/2025\\\/congreso-de-peru-destituye-a-dina-boluarte-y-nombra-a-jose-jeri-como-nuevo-presidente\\\/\"},\"wordCount\":256,\"publisher\":{\"@id\":\"https:\\\/\\\/canal7slp.tv\\\/2025\\\/#organization\"},\"image\":{\"@id\":\"https:\\\/\\\/canal7slp.tv\\\/2025\\\/congreso-de-peru-destituye-a-dina-boluarte-y-nombra-a-jose-jeri-como-nuevo-presidente\\\/#primaryimage\"},\"thumbnailUrl\":\"https:\\\/\\\/canal7slp.tv\\\/2025\\\/wp-content\\\/uploads\\\/2025\\\/10\\\/08-9.jpg\",\"articleSection\":[\"INTERNACIONALES\"],\"inLanguage\":\"es\"},{\"@type\":\"WebPage\",\"@id\":\"https:\\\/\\\/canal7slp.tv\\\/2025\\\/congreso-de-peru-destituye-a-dina-boluarte-y-nombra-a-jose-jeri-como-nuevo-presidente\\\/\",\"url\":\"https:\\\/\\\/canal7slp.tv\\\/2025\\\/congreso-de-peru-destituye-a-dina-boluarte-y-nombra-a-jose-jeri-como-nuevo-presidente\\\/\",\"name\":\"Congreso de Per\u00fa destituye a Dina Boluarte y nombra a Jos\u00e9 Jer\u00ed como nuevo presidente - Canal 7 SLP - 2025\",\"isPartOf\":{\"@id\":\"https:\\\/\\\/canal7slp.tv\\\/2025\\\/#website\"},\"primaryImageOfPage\":{\"@id\":\"https:\\\/\\\/canal7slp.tv\\\/2025\\\/congreso-de-peru-destituye-a-dina-boluarte-y-nombra-a-jose-jeri-como-nuevo-presidente\\\/#primaryimage\"},\"image\":{\"@id\":\"https:\\\/\\\/canal7slp.tv\\\/2025\\\/congreso-de-peru-destituye-a-dina-boluarte-y-nombra-a-jose-jeri-como-nuevo-presidente\\\/#primaryimage\"},\"thumbnailUrl\":\"https:\\\/\\\/canal7slp.tv\\\/2025\\\/wp-content\\\/uploads\\\/2025\\\/10\\\/08-9.jpg\",\"datePublished\":\"2025-10-11T01:35:09+00:00\",\"breadcrumb\":{\"@id\":\"https:\\\/\\\/canal7slp.tv\\\/2025\\\/congreso-de-peru-destituye-a-dina-boluarte-y-nombra-a-jose-jeri-como-nuevo-presidente\\\/#breadcrumb\"},\"inLanguage\":\"es\",\"potentialAction\":[{\"@type\":\"ReadAction\",\"target\":[\"https:\\\/\\\/canal7slp.tv\\\/2025\\\/congreso-de-peru-destituye-a-dina-boluarte-y-nombra-a-jose-jeri-como-nuevo-presidente\\\/\"]}]},{\"@type\":\"ImageObject\",\"inLanguage\":\"es\",\"@id\":\"https:\\\/\\\/canal7slp.tv\\\/2025\\\/congreso-de-peru-destituye-a-dina-boluarte-y-nombra-a-jose-jeri-como-nuevo-presidente\\\/#primaryimage\",\"url\":\"https:\\\/\\\/canal7slp.tv\\\/2025\\\/wp-content\\\/uploads\\\/2025\\\/10\\\/08-9.jpg\",\"contentUrl\":\"https:\\\/\\\/canal7slp.tv\\\/2025\\\/wp-content\\\/uploads\\\/2025\\\/10\\\/08-9.jpg\",\"width\":749,\"height\":500},{\"@type\":\"BreadcrumbList\",\"@id\":\"https:\\\/\\\/canal7slp.tv\\\/2025\\\/congreso-de-peru-destituye-a-dina-boluarte-y-nombra-a-jose-jeri-como-nuevo-presidente\\\/#breadcrumb\",\"itemListElement\":[{\"@type\":\"ListItem\",\"position\":1,\"name\":\"Portada\",\"item\":\"https:\\\/\\\/canal7slp.tv\\\/2025\\\/\"},{\"@type\":\"ListItem\",\"position\":2,\"name\":\"Congreso de Per\u00fa destituye a Dina Boluarte y nombra a Jos\u00e9 Jer\u00ed como nuevo presidente\"}]},{\"@type\":\"WebSite\",\"@id\":\"https:\\\/\\\/canal7slp.tv\\\/2025\\\/#website\",\"url\":\"https:\\\/\\\/canal7slp.tv\\\/2025\\\/\",\"name\":\"N7 - Noticieros Canal 7\",\"description\":\"Somos el Medio\",\"publisher\":{\"@id\":\"https:\\\/\\\/canal7slp.tv\\\/2025\\\/#organization\"},\"potentialAction\":[{\"@type\":\"SearchAction\",\"target\":{\"@type\":\"EntryPoint\",\"urlTemplate\":\"https:\\\/\\\/canal7slp.tv\\\/2025\\\/?s={search_term_string}\"},\"query-input\":{\"@type\":\"PropertyValueSpecification\",\"valueRequired\":true,\"valueName\":\"search_term_string\"}}],\"inLanguage\":\"es\"},{\"@type\":\"Organization\",\"@id\":\"https:\\\/\\\/canal7slp.tv\\\/2025\\\/#organization\",\"name\":\"Noticieros Canal 7\",\"url\":\"https:\\\/\\\/canal7slp.tv\\\/2025\\\/\",\"logo\":{\"@type\":\"ImageObject\",\"inLanguage\":\"es\",\"@id\":\"https:\\\/\\\/canal7slp.tv\\\/2025\\\/#\\\/schema\\\/logo\\\/image\\\/\",\"url\":\"https:\\\/\\\/canal7slp.tv\\\/2025\\\/wp-content\\\/uploads\\\/2021\\\/01\\\/logo-noticieros@2x.png\",\"contentUrl\":\"https:\\\/\\\/canal7slp.tv\\\/2025\\\/wp-content\\\/uploads\\\/2021\\\/01\\\/logo-noticieros@2x.png\",\"width\":1017,\"height\":268,\"caption\":\"Noticieros Canal 7\"},\"image\":{\"@id\":\"https:\\\/\\\/canal7slp.tv\\\/2025\\\/#\\\/schema\\\/logo\\\/image\\\/\"},\"sameAs\":[\"https:\\\/\\\/www.facebook.com\\\/noticieroscanal7atencionciudadana\\\/\",\"https:\\\/\\\/x.com\\\/NOTICIEROS7\",\"https:\\\/\\\/www.instagram.com\\\/canal7_slp\",\"https:\\\/\\\/www.youtube.com\\\/channel\\\/UCliiYs-gP3JfJeqdPrNdd5A\"]},{\"@type\":\"Person\",\"@id\":\"https:\\\/\\\/canal7slp.tv\\\/2025\\\/#\\\/schema\\\/person\\\/271e2b60a96e7cc9d9ac296f4d7e414b\",\"name\":\"Edici\u00f3n Web\",\"image\":{\"@type\":\"ImageObject\",\"inLanguage\":\"es\",\"@id\":\"https:\\\/\\\/secure.gravatar.com\\\/avatar\\\/eee448fc3f7164808013b816ba91ac7e43bbe82a70bebac296f8bc6f0addaa1a?s=96&d=mm&r=g\",\"url\":\"https:\\\/\\\/secure.gravatar.com\\\/avatar\\\/eee448fc3f7164808013b816ba91ac7e43bbe82a70bebac296f8bc6f0addaa1a?s=96&d=mm&r=g\",\"contentUrl\":\"https:\\\/\\\/secure.gravatar.com\\\/avatar\\\/eee448fc3f7164808013b816ba91ac7e43bbe82a70bebac296f8bc6f0addaa1a?s=96&d=mm&r=g\",\"caption\":\"Edici\u00f3n Web\"},\"url\":\"https:\\\/\\\/canal7slp.tv\\\/2025\\\/author\\\/edicionweb\\\/\"}]}<\/script>\n<!-- \/ Yoast SEO plugin. -->","yoast_head_json":{"title":"Congreso de Per\u00fa destituye a Dina Boluarte y nombra a Jos\u00e9 Jer\u00ed como nuevo presidente - Canal 7 SLP - 2025","robots":{"index":"index","follow":"follow","max-snippet":"max-snippet:-1","max-image-preview":"max-image-preview:large","max-video-preview":"max-video-preview:-1"},"canonical":"https:\/\/canal7slp.tv\/2025\/congreso-de-peru-destituye-a-dina-boluarte-y-nombra-a-jose-jeri-como-nuevo-presidente\/","og_locale":"es_ES","og_type":"article","og_title":"Congreso de Per\u00fa destituye a Dina Boluarte y nombra a Jos\u00e9 Jer\u00ed como nuevo presidente - Canal 7 SLP - 2025","og_description":"Lima.- El Congreso de Per\u00fa destituy\u00f3 este 10 de octubre a la presidenta Dina Boluarte en un juicio pol\u00edtico acelerado, motivado por la crisis de inseguridad que enfrenta el pa\u00eds. Jos\u00e9 Jer\u00ed, quien era el presidente del Legislativo, asumi\u00f3 el cargo de manera interina, con un mandato que se extender\u00e1 hasta julio de 2026, mientras que se prev\u00e9n elecciones generales para abril. Desde 2016, Per\u00fa ha tenido siete presidentes, de los cuales tres han sido destituidos por el Congreso. Boluarte, quien asumi\u00f3 el poder en diciembre de 2022 tras la destituci\u00f3n de Pedro Castillo, enfrent\u00f3 m\u00faltiples esc\u00e1ndalos, protestas y un [&hellip;]","og_url":"https:\/\/canal7slp.tv\/2025\/congreso-de-peru-destituye-a-dina-boluarte-y-nombra-a-jose-jeri-como-nuevo-presidente\/","og_site_name":"Canal 7 SLP - 2025","article_publisher":"https:\/\/www.facebook.com\/noticieroscanal7atencionciudadana\/","article_published_time":"2025-10-11T01:35:09+00:00","og_image":[{"width":749,"height":500,"url":"https:\/\/canal7slp.tv\/2025\/wp-content\/uploads\/2025\/10\/08-9.jpg","type":"image\/jpeg"}],"author":"Edici\u00f3n Web","twitter_card":"summary_large_image","twitter_creator":"@NOTICIEROS7","twitter_site":"@NOTICIEROS7","twitter_misc":{"Escrito por":"Edici\u00f3n Web","Tiempo de lectura":"2 minutos"},"schema":{"@context":"https:\/\/schema.org","@graph":[{"@type":"Article","@id":"https:\/\/canal7slp.tv\/2025\/congreso-de-peru-destituye-a-dina-boluarte-y-nombra-a-jose-jeri-como-nuevo-presidente\/#article","isPartOf":{"@id":"https:\/\/canal7slp.tv\/2025\/congreso-de-peru-destituye-a-dina-boluarte-y-nombra-a-jose-jeri-como-nuevo-presidente\/"},"author":{"name":"Edici\u00f3n Web","@id":"https:\/\/canal7slp.tv\/2025\/#\/schema\/person\/271e2b60a96e7cc9d9ac296f4d7e414b"},"headline":"Congreso de Per\u00fa destituye a Dina Boluarte y nombra a Jos\u00e9 Jer\u00ed como nuevo presidente","datePublished":"2025-10-11T01:35:09+00:00","mainEntityOfPage":{"@id":"https:\/\/canal7slp.tv\/2025\/congreso-de-peru-destituye-a-dina-boluarte-y-nombra-a-jose-jeri-como-nuevo-presidente\/"},"wordCount":256,"publisher":{"@id":"https:\/\/canal7slp.tv\/2025\/#organization"},"image":{"@id":"https:\/\/canal7slp.tv\/2025\/congreso-de-peru-destituye-a-dina-boluarte-y-nombra-a-jose-jeri-como-nuevo-presidente\/#primaryimage"},"thumbnailUrl":"https:\/\/canal7slp.tv\/2025\/wp-content\/uploads\/2025\/10\/08-9.jpg","articleSection":["INTERNACIONALES"],"inLanguage":"es"},{"@type":"WebPage","@id":"https:\/\/canal7slp.tv\/2025\/congreso-de-peru-destituye-a-dina-boluarte-y-nombra-a-jose-jeri-como-nuevo-presidente\/","url":"https:\/\/canal7slp.tv\/2025\/congreso-de-peru-destituye-a-dina-boluarte-y-nombra-a-jose-jeri-como-nuevo-presidente\/","name":"Congreso de Per\u00fa destituye a Dina Boluarte y nombra a Jos\u00e9 Jer\u00ed como nuevo presidente - Canal 7 SLP - 2025","isPartOf":{"@id":"https:\/\/canal7slp.tv\/2025\/#website"},"primaryImageOfPage":{"@id":"https:\/\/canal7slp.tv\/2025\/congreso-de-peru-destituye-a-dina-boluarte-y-nombra-a-jose-jeri-como-nuevo-presidente\/#primaryimage"},"image":{"@id":"https:\/\/canal7slp.tv\/2025\/congreso-de-peru-destituye-a-dina-boluarte-y-nombra-a-jose-jeri-como-nuevo-presidente\/#primaryimage"},"thumbnailUrl":"https:\/\/canal7slp.tv\/2025\/wp-content\/uploads\/2025\/10\/08-9.jpg","datePublished":"2025-10-11T01:35:09+00:00","breadcrumb":{"@id":"https:\/\/canal7slp.tv\/2025\/congreso-de-peru-destituye-a-dina-boluarte-y-nombra-a-jose-jeri-como-nuevo-presidente\/#breadcrumb"},"inLanguage":"es","potentialAction":[{"@type":"ReadAction","target":["https:\/\/canal7slp.tv\/2025\/congreso-de-peru-destituye-a-dina-boluarte-y-nombra-a-jose-jeri-como-nuevo-presidente\/"]}]},{"@type":"ImageObject","inLanguage":"es","@id":"https:\/\/canal7slp.tv\/2025\/congreso-de-peru-destituye-a-dina-boluarte-y-nombra-a-jose-jeri-como-nuevo-presidente\/#primaryimage","url":"https:\/\/canal7slp.tv\/2025\/wp-content\/uploads\/2025\/10\/08-9.jpg","contentUrl":"https:\/\/canal7slp.tv\/2025\/wp-content\/uploads\/2025\/10\/08-9.jpg","width":749,"height":500},{"@type":"BreadcrumbList","@id":"https:\/\/canal7slp.tv\/2025\/congreso-de-peru-destituye-a-dina-boluarte-y-nombra-a-jose-jeri-como-nuevo-presidente\/#breadcrumb","itemListElement":[{"@type":"ListItem","position":1,"name":"Portada","item":"https:\/\/canal7slp.tv\/2025\/"},{"@type":"ListItem","position":2,"name":"Congreso de Per\u00fa destituye a Dina Boluarte y nombra a Jos\u00e9 Jer\u00ed como nuevo presidente"}]},{"@type":"WebSite","@id":"https:\/\/canal7slp.tv\/2025\/#website","url":"https:\/\/canal7slp.tv\/2025\/","name":"N7 - Noticieros Canal 7","description":"Somos el Medio","publisher":{"@id":"https:\/\/canal7slp.tv\/2025\/#organization"},"potentialAction":[{"@type":"SearchAction","target":{"@type":"EntryPoint","urlTemplate":"https:\/\/canal7slp.tv\/2025\/?s={search_term_string}"},"query-input":{"@type":"PropertyValueSpecification","valueRequired":true,"valueName":"search_term_string"}}],"inLanguage":"es"},{"@type":"Organization","@id":"https:\/\/canal7slp.tv\/2025\/#organization","name":"Noticieros Canal 7","url":"https:\/\/canal7slp.tv\/2025\/","logo":{"@type":"ImageObject","inLanguage":"es","@id":"https:\/\/canal7slp.tv\/2025\/#\/schema\/logo\/image\/","url":"https:\/\/canal7slp.tv\/2025\/wp-content\/uploads\/2021\/01\/logo-noticieros@2x.png","contentUrl":"https:\/\/canal7slp.tv\/2025\/wp-content\/uploads\/2021\/01\/logo-noticieros@2x.png","width":1017,"height":268,"caption":"Noticieros Canal 7"},"image":{"@id":"https:\/\/canal7slp.tv\/2025\/#\/schema\/logo\/image\/"},"sameAs":["https:\/\/www.facebook.com\/noticieroscanal7atencionciudadana\/","https:\/\/x.com\/NOTICIEROS7","https:\/\/www.instagram.com\/canal7_slp","https:\/\/www.youtube.com\/channel\/UCliiYs-gP3JfJeqdPrNdd5A"]},{"@type":"Person","@id":"https:\/\/canal7slp.tv\/2025\/#\/schema\/person\/271e2b60a96e7cc9d9ac296f4d7e414b","name":"Edici\u00f3n Web","image":{"@type":"ImageObject","inLanguage":"es","@id":"https:\/\/secure.gravatar.com\/avatar\/eee448fc3f7164808013b816ba91ac7e43bbe82a70bebac296f8bc6f0addaa1a?s=96&d=mm&r=g","url":"https:\/\/secure.gravatar.com\/avatar\/eee448fc3f7164808013b816ba91ac7e43bbe82a70bebac296f8bc6f0addaa1a?s=96&d=mm&r=g","contentUrl":"https:\/\/secure.gravatar.com\/avatar\/eee448fc3f7164808013b816ba91ac7e43bbe82a70bebac296f8bc6f0addaa1a?s=96&d=mm&r=g","caption":"Edici\u00f3n Web"},"url":"https:\/\/canal7slp.tv\/2025\/author\/edicionweb\/"}]}},"_links":{"self":[{"href":"https:\/\/canal7slp.tv\/2025\/wp-json\/wp\/v2\/posts\/181713","targetHints":{"allow":["GET"]}}],"collection":[{"href":"https:\/\/canal7slp.tv\/2025\/wp-json\/wp\/v2\/posts"}],"about":[{"href":"https:\/\/canal7slp.tv\/2025\/wp-json\/wp\/v2\/types\/post"}],"author":[{"embeddable":true,"href":"https:\/\/canal7slp.tv\/2025\/wp-json\/wp\/v2\/users\/2"}],"replies":[{"embeddable":true,"href":"https:\/\/canal7slp.tv\/2025\/wp-json\/wp\/v2\/comments?post=181713"}],"version-history":[{"count":1,"href":"https:\/\/canal7slp.tv\/2025\/wp-json\/wp\/v2\/posts\/181713\/revisions"}],"predecessor-version":[{"id":181715,"href":"https:\/\/canal7slp.tv\/2025\/wp-json\/wp\/v2\/posts\/181713\/revisions\/181715"}],"wp:featuredmedia":[{"embeddable":true,"href":"https:\/\/canal7slp.tv\/2025\/wp-json\/wp\/v2\/media\/181714"}],"wp:attachment":[{"href":"https:\/\/canal7slp.tv\/2025\/wp-json\/wp\/v2\/media?parent=181713"}],"wp:term":[{"taxonomy":"category","embeddable":true,"href":"https:\/\/canal7slp.tv\/2025\/wp-json\/wp\/v2\/categories?post=181713"},{"taxonomy":"post_tag","embeddable":true,"href":"https:\/\/canal7slp.tv\/2025\/wp-json\/wp\/v2\/tags?post=181713"}],"curies":[{"name":"wp","href":"https:\/\/api.w.org\/{rel}","templated":true}]}}