{"id":181690,"date":"2025-10-10T18:47:42","date_gmt":"2025-10-11T00:47:42","guid":{"rendered":"https:\/\/canal7slp.tv\/2025\/?p=181690"},"modified":"2025-10-10T18:47:42","modified_gmt":"2025-10-11T00:47:42","slug":"potosinos-con-destacada-actuacion-en-para-atletismo-en-la-paralimpiada-nacional","status":"publish","type":"post","link":"https:\/\/canal7slp.tv\/2025\/potosinos-con-destacada-actuacion-en-para-atletismo-en-la-paralimpiada-nacional\/","title":{"rendered":"Potosinos con destacada actuaci\u00f3n en Para Atletismo en la Paralimpiada Nacional"},"content":{"rendered":"<p style=\"text-align: justify;\">SLP.- La delegaci\u00f3n de San Luis Potos\u00ed dio inicio con la competencia de Para Atletismo en la categor\u00eda Juvenil Mayor en la Paralimpiada Nacional 2025 que se celebra en Aguascalientes con una destacada actuaci\u00f3n.<\/p>\n<p style=\"text-align: justify;\">En dicha competencia los potosinos obtuvieron buenos resultados, las preseas doradas dos fueron conquistadas por Ana Paula Carzoza Mor\u00e1n y Eidan David Medina Mart\u00ednez al ser los primeros en la historia del evento en participar en la modalidad de Frame Running utilizando un marco rodante de tres ruedas sin pedales, impuls\u00e1ndose con los pies. Prueba aceptada por primera ocasi\u00f3n por el Comit\u00e9 Paral\u00edmpico Mexicano y la CONADE.<\/p>\n<p style=\"text-align: justify;\">El tercer oro de la jornada fue conquistado por Sof\u00eda Yaretzi Garc\u00eda Mata salto de longitud y la cuarta presea dorada fue para Isaac Mauricio Mu\u00f1iz Aguilar en la prueba de salto de longitud.<\/p>\n<p style=\"text-align: justify;\">Mientras que las medallas de bronce fueron logradas por Luz Patricia Sarabia Barrios en los 100 metros planos y en la misma distancia Omar Ezequiel M\u00e9ndez Ruiz.<\/p>\n","protected":false},"excerpt":{"rendered":"<p>SLP.- La delegaci\u00f3n de San Luis Potos\u00ed dio inicio con la competencia de Para Atletismo en la categor\u00eda Juvenil Mayor en la Paralimpiada Nacional 2025 que se celebra en Aguascalientes con una destacada actuaci\u00f3n. En dicha competencia los potosinos obtuvieron buenos resultados, las preseas doradas dos fueron conquistadas por Ana Paula Carzoza Mor\u00e1n y Eidan David Medina Mart\u00ednez al ser los primeros en la historia del evento en participar en la modalidad de Frame Running utilizando un marco rodante de tres ruedas sin pedales, impuls\u00e1ndose con los pies. Prueba aceptada por primera ocasi\u00f3n por el Comit\u00e9 Paral\u00edmpico Mexicano y la [&hellip;]<\/p>\n","protected":false},"author":2,"featured_media":181692,"comment_status":"closed","ping_status":"closed","sticky":false,"template":"","format":"standard","meta":{"_monsterinsights_skip_tracking":false,"_monsterinsights_sitenote_active":false,"_monsterinsights_sitenote_note":"","_monsterinsights_sitenote_category":0,"footnotes":""},"categories":[7,5],"tags":[],"class_list":["post-181690","post","type-post","status-publish","format-standard","has-post-thumbnail","hentry","category-deportes","category-destacadas","post--single"],"yoast_head":"<!-- This site is optimized with the Yoast SEO plugin v27.5 - https:\/\/yoast.com\/product\/yoast-seo-wordpress\/ -->\n<title>Potosinos con destacada actuaci\u00f3n en Para Atletismo en la Paralimpiada Nacional - Canal 7 SLP - 2025<\/title>\n<meta name=\"robots\" content=\"index, follow, max-snippet:-1, max-image-preview:large, max-video-preview:-1\" \/>\n<link rel=\"canonical\" href=\"https:\/\/canal7slp.tv\/2025\/potosinos-con-destacada-actuacion-en-para-atletismo-en-la-paralimpiada-nacional\/\" \/>\n<meta property=\"og:locale\" content=\"es_ES\" \/>\n<meta property=\"og:type\" content=\"article\" \/>\n<meta property=\"og:title\" content=\"Potosinos con destacada actuaci\u00f3n en Para Atletismo en la Paralimpiada Nacional - Canal 7 SLP - 2025\" \/>\n<meta property=\"og:description\" content=\"SLP.- La delegaci\u00f3n de San Luis Potos\u00ed dio inicio con la competencia de Para Atletismo en la categor\u00eda Juvenil Mayor en la Paralimpiada Nacional 2025 que se celebra en Aguascalientes con una destacada actuaci\u00f3n. En dicha competencia los potosinos obtuvieron buenos resultados, las preseas doradas dos fueron conquistadas por Ana Paula Carzoza Mor\u00e1n y Eidan David Medina Mart\u00ednez al ser los primeros en la historia del evento en participar en la modalidad de Frame Running utilizando un marco rodante de tres ruedas sin pedales, impuls\u00e1ndose con los pies. Prueba aceptada por primera ocasi\u00f3n por el Comit\u00e9 Paral\u00edmpico Mexicano y la [&hellip;]\" \/>\n<meta property=\"og:url\" content=\"https:\/\/canal7slp.tv\/2025\/potosinos-con-destacada-actuacion-en-para-atletismo-en-la-paralimpiada-nacional\/\" \/>\n<meta property=\"og:site_name\" content=\"Canal 7 SLP - 2025\" \/>\n<meta property=\"article:publisher\" content=\"https:\/\/www.facebook.com\/noticieroscanal7atencionciudadana\/\" \/>\n<meta property=\"article:published_time\" content=\"2025-10-11T00:47:42+00:00\" \/>\n<meta property=\"og:image\" content=\"https:\/\/canal7slp.tv\/2025\/wp-content\/uploads\/2025\/10\/Froi01Paralimpiada.jpg\" \/>\n\t<meta property=\"og:image:width\" content=\"1280\" \/>\n\t<meta property=\"og:image:height\" content=\"720\" \/>\n\t<meta property=\"og:image:type\" content=\"image\/jpeg\" \/>\n<meta name=\"author\" content=\"Edici\u00f3n Web\" \/>\n<meta name=\"twitter:card\" content=\"summary_large_image\" \/>\n<meta name=\"twitter:creator\" content=\"@NOTICIEROS7\" \/>\n<meta name=\"twitter:site\" content=\"@NOTICIEROS7\" \/>\n<meta name=\"twitter:label1\" content=\"Escrito por\" \/>\n\t<meta name=\"twitter:data1\" content=\"Edici\u00f3n Web\" \/>\n\t<meta name=\"twitter:label2\" content=\"Tiempo de lectura\" \/>\n\t<meta name=\"twitter:data2\" content=\"1 minuto\" \/>\n<script type=\"application\/ld+json\" class=\"yoast-schema-graph\">{\"@context\":\"https:\\\/\\\/schema.org\",\"@graph\":[{\"@type\":\"Article\",\"@id\":\"https:\\\/\\\/canal7slp.tv\\\/2025\\\/potosinos-con-destacada-actuacion-en-para-atletismo-en-la-paralimpiada-nacional\\\/#article\",\"isPartOf\":{\"@id\":\"https:\\\/\\\/canal7slp.tv\\\/2025\\\/potosinos-con-destacada-actuacion-en-para-atletismo-en-la-paralimpiada-nacional\\\/\"},\"author\":{\"name\":\"Edici\u00f3n Web\",\"@id\":\"https:\\\/\\\/canal7slp.tv\\\/2025\\\/#\\\/schema\\\/person\\\/271e2b60a96e7cc9d9ac296f4d7e414b\"},\"headline\":\"Potosinos con destacada actuaci\u00f3n en Para Atletismo en la Paralimpiada Nacional\",\"datePublished\":\"2025-10-11T00:47:42+00:00\",\"mainEntityOfPage\":{\"@id\":\"https:\\\/\\\/canal7slp.tv\\\/2025\\\/potosinos-con-destacada-actuacion-en-para-atletismo-en-la-paralimpiada-nacional\\\/\"},\"wordCount\":185,\"publisher\":{\"@id\":\"https:\\\/\\\/canal7slp.tv\\\/2025\\\/#organization\"},\"image\":{\"@id\":\"https:\\\/\\\/canal7slp.tv\\\/2025\\\/potosinos-con-destacada-actuacion-en-para-atletismo-en-la-paralimpiada-nacional\\\/#primaryimage\"},\"thumbnailUrl\":\"https:\\\/\\\/canal7slp.tv\\\/2025\\\/wp-content\\\/uploads\\\/2025\\\/10\\\/Froi01Paralimpiada.jpg\",\"articleSection\":[\"DEPORTES\",\"DESTACADAS\"],\"inLanguage\":\"es\"},{\"@type\":\"WebPage\",\"@id\":\"https:\\\/\\\/canal7slp.tv\\\/2025\\\/potosinos-con-destacada-actuacion-en-para-atletismo-en-la-paralimpiada-nacional\\\/\",\"url\":\"https:\\\/\\\/canal7slp.tv\\\/2025\\\/potosinos-con-destacada-actuacion-en-para-atletismo-en-la-paralimpiada-nacional\\\/\",\"name\":\"Potosinos con destacada actuaci\u00f3n en Para Atletismo en la Paralimpiada Nacional - Canal 7 SLP - 2025\",\"isPartOf\":{\"@id\":\"https:\\\/\\\/canal7slp.tv\\\/2025\\\/#website\"},\"primaryImageOfPage\":{\"@id\":\"https:\\\/\\\/canal7slp.tv\\\/2025\\\/potosinos-con-destacada-actuacion-en-para-atletismo-en-la-paralimpiada-nacional\\\/#primaryimage\"},\"image\":{\"@id\":\"https:\\\/\\\/canal7slp.tv\\\/2025\\\/potosinos-con-destacada-actuacion-en-para-atletismo-en-la-paralimpiada-nacional\\\/#primaryimage\"},\"thumbnailUrl\":\"https:\\\/\\\/canal7slp.tv\\\/2025\\\/wp-content\\\/uploads\\\/2025\\\/10\\\/Froi01Paralimpiada.jpg\",\"datePublished\":\"2025-10-11T00:47:42+00:00\",\"breadcrumb\":{\"@id\":\"https:\\\/\\\/canal7slp.tv\\\/2025\\\/potosinos-con-destacada-actuacion-en-para-atletismo-en-la-paralimpiada-nacional\\\/#breadcrumb\"},\"inLanguage\":\"es\",\"potentialAction\":[{\"@type\":\"ReadAction\",\"target\":[\"https:\\\/\\\/canal7slp.tv\\\/2025\\\/potosinos-con-destacada-actuacion-en-para-atletismo-en-la-paralimpiada-nacional\\\/\"]}]},{\"@type\":\"ImageObject\",\"inLanguage\":\"es\",\"@id\":\"https:\\\/\\\/canal7slp.tv\\\/2025\\\/potosinos-con-destacada-actuacion-en-para-atletismo-en-la-paralimpiada-nacional\\\/#primaryimage\",\"url\":\"https:\\\/\\\/canal7slp.tv\\\/2025\\\/wp-content\\\/uploads\\\/2025\\\/10\\\/Froi01Paralimpiada.jpg\",\"contentUrl\":\"https:\\\/\\\/canal7slp.tv\\\/2025\\\/wp-content\\\/uploads\\\/2025\\\/10\\\/Froi01Paralimpiada.jpg\",\"width\":1280,\"height\":720},{\"@type\":\"BreadcrumbList\",\"@id\":\"https:\\\/\\\/canal7slp.tv\\\/2025\\\/potosinos-con-destacada-actuacion-en-para-atletismo-en-la-paralimpiada-nacional\\\/#breadcrumb\",\"itemListElement\":[{\"@type\":\"ListItem\",\"position\":1,\"name\":\"Portada\",\"item\":\"https:\\\/\\\/canal7slp.tv\\\/2025\\\/\"},{\"@type\":\"ListItem\",\"position\":2,\"name\":\"Potosinos con destacada actuaci\u00f3n en Para Atletismo en la Paralimpiada Nacional\"}]},{\"@type\":\"WebSite\",\"@id\":\"https:\\\/\\\/canal7slp.tv\\\/2025\\\/#website\",\"url\":\"https:\\\/\\\/canal7slp.tv\\\/2025\\\/\",\"name\":\"N7 - Noticieros Canal 7\",\"description\":\"Somos el Medio\",\"publisher\":{\"@id\":\"https:\\\/\\\/canal7slp.tv\\\/2025\\\/#organization\"},\"potentialAction\":[{\"@type\":\"SearchAction\",\"target\":{\"@type\":\"EntryPoint\",\"urlTemplate\":\"https:\\\/\\\/canal7slp.tv\\\/2025\\\/?s={search_term_string}\"},\"query-input\":{\"@type\":\"PropertyValueSpecification\",\"valueRequired\":true,\"valueName\":\"search_term_string\"}}],\"inLanguage\":\"es\"},{\"@type\":\"Organization\",\"@id\":\"https:\\\/\\\/canal7slp.tv\\\/2025\\\/#organization\",\"name\":\"Noticieros Canal 7\",\"url\":\"https:\\\/\\\/canal7slp.tv\\\/2025\\\/\",\"logo\":{\"@type\":\"ImageObject\",\"inLanguage\":\"es\",\"@id\":\"https:\\\/\\\/canal7slp.tv\\\/2025\\\/#\\\/schema\\\/logo\\\/image\\\/\",\"url\":\"https:\\\/\\\/canal7slp.tv\\\/2025\\\/wp-content\\\/uploads\\\/2021\\\/01\\\/logo-noticieros@2x.png\",\"contentUrl\":\"https:\\\/\\\/canal7slp.tv\\\/2025\\\/wp-content\\\/uploads\\\/2021\\\/01\\\/logo-noticieros@2x.png\",\"width\":1017,\"height\":268,\"caption\":\"Noticieros Canal 7\"},\"image\":{\"@id\":\"https:\\\/\\\/canal7slp.tv\\\/2025\\\/#\\\/schema\\\/logo\\\/image\\\/\"},\"sameAs\":[\"https:\\\/\\\/www.facebook.com\\\/noticieroscanal7atencionciudadana\\\/\",\"https:\\\/\\\/x.com\\\/NOTICIEROS7\",\"https:\\\/\\\/www.instagram.com\\\/canal7_slp\",\"https:\\\/\\\/www.youtube.com\\\/channel\\\/UCliiYs-gP3JfJeqdPrNdd5A\"]},{\"@type\":\"Person\",\"@id\":\"https:\\\/\\\/canal7slp.tv\\\/2025\\\/#\\\/schema\\\/person\\\/271e2b60a96e7cc9d9ac296f4d7e414b\",\"name\":\"Edici\u00f3n Web\",\"image\":{\"@type\":\"ImageObject\",\"inLanguage\":\"es\",\"@id\":\"https:\\\/\\\/secure.gravatar.com\\\/avatar\\\/eee448fc3f7164808013b816ba91ac7e43bbe82a70bebac296f8bc6f0addaa1a?s=96&d=mm&r=g\",\"url\":\"https:\\\/\\\/secure.gravatar.com\\\/avatar\\\/eee448fc3f7164808013b816ba91ac7e43bbe82a70bebac296f8bc6f0addaa1a?s=96&d=mm&r=g\",\"contentUrl\":\"https:\\\/\\\/secure.gravatar.com\\\/avatar\\\/eee448fc3f7164808013b816ba91ac7e43bbe82a70bebac296f8bc6f0addaa1a?s=96&d=mm&r=g\",\"caption\":\"Edici\u00f3n Web\"},\"url\":\"https:\\\/\\\/canal7slp.tv\\\/2025\\\/author\\\/edicionweb\\\/\"}]}<\/script>\n<!-- \/ Yoast SEO plugin. -->","yoast_head_json":{"title":"Potosinos con destacada actuaci\u00f3n en Para Atletismo en la Paralimpiada Nacional - Canal 7 SLP - 2025","robots":{"index":"index","follow":"follow","max-snippet":"max-snippet:-1","max-image-preview":"max-image-preview:large","max-video-preview":"max-video-preview:-1"},"canonical":"https:\/\/canal7slp.tv\/2025\/potosinos-con-destacada-actuacion-en-para-atletismo-en-la-paralimpiada-nacional\/","og_locale":"es_ES","og_type":"article","og_title":"Potosinos con destacada actuaci\u00f3n en Para Atletismo en la Paralimpiada Nacional - Canal 7 SLP - 2025","og_description":"SLP.- La delegaci\u00f3n de San Luis Potos\u00ed dio inicio con la competencia de Para Atletismo en la categor\u00eda Juvenil Mayor en la Paralimpiada Nacional 2025 que se celebra en Aguascalientes con una destacada actuaci\u00f3n. En dicha competencia los potosinos obtuvieron buenos resultados, las preseas doradas dos fueron conquistadas por Ana Paula Carzoza Mor\u00e1n y Eidan David Medina Mart\u00ednez al ser los primeros en la historia del evento en participar en la modalidad de Frame Running utilizando un marco rodante de tres ruedas sin pedales, impuls\u00e1ndose con los pies. Prueba aceptada por primera ocasi\u00f3n por el Comit\u00e9 Paral\u00edmpico Mexicano y la [&hellip;]","og_url":"https:\/\/canal7slp.tv\/2025\/potosinos-con-destacada-actuacion-en-para-atletismo-en-la-paralimpiada-nacional\/","og_site_name":"Canal 7 SLP - 2025","article_publisher":"https:\/\/www.facebook.com\/noticieroscanal7atencionciudadana\/","article_published_time":"2025-10-11T00:47:42+00:00","og_image":[{"width":1280,"height":720,"url":"https:\/\/canal7slp.tv\/2025\/wp-content\/uploads\/2025\/10\/Froi01Paralimpiada.jpg","type":"image\/jpeg"}],"author":"Edici\u00f3n Web","twitter_card":"summary_large_image","twitter_creator":"@NOTICIEROS7","twitter_site":"@NOTICIEROS7","twitter_misc":{"Escrito por":"Edici\u00f3n Web","Tiempo de lectura":"1 minuto"},"schema":{"@context":"https:\/\/schema.org","@graph":[{"@type":"Article","@id":"https:\/\/canal7slp.tv\/2025\/potosinos-con-destacada-actuacion-en-para-atletismo-en-la-paralimpiada-nacional\/#article","isPartOf":{"@id":"https:\/\/canal7slp.tv\/2025\/potosinos-con-destacada-actuacion-en-para-atletismo-en-la-paralimpiada-nacional\/"},"author":{"name":"Edici\u00f3n Web","@id":"https:\/\/canal7slp.tv\/2025\/#\/schema\/person\/271e2b60a96e7cc9d9ac296f4d7e414b"},"headline":"Potosinos con destacada actuaci\u00f3n en Para Atletismo en la Paralimpiada Nacional","datePublished":"2025-10-11T00:47:42+00:00","mainEntityOfPage":{"@id":"https:\/\/canal7slp.tv\/2025\/potosinos-con-destacada-actuacion-en-para-atletismo-en-la-paralimpiada-nacional\/"},"wordCount":185,"publisher":{"@id":"https:\/\/canal7slp.tv\/2025\/#organization"},"image":{"@id":"https:\/\/canal7slp.tv\/2025\/potosinos-con-destacada-actuacion-en-para-atletismo-en-la-paralimpiada-nacional\/#primaryimage"},"thumbnailUrl":"https:\/\/canal7slp.tv\/2025\/wp-content\/uploads\/2025\/10\/Froi01Paralimpiada.jpg","articleSection":["DEPORTES","DESTACADAS"],"inLanguage":"es"},{"@type":"WebPage","@id":"https:\/\/canal7slp.tv\/2025\/potosinos-con-destacada-actuacion-en-para-atletismo-en-la-paralimpiada-nacional\/","url":"https:\/\/canal7slp.tv\/2025\/potosinos-con-destacada-actuacion-en-para-atletismo-en-la-paralimpiada-nacional\/","name":"Potosinos con destacada actuaci\u00f3n en Para Atletismo en la Paralimpiada Nacional - Canal 7 SLP - 2025","isPartOf":{"@id":"https:\/\/canal7slp.tv\/2025\/#website"},"primaryImageOfPage":{"@id":"https:\/\/canal7slp.tv\/2025\/potosinos-con-destacada-actuacion-en-para-atletismo-en-la-paralimpiada-nacional\/#primaryimage"},"image":{"@id":"https:\/\/canal7slp.tv\/2025\/potosinos-con-destacada-actuacion-en-para-atletismo-en-la-paralimpiada-nacional\/#primaryimage"},"thumbnailUrl":"https:\/\/canal7slp.tv\/2025\/wp-content\/uploads\/2025\/10\/Froi01Paralimpiada.jpg","datePublished":"2025-10-11T00:47:42+00:00","breadcrumb":{"@id":"https:\/\/canal7slp.tv\/2025\/potosinos-con-destacada-actuacion-en-para-atletismo-en-la-paralimpiada-nacional\/#breadcrumb"},"inLanguage":"es","potentialAction":[{"@type":"ReadAction","target":["https:\/\/canal7slp.tv\/2025\/potosinos-con-destacada-actuacion-en-para-atletismo-en-la-paralimpiada-nacional\/"]}]},{"@type":"ImageObject","inLanguage":"es","@id":"https:\/\/canal7slp.tv\/2025\/potosinos-con-destacada-actuacion-en-para-atletismo-en-la-paralimpiada-nacional\/#primaryimage","url":"https:\/\/canal7slp.tv\/2025\/wp-content\/uploads\/2025\/10\/Froi01Paralimpiada.jpg","contentUrl":"https:\/\/canal7slp.tv\/2025\/wp-content\/uploads\/2025\/10\/Froi01Paralimpiada.jpg","width":1280,"height":720},{"@type":"BreadcrumbList","@id":"https:\/\/canal7slp.tv\/2025\/potosinos-con-destacada-actuacion-en-para-atletismo-en-la-paralimpiada-nacional\/#breadcrumb","itemListElement":[{"@type":"ListItem","position":1,"name":"Portada","item":"https:\/\/canal7slp.tv\/2025\/"},{"@type":"ListItem","position":2,"name":"Potosinos con destacada actuaci\u00f3n en Para Atletismo en la Paralimpiada Nacional"}]},{"@type":"WebSite","@id":"https:\/\/canal7slp.tv\/2025\/#website","url":"https:\/\/canal7slp.tv\/2025\/","name":"N7 - Noticieros Canal 7","description":"Somos el Medio","publisher":{"@id":"https:\/\/canal7slp.tv\/2025\/#organization"},"potentialAction":[{"@type":"SearchAction","target":{"@type":"EntryPoint","urlTemplate":"https:\/\/canal7slp.tv\/2025\/?s={search_term_string}"},"query-input":{"@type":"PropertyValueSpecification","valueRequired":true,"valueName":"search_term_string"}}],"inLanguage":"es"},{"@type":"Organization","@id":"https:\/\/canal7slp.tv\/2025\/#organization","name":"Noticieros Canal 7","url":"https:\/\/canal7slp.tv\/2025\/","logo":{"@type":"ImageObject","inLanguage":"es","@id":"https:\/\/canal7slp.tv\/2025\/#\/schema\/logo\/image\/","url":"https:\/\/canal7slp.tv\/2025\/wp-content\/uploads\/2021\/01\/logo-noticieros@2x.png","contentUrl":"https:\/\/canal7slp.tv\/2025\/wp-content\/uploads\/2021\/01\/logo-noticieros@2x.png","width":1017,"height":268,"caption":"Noticieros Canal 7"},"image":{"@id":"https:\/\/canal7slp.tv\/2025\/#\/schema\/logo\/image\/"},"sameAs":["https:\/\/www.facebook.com\/noticieroscanal7atencionciudadana\/","https:\/\/x.com\/NOTICIEROS7","https:\/\/www.instagram.com\/canal7_slp","https:\/\/www.youtube.com\/channel\/UCliiYs-gP3JfJeqdPrNdd5A"]},{"@type":"Person","@id":"https:\/\/canal7slp.tv\/2025\/#\/schema\/person\/271e2b60a96e7cc9d9ac296f4d7e414b","name":"Edici\u00f3n Web","image":{"@type":"ImageObject","inLanguage":"es","@id":"https:\/\/secure.gravatar.com\/avatar\/eee448fc3f7164808013b816ba91ac7e43bbe82a70bebac296f8bc6f0addaa1a?s=96&d=mm&r=g","url":"https:\/\/secure.gravatar.com\/avatar\/eee448fc3f7164808013b816ba91ac7e43bbe82a70bebac296f8bc6f0addaa1a?s=96&d=mm&r=g","contentUrl":"https:\/\/secure.gravatar.com\/avatar\/eee448fc3f7164808013b816ba91ac7e43bbe82a70bebac296f8bc6f0addaa1a?s=96&d=mm&r=g","caption":"Edici\u00f3n Web"},"url":"https:\/\/canal7slp.tv\/2025\/author\/edicionweb\/"}]}},"_links":{"self":[{"href":"https:\/\/canal7slp.tv\/2025\/wp-json\/wp\/v2\/posts\/181690","targetHints":{"allow":["GET"]}}],"collection":[{"href":"https:\/\/canal7slp.tv\/2025\/wp-json\/wp\/v2\/posts"}],"about":[{"href":"https:\/\/canal7slp.tv\/2025\/wp-json\/wp\/v2\/types\/post"}],"author":[{"embeddable":true,"href":"https:\/\/canal7slp.tv\/2025\/wp-json\/wp\/v2\/users\/2"}],"replies":[{"embeddable":true,"href":"https:\/\/canal7slp.tv\/2025\/wp-json\/wp\/v2\/comments?post=181690"}],"version-history":[{"count":2,"href":"https:\/\/canal7slp.tv\/2025\/wp-json\/wp\/v2\/posts\/181690\/revisions"}],"predecessor-version":[{"id":181693,"href":"https:\/\/canal7slp.tv\/2025\/wp-json\/wp\/v2\/posts\/181690\/revisions\/181693"}],"wp:featuredmedia":[{"embeddable":true,"href":"https:\/\/canal7slp.tv\/2025\/wp-json\/wp\/v2\/media\/181692"}],"wp:attachment":[{"href":"https:\/\/canal7slp.tv\/2025\/wp-json\/wp\/v2\/media?parent=181690"}],"wp:term":[{"taxonomy":"category","embeddable":true,"href":"https:\/\/canal7slp.tv\/2025\/wp-json\/wp\/v2\/categories?post=181690"},{"taxonomy":"post_tag","embeddable":true,"href":"https:\/\/canal7slp.tv\/2025\/wp-json\/wp\/v2\/tags?post=181690"}],"curies":[{"name":"wp","href":"https:\/\/api.w.org\/{rel}","templated":true}]}}