{"id":181643,"date":"2025-10-10T12:36:21","date_gmt":"2025-10-10T18:36:21","guid":{"rendered":"https:\/\/canal7slp.tv\/2025\/?p=181643"},"modified":"2025-10-10T12:36:21","modified_gmt":"2025-10-10T18:36:21","slug":"voz-y-liderazgo-femenino-marcan-el-4to-congreso-nacional-del-colectivo-501-en-slp","status":"publish","type":"post","link":"https:\/\/canal7slp.tv\/2025\/voz-y-liderazgo-femenino-marcan-el-4to-congreso-nacional-del-colectivo-501-en-slp\/","title":{"rendered":"Voz y liderazgo femenino marcan el 4to. Congreso Nacional del Colectivo 50+1 en SLP"},"content":{"rendered":"<p style=\"text-align: justify;\"><span style=\"font-size: 1.21429rem;\">SLP.- El colectivo 50+1 celebra su Cuarto Congreso Nacional en San Luis Potos\u00ed con la participaci\u00f3n de mujeres l\u00edderes de distintos sectores del pa\u00eds.<\/span><\/p>\n<p style=\"text-align: justify;\">El prop\u00f3sito es reforzar la voz de las mujeres en el \u00e1mbito pol\u00edtico, empresarial y acad\u00e9mico, destacando el papel de las regiones del centro y baj\u00edo en la agenda nacional.<\/p>\n<p style=\"text-align: justify;\">La presidenta nacional del colectivo, Claudia Corichi, destac\u00f3 que este encuentro marca una etapa clave para las mujeres mexicanas.<\/p>\n<p style=\"text-align: justify;\">\u201cEs un momento hist\u00f3rico porque adem\u00e1s vivimos una etapa muy importante en el pa\u00eds con no solamente respecto a la paridad, sino que estamos en un contexto muy interesante: es el a\u00f1o de la mujer ind\u00edgena y por eso algunas de las actividades que estamos tocando en este congreso tienen que ver con este contexto tan importante reconociendo que todas las mujeres no solo somos importantes, sino que tenemos que tener voz\u00bb, expres\u00f3.<\/p>\n<p style=\"text-align: justify;\">Por su parte, la presidenta local de la colectiva, Rosa Bechara, tambien se pronunci\u00f3 por la relevancia de este tipo de actividades en el pa\u00eds.<\/p>\n<p style=\"text-align: justify;\">Emilia Vidal, presidenta de la comisi\u00f3n de mujeres empresarias de la colectiva, hizo menci\u00f3n de la importancia de la educaci\u00f3n financiera como herramienta fundamental para el empoderamiento y la prevenci\u00f3n de la violencia.<\/p>\n<p style=\"text-align: justify;\">\u201cSi una mujer no tiene educaci\u00f3n financiera pues no podemos hablar de que se va a erradicar la violencia porque efectivamente la educaci\u00f3n financiera es sumamente importante en cualquier parte de nuestro pa\u00eds, entonces, hablar de que una empresaria est\u00e1 liderando esto para nosotros es sumamente importante\u00bb, se\u00f1al\u00f3.<\/p>\n<p style=\"text-align: justify;\">Desde Michoac\u00e1n, la presidenta del cap\u00edtulo estatal, Mar\u00eda Esther Ruiz, enfatiz\u00f3 que la participaci\u00f3n activa de las mujeres en todos los \u00e1mbitos no se debe \u00fanicamente al g\u00e9nero.<\/p>\n<p style=\"text-align: justify;\">\u201cEs tiempo de mujeres, pero no por el simple hecho de que somos mujeres, que ya es bastante, porque somos mam\u00e1s, porque somos trabajadoras, porque somos empresarias, porque nos hemos preparado, porque se han roto los techos de cristal donde ya las mujeres tenemos acceso libre a la educaci\u00f3n y que tenemos la fortaleza para poder trabajar, educar, criar, ser amiga, ser hermanas, y bueno es tiempo de mujeres no por el simple hecho de ser mujeres, sino porque estamos preparados para ello\u00bb, dijo.<\/p>\n<p style=\"text-align: justify;\">Finalmente, la secretaria de finanzas del colectivo, Julieta Angulo, hizo un llamado a mantener la lucha constante contra la violencia en todas sus formas y a concebirla como un tema de derechos humanos.<\/p>\n<p style=\"text-align: justify;\">\u201cSeguir intentando erradicar todos los tipos de violencia que existen en la mujer en la ni\u00f1ez y sobre todo que entendamos que este no es un tema de g\u00e9nero, es un tema de derechos humanos; en el momento en el que seamos presentes y tan sensibles respecto a esos temas, seguramente tendremos una sociedad m\u00e1s pac\u00edfica, m\u00e1s impulsiva y sobre todo m\u00e1s desarrollada\u00bb, puntualiz\u00f3.<\/p>\n<p style=\"text-align: justify;\">Todas ellas coinciden en que el encuentro del colectivo 50+1 en San Luis Potos\u00ed se consolida como un espacio de reflexi\u00f3n y articulaci\u00f3n de estrategias para fortalecer la participaci\u00f3n de las mujeres en la toma de decisiones y en la construcci\u00f3n de pol\u00edticas p\u00fablicas con enfoque de igualdad.<\/p>\n<p>Por: Jos\u00e9 Luis V\u00e1zquez<\/p>\n","protected":false},"excerpt":{"rendered":"<p>SLP.- El colectivo 50+1 celebra su Cuarto Congreso Nacional en San Luis Potos\u00ed con la participaci\u00f3n de mujeres l\u00edderes de distintos sectores del pa\u00eds. El prop\u00f3sito es reforzar la voz de las mujeres en el \u00e1mbito pol\u00edtico, empresarial y acad\u00e9mico, destacando el papel de las regiones del centro y baj\u00edo en la agenda nacional. La presidenta nacional del colectivo, Claudia Corichi, destac\u00f3 que este encuentro marca una etapa clave para las mujeres mexicanas. \u201cEs un momento hist\u00f3rico porque adem\u00e1s vivimos una etapa muy importante en el pa\u00eds con no solamente respecto a la paridad, sino que estamos en un contexto [&hellip;]<\/p>\n","protected":false},"author":2,"featured_media":181659,"comment_status":"closed","ping_status":"closed","sticky":false,"template":"","format":"video","meta":{"_monsterinsights_skip_tracking":false,"_monsterinsights_sitenote_active":false,"_monsterinsights_sitenote_note":"","_monsterinsights_sitenote_category":0,"footnotes":""},"categories":[5,45],"tags":[],"class_list":["post-181643","post","type-post","status-publish","format-video","has-post-thumbnail","hentry","category-destacadas","category-localesyregionales","post_format-post-format-video","post--single"],"yoast_head":"<!-- This site is optimized with the Yoast SEO plugin v27.4 - https:\/\/yoast.com\/product\/yoast-seo-wordpress\/ -->\n<title>Voz y liderazgo femenino marcan el 4to. Congreso Nacional del Colectivo 50+1 en SLP - Canal 7 SLP - 2025<\/title>\n<meta name=\"robots\" content=\"index, follow, max-snippet:-1, max-image-preview:large, max-video-preview:-1\" \/>\n<link rel=\"canonical\" href=\"https:\/\/canal7slp.tv\/2025\/voz-y-liderazgo-femenino-marcan-el-4to-congreso-nacional-del-colectivo-501-en-slp\/\" \/>\n<meta property=\"og:locale\" content=\"es_ES\" \/>\n<meta property=\"og:type\" content=\"article\" \/>\n<meta property=\"og:title\" content=\"Voz y liderazgo femenino marcan el 4to. Congreso Nacional del Colectivo 50+1 en SLP - Canal 7 SLP - 2025\" \/>\n<meta property=\"og:description\" content=\"SLP.- El colectivo 50+1 celebra su Cuarto Congreso Nacional en San Luis Potos\u00ed con la participaci\u00f3n de mujeres l\u00edderes de distintos sectores del pa\u00eds. El prop\u00f3sito es reforzar la voz de las mujeres en el \u00e1mbito pol\u00edtico, empresarial y acad\u00e9mico, destacando el papel de las regiones del centro y baj\u00edo en la agenda nacional. La presidenta nacional del colectivo, Claudia Corichi, destac\u00f3 que este encuentro marca una etapa clave para las mujeres mexicanas. \u201cEs un momento hist\u00f3rico porque adem\u00e1s vivimos una etapa muy importante en el pa\u00eds con no solamente respecto a la paridad, sino que estamos en un contexto [&hellip;]\" \/>\n<meta property=\"og:url\" content=\"https:\/\/canal7slp.tv\/2025\/voz-y-liderazgo-femenino-marcan-el-4to-congreso-nacional-del-colectivo-501-en-slp\/\" \/>\n<meta property=\"og:site_name\" content=\"Canal 7 SLP - 2025\" \/>\n<meta property=\"article:publisher\" content=\"https:\/\/www.facebook.com\/noticieroscanal7atencionciudadana\/\" \/>\n<meta property=\"article:published_time\" content=\"2025-10-10T18:36:21+00:00\" \/>\n<meta property=\"og:image\" content=\"https:\/\/canal7slp.tv\/2025\/wp-content\/uploads\/2025\/10\/Vazquez0CincuentaPlusOne.jpg\" \/>\n\t<meta property=\"og:image:width\" content=\"1280\" \/>\n\t<meta property=\"og:image:height\" content=\"720\" \/>\n\t<meta property=\"og:image:type\" content=\"image\/jpeg\" \/>\n<meta name=\"author\" content=\"Edici\u00f3n Web\" \/>\n<meta name=\"twitter:card\" content=\"summary_large_image\" \/>\n<meta name=\"twitter:creator\" content=\"@NOTICIEROS7\" \/>\n<meta name=\"twitter:site\" content=\"@NOTICIEROS7\" \/>\n<meta name=\"twitter:label1\" content=\"Escrito por\" \/>\n\t<meta name=\"twitter:data1\" content=\"Edici\u00f3n Web\" \/>\n\t<meta name=\"twitter:label2\" content=\"Tiempo de lectura\" \/>\n\t<meta name=\"twitter:data2\" content=\"3 minutos\" \/>\n<script type=\"application\/ld+json\" class=\"yoast-schema-graph\">{\"@context\":\"https:\\\/\\\/schema.org\",\"@graph\":[{\"@type\":\"Article\",\"@id\":\"https:\\\/\\\/canal7slp.tv\\\/2025\\\/voz-y-liderazgo-femenino-marcan-el-4to-congreso-nacional-del-colectivo-501-en-slp\\\/#article\",\"isPartOf\":{\"@id\":\"https:\\\/\\\/canal7slp.tv\\\/2025\\\/voz-y-liderazgo-femenino-marcan-el-4to-congreso-nacional-del-colectivo-501-en-slp\\\/\"},\"author\":{\"name\":\"Edici\u00f3n Web\",\"@id\":\"https:\\\/\\\/canal7slp.tv\\\/2025\\\/#\\\/schema\\\/person\\\/271e2b60a96e7cc9d9ac296f4d7e414b\"},\"headline\":\"Voz y liderazgo femenino marcan el 4to. Congreso Nacional del Colectivo 50+1 en SLP\",\"datePublished\":\"2025-10-10T18:36:21+00:00\",\"mainEntityOfPage\":{\"@id\":\"https:\\\/\\\/canal7slp.tv\\\/2025\\\/voz-y-liderazgo-femenino-marcan-el-4to-congreso-nacional-del-colectivo-501-en-slp\\\/\"},\"wordCount\":566,\"publisher\":{\"@id\":\"https:\\\/\\\/canal7slp.tv\\\/2025\\\/#organization\"},\"image\":{\"@id\":\"https:\\\/\\\/canal7slp.tv\\\/2025\\\/voz-y-liderazgo-femenino-marcan-el-4to-congreso-nacional-del-colectivo-501-en-slp\\\/#primaryimage\"},\"thumbnailUrl\":\"https:\\\/\\\/canal7slp.tv\\\/2025\\\/wp-content\\\/uploads\\\/2025\\\/10\\\/Vazquez0CincuentaPlusOne.jpg\",\"articleSection\":[\"DESTACADAS\",\"LOCALES Y REGIONALES\"],\"inLanguage\":\"es\"},{\"@type\":\"WebPage\",\"@id\":\"https:\\\/\\\/canal7slp.tv\\\/2025\\\/voz-y-liderazgo-femenino-marcan-el-4to-congreso-nacional-del-colectivo-501-en-slp\\\/\",\"url\":\"https:\\\/\\\/canal7slp.tv\\\/2025\\\/voz-y-liderazgo-femenino-marcan-el-4to-congreso-nacional-del-colectivo-501-en-slp\\\/\",\"name\":\"Voz y liderazgo femenino marcan el 4to. Congreso Nacional del Colectivo 50+1 en SLP - Canal 7 SLP - 2025\",\"isPartOf\":{\"@id\":\"https:\\\/\\\/canal7slp.tv\\\/2025\\\/#website\"},\"primaryImageOfPage\":{\"@id\":\"https:\\\/\\\/canal7slp.tv\\\/2025\\\/voz-y-liderazgo-femenino-marcan-el-4to-congreso-nacional-del-colectivo-501-en-slp\\\/#primaryimage\"},\"image\":{\"@id\":\"https:\\\/\\\/canal7slp.tv\\\/2025\\\/voz-y-liderazgo-femenino-marcan-el-4to-congreso-nacional-del-colectivo-501-en-slp\\\/#primaryimage\"},\"thumbnailUrl\":\"https:\\\/\\\/canal7slp.tv\\\/2025\\\/wp-content\\\/uploads\\\/2025\\\/10\\\/Vazquez0CincuentaPlusOne.jpg\",\"datePublished\":\"2025-10-10T18:36:21+00:00\",\"breadcrumb\":{\"@id\":\"https:\\\/\\\/canal7slp.tv\\\/2025\\\/voz-y-liderazgo-femenino-marcan-el-4to-congreso-nacional-del-colectivo-501-en-slp\\\/#breadcrumb\"},\"inLanguage\":\"es\",\"potentialAction\":[{\"@type\":\"ReadAction\",\"target\":[\"https:\\\/\\\/canal7slp.tv\\\/2025\\\/voz-y-liderazgo-femenino-marcan-el-4to-congreso-nacional-del-colectivo-501-en-slp\\\/\"]}]},{\"@type\":\"ImageObject\",\"inLanguage\":\"es\",\"@id\":\"https:\\\/\\\/canal7slp.tv\\\/2025\\\/voz-y-liderazgo-femenino-marcan-el-4to-congreso-nacional-del-colectivo-501-en-slp\\\/#primaryimage\",\"url\":\"https:\\\/\\\/canal7slp.tv\\\/2025\\\/wp-content\\\/uploads\\\/2025\\\/10\\\/Vazquez0CincuentaPlusOne.jpg\",\"contentUrl\":\"https:\\\/\\\/canal7slp.tv\\\/2025\\\/wp-content\\\/uploads\\\/2025\\\/10\\\/Vazquez0CincuentaPlusOne.jpg\",\"width\":1280,\"height\":720},{\"@type\":\"BreadcrumbList\",\"@id\":\"https:\\\/\\\/canal7slp.tv\\\/2025\\\/voz-y-liderazgo-femenino-marcan-el-4to-congreso-nacional-del-colectivo-501-en-slp\\\/#breadcrumb\",\"itemListElement\":[{\"@type\":\"ListItem\",\"position\":1,\"name\":\"Portada\",\"item\":\"https:\\\/\\\/canal7slp.tv\\\/2025\\\/\"},{\"@type\":\"ListItem\",\"position\":2,\"name\":\"Voz y liderazgo femenino marcan el 4to. Congreso Nacional del Colectivo 50+1 en SLP\"}]},{\"@type\":\"WebSite\",\"@id\":\"https:\\\/\\\/canal7slp.tv\\\/2025\\\/#website\",\"url\":\"https:\\\/\\\/canal7slp.tv\\\/2025\\\/\",\"name\":\"N7 - Noticieros Canal 7\",\"description\":\"Somos el Medio\",\"publisher\":{\"@id\":\"https:\\\/\\\/canal7slp.tv\\\/2025\\\/#organization\"},\"potentialAction\":[{\"@type\":\"SearchAction\",\"target\":{\"@type\":\"EntryPoint\",\"urlTemplate\":\"https:\\\/\\\/canal7slp.tv\\\/2025\\\/?s={search_term_string}\"},\"query-input\":{\"@type\":\"PropertyValueSpecification\",\"valueRequired\":true,\"valueName\":\"search_term_string\"}}],\"inLanguage\":\"es\"},{\"@type\":\"Organization\",\"@id\":\"https:\\\/\\\/canal7slp.tv\\\/2025\\\/#organization\",\"name\":\"Noticieros Canal 7\",\"url\":\"https:\\\/\\\/canal7slp.tv\\\/2025\\\/\",\"logo\":{\"@type\":\"ImageObject\",\"inLanguage\":\"es\",\"@id\":\"https:\\\/\\\/canal7slp.tv\\\/2025\\\/#\\\/schema\\\/logo\\\/image\\\/\",\"url\":\"https:\\\/\\\/canal7slp.tv\\\/2025\\\/wp-content\\\/uploads\\\/2021\\\/01\\\/logo-noticieros@2x.png\",\"contentUrl\":\"https:\\\/\\\/canal7slp.tv\\\/2025\\\/wp-content\\\/uploads\\\/2021\\\/01\\\/logo-noticieros@2x.png\",\"width\":1017,\"height\":268,\"caption\":\"Noticieros Canal 7\"},\"image\":{\"@id\":\"https:\\\/\\\/canal7slp.tv\\\/2025\\\/#\\\/schema\\\/logo\\\/image\\\/\"},\"sameAs\":[\"https:\\\/\\\/www.facebook.com\\\/noticieroscanal7atencionciudadana\\\/\",\"https:\\\/\\\/x.com\\\/NOTICIEROS7\",\"https:\\\/\\\/www.instagram.com\\\/canal7_slp\",\"https:\\\/\\\/www.youtube.com\\\/channel\\\/UCliiYs-gP3JfJeqdPrNdd5A\"]},{\"@type\":\"Person\",\"@id\":\"https:\\\/\\\/canal7slp.tv\\\/2025\\\/#\\\/schema\\\/person\\\/271e2b60a96e7cc9d9ac296f4d7e414b\",\"name\":\"Edici\u00f3n Web\",\"image\":{\"@type\":\"ImageObject\",\"inLanguage\":\"es\",\"@id\":\"https:\\\/\\\/secure.gravatar.com\\\/avatar\\\/eee448fc3f7164808013b816ba91ac7e43bbe82a70bebac296f8bc6f0addaa1a?s=96&d=mm&r=g\",\"url\":\"https:\\\/\\\/secure.gravatar.com\\\/avatar\\\/eee448fc3f7164808013b816ba91ac7e43bbe82a70bebac296f8bc6f0addaa1a?s=96&d=mm&r=g\",\"contentUrl\":\"https:\\\/\\\/secure.gravatar.com\\\/avatar\\\/eee448fc3f7164808013b816ba91ac7e43bbe82a70bebac296f8bc6f0addaa1a?s=96&d=mm&r=g\",\"caption\":\"Edici\u00f3n Web\"},\"url\":\"https:\\\/\\\/canal7slp.tv\\\/2025\\\/author\\\/edicionweb\\\/\"}]}<\/script>\n<!-- \/ Yoast SEO plugin. -->","yoast_head_json":{"title":"Voz y liderazgo femenino marcan el 4to. Congreso Nacional del Colectivo 50+1 en SLP - Canal 7 SLP - 2025","robots":{"index":"index","follow":"follow","max-snippet":"max-snippet:-1","max-image-preview":"max-image-preview:large","max-video-preview":"max-video-preview:-1"},"canonical":"https:\/\/canal7slp.tv\/2025\/voz-y-liderazgo-femenino-marcan-el-4to-congreso-nacional-del-colectivo-501-en-slp\/","og_locale":"es_ES","og_type":"article","og_title":"Voz y liderazgo femenino marcan el 4to. Congreso Nacional del Colectivo 50+1 en SLP - Canal 7 SLP - 2025","og_description":"SLP.- El colectivo 50+1 celebra su Cuarto Congreso Nacional en San Luis Potos\u00ed con la participaci\u00f3n de mujeres l\u00edderes de distintos sectores del pa\u00eds. El prop\u00f3sito es reforzar la voz de las mujeres en el \u00e1mbito pol\u00edtico, empresarial y acad\u00e9mico, destacando el papel de las regiones del centro y baj\u00edo en la agenda nacional. La presidenta nacional del colectivo, Claudia Corichi, destac\u00f3 que este encuentro marca una etapa clave para las mujeres mexicanas. \u201cEs un momento hist\u00f3rico porque adem\u00e1s vivimos una etapa muy importante en el pa\u00eds con no solamente respecto a la paridad, sino que estamos en un contexto [&hellip;]","og_url":"https:\/\/canal7slp.tv\/2025\/voz-y-liderazgo-femenino-marcan-el-4to-congreso-nacional-del-colectivo-501-en-slp\/","og_site_name":"Canal 7 SLP - 2025","article_publisher":"https:\/\/www.facebook.com\/noticieroscanal7atencionciudadana\/","article_published_time":"2025-10-10T18:36:21+00:00","og_image":[{"width":1280,"height":720,"url":"https:\/\/canal7slp.tv\/2025\/wp-content\/uploads\/2025\/10\/Vazquez0CincuentaPlusOne.jpg","type":"image\/jpeg"}],"author":"Edici\u00f3n Web","twitter_card":"summary_large_image","twitter_creator":"@NOTICIEROS7","twitter_site":"@NOTICIEROS7","twitter_misc":{"Escrito por":"Edici\u00f3n Web","Tiempo de lectura":"3 minutos"},"schema":{"@context":"https:\/\/schema.org","@graph":[{"@type":"Article","@id":"https:\/\/canal7slp.tv\/2025\/voz-y-liderazgo-femenino-marcan-el-4to-congreso-nacional-del-colectivo-501-en-slp\/#article","isPartOf":{"@id":"https:\/\/canal7slp.tv\/2025\/voz-y-liderazgo-femenino-marcan-el-4to-congreso-nacional-del-colectivo-501-en-slp\/"},"author":{"name":"Edici\u00f3n Web","@id":"https:\/\/canal7slp.tv\/2025\/#\/schema\/person\/271e2b60a96e7cc9d9ac296f4d7e414b"},"headline":"Voz y liderazgo femenino marcan el 4to. Congreso Nacional del Colectivo 50+1 en SLP","datePublished":"2025-10-10T18:36:21+00:00","mainEntityOfPage":{"@id":"https:\/\/canal7slp.tv\/2025\/voz-y-liderazgo-femenino-marcan-el-4to-congreso-nacional-del-colectivo-501-en-slp\/"},"wordCount":566,"publisher":{"@id":"https:\/\/canal7slp.tv\/2025\/#organization"},"image":{"@id":"https:\/\/canal7slp.tv\/2025\/voz-y-liderazgo-femenino-marcan-el-4to-congreso-nacional-del-colectivo-501-en-slp\/#primaryimage"},"thumbnailUrl":"https:\/\/canal7slp.tv\/2025\/wp-content\/uploads\/2025\/10\/Vazquez0CincuentaPlusOne.jpg","articleSection":["DESTACADAS","LOCALES Y REGIONALES"],"inLanguage":"es"},{"@type":"WebPage","@id":"https:\/\/canal7slp.tv\/2025\/voz-y-liderazgo-femenino-marcan-el-4to-congreso-nacional-del-colectivo-501-en-slp\/","url":"https:\/\/canal7slp.tv\/2025\/voz-y-liderazgo-femenino-marcan-el-4to-congreso-nacional-del-colectivo-501-en-slp\/","name":"Voz y liderazgo femenino marcan el 4to. Congreso Nacional del Colectivo 50+1 en SLP - Canal 7 SLP - 2025","isPartOf":{"@id":"https:\/\/canal7slp.tv\/2025\/#website"},"primaryImageOfPage":{"@id":"https:\/\/canal7slp.tv\/2025\/voz-y-liderazgo-femenino-marcan-el-4to-congreso-nacional-del-colectivo-501-en-slp\/#primaryimage"},"image":{"@id":"https:\/\/canal7slp.tv\/2025\/voz-y-liderazgo-femenino-marcan-el-4to-congreso-nacional-del-colectivo-501-en-slp\/#primaryimage"},"thumbnailUrl":"https:\/\/canal7slp.tv\/2025\/wp-content\/uploads\/2025\/10\/Vazquez0CincuentaPlusOne.jpg","datePublished":"2025-10-10T18:36:21+00:00","breadcrumb":{"@id":"https:\/\/canal7slp.tv\/2025\/voz-y-liderazgo-femenino-marcan-el-4to-congreso-nacional-del-colectivo-501-en-slp\/#breadcrumb"},"inLanguage":"es","potentialAction":[{"@type":"ReadAction","target":["https:\/\/canal7slp.tv\/2025\/voz-y-liderazgo-femenino-marcan-el-4to-congreso-nacional-del-colectivo-501-en-slp\/"]}]},{"@type":"ImageObject","inLanguage":"es","@id":"https:\/\/canal7slp.tv\/2025\/voz-y-liderazgo-femenino-marcan-el-4to-congreso-nacional-del-colectivo-501-en-slp\/#primaryimage","url":"https:\/\/canal7slp.tv\/2025\/wp-content\/uploads\/2025\/10\/Vazquez0CincuentaPlusOne.jpg","contentUrl":"https:\/\/canal7slp.tv\/2025\/wp-content\/uploads\/2025\/10\/Vazquez0CincuentaPlusOne.jpg","width":1280,"height":720},{"@type":"BreadcrumbList","@id":"https:\/\/canal7slp.tv\/2025\/voz-y-liderazgo-femenino-marcan-el-4to-congreso-nacional-del-colectivo-501-en-slp\/#breadcrumb","itemListElement":[{"@type":"ListItem","position":1,"name":"Portada","item":"https:\/\/canal7slp.tv\/2025\/"},{"@type":"ListItem","position":2,"name":"Voz y liderazgo femenino marcan el 4to. Congreso Nacional del Colectivo 50+1 en SLP"}]},{"@type":"WebSite","@id":"https:\/\/canal7slp.tv\/2025\/#website","url":"https:\/\/canal7slp.tv\/2025\/","name":"N7 - Noticieros Canal 7","description":"Somos el Medio","publisher":{"@id":"https:\/\/canal7slp.tv\/2025\/#organization"},"potentialAction":[{"@type":"SearchAction","target":{"@type":"EntryPoint","urlTemplate":"https:\/\/canal7slp.tv\/2025\/?s={search_term_string}"},"query-input":{"@type":"PropertyValueSpecification","valueRequired":true,"valueName":"search_term_string"}}],"inLanguage":"es"},{"@type":"Organization","@id":"https:\/\/canal7slp.tv\/2025\/#organization","name":"Noticieros Canal 7","url":"https:\/\/canal7slp.tv\/2025\/","logo":{"@type":"ImageObject","inLanguage":"es","@id":"https:\/\/canal7slp.tv\/2025\/#\/schema\/logo\/image\/","url":"https:\/\/canal7slp.tv\/2025\/wp-content\/uploads\/2021\/01\/logo-noticieros@2x.png","contentUrl":"https:\/\/canal7slp.tv\/2025\/wp-content\/uploads\/2021\/01\/logo-noticieros@2x.png","width":1017,"height":268,"caption":"Noticieros Canal 7"},"image":{"@id":"https:\/\/canal7slp.tv\/2025\/#\/schema\/logo\/image\/"},"sameAs":["https:\/\/www.facebook.com\/noticieroscanal7atencionciudadana\/","https:\/\/x.com\/NOTICIEROS7","https:\/\/www.instagram.com\/canal7_slp","https:\/\/www.youtube.com\/channel\/UCliiYs-gP3JfJeqdPrNdd5A"]},{"@type":"Person","@id":"https:\/\/canal7slp.tv\/2025\/#\/schema\/person\/271e2b60a96e7cc9d9ac296f4d7e414b","name":"Edici\u00f3n Web","image":{"@type":"ImageObject","inLanguage":"es","@id":"https:\/\/secure.gravatar.com\/avatar\/eee448fc3f7164808013b816ba91ac7e43bbe82a70bebac296f8bc6f0addaa1a?s=96&d=mm&r=g","url":"https:\/\/secure.gravatar.com\/avatar\/eee448fc3f7164808013b816ba91ac7e43bbe82a70bebac296f8bc6f0addaa1a?s=96&d=mm&r=g","contentUrl":"https:\/\/secure.gravatar.com\/avatar\/eee448fc3f7164808013b816ba91ac7e43bbe82a70bebac296f8bc6f0addaa1a?s=96&d=mm&r=g","caption":"Edici\u00f3n Web"},"url":"https:\/\/canal7slp.tv\/2025\/author\/edicionweb\/"}]}},"_links":{"self":[{"href":"https:\/\/canal7slp.tv\/2025\/wp-json\/wp\/v2\/posts\/181643","targetHints":{"allow":["GET"]}}],"collection":[{"href":"https:\/\/canal7slp.tv\/2025\/wp-json\/wp\/v2\/posts"}],"about":[{"href":"https:\/\/canal7slp.tv\/2025\/wp-json\/wp\/v2\/types\/post"}],"author":[{"embeddable":true,"href":"https:\/\/canal7slp.tv\/2025\/wp-json\/wp\/v2\/users\/2"}],"replies":[{"embeddable":true,"href":"https:\/\/canal7slp.tv\/2025\/wp-json\/wp\/v2\/comments?post=181643"}],"version-history":[{"count":2,"href":"https:\/\/canal7slp.tv\/2025\/wp-json\/wp\/v2\/posts\/181643\/revisions"}],"predecessor-version":[{"id":181668,"href":"https:\/\/canal7slp.tv\/2025\/wp-json\/wp\/v2\/posts\/181643\/revisions\/181668"}],"wp:featuredmedia":[{"embeddable":true,"href":"https:\/\/canal7slp.tv\/2025\/wp-json\/wp\/v2\/media\/181659"}],"wp:attachment":[{"href":"https:\/\/canal7slp.tv\/2025\/wp-json\/wp\/v2\/media?parent=181643"}],"wp:term":[{"taxonomy":"category","embeddable":true,"href":"https:\/\/canal7slp.tv\/2025\/wp-json\/wp\/v2\/categories?post=181643"},{"taxonomy":"post_tag","embeddable":true,"href":"https:\/\/canal7slp.tv\/2025\/wp-json\/wp\/v2\/tags?post=181643"}],"curies":[{"name":"wp","href":"https:\/\/api.w.org\/{rel}","templated":true}]}}