{"id":181642,"date":"2025-10-10T12:40:23","date_gmt":"2025-10-10T18:40:23","guid":{"rendered":"https:\/\/canal7slp.tv\/2025\/?p=181642"},"modified":"2025-10-10T12:40:23","modified_gmt":"2025-10-10T18:40:23","slug":"parteaguas-desafios-y-carga-simbolica-marcan-el-primer-gobierno-federal-encabezado-por-una-mujer-claudia-corichi","status":"publish","type":"post","link":"https:\/\/canal7slp.tv\/2025\/parteaguas-desafios-y-carga-simbolica-marcan-el-primer-gobierno-federal-encabezado-por-una-mujer-claudia-corichi\/","title":{"rendered":"Parteaguas, desaf\u00edos y carga simb\u00f3lica, marcan el primer gobierno federal encabezado por una mujer: Claudia Corichi"},"content":{"rendered":"<p style=\"text-align: justify;\"><span style=\"font-size: 1.21429rem;\">SLP.- Desde la colectiva 50+1 se reconoci\u00f3 el gobierno de la presidenta, Claudia Sheinbaum, como un parteaguas hist\u00f3rico para las mujeres mexicanas.<\/span><\/p>\n<p style=\"text-align: justify;\">Fue la presidenta nacional, Claudia Corichi, quien habl\u00f3 sobre la carga simb\u00f3lica y los desaf\u00edos a los que se enfrenta en el contexto nacional e internacional.<\/p>\n<p style=\"text-align: justify;\">\u201cHa sido un reto enorme para la presidenta, nuestra primera presidenta mujer, ha estado cargado de simbolismos su presidencia, empezando por el d\u00eda que tom\u00f3 protesta donde dijo que soy presidenta con a, el lenguaje importa porque nombrar a las mujeres es muy importante\u201d, se\u00f1al\u00f3.<\/p>\n<p style=\"text-align: justify;\">Coment\u00f3 que la mandataria ha impulsado una visi\u00f3n incluyente sobre el papel de las mujeres en la vida p\u00fablica, alentando a eliminar prejuicios asociados con la edad y la participaci\u00f3n femenina.<\/p>\n<p style=\"text-align: justify;\">\u201cTenemos que perderle el miedo a decir que hemos cumplido a\u00f1os, dec\u00eda que tenemos que dejar de estigmatizar la palabra viejas y decir que las mujeres con una edad madura realmente tienen que sentirse y ser reconocidas y valiosas\u201d, expres\u00f3.<\/p>\n<p style=\"text-align: justify;\">Tambi\u00e9n destac\u00f3 la capacidad de la presidenta para manejar un escenario internacional adverso, especialmente frente al actual gobierno de Estados Unidos.<\/p>\n<p style=\"text-align: justify;\">\u201cCreo que le ha tocado un reto muy duro, le han tocado tiempos nada f\u00e1ciles, le ha tocado un presidente vecino de la principal potencia de esta regi\u00f3n y de este continente que act\u00faa con una visi\u00f3n que como nosotros decimos: gobierna con un estilo muy machista, muy violento y sin embargo, ha actuado con enormes templos e inteligencia, qu\u00e9 es algo que reconocemos m\u00e1s all\u00e1 de posiciones pol\u00edticas\u00bb, indic\u00f3.<\/p>\n<p style=\"text-align: justify;\">Corichi afirm\u00f3 que la expectativa hacia el actual gobierno es que la sensibilidad y la visi\u00f3n de la presidenta se traduzcan en pol\u00edticas p\u00fablicas efectivas para las mujeres, ni\u00f1as y ni\u00f1os del pa\u00eds.<\/p>\n<p style=\"text-align: justify;\">\u201cAbonamos a su enorme sensibilidad ya que esta sensibilidad se vea reflejada en mejores condiciones de vida para las mujeres y el respeto a los derechos humanos de todas las mujeres y de las ni\u00f1as y ni\u00f1os que hab\u00edan sido durante muchos a\u00f1os los grandes olvidados\u00bb, termin\u00f3.<\/p>\n<p>Por: Jos\u00e9 Luis V\u00e1zquez<\/p>\n","protected":false},"excerpt":{"rendered":"<p>SLP.- Desde la colectiva 50+1 se reconoci\u00f3 el gobierno de la presidenta, Claudia Sheinbaum, como un parteaguas hist\u00f3rico para las mujeres mexicanas. Fue la presidenta nacional, Claudia Corichi, quien habl\u00f3 sobre la carga simb\u00f3lica y los desaf\u00edos a los que se enfrenta en el contexto nacional e internacional. \u201cHa sido un reto enorme para la presidenta, nuestra primera presidenta mujer, ha estado cargado de simbolismos su presidencia, empezando por el d\u00eda que tom\u00f3 protesta donde dijo que soy presidenta con a, el lenguaje importa porque nombrar a las mujeres es muy importante\u201d, se\u00f1al\u00f3. Coment\u00f3 que la mandataria ha impulsado una [&hellip;]<\/p>\n","protected":false},"author":2,"featured_media":181658,"comment_status":"closed","ping_status":"closed","sticky":false,"template":"","format":"video","meta":{"_monsterinsights_skip_tracking":false,"_monsterinsights_sitenote_active":false,"_monsterinsights_sitenote_note":"","_monsterinsights_sitenote_category":0,"footnotes":""},"categories":[5,45],"tags":[],"class_list":["post-181642","post","type-post","status-publish","format-video","has-post-thumbnail","hentry","category-destacadas","category-localesyregionales","post_format-post-format-video","post--single"],"yoast_head":"<!-- This site is optimized with the Yoast SEO plugin v27.4 - https:\/\/yoast.com\/product\/yoast-seo-wordpress\/ -->\n<title>Parteaguas, desaf\u00edos y carga simb\u00f3lica, marcan el primer gobierno federal encabezado por una mujer: Claudia Corichi - Canal 7 SLP - 2025<\/title>\n<meta name=\"robots\" content=\"index, follow, max-snippet:-1, max-image-preview:large, max-video-preview:-1\" \/>\n<link rel=\"canonical\" href=\"https:\/\/canal7slp.tv\/2025\/parteaguas-desafios-y-carga-simbolica-marcan-el-primer-gobierno-federal-encabezado-por-una-mujer-claudia-corichi\/\" \/>\n<meta property=\"og:locale\" content=\"es_ES\" \/>\n<meta property=\"og:type\" content=\"article\" \/>\n<meta property=\"og:title\" content=\"Parteaguas, desaf\u00edos y carga simb\u00f3lica, marcan el primer gobierno federal encabezado por una mujer: Claudia Corichi - Canal 7 SLP - 2025\" \/>\n<meta property=\"og:description\" content=\"SLP.- Desde la colectiva 50+1 se reconoci\u00f3 el gobierno de la presidenta, Claudia Sheinbaum, como un parteaguas hist\u00f3rico para las mujeres mexicanas. Fue la presidenta nacional, Claudia Corichi, quien habl\u00f3 sobre la carga simb\u00f3lica y los desaf\u00edos a los que se enfrenta en el contexto nacional e internacional. \u201cHa sido un reto enorme para la presidenta, nuestra primera presidenta mujer, ha estado cargado de simbolismos su presidencia, empezando por el d\u00eda que tom\u00f3 protesta donde dijo que soy presidenta con a, el lenguaje importa porque nombrar a las mujeres es muy importante\u201d, se\u00f1al\u00f3. Coment\u00f3 que la mandataria ha impulsado una [&hellip;]\" \/>\n<meta property=\"og:url\" content=\"https:\/\/canal7slp.tv\/2025\/parteaguas-desafios-y-carga-simbolica-marcan-el-primer-gobierno-federal-encabezado-por-una-mujer-claudia-corichi\/\" \/>\n<meta property=\"og:site_name\" content=\"Canal 7 SLP - 2025\" \/>\n<meta property=\"article:publisher\" content=\"https:\/\/www.facebook.com\/noticieroscanal7atencionciudadana\/\" \/>\n<meta property=\"article:published_time\" content=\"2025-10-10T18:40:23+00:00\" \/>\n<meta property=\"og:image\" content=\"https:\/\/canal7slp.tv\/2025\/wp-content\/uploads\/2025\/10\/Vazquez0ClaudiaCorichi.jpg\" \/>\n\t<meta property=\"og:image:width\" content=\"1280\" \/>\n\t<meta property=\"og:image:height\" content=\"720\" \/>\n\t<meta property=\"og:image:type\" content=\"image\/jpeg\" \/>\n<meta name=\"author\" content=\"Edici\u00f3n Web\" \/>\n<meta name=\"twitter:card\" content=\"summary_large_image\" \/>\n<meta name=\"twitter:creator\" content=\"@NOTICIEROS7\" \/>\n<meta name=\"twitter:site\" content=\"@NOTICIEROS7\" \/>\n<meta name=\"twitter:label1\" content=\"Escrito por\" \/>\n\t<meta name=\"twitter:data1\" content=\"Edici\u00f3n Web\" \/>\n\t<meta name=\"twitter:label2\" content=\"Tiempo de lectura\" \/>\n\t<meta name=\"twitter:data2\" content=\"2 minutos\" \/>\n<script type=\"application\/ld+json\" class=\"yoast-schema-graph\">{\"@context\":\"https:\\\/\\\/schema.org\",\"@graph\":[{\"@type\":\"Article\",\"@id\":\"https:\\\/\\\/canal7slp.tv\\\/2025\\\/parteaguas-desafios-y-carga-simbolica-marcan-el-primer-gobierno-federal-encabezado-por-una-mujer-claudia-corichi\\\/#article\",\"isPartOf\":{\"@id\":\"https:\\\/\\\/canal7slp.tv\\\/2025\\\/parteaguas-desafios-y-carga-simbolica-marcan-el-primer-gobierno-federal-encabezado-por-una-mujer-claudia-corichi\\\/\"},\"author\":{\"name\":\"Edici\u00f3n Web\",\"@id\":\"https:\\\/\\\/canal7slp.tv\\\/2025\\\/#\\\/schema\\\/person\\\/271e2b60a96e7cc9d9ac296f4d7e414b\"},\"headline\":\"Parteaguas, desaf\u00edos y carga simb\u00f3lica, marcan el primer gobierno federal encabezado por una mujer: Claudia Corichi\",\"datePublished\":\"2025-10-10T18:40:23+00:00\",\"mainEntityOfPage\":{\"@id\":\"https:\\\/\\\/canal7slp.tv\\\/2025\\\/parteaguas-desafios-y-carga-simbolica-marcan-el-primer-gobierno-federal-encabezado-por-una-mujer-claudia-corichi\\\/\"},\"wordCount\":385,\"publisher\":{\"@id\":\"https:\\\/\\\/canal7slp.tv\\\/2025\\\/#organization\"},\"image\":{\"@id\":\"https:\\\/\\\/canal7slp.tv\\\/2025\\\/parteaguas-desafios-y-carga-simbolica-marcan-el-primer-gobierno-federal-encabezado-por-una-mujer-claudia-corichi\\\/#primaryimage\"},\"thumbnailUrl\":\"https:\\\/\\\/canal7slp.tv\\\/2025\\\/wp-content\\\/uploads\\\/2025\\\/10\\\/Vazquez0ClaudiaCorichi.jpg\",\"articleSection\":[\"DESTACADAS\",\"LOCALES Y REGIONALES\"],\"inLanguage\":\"es\"},{\"@type\":\"WebPage\",\"@id\":\"https:\\\/\\\/canal7slp.tv\\\/2025\\\/parteaguas-desafios-y-carga-simbolica-marcan-el-primer-gobierno-federal-encabezado-por-una-mujer-claudia-corichi\\\/\",\"url\":\"https:\\\/\\\/canal7slp.tv\\\/2025\\\/parteaguas-desafios-y-carga-simbolica-marcan-el-primer-gobierno-federal-encabezado-por-una-mujer-claudia-corichi\\\/\",\"name\":\"Parteaguas, desaf\u00edos y carga simb\u00f3lica, marcan el primer gobierno federal encabezado por una mujer: Claudia Corichi - Canal 7 SLP - 2025\",\"isPartOf\":{\"@id\":\"https:\\\/\\\/canal7slp.tv\\\/2025\\\/#website\"},\"primaryImageOfPage\":{\"@id\":\"https:\\\/\\\/canal7slp.tv\\\/2025\\\/parteaguas-desafios-y-carga-simbolica-marcan-el-primer-gobierno-federal-encabezado-por-una-mujer-claudia-corichi\\\/#primaryimage\"},\"image\":{\"@id\":\"https:\\\/\\\/canal7slp.tv\\\/2025\\\/parteaguas-desafios-y-carga-simbolica-marcan-el-primer-gobierno-federal-encabezado-por-una-mujer-claudia-corichi\\\/#primaryimage\"},\"thumbnailUrl\":\"https:\\\/\\\/canal7slp.tv\\\/2025\\\/wp-content\\\/uploads\\\/2025\\\/10\\\/Vazquez0ClaudiaCorichi.jpg\",\"datePublished\":\"2025-10-10T18:40:23+00:00\",\"breadcrumb\":{\"@id\":\"https:\\\/\\\/canal7slp.tv\\\/2025\\\/parteaguas-desafios-y-carga-simbolica-marcan-el-primer-gobierno-federal-encabezado-por-una-mujer-claudia-corichi\\\/#breadcrumb\"},\"inLanguage\":\"es\",\"potentialAction\":[{\"@type\":\"ReadAction\",\"target\":[\"https:\\\/\\\/canal7slp.tv\\\/2025\\\/parteaguas-desafios-y-carga-simbolica-marcan-el-primer-gobierno-federal-encabezado-por-una-mujer-claudia-corichi\\\/\"]}]},{\"@type\":\"ImageObject\",\"inLanguage\":\"es\",\"@id\":\"https:\\\/\\\/canal7slp.tv\\\/2025\\\/parteaguas-desafios-y-carga-simbolica-marcan-el-primer-gobierno-federal-encabezado-por-una-mujer-claudia-corichi\\\/#primaryimage\",\"url\":\"https:\\\/\\\/canal7slp.tv\\\/2025\\\/wp-content\\\/uploads\\\/2025\\\/10\\\/Vazquez0ClaudiaCorichi.jpg\",\"contentUrl\":\"https:\\\/\\\/canal7slp.tv\\\/2025\\\/wp-content\\\/uploads\\\/2025\\\/10\\\/Vazquez0ClaudiaCorichi.jpg\",\"width\":1280,\"height\":720},{\"@type\":\"BreadcrumbList\",\"@id\":\"https:\\\/\\\/canal7slp.tv\\\/2025\\\/parteaguas-desafios-y-carga-simbolica-marcan-el-primer-gobierno-federal-encabezado-por-una-mujer-claudia-corichi\\\/#breadcrumb\",\"itemListElement\":[{\"@type\":\"ListItem\",\"position\":1,\"name\":\"Portada\",\"item\":\"https:\\\/\\\/canal7slp.tv\\\/2025\\\/\"},{\"@type\":\"ListItem\",\"position\":2,\"name\":\"Parteaguas, desaf\u00edos y carga simb\u00f3lica, marcan el primer gobierno federal encabezado por una mujer: Claudia Corichi\"}]},{\"@type\":\"WebSite\",\"@id\":\"https:\\\/\\\/canal7slp.tv\\\/2025\\\/#website\",\"url\":\"https:\\\/\\\/canal7slp.tv\\\/2025\\\/\",\"name\":\"N7 - Noticieros Canal 7\",\"description\":\"Somos el Medio\",\"publisher\":{\"@id\":\"https:\\\/\\\/canal7slp.tv\\\/2025\\\/#organization\"},\"potentialAction\":[{\"@type\":\"SearchAction\",\"target\":{\"@type\":\"EntryPoint\",\"urlTemplate\":\"https:\\\/\\\/canal7slp.tv\\\/2025\\\/?s={search_term_string}\"},\"query-input\":{\"@type\":\"PropertyValueSpecification\",\"valueRequired\":true,\"valueName\":\"search_term_string\"}}],\"inLanguage\":\"es\"},{\"@type\":\"Organization\",\"@id\":\"https:\\\/\\\/canal7slp.tv\\\/2025\\\/#organization\",\"name\":\"Noticieros Canal 7\",\"url\":\"https:\\\/\\\/canal7slp.tv\\\/2025\\\/\",\"logo\":{\"@type\":\"ImageObject\",\"inLanguage\":\"es\",\"@id\":\"https:\\\/\\\/canal7slp.tv\\\/2025\\\/#\\\/schema\\\/logo\\\/image\\\/\",\"url\":\"https:\\\/\\\/canal7slp.tv\\\/2025\\\/wp-content\\\/uploads\\\/2021\\\/01\\\/logo-noticieros@2x.png\",\"contentUrl\":\"https:\\\/\\\/canal7slp.tv\\\/2025\\\/wp-content\\\/uploads\\\/2021\\\/01\\\/logo-noticieros@2x.png\",\"width\":1017,\"height\":268,\"caption\":\"Noticieros Canal 7\"},\"image\":{\"@id\":\"https:\\\/\\\/canal7slp.tv\\\/2025\\\/#\\\/schema\\\/logo\\\/image\\\/\"},\"sameAs\":[\"https:\\\/\\\/www.facebook.com\\\/noticieroscanal7atencionciudadana\\\/\",\"https:\\\/\\\/x.com\\\/NOTICIEROS7\",\"https:\\\/\\\/www.instagram.com\\\/canal7_slp\",\"https:\\\/\\\/www.youtube.com\\\/channel\\\/UCliiYs-gP3JfJeqdPrNdd5A\"]},{\"@type\":\"Person\",\"@id\":\"https:\\\/\\\/canal7slp.tv\\\/2025\\\/#\\\/schema\\\/person\\\/271e2b60a96e7cc9d9ac296f4d7e414b\",\"name\":\"Edici\u00f3n Web\",\"image\":{\"@type\":\"ImageObject\",\"inLanguage\":\"es\",\"@id\":\"https:\\\/\\\/secure.gravatar.com\\\/avatar\\\/eee448fc3f7164808013b816ba91ac7e43bbe82a70bebac296f8bc6f0addaa1a?s=96&d=mm&r=g\",\"url\":\"https:\\\/\\\/secure.gravatar.com\\\/avatar\\\/eee448fc3f7164808013b816ba91ac7e43bbe82a70bebac296f8bc6f0addaa1a?s=96&d=mm&r=g\",\"contentUrl\":\"https:\\\/\\\/secure.gravatar.com\\\/avatar\\\/eee448fc3f7164808013b816ba91ac7e43bbe82a70bebac296f8bc6f0addaa1a?s=96&d=mm&r=g\",\"caption\":\"Edici\u00f3n Web\"},\"url\":\"https:\\\/\\\/canal7slp.tv\\\/2025\\\/author\\\/edicionweb\\\/\"}]}<\/script>\n<!-- \/ Yoast SEO plugin. -->","yoast_head_json":{"title":"Parteaguas, desaf\u00edos y carga simb\u00f3lica, marcan el primer gobierno federal encabezado por una mujer: Claudia Corichi - Canal 7 SLP - 2025","robots":{"index":"index","follow":"follow","max-snippet":"max-snippet:-1","max-image-preview":"max-image-preview:large","max-video-preview":"max-video-preview:-1"},"canonical":"https:\/\/canal7slp.tv\/2025\/parteaguas-desafios-y-carga-simbolica-marcan-el-primer-gobierno-federal-encabezado-por-una-mujer-claudia-corichi\/","og_locale":"es_ES","og_type":"article","og_title":"Parteaguas, desaf\u00edos y carga simb\u00f3lica, marcan el primer gobierno federal encabezado por una mujer: Claudia Corichi - Canal 7 SLP - 2025","og_description":"SLP.- Desde la colectiva 50+1 se reconoci\u00f3 el gobierno de la presidenta, Claudia Sheinbaum, como un parteaguas hist\u00f3rico para las mujeres mexicanas. Fue la presidenta nacional, Claudia Corichi, quien habl\u00f3 sobre la carga simb\u00f3lica y los desaf\u00edos a los que se enfrenta en el contexto nacional e internacional. \u201cHa sido un reto enorme para la presidenta, nuestra primera presidenta mujer, ha estado cargado de simbolismos su presidencia, empezando por el d\u00eda que tom\u00f3 protesta donde dijo que soy presidenta con a, el lenguaje importa porque nombrar a las mujeres es muy importante\u201d, se\u00f1al\u00f3. Coment\u00f3 que la mandataria ha impulsado una [&hellip;]","og_url":"https:\/\/canal7slp.tv\/2025\/parteaguas-desafios-y-carga-simbolica-marcan-el-primer-gobierno-federal-encabezado-por-una-mujer-claudia-corichi\/","og_site_name":"Canal 7 SLP - 2025","article_publisher":"https:\/\/www.facebook.com\/noticieroscanal7atencionciudadana\/","article_published_time":"2025-10-10T18:40:23+00:00","og_image":[{"width":1280,"height":720,"url":"https:\/\/canal7slp.tv\/2025\/wp-content\/uploads\/2025\/10\/Vazquez0ClaudiaCorichi.jpg","type":"image\/jpeg"}],"author":"Edici\u00f3n Web","twitter_card":"summary_large_image","twitter_creator":"@NOTICIEROS7","twitter_site":"@NOTICIEROS7","twitter_misc":{"Escrito por":"Edici\u00f3n Web","Tiempo de lectura":"2 minutos"},"schema":{"@context":"https:\/\/schema.org","@graph":[{"@type":"Article","@id":"https:\/\/canal7slp.tv\/2025\/parteaguas-desafios-y-carga-simbolica-marcan-el-primer-gobierno-federal-encabezado-por-una-mujer-claudia-corichi\/#article","isPartOf":{"@id":"https:\/\/canal7slp.tv\/2025\/parteaguas-desafios-y-carga-simbolica-marcan-el-primer-gobierno-federal-encabezado-por-una-mujer-claudia-corichi\/"},"author":{"name":"Edici\u00f3n Web","@id":"https:\/\/canal7slp.tv\/2025\/#\/schema\/person\/271e2b60a96e7cc9d9ac296f4d7e414b"},"headline":"Parteaguas, desaf\u00edos y carga simb\u00f3lica, marcan el primer gobierno federal encabezado por una mujer: Claudia Corichi","datePublished":"2025-10-10T18:40:23+00:00","mainEntityOfPage":{"@id":"https:\/\/canal7slp.tv\/2025\/parteaguas-desafios-y-carga-simbolica-marcan-el-primer-gobierno-federal-encabezado-por-una-mujer-claudia-corichi\/"},"wordCount":385,"publisher":{"@id":"https:\/\/canal7slp.tv\/2025\/#organization"},"image":{"@id":"https:\/\/canal7slp.tv\/2025\/parteaguas-desafios-y-carga-simbolica-marcan-el-primer-gobierno-federal-encabezado-por-una-mujer-claudia-corichi\/#primaryimage"},"thumbnailUrl":"https:\/\/canal7slp.tv\/2025\/wp-content\/uploads\/2025\/10\/Vazquez0ClaudiaCorichi.jpg","articleSection":["DESTACADAS","LOCALES Y REGIONALES"],"inLanguage":"es"},{"@type":"WebPage","@id":"https:\/\/canal7slp.tv\/2025\/parteaguas-desafios-y-carga-simbolica-marcan-el-primer-gobierno-federal-encabezado-por-una-mujer-claudia-corichi\/","url":"https:\/\/canal7slp.tv\/2025\/parteaguas-desafios-y-carga-simbolica-marcan-el-primer-gobierno-federal-encabezado-por-una-mujer-claudia-corichi\/","name":"Parteaguas, desaf\u00edos y carga simb\u00f3lica, marcan el primer gobierno federal encabezado por una mujer: Claudia Corichi - Canal 7 SLP - 2025","isPartOf":{"@id":"https:\/\/canal7slp.tv\/2025\/#website"},"primaryImageOfPage":{"@id":"https:\/\/canal7slp.tv\/2025\/parteaguas-desafios-y-carga-simbolica-marcan-el-primer-gobierno-federal-encabezado-por-una-mujer-claudia-corichi\/#primaryimage"},"image":{"@id":"https:\/\/canal7slp.tv\/2025\/parteaguas-desafios-y-carga-simbolica-marcan-el-primer-gobierno-federal-encabezado-por-una-mujer-claudia-corichi\/#primaryimage"},"thumbnailUrl":"https:\/\/canal7slp.tv\/2025\/wp-content\/uploads\/2025\/10\/Vazquez0ClaudiaCorichi.jpg","datePublished":"2025-10-10T18:40:23+00:00","breadcrumb":{"@id":"https:\/\/canal7slp.tv\/2025\/parteaguas-desafios-y-carga-simbolica-marcan-el-primer-gobierno-federal-encabezado-por-una-mujer-claudia-corichi\/#breadcrumb"},"inLanguage":"es","potentialAction":[{"@type":"ReadAction","target":["https:\/\/canal7slp.tv\/2025\/parteaguas-desafios-y-carga-simbolica-marcan-el-primer-gobierno-federal-encabezado-por-una-mujer-claudia-corichi\/"]}]},{"@type":"ImageObject","inLanguage":"es","@id":"https:\/\/canal7slp.tv\/2025\/parteaguas-desafios-y-carga-simbolica-marcan-el-primer-gobierno-federal-encabezado-por-una-mujer-claudia-corichi\/#primaryimage","url":"https:\/\/canal7slp.tv\/2025\/wp-content\/uploads\/2025\/10\/Vazquez0ClaudiaCorichi.jpg","contentUrl":"https:\/\/canal7slp.tv\/2025\/wp-content\/uploads\/2025\/10\/Vazquez0ClaudiaCorichi.jpg","width":1280,"height":720},{"@type":"BreadcrumbList","@id":"https:\/\/canal7slp.tv\/2025\/parteaguas-desafios-y-carga-simbolica-marcan-el-primer-gobierno-federal-encabezado-por-una-mujer-claudia-corichi\/#breadcrumb","itemListElement":[{"@type":"ListItem","position":1,"name":"Portada","item":"https:\/\/canal7slp.tv\/2025\/"},{"@type":"ListItem","position":2,"name":"Parteaguas, desaf\u00edos y carga simb\u00f3lica, marcan el primer gobierno federal encabezado por una mujer: Claudia Corichi"}]},{"@type":"WebSite","@id":"https:\/\/canal7slp.tv\/2025\/#website","url":"https:\/\/canal7slp.tv\/2025\/","name":"N7 - Noticieros Canal 7","description":"Somos el Medio","publisher":{"@id":"https:\/\/canal7slp.tv\/2025\/#organization"},"potentialAction":[{"@type":"SearchAction","target":{"@type":"EntryPoint","urlTemplate":"https:\/\/canal7slp.tv\/2025\/?s={search_term_string}"},"query-input":{"@type":"PropertyValueSpecification","valueRequired":true,"valueName":"search_term_string"}}],"inLanguage":"es"},{"@type":"Organization","@id":"https:\/\/canal7slp.tv\/2025\/#organization","name":"Noticieros Canal 7","url":"https:\/\/canal7slp.tv\/2025\/","logo":{"@type":"ImageObject","inLanguage":"es","@id":"https:\/\/canal7slp.tv\/2025\/#\/schema\/logo\/image\/","url":"https:\/\/canal7slp.tv\/2025\/wp-content\/uploads\/2021\/01\/logo-noticieros@2x.png","contentUrl":"https:\/\/canal7slp.tv\/2025\/wp-content\/uploads\/2021\/01\/logo-noticieros@2x.png","width":1017,"height":268,"caption":"Noticieros Canal 7"},"image":{"@id":"https:\/\/canal7slp.tv\/2025\/#\/schema\/logo\/image\/"},"sameAs":["https:\/\/www.facebook.com\/noticieroscanal7atencionciudadana\/","https:\/\/x.com\/NOTICIEROS7","https:\/\/www.instagram.com\/canal7_slp","https:\/\/www.youtube.com\/channel\/UCliiYs-gP3JfJeqdPrNdd5A"]},{"@type":"Person","@id":"https:\/\/canal7slp.tv\/2025\/#\/schema\/person\/271e2b60a96e7cc9d9ac296f4d7e414b","name":"Edici\u00f3n Web","image":{"@type":"ImageObject","inLanguage":"es","@id":"https:\/\/secure.gravatar.com\/avatar\/eee448fc3f7164808013b816ba91ac7e43bbe82a70bebac296f8bc6f0addaa1a?s=96&d=mm&r=g","url":"https:\/\/secure.gravatar.com\/avatar\/eee448fc3f7164808013b816ba91ac7e43bbe82a70bebac296f8bc6f0addaa1a?s=96&d=mm&r=g","contentUrl":"https:\/\/secure.gravatar.com\/avatar\/eee448fc3f7164808013b816ba91ac7e43bbe82a70bebac296f8bc6f0addaa1a?s=96&d=mm&r=g","caption":"Edici\u00f3n Web"},"url":"https:\/\/canal7slp.tv\/2025\/author\/edicionweb\/"}]}},"_links":{"self":[{"href":"https:\/\/canal7slp.tv\/2025\/wp-json\/wp\/v2\/posts\/181642","targetHints":{"allow":["GET"]}}],"collection":[{"href":"https:\/\/canal7slp.tv\/2025\/wp-json\/wp\/v2\/posts"}],"about":[{"href":"https:\/\/canal7slp.tv\/2025\/wp-json\/wp\/v2\/types\/post"}],"author":[{"embeddable":true,"href":"https:\/\/canal7slp.tv\/2025\/wp-json\/wp\/v2\/users\/2"}],"replies":[{"embeddable":true,"href":"https:\/\/canal7slp.tv\/2025\/wp-json\/wp\/v2\/comments?post=181642"}],"version-history":[{"count":2,"href":"https:\/\/canal7slp.tv\/2025\/wp-json\/wp\/v2\/posts\/181642\/revisions"}],"predecessor-version":[{"id":181669,"href":"https:\/\/canal7slp.tv\/2025\/wp-json\/wp\/v2\/posts\/181642\/revisions\/181669"}],"wp:featuredmedia":[{"embeddable":true,"href":"https:\/\/canal7slp.tv\/2025\/wp-json\/wp\/v2\/media\/181658"}],"wp:attachment":[{"href":"https:\/\/canal7slp.tv\/2025\/wp-json\/wp\/v2\/media?parent=181642"}],"wp:term":[{"taxonomy":"category","embeddable":true,"href":"https:\/\/canal7slp.tv\/2025\/wp-json\/wp\/v2\/categories?post=181642"},{"taxonomy":"post_tag","embeddable":true,"href":"https:\/\/canal7slp.tv\/2025\/wp-json\/wp\/v2\/tags?post=181642"}],"curies":[{"name":"wp","href":"https:\/\/api.w.org\/{rel}","templated":true}]}}