{"id":181641,"date":"2025-10-10T12:42:36","date_gmt":"2025-10-10T18:42:36","guid":{"rendered":"https:\/\/canal7slp.tv\/2025\/?p=181641"},"modified":"2025-10-10T12:42:36","modified_gmt":"2025-10-10T18:42:36","slug":"slp-clave-en-la-expansion-electrica-y-energetica-nacional-rocio-abreu","status":"publish","type":"post","link":"https:\/\/canal7slp.tv\/2025\/slp-clave-en-la-expansion-electrica-y-energetica-nacional-rocio-abreu\/","title":{"rendered":"SLP, clave en la expansi\u00f3n el\u00e9ctrica y energ\u00e9tica nacional: Roc\u00edo Abreu"},"content":{"rendered":"<p style=\"text-align: justify;\"><span style=\"font-size: 1.21429rem;\">SLP.- San Luis Potos\u00ed destaca a nivel nacional por la relevancia de los proyectos energ\u00e9ticos que actualmente se desarrollan en el pa\u00eds.<\/span><\/p>\n<p style=\"text-align: justify;\">As\u00ed lo mencion\u00f3 la diputada federal Roc\u00edo Abreu, presidenta de la Comisi\u00f3n de Energ\u00eda, quien destac\u00f3 que por primera vez en dos siglos una mujer encabeza dicha comisi\u00f3n legislativa.<\/p>\n<p style=\"text-align: justify;\">Afirm\u00f3 que la entidad potosina representa una zona estrat\u00e9gica por su vocaci\u00f3n industrial y el crecimiento de sus parques productivos, lo que ha generado la necesidad de ampliar la infraestructura el\u00e9ctrica.<\/p>\n<p style=\"text-align: justify;\">\u201cSan Luis Potos\u00ed por ejemplo es sumamente un tema importante que tambi\u00e9n estamos platicando y trabajando&#8230;; en el tema de infraestructura, porque tienen una vocaci\u00f3n de parques industriales, de generaci\u00f3n, mucho de ello significa ampliaci\u00f3n, sobre todo lo que nosotros llamamos como ticket de viabilidad el\u00e9ctrica para tu estado.\u201d<\/p>\n<p style=\"text-align: justify;\">Abreu explic\u00f3 que desde la comisi\u00f3n se impulsan proyectos de energ\u00eda limpia con iniciativas que buscan mejorar la calidad del suministro el\u00e9ctrico y fomentar el uso de energ\u00edas renovables en comunidades y hogares.<\/p>\n<p style=\"text-align: justify;\">\u201cEstamos trabajando tambi\u00e9n en cuestiones que tienen que ver con los programas sociales como paneles del bienestar, qu\u00e9 es un tema que precisamente la doctora Claudia Sheinbaum, lo est\u00e1 trabajando a nivel nacional y lo m\u00e1s importante es la cuesti\u00f3n de calidad de electricidad para los ciudadanos\u00bb, detall\u00f3.<\/p>\n<p style=\"text-align: justify;\">La diputada puntualiz\u00f3 que el crecimiento urbano y tecnol\u00f3gico de las ciudades requiere una planeaci\u00f3n energ\u00e9tica de largo plazo, ante el aumento de la demanda derivado de la digitalizaci\u00f3n.<\/p>\n<p style=\"text-align: justify;\">\u201cTenemos que emplear y ustedes lo saben, las ciudades antes iban creciendo y ahora con el tema de la data del internet se han multiplicado, tenemos, por ejemplo, en Quer\u00e9taro, la entrada de un centro data y bueno significar\u00eda la generaci\u00f3n o el consumo de un peque\u00f1o estado dentro del propio Quer\u00e9taro\u00bb, explic\u00f3.<\/p>\n<p style=\"text-align: justify;\">De esa manera se mencion\u00f3 la importancia de la coordinaci\u00f3n interinstitucional y la presencia de representantes de distintos sectores en la planeaci\u00f3n energ\u00e9tica nacional, con el fin de garantizar que los proyectos lleguen a todas las regiones.<\/p>\n<p style=\"text-align: justify;\">Por \u00faltimo, indic\u00f3 que los proyectos de ampliaci\u00f3n el\u00e9ctrica y de viabilidad energ\u00e9tica en San Luis Potos\u00ed forman parte de una agenda nacional que busca fortalecer la infraestructura industrial, mejorar el acceso a la energ\u00eda y asegurar un crecimiento sostenible.<\/p>\n<p>Por: Jos\u00e9 Luis V\u00e1zquez<\/p>\n","protected":false},"excerpt":{"rendered":"<p>SLP.- San Luis Potos\u00ed destaca a nivel nacional por la relevancia de los proyectos energ\u00e9ticos que actualmente se desarrollan en el pa\u00eds. As\u00ed lo mencion\u00f3 la diputada federal Roc\u00edo Abreu, presidenta de la Comisi\u00f3n de Energ\u00eda, quien destac\u00f3 que por primera vez en dos siglos una mujer encabeza dicha comisi\u00f3n legislativa. Afirm\u00f3 que la entidad potosina representa una zona estrat\u00e9gica por su vocaci\u00f3n industrial y el crecimiento de sus parques productivos, lo que ha generado la necesidad de ampliar la infraestructura el\u00e9ctrica. \u201cSan Luis Potos\u00ed por ejemplo es sumamente un tema importante que tambi\u00e9n estamos platicando y trabajando&#8230;; en el [&hellip;]<\/p>\n","protected":false},"author":2,"featured_media":181657,"comment_status":"closed","ping_status":"closed","sticky":false,"template":"","format":"video","meta":{"_monsterinsights_skip_tracking":false,"_monsterinsights_sitenote_active":false,"_monsterinsights_sitenote_note":"","_monsterinsights_sitenote_category":0,"footnotes":""},"categories":[5,45],"tags":[],"class_list":["post-181641","post","type-post","status-publish","format-video","has-post-thumbnail","hentry","category-destacadas","category-localesyregionales","post_format-post-format-video","post--single"],"yoast_head":"<!-- This site is optimized with the Yoast SEO plugin v27.4 - https:\/\/yoast.com\/product\/yoast-seo-wordpress\/ -->\n<title>SLP, clave en la expansi\u00f3n el\u00e9ctrica y energ\u00e9tica nacional: Roc\u00edo Abreu - Canal 7 SLP - 2025<\/title>\n<meta name=\"robots\" content=\"index, follow, max-snippet:-1, max-image-preview:large, max-video-preview:-1\" \/>\n<link rel=\"canonical\" href=\"https:\/\/canal7slp.tv\/2025\/slp-clave-en-la-expansion-electrica-y-energetica-nacional-rocio-abreu\/\" \/>\n<meta property=\"og:locale\" content=\"es_ES\" \/>\n<meta property=\"og:type\" content=\"article\" \/>\n<meta property=\"og:title\" content=\"SLP, clave en la expansi\u00f3n el\u00e9ctrica y energ\u00e9tica nacional: Roc\u00edo Abreu - Canal 7 SLP - 2025\" \/>\n<meta property=\"og:description\" content=\"SLP.- San Luis Potos\u00ed destaca a nivel nacional por la relevancia de los proyectos energ\u00e9ticos que actualmente se desarrollan en el pa\u00eds. As\u00ed lo mencion\u00f3 la diputada federal Roc\u00edo Abreu, presidenta de la Comisi\u00f3n de Energ\u00eda, quien destac\u00f3 que por primera vez en dos siglos una mujer encabeza dicha comisi\u00f3n legislativa. Afirm\u00f3 que la entidad potosina representa una zona estrat\u00e9gica por su vocaci\u00f3n industrial y el crecimiento de sus parques productivos, lo que ha generado la necesidad de ampliar la infraestructura el\u00e9ctrica. \u201cSan Luis Potos\u00ed por ejemplo es sumamente un tema importante que tambi\u00e9n estamos platicando y trabajando&#8230;; en el [&hellip;]\" \/>\n<meta property=\"og:url\" content=\"https:\/\/canal7slp.tv\/2025\/slp-clave-en-la-expansion-electrica-y-energetica-nacional-rocio-abreu\/\" \/>\n<meta property=\"og:site_name\" content=\"Canal 7 SLP - 2025\" \/>\n<meta property=\"article:publisher\" content=\"https:\/\/www.facebook.com\/noticieroscanal7atencionciudadana\/\" \/>\n<meta property=\"article:published_time\" content=\"2025-10-10T18:42:36+00:00\" \/>\n<meta property=\"og:image\" content=\"https:\/\/canal7slp.tv\/2025\/wp-content\/uploads\/2025\/10\/Vazquez0RocioAbreu.jpg\" \/>\n\t<meta property=\"og:image:width\" content=\"1280\" \/>\n\t<meta property=\"og:image:height\" content=\"720\" \/>\n\t<meta property=\"og:image:type\" content=\"image\/jpeg\" \/>\n<meta name=\"author\" content=\"Edici\u00f3n Web\" \/>\n<meta name=\"twitter:card\" content=\"summary_large_image\" \/>\n<meta name=\"twitter:creator\" content=\"@NOTICIEROS7\" \/>\n<meta name=\"twitter:site\" content=\"@NOTICIEROS7\" \/>\n<meta name=\"twitter:label1\" content=\"Escrito por\" \/>\n\t<meta name=\"twitter:data1\" content=\"Edici\u00f3n Web\" \/>\n\t<meta name=\"twitter:label2\" content=\"Tiempo de lectura\" \/>\n\t<meta name=\"twitter:data2\" content=\"2 minutos\" \/>\n<script type=\"application\/ld+json\" class=\"yoast-schema-graph\">{\"@context\":\"https:\\\/\\\/schema.org\",\"@graph\":[{\"@type\":\"Article\",\"@id\":\"https:\\\/\\\/canal7slp.tv\\\/2025\\\/slp-clave-en-la-expansion-electrica-y-energetica-nacional-rocio-abreu\\\/#article\",\"isPartOf\":{\"@id\":\"https:\\\/\\\/canal7slp.tv\\\/2025\\\/slp-clave-en-la-expansion-electrica-y-energetica-nacional-rocio-abreu\\\/\"},\"author\":{\"name\":\"Edici\u00f3n Web\",\"@id\":\"https:\\\/\\\/canal7slp.tv\\\/2025\\\/#\\\/schema\\\/person\\\/271e2b60a96e7cc9d9ac296f4d7e414b\"},\"headline\":\"SLP, clave en la expansi\u00f3n el\u00e9ctrica y energ\u00e9tica nacional: Roc\u00edo Abreu\",\"datePublished\":\"2025-10-10T18:42:36+00:00\",\"mainEntityOfPage\":{\"@id\":\"https:\\\/\\\/canal7slp.tv\\\/2025\\\/slp-clave-en-la-expansion-electrica-y-energetica-nacional-rocio-abreu\\\/\"},\"wordCount\":429,\"publisher\":{\"@id\":\"https:\\\/\\\/canal7slp.tv\\\/2025\\\/#organization\"},\"image\":{\"@id\":\"https:\\\/\\\/canal7slp.tv\\\/2025\\\/slp-clave-en-la-expansion-electrica-y-energetica-nacional-rocio-abreu\\\/#primaryimage\"},\"thumbnailUrl\":\"https:\\\/\\\/canal7slp.tv\\\/2025\\\/wp-content\\\/uploads\\\/2025\\\/10\\\/Vazquez0RocioAbreu.jpg\",\"articleSection\":[\"DESTACADAS\",\"LOCALES Y REGIONALES\"],\"inLanguage\":\"es\"},{\"@type\":\"WebPage\",\"@id\":\"https:\\\/\\\/canal7slp.tv\\\/2025\\\/slp-clave-en-la-expansion-electrica-y-energetica-nacional-rocio-abreu\\\/\",\"url\":\"https:\\\/\\\/canal7slp.tv\\\/2025\\\/slp-clave-en-la-expansion-electrica-y-energetica-nacional-rocio-abreu\\\/\",\"name\":\"SLP, clave en la expansi\u00f3n el\u00e9ctrica y energ\u00e9tica nacional: Roc\u00edo Abreu - Canal 7 SLP - 2025\",\"isPartOf\":{\"@id\":\"https:\\\/\\\/canal7slp.tv\\\/2025\\\/#website\"},\"primaryImageOfPage\":{\"@id\":\"https:\\\/\\\/canal7slp.tv\\\/2025\\\/slp-clave-en-la-expansion-electrica-y-energetica-nacional-rocio-abreu\\\/#primaryimage\"},\"image\":{\"@id\":\"https:\\\/\\\/canal7slp.tv\\\/2025\\\/slp-clave-en-la-expansion-electrica-y-energetica-nacional-rocio-abreu\\\/#primaryimage\"},\"thumbnailUrl\":\"https:\\\/\\\/canal7slp.tv\\\/2025\\\/wp-content\\\/uploads\\\/2025\\\/10\\\/Vazquez0RocioAbreu.jpg\",\"datePublished\":\"2025-10-10T18:42:36+00:00\",\"breadcrumb\":{\"@id\":\"https:\\\/\\\/canal7slp.tv\\\/2025\\\/slp-clave-en-la-expansion-electrica-y-energetica-nacional-rocio-abreu\\\/#breadcrumb\"},\"inLanguage\":\"es\",\"potentialAction\":[{\"@type\":\"ReadAction\",\"target\":[\"https:\\\/\\\/canal7slp.tv\\\/2025\\\/slp-clave-en-la-expansion-electrica-y-energetica-nacional-rocio-abreu\\\/\"]}]},{\"@type\":\"ImageObject\",\"inLanguage\":\"es\",\"@id\":\"https:\\\/\\\/canal7slp.tv\\\/2025\\\/slp-clave-en-la-expansion-electrica-y-energetica-nacional-rocio-abreu\\\/#primaryimage\",\"url\":\"https:\\\/\\\/canal7slp.tv\\\/2025\\\/wp-content\\\/uploads\\\/2025\\\/10\\\/Vazquez0RocioAbreu.jpg\",\"contentUrl\":\"https:\\\/\\\/canal7slp.tv\\\/2025\\\/wp-content\\\/uploads\\\/2025\\\/10\\\/Vazquez0RocioAbreu.jpg\",\"width\":1280,\"height\":720},{\"@type\":\"BreadcrumbList\",\"@id\":\"https:\\\/\\\/canal7slp.tv\\\/2025\\\/slp-clave-en-la-expansion-electrica-y-energetica-nacional-rocio-abreu\\\/#breadcrumb\",\"itemListElement\":[{\"@type\":\"ListItem\",\"position\":1,\"name\":\"Portada\",\"item\":\"https:\\\/\\\/canal7slp.tv\\\/2025\\\/\"},{\"@type\":\"ListItem\",\"position\":2,\"name\":\"SLP, clave en la expansi\u00f3n el\u00e9ctrica y energ\u00e9tica nacional: Roc\u00edo Abreu\"}]},{\"@type\":\"WebSite\",\"@id\":\"https:\\\/\\\/canal7slp.tv\\\/2025\\\/#website\",\"url\":\"https:\\\/\\\/canal7slp.tv\\\/2025\\\/\",\"name\":\"N7 - Noticieros Canal 7\",\"description\":\"Somos el Medio\",\"publisher\":{\"@id\":\"https:\\\/\\\/canal7slp.tv\\\/2025\\\/#organization\"},\"potentialAction\":[{\"@type\":\"SearchAction\",\"target\":{\"@type\":\"EntryPoint\",\"urlTemplate\":\"https:\\\/\\\/canal7slp.tv\\\/2025\\\/?s={search_term_string}\"},\"query-input\":{\"@type\":\"PropertyValueSpecification\",\"valueRequired\":true,\"valueName\":\"search_term_string\"}}],\"inLanguage\":\"es\"},{\"@type\":\"Organization\",\"@id\":\"https:\\\/\\\/canal7slp.tv\\\/2025\\\/#organization\",\"name\":\"Noticieros Canal 7\",\"url\":\"https:\\\/\\\/canal7slp.tv\\\/2025\\\/\",\"logo\":{\"@type\":\"ImageObject\",\"inLanguage\":\"es\",\"@id\":\"https:\\\/\\\/canal7slp.tv\\\/2025\\\/#\\\/schema\\\/logo\\\/image\\\/\",\"url\":\"https:\\\/\\\/canal7slp.tv\\\/2025\\\/wp-content\\\/uploads\\\/2021\\\/01\\\/logo-noticieros@2x.png\",\"contentUrl\":\"https:\\\/\\\/canal7slp.tv\\\/2025\\\/wp-content\\\/uploads\\\/2021\\\/01\\\/logo-noticieros@2x.png\",\"width\":1017,\"height\":268,\"caption\":\"Noticieros Canal 7\"},\"image\":{\"@id\":\"https:\\\/\\\/canal7slp.tv\\\/2025\\\/#\\\/schema\\\/logo\\\/image\\\/\"},\"sameAs\":[\"https:\\\/\\\/www.facebook.com\\\/noticieroscanal7atencionciudadana\\\/\",\"https:\\\/\\\/x.com\\\/NOTICIEROS7\",\"https:\\\/\\\/www.instagram.com\\\/canal7_slp\",\"https:\\\/\\\/www.youtube.com\\\/channel\\\/UCliiYs-gP3JfJeqdPrNdd5A\"]},{\"@type\":\"Person\",\"@id\":\"https:\\\/\\\/canal7slp.tv\\\/2025\\\/#\\\/schema\\\/person\\\/271e2b60a96e7cc9d9ac296f4d7e414b\",\"name\":\"Edici\u00f3n Web\",\"image\":{\"@type\":\"ImageObject\",\"inLanguage\":\"es\",\"@id\":\"https:\\\/\\\/secure.gravatar.com\\\/avatar\\\/eee448fc3f7164808013b816ba91ac7e43bbe82a70bebac296f8bc6f0addaa1a?s=96&d=mm&r=g\",\"url\":\"https:\\\/\\\/secure.gravatar.com\\\/avatar\\\/eee448fc3f7164808013b816ba91ac7e43bbe82a70bebac296f8bc6f0addaa1a?s=96&d=mm&r=g\",\"contentUrl\":\"https:\\\/\\\/secure.gravatar.com\\\/avatar\\\/eee448fc3f7164808013b816ba91ac7e43bbe82a70bebac296f8bc6f0addaa1a?s=96&d=mm&r=g\",\"caption\":\"Edici\u00f3n Web\"},\"url\":\"https:\\\/\\\/canal7slp.tv\\\/2025\\\/author\\\/edicionweb\\\/\"}]}<\/script>\n<!-- \/ Yoast SEO plugin. -->","yoast_head_json":{"title":"SLP, clave en la expansi\u00f3n el\u00e9ctrica y energ\u00e9tica nacional: Roc\u00edo Abreu - Canal 7 SLP - 2025","robots":{"index":"index","follow":"follow","max-snippet":"max-snippet:-1","max-image-preview":"max-image-preview:large","max-video-preview":"max-video-preview:-1"},"canonical":"https:\/\/canal7slp.tv\/2025\/slp-clave-en-la-expansion-electrica-y-energetica-nacional-rocio-abreu\/","og_locale":"es_ES","og_type":"article","og_title":"SLP, clave en la expansi\u00f3n el\u00e9ctrica y energ\u00e9tica nacional: Roc\u00edo Abreu - Canal 7 SLP - 2025","og_description":"SLP.- San Luis Potos\u00ed destaca a nivel nacional por la relevancia de los proyectos energ\u00e9ticos que actualmente se desarrollan en el pa\u00eds. As\u00ed lo mencion\u00f3 la diputada federal Roc\u00edo Abreu, presidenta de la Comisi\u00f3n de Energ\u00eda, quien destac\u00f3 que por primera vez en dos siglos una mujer encabeza dicha comisi\u00f3n legislativa. Afirm\u00f3 que la entidad potosina representa una zona estrat\u00e9gica por su vocaci\u00f3n industrial y el crecimiento de sus parques productivos, lo que ha generado la necesidad de ampliar la infraestructura el\u00e9ctrica. \u201cSan Luis Potos\u00ed por ejemplo es sumamente un tema importante que tambi\u00e9n estamos platicando y trabajando&#8230;; en el [&hellip;]","og_url":"https:\/\/canal7slp.tv\/2025\/slp-clave-en-la-expansion-electrica-y-energetica-nacional-rocio-abreu\/","og_site_name":"Canal 7 SLP - 2025","article_publisher":"https:\/\/www.facebook.com\/noticieroscanal7atencionciudadana\/","article_published_time":"2025-10-10T18:42:36+00:00","og_image":[{"width":1280,"height":720,"url":"https:\/\/canal7slp.tv\/2025\/wp-content\/uploads\/2025\/10\/Vazquez0RocioAbreu.jpg","type":"image\/jpeg"}],"author":"Edici\u00f3n Web","twitter_card":"summary_large_image","twitter_creator":"@NOTICIEROS7","twitter_site":"@NOTICIEROS7","twitter_misc":{"Escrito por":"Edici\u00f3n Web","Tiempo de lectura":"2 minutos"},"schema":{"@context":"https:\/\/schema.org","@graph":[{"@type":"Article","@id":"https:\/\/canal7slp.tv\/2025\/slp-clave-en-la-expansion-electrica-y-energetica-nacional-rocio-abreu\/#article","isPartOf":{"@id":"https:\/\/canal7slp.tv\/2025\/slp-clave-en-la-expansion-electrica-y-energetica-nacional-rocio-abreu\/"},"author":{"name":"Edici\u00f3n Web","@id":"https:\/\/canal7slp.tv\/2025\/#\/schema\/person\/271e2b60a96e7cc9d9ac296f4d7e414b"},"headline":"SLP, clave en la expansi\u00f3n el\u00e9ctrica y energ\u00e9tica nacional: Roc\u00edo Abreu","datePublished":"2025-10-10T18:42:36+00:00","mainEntityOfPage":{"@id":"https:\/\/canal7slp.tv\/2025\/slp-clave-en-la-expansion-electrica-y-energetica-nacional-rocio-abreu\/"},"wordCount":429,"publisher":{"@id":"https:\/\/canal7slp.tv\/2025\/#organization"},"image":{"@id":"https:\/\/canal7slp.tv\/2025\/slp-clave-en-la-expansion-electrica-y-energetica-nacional-rocio-abreu\/#primaryimage"},"thumbnailUrl":"https:\/\/canal7slp.tv\/2025\/wp-content\/uploads\/2025\/10\/Vazquez0RocioAbreu.jpg","articleSection":["DESTACADAS","LOCALES Y REGIONALES"],"inLanguage":"es"},{"@type":"WebPage","@id":"https:\/\/canal7slp.tv\/2025\/slp-clave-en-la-expansion-electrica-y-energetica-nacional-rocio-abreu\/","url":"https:\/\/canal7slp.tv\/2025\/slp-clave-en-la-expansion-electrica-y-energetica-nacional-rocio-abreu\/","name":"SLP, clave en la expansi\u00f3n el\u00e9ctrica y energ\u00e9tica nacional: Roc\u00edo Abreu - Canal 7 SLP - 2025","isPartOf":{"@id":"https:\/\/canal7slp.tv\/2025\/#website"},"primaryImageOfPage":{"@id":"https:\/\/canal7slp.tv\/2025\/slp-clave-en-la-expansion-electrica-y-energetica-nacional-rocio-abreu\/#primaryimage"},"image":{"@id":"https:\/\/canal7slp.tv\/2025\/slp-clave-en-la-expansion-electrica-y-energetica-nacional-rocio-abreu\/#primaryimage"},"thumbnailUrl":"https:\/\/canal7slp.tv\/2025\/wp-content\/uploads\/2025\/10\/Vazquez0RocioAbreu.jpg","datePublished":"2025-10-10T18:42:36+00:00","breadcrumb":{"@id":"https:\/\/canal7slp.tv\/2025\/slp-clave-en-la-expansion-electrica-y-energetica-nacional-rocio-abreu\/#breadcrumb"},"inLanguage":"es","potentialAction":[{"@type":"ReadAction","target":["https:\/\/canal7slp.tv\/2025\/slp-clave-en-la-expansion-electrica-y-energetica-nacional-rocio-abreu\/"]}]},{"@type":"ImageObject","inLanguage":"es","@id":"https:\/\/canal7slp.tv\/2025\/slp-clave-en-la-expansion-electrica-y-energetica-nacional-rocio-abreu\/#primaryimage","url":"https:\/\/canal7slp.tv\/2025\/wp-content\/uploads\/2025\/10\/Vazquez0RocioAbreu.jpg","contentUrl":"https:\/\/canal7slp.tv\/2025\/wp-content\/uploads\/2025\/10\/Vazquez0RocioAbreu.jpg","width":1280,"height":720},{"@type":"BreadcrumbList","@id":"https:\/\/canal7slp.tv\/2025\/slp-clave-en-la-expansion-electrica-y-energetica-nacional-rocio-abreu\/#breadcrumb","itemListElement":[{"@type":"ListItem","position":1,"name":"Portada","item":"https:\/\/canal7slp.tv\/2025\/"},{"@type":"ListItem","position":2,"name":"SLP, clave en la expansi\u00f3n el\u00e9ctrica y energ\u00e9tica nacional: Roc\u00edo Abreu"}]},{"@type":"WebSite","@id":"https:\/\/canal7slp.tv\/2025\/#website","url":"https:\/\/canal7slp.tv\/2025\/","name":"N7 - Noticieros Canal 7","description":"Somos el Medio","publisher":{"@id":"https:\/\/canal7slp.tv\/2025\/#organization"},"potentialAction":[{"@type":"SearchAction","target":{"@type":"EntryPoint","urlTemplate":"https:\/\/canal7slp.tv\/2025\/?s={search_term_string}"},"query-input":{"@type":"PropertyValueSpecification","valueRequired":true,"valueName":"search_term_string"}}],"inLanguage":"es"},{"@type":"Organization","@id":"https:\/\/canal7slp.tv\/2025\/#organization","name":"Noticieros Canal 7","url":"https:\/\/canal7slp.tv\/2025\/","logo":{"@type":"ImageObject","inLanguage":"es","@id":"https:\/\/canal7slp.tv\/2025\/#\/schema\/logo\/image\/","url":"https:\/\/canal7slp.tv\/2025\/wp-content\/uploads\/2021\/01\/logo-noticieros@2x.png","contentUrl":"https:\/\/canal7slp.tv\/2025\/wp-content\/uploads\/2021\/01\/logo-noticieros@2x.png","width":1017,"height":268,"caption":"Noticieros Canal 7"},"image":{"@id":"https:\/\/canal7slp.tv\/2025\/#\/schema\/logo\/image\/"},"sameAs":["https:\/\/www.facebook.com\/noticieroscanal7atencionciudadana\/","https:\/\/x.com\/NOTICIEROS7","https:\/\/www.instagram.com\/canal7_slp","https:\/\/www.youtube.com\/channel\/UCliiYs-gP3JfJeqdPrNdd5A"]},{"@type":"Person","@id":"https:\/\/canal7slp.tv\/2025\/#\/schema\/person\/271e2b60a96e7cc9d9ac296f4d7e414b","name":"Edici\u00f3n Web","image":{"@type":"ImageObject","inLanguage":"es","@id":"https:\/\/secure.gravatar.com\/avatar\/eee448fc3f7164808013b816ba91ac7e43bbe82a70bebac296f8bc6f0addaa1a?s=96&d=mm&r=g","url":"https:\/\/secure.gravatar.com\/avatar\/eee448fc3f7164808013b816ba91ac7e43bbe82a70bebac296f8bc6f0addaa1a?s=96&d=mm&r=g","contentUrl":"https:\/\/secure.gravatar.com\/avatar\/eee448fc3f7164808013b816ba91ac7e43bbe82a70bebac296f8bc6f0addaa1a?s=96&d=mm&r=g","caption":"Edici\u00f3n Web"},"url":"https:\/\/canal7slp.tv\/2025\/author\/edicionweb\/"}]}},"_links":{"self":[{"href":"https:\/\/canal7slp.tv\/2025\/wp-json\/wp\/v2\/posts\/181641","targetHints":{"allow":["GET"]}}],"collection":[{"href":"https:\/\/canal7slp.tv\/2025\/wp-json\/wp\/v2\/posts"}],"about":[{"href":"https:\/\/canal7slp.tv\/2025\/wp-json\/wp\/v2\/types\/post"}],"author":[{"embeddable":true,"href":"https:\/\/canal7slp.tv\/2025\/wp-json\/wp\/v2\/users\/2"}],"replies":[{"embeddable":true,"href":"https:\/\/canal7slp.tv\/2025\/wp-json\/wp\/v2\/comments?post=181641"}],"version-history":[{"count":2,"href":"https:\/\/canal7slp.tv\/2025\/wp-json\/wp\/v2\/posts\/181641\/revisions"}],"predecessor-version":[{"id":181670,"href":"https:\/\/canal7slp.tv\/2025\/wp-json\/wp\/v2\/posts\/181641\/revisions\/181670"}],"wp:featuredmedia":[{"embeddable":true,"href":"https:\/\/canal7slp.tv\/2025\/wp-json\/wp\/v2\/media\/181657"}],"wp:attachment":[{"href":"https:\/\/canal7slp.tv\/2025\/wp-json\/wp\/v2\/media?parent=181641"}],"wp:term":[{"taxonomy":"category","embeddable":true,"href":"https:\/\/canal7slp.tv\/2025\/wp-json\/wp\/v2\/categories?post=181641"},{"taxonomy":"post_tag","embeddable":true,"href":"https:\/\/canal7slp.tv\/2025\/wp-json\/wp\/v2\/tags?post=181641"}],"curies":[{"name":"wp","href":"https:\/\/api.w.org\/{rel}","templated":true}]}}