{"id":181632,"date":"2025-10-10T12:33:50","date_gmt":"2025-10-10T18:33:50","guid":{"rendered":"https:\/\/canal7slp.tv\/2025\/?p=181632"},"modified":"2025-10-10T12:33:50","modified_gmt":"2025-10-10T18:33:50","slug":"inaugura-integrame-down-exposicion-en-brama-casa-de-decoracion","status":"publish","type":"post","link":"https:\/\/canal7slp.tv\/2025\/inaugura-integrame-down-exposicion-en-brama-casa-de-decoracion\/","title":{"rendered":"Inaugura Int\u00e9grame Down exposici\u00f3n en Brama Casa de Decoraci\u00f3n"},"content":{"rendered":"<ul>\n<li>Sinergia entre el arte y la inclusi\u00f3n fomenta creatividad e independencia econ\u00f3mica.<\/li>\n<\/ul>\n<p style=\"text-align: justify;\">SLP.- J\u00f3venes que forman parte de la asociaci\u00f3n civil Int\u00e9grame Down expusieron sus pinturas en \u201cbrama, casa de decoraci\u00f3n\u201d con grandes resultados pues se foment\u00f3 la integraci\u00f3n y el poder generar un recurso econ\u00f3mico para los artistas.<\/p>\n<p style=\"text-align: justify;\">El empresario y due\u00f1o de \u201cbrama\u201d, Luis Alberto Mahbub Tamez, habl\u00f3 sobre la oportunidad de ser solidario con causas que mezclan el arte y la inclusi\u00f3n.<\/p>\n<p style=\"text-align: justify;\">\u201cLo que buscamos es fomentar el tema de la creatividad para ellos entonces les estaos prestando el espacio (\u2026) y lo que buscamos es que ellos vendan los cuadros, se motiven en eso y el dinero va literalmente para ellos\u201d.<\/p>\n<p style=\"text-align: justify;\">Acept\u00f3 que la poblaci\u00f3n minimiza causas y que es preferible apoyar a grupos que en ocasiones son pasados por alto.<\/p>\n<p style=\"text-align: justify;\">\u201cCreemos que el espacio se prestaba para esto (\u2026) o sea, siempre nos gust\u00f3 m\u00e1s bien el tema de apoyar a las personas y si se puede pues aqu\u00ed con gusto prestamos el espacio\u201d.<\/p>\n<p style=\"text-align: justify;\">El socio comercial de \u201cbrama\u201d, Lizandro Bravo, reiter\u00f3 que parte importante de la visi\u00f3n es dar oportunidades a nuevos artistas.<\/p>\n<p style=\"text-align: justify;\">\u201cCreemos mucho en la creatividad, entonces as\u00ed quisimos platicar con Int\u00e9grame Down porque sabemos que hay mucho talento en la asociaci\u00f3n y queremos tambi\u00e9n exponer el talento de los ni\u00f1os y adultos que tiene la sociedad y muchos tienen muy buen talento, entonces lo queremos dar a conocer aqu\u00ed a San Luis\u201d.<\/p>\n<p style=\"text-align: justify;\">Silvia Rodr\u00edguez Sol\u00eds, maestra de taller de expresi\u00f3n art\u00edstica de Int\u00e9grame Down, destac\u00f3 el proceso creativo de los j\u00f3venes.<\/p>\n<p style=\"text-align: justify;\">\u201cSi pues los chavos regularmente traen alguna imagen de inspiraci\u00f3n y a partir de esa imagen es como empiezan a crear, hay algunos que no traen imagen y ellos llegan y al color directo (\u2026) los procesos son muy distintos, cada uno tiene su propio ritmo y la t\u00e9cnica que presentamos en esta ocasi\u00f3n es acr\u00edlico sobre tela\u201d.<\/p>\n<p style=\"text-align: justify;\">Marissa Gonz\u00e1lez Duque, director de Int\u00e9grame Down A.C., ahond\u00f3 en el trabajo de los artistas.<\/p>\n<p style=\"text-align: justify;\">\u201cSon 20 j\u00f3venes que trabajan en un taller de arte que es tres veces a la semana como parte de su formaci\u00f3n integral en la asociaci\u00f3n (\u2026) este taller tiene aproximadamente seis a\u00f1os donde trabajamos en un inicio fue como parte de su terapia, una manera de expresar lo que ellos siente, sus emociones\u201d.<\/p>\n<p style=\"text-align: justify;\">Se presentaron 32 obras de 19 alumnos de Int\u00e9grame Down en \u201cbrama, casa de dise\u00f1o\u201d y se espera que a la brevedad se tenga una segunda muestra.<\/p>\n<p>Por: Juan Carlos Contreras<\/p>\n","protected":false},"excerpt":{"rendered":"<p>Sinergia entre el arte y la inclusi\u00f3n fomenta creatividad e independencia econ\u00f3mica. SLP.- J\u00f3venes que forman parte de la asociaci\u00f3n civil Int\u00e9grame Down expusieron sus pinturas en \u201cbrama, casa de decoraci\u00f3n\u201d con grandes resultados pues se foment\u00f3 la integraci\u00f3n y el poder generar un recurso econ\u00f3mico para los artistas. El empresario y due\u00f1o de \u201cbrama\u201d, Luis Alberto Mahbub Tamez, habl\u00f3 sobre la oportunidad de ser solidario con causas que mezclan el arte y la inclusi\u00f3n. \u201cLo que buscamos es fomentar el tema de la creatividad para ellos entonces les estaos prestando el espacio (\u2026) y lo que buscamos es que [&hellip;]<\/p>\n","protected":false},"author":2,"featured_media":181655,"comment_status":"closed","ping_status":"closed","sticky":false,"template":"","format":"video","meta":{"_monsterinsights_skip_tracking":false,"_monsterinsights_sitenote_active":false,"_monsterinsights_sitenote_note":"","_monsterinsights_sitenote_category":0,"footnotes":""},"categories":[5,45],"tags":[],"class_list":["post-181632","post","type-post","status-publish","format-video","has-post-thumbnail","hentry","category-destacadas","category-localesyregionales","post_format-post-format-video","post--single"],"yoast_head":"<!-- This site is optimized with the Yoast SEO plugin v27.4 - https:\/\/yoast.com\/product\/yoast-seo-wordpress\/ -->\n<title>Inaugura Int\u00e9grame Down exposici\u00f3n en Brama Casa de Decoraci\u00f3n - Canal 7 SLP - 2025<\/title>\n<meta name=\"robots\" content=\"index, follow, max-snippet:-1, max-image-preview:large, max-video-preview:-1\" \/>\n<link rel=\"canonical\" href=\"https:\/\/canal7slp.tv\/2025\/inaugura-integrame-down-exposicion-en-brama-casa-de-decoracion\/\" \/>\n<meta property=\"og:locale\" content=\"es_ES\" \/>\n<meta property=\"og:type\" content=\"article\" \/>\n<meta property=\"og:title\" content=\"Inaugura Int\u00e9grame Down exposici\u00f3n en Brama Casa de Decoraci\u00f3n - Canal 7 SLP - 2025\" \/>\n<meta property=\"og:description\" content=\"Sinergia entre el arte y la inclusi\u00f3n fomenta creatividad e independencia econ\u00f3mica. SLP.- J\u00f3venes que forman parte de la asociaci\u00f3n civil Int\u00e9grame Down expusieron sus pinturas en \u201cbrama, casa de decoraci\u00f3n\u201d con grandes resultados pues se foment\u00f3 la integraci\u00f3n y el poder generar un recurso econ\u00f3mico para los artistas. El empresario y due\u00f1o de \u201cbrama\u201d, Luis Alberto Mahbub Tamez, habl\u00f3 sobre la oportunidad de ser solidario con causas que mezclan el arte y la inclusi\u00f3n. \u201cLo que buscamos es fomentar el tema de la creatividad para ellos entonces les estaos prestando el espacio (\u2026) y lo que buscamos es que [&hellip;]\" \/>\n<meta property=\"og:url\" content=\"https:\/\/canal7slp.tv\/2025\/inaugura-integrame-down-exposicion-en-brama-casa-de-decoracion\/\" \/>\n<meta property=\"og:site_name\" content=\"Canal 7 SLP - 2025\" \/>\n<meta property=\"article:publisher\" content=\"https:\/\/www.facebook.com\/noticieroscanal7atencionciudadana\/\" \/>\n<meta property=\"article:published_time\" content=\"2025-10-10T18:33:50+00:00\" \/>\n<meta property=\"og:image\" content=\"https:\/\/canal7slp.tv\/2025\/wp-content\/uploads\/2025\/10\/Poky0Brama.jpg\" \/>\n\t<meta property=\"og:image:width\" content=\"1280\" \/>\n\t<meta property=\"og:image:height\" content=\"720\" \/>\n\t<meta property=\"og:image:type\" content=\"image\/jpeg\" \/>\n<meta name=\"author\" content=\"Edici\u00f3n Web\" \/>\n<meta name=\"twitter:card\" content=\"summary_large_image\" \/>\n<meta name=\"twitter:creator\" content=\"@NOTICIEROS7\" \/>\n<meta name=\"twitter:site\" content=\"@NOTICIEROS7\" \/>\n<meta name=\"twitter:label1\" content=\"Escrito por\" \/>\n\t<meta name=\"twitter:data1\" content=\"Edici\u00f3n Web\" \/>\n\t<meta name=\"twitter:label2\" content=\"Tiempo de lectura\" \/>\n\t<meta name=\"twitter:data2\" content=\"3 minutos\" \/>\n<script type=\"application\/ld+json\" class=\"yoast-schema-graph\">{\"@context\":\"https:\\\/\\\/schema.org\",\"@graph\":[{\"@type\":\"Article\",\"@id\":\"https:\\\/\\\/canal7slp.tv\\\/2025\\\/inaugura-integrame-down-exposicion-en-brama-casa-de-decoracion\\\/#article\",\"isPartOf\":{\"@id\":\"https:\\\/\\\/canal7slp.tv\\\/2025\\\/inaugura-integrame-down-exposicion-en-brama-casa-de-decoracion\\\/\"},\"author\":{\"name\":\"Edici\u00f3n Web\",\"@id\":\"https:\\\/\\\/canal7slp.tv\\\/2025\\\/#\\\/schema\\\/person\\\/271e2b60a96e7cc9d9ac296f4d7e414b\"},\"headline\":\"Inaugura Int\u00e9grame Down exposici\u00f3n en Brama Casa de Decoraci\u00f3n\",\"datePublished\":\"2025-10-10T18:33:50+00:00\",\"mainEntityOfPage\":{\"@id\":\"https:\\\/\\\/canal7slp.tv\\\/2025\\\/inaugura-integrame-down-exposicion-en-brama-casa-de-decoracion\\\/\"},\"wordCount\":460,\"publisher\":{\"@id\":\"https:\\\/\\\/canal7slp.tv\\\/2025\\\/#organization\"},\"image\":{\"@id\":\"https:\\\/\\\/canal7slp.tv\\\/2025\\\/inaugura-integrame-down-exposicion-en-brama-casa-de-decoracion\\\/#primaryimage\"},\"thumbnailUrl\":\"https:\\\/\\\/canal7slp.tv\\\/2025\\\/wp-content\\\/uploads\\\/2025\\\/10\\\/Poky0Brama.jpg\",\"articleSection\":[\"DESTACADAS\",\"LOCALES Y REGIONALES\"],\"inLanguage\":\"es\"},{\"@type\":\"WebPage\",\"@id\":\"https:\\\/\\\/canal7slp.tv\\\/2025\\\/inaugura-integrame-down-exposicion-en-brama-casa-de-decoracion\\\/\",\"url\":\"https:\\\/\\\/canal7slp.tv\\\/2025\\\/inaugura-integrame-down-exposicion-en-brama-casa-de-decoracion\\\/\",\"name\":\"Inaugura Int\u00e9grame Down exposici\u00f3n en Brama Casa de Decoraci\u00f3n - Canal 7 SLP - 2025\",\"isPartOf\":{\"@id\":\"https:\\\/\\\/canal7slp.tv\\\/2025\\\/#website\"},\"primaryImageOfPage\":{\"@id\":\"https:\\\/\\\/canal7slp.tv\\\/2025\\\/inaugura-integrame-down-exposicion-en-brama-casa-de-decoracion\\\/#primaryimage\"},\"image\":{\"@id\":\"https:\\\/\\\/canal7slp.tv\\\/2025\\\/inaugura-integrame-down-exposicion-en-brama-casa-de-decoracion\\\/#primaryimage\"},\"thumbnailUrl\":\"https:\\\/\\\/canal7slp.tv\\\/2025\\\/wp-content\\\/uploads\\\/2025\\\/10\\\/Poky0Brama.jpg\",\"datePublished\":\"2025-10-10T18:33:50+00:00\",\"breadcrumb\":{\"@id\":\"https:\\\/\\\/canal7slp.tv\\\/2025\\\/inaugura-integrame-down-exposicion-en-brama-casa-de-decoracion\\\/#breadcrumb\"},\"inLanguage\":\"es\",\"potentialAction\":[{\"@type\":\"ReadAction\",\"target\":[\"https:\\\/\\\/canal7slp.tv\\\/2025\\\/inaugura-integrame-down-exposicion-en-brama-casa-de-decoracion\\\/\"]}]},{\"@type\":\"ImageObject\",\"inLanguage\":\"es\",\"@id\":\"https:\\\/\\\/canal7slp.tv\\\/2025\\\/inaugura-integrame-down-exposicion-en-brama-casa-de-decoracion\\\/#primaryimage\",\"url\":\"https:\\\/\\\/canal7slp.tv\\\/2025\\\/wp-content\\\/uploads\\\/2025\\\/10\\\/Poky0Brama.jpg\",\"contentUrl\":\"https:\\\/\\\/canal7slp.tv\\\/2025\\\/wp-content\\\/uploads\\\/2025\\\/10\\\/Poky0Brama.jpg\",\"width\":1280,\"height\":720},{\"@type\":\"BreadcrumbList\",\"@id\":\"https:\\\/\\\/canal7slp.tv\\\/2025\\\/inaugura-integrame-down-exposicion-en-brama-casa-de-decoracion\\\/#breadcrumb\",\"itemListElement\":[{\"@type\":\"ListItem\",\"position\":1,\"name\":\"Portada\",\"item\":\"https:\\\/\\\/canal7slp.tv\\\/2025\\\/\"},{\"@type\":\"ListItem\",\"position\":2,\"name\":\"Inaugura Int\u00e9grame Down exposici\u00f3n en Brama Casa de Decoraci\u00f3n\"}]},{\"@type\":\"WebSite\",\"@id\":\"https:\\\/\\\/canal7slp.tv\\\/2025\\\/#website\",\"url\":\"https:\\\/\\\/canal7slp.tv\\\/2025\\\/\",\"name\":\"N7 - Noticieros Canal 7\",\"description\":\"Somos el Medio\",\"publisher\":{\"@id\":\"https:\\\/\\\/canal7slp.tv\\\/2025\\\/#organization\"},\"potentialAction\":[{\"@type\":\"SearchAction\",\"target\":{\"@type\":\"EntryPoint\",\"urlTemplate\":\"https:\\\/\\\/canal7slp.tv\\\/2025\\\/?s={search_term_string}\"},\"query-input\":{\"@type\":\"PropertyValueSpecification\",\"valueRequired\":true,\"valueName\":\"search_term_string\"}}],\"inLanguage\":\"es\"},{\"@type\":\"Organization\",\"@id\":\"https:\\\/\\\/canal7slp.tv\\\/2025\\\/#organization\",\"name\":\"Noticieros Canal 7\",\"url\":\"https:\\\/\\\/canal7slp.tv\\\/2025\\\/\",\"logo\":{\"@type\":\"ImageObject\",\"inLanguage\":\"es\",\"@id\":\"https:\\\/\\\/canal7slp.tv\\\/2025\\\/#\\\/schema\\\/logo\\\/image\\\/\",\"url\":\"https:\\\/\\\/canal7slp.tv\\\/2025\\\/wp-content\\\/uploads\\\/2021\\\/01\\\/logo-noticieros@2x.png\",\"contentUrl\":\"https:\\\/\\\/canal7slp.tv\\\/2025\\\/wp-content\\\/uploads\\\/2021\\\/01\\\/logo-noticieros@2x.png\",\"width\":1017,\"height\":268,\"caption\":\"Noticieros Canal 7\"},\"image\":{\"@id\":\"https:\\\/\\\/canal7slp.tv\\\/2025\\\/#\\\/schema\\\/logo\\\/image\\\/\"},\"sameAs\":[\"https:\\\/\\\/www.facebook.com\\\/noticieroscanal7atencionciudadana\\\/\",\"https:\\\/\\\/x.com\\\/NOTICIEROS7\",\"https:\\\/\\\/www.instagram.com\\\/canal7_slp\",\"https:\\\/\\\/www.youtube.com\\\/channel\\\/UCliiYs-gP3JfJeqdPrNdd5A\"]},{\"@type\":\"Person\",\"@id\":\"https:\\\/\\\/canal7slp.tv\\\/2025\\\/#\\\/schema\\\/person\\\/271e2b60a96e7cc9d9ac296f4d7e414b\",\"name\":\"Edici\u00f3n Web\",\"image\":{\"@type\":\"ImageObject\",\"inLanguage\":\"es\",\"@id\":\"https:\\\/\\\/secure.gravatar.com\\\/avatar\\\/eee448fc3f7164808013b816ba91ac7e43bbe82a70bebac296f8bc6f0addaa1a?s=96&d=mm&r=g\",\"url\":\"https:\\\/\\\/secure.gravatar.com\\\/avatar\\\/eee448fc3f7164808013b816ba91ac7e43bbe82a70bebac296f8bc6f0addaa1a?s=96&d=mm&r=g\",\"contentUrl\":\"https:\\\/\\\/secure.gravatar.com\\\/avatar\\\/eee448fc3f7164808013b816ba91ac7e43bbe82a70bebac296f8bc6f0addaa1a?s=96&d=mm&r=g\",\"caption\":\"Edici\u00f3n Web\"},\"url\":\"https:\\\/\\\/canal7slp.tv\\\/2025\\\/author\\\/edicionweb\\\/\"}]}<\/script>\n<!-- \/ Yoast SEO plugin. -->","yoast_head_json":{"title":"Inaugura Int\u00e9grame Down exposici\u00f3n en Brama Casa de Decoraci\u00f3n - Canal 7 SLP - 2025","robots":{"index":"index","follow":"follow","max-snippet":"max-snippet:-1","max-image-preview":"max-image-preview:large","max-video-preview":"max-video-preview:-1"},"canonical":"https:\/\/canal7slp.tv\/2025\/inaugura-integrame-down-exposicion-en-brama-casa-de-decoracion\/","og_locale":"es_ES","og_type":"article","og_title":"Inaugura Int\u00e9grame Down exposici\u00f3n en Brama Casa de Decoraci\u00f3n - Canal 7 SLP - 2025","og_description":"Sinergia entre el arte y la inclusi\u00f3n fomenta creatividad e independencia econ\u00f3mica. SLP.- J\u00f3venes que forman parte de la asociaci\u00f3n civil Int\u00e9grame Down expusieron sus pinturas en \u201cbrama, casa de decoraci\u00f3n\u201d con grandes resultados pues se foment\u00f3 la integraci\u00f3n y el poder generar un recurso econ\u00f3mico para los artistas. El empresario y due\u00f1o de \u201cbrama\u201d, Luis Alberto Mahbub Tamez, habl\u00f3 sobre la oportunidad de ser solidario con causas que mezclan el arte y la inclusi\u00f3n. \u201cLo que buscamos es fomentar el tema de la creatividad para ellos entonces les estaos prestando el espacio (\u2026) y lo que buscamos es que [&hellip;]","og_url":"https:\/\/canal7slp.tv\/2025\/inaugura-integrame-down-exposicion-en-brama-casa-de-decoracion\/","og_site_name":"Canal 7 SLP - 2025","article_publisher":"https:\/\/www.facebook.com\/noticieroscanal7atencionciudadana\/","article_published_time":"2025-10-10T18:33:50+00:00","og_image":[{"width":1280,"height":720,"url":"https:\/\/canal7slp.tv\/2025\/wp-content\/uploads\/2025\/10\/Poky0Brama.jpg","type":"image\/jpeg"}],"author":"Edici\u00f3n Web","twitter_card":"summary_large_image","twitter_creator":"@NOTICIEROS7","twitter_site":"@NOTICIEROS7","twitter_misc":{"Escrito por":"Edici\u00f3n Web","Tiempo de lectura":"3 minutos"},"schema":{"@context":"https:\/\/schema.org","@graph":[{"@type":"Article","@id":"https:\/\/canal7slp.tv\/2025\/inaugura-integrame-down-exposicion-en-brama-casa-de-decoracion\/#article","isPartOf":{"@id":"https:\/\/canal7slp.tv\/2025\/inaugura-integrame-down-exposicion-en-brama-casa-de-decoracion\/"},"author":{"name":"Edici\u00f3n Web","@id":"https:\/\/canal7slp.tv\/2025\/#\/schema\/person\/271e2b60a96e7cc9d9ac296f4d7e414b"},"headline":"Inaugura Int\u00e9grame Down exposici\u00f3n en Brama Casa de Decoraci\u00f3n","datePublished":"2025-10-10T18:33:50+00:00","mainEntityOfPage":{"@id":"https:\/\/canal7slp.tv\/2025\/inaugura-integrame-down-exposicion-en-brama-casa-de-decoracion\/"},"wordCount":460,"publisher":{"@id":"https:\/\/canal7slp.tv\/2025\/#organization"},"image":{"@id":"https:\/\/canal7slp.tv\/2025\/inaugura-integrame-down-exposicion-en-brama-casa-de-decoracion\/#primaryimage"},"thumbnailUrl":"https:\/\/canal7slp.tv\/2025\/wp-content\/uploads\/2025\/10\/Poky0Brama.jpg","articleSection":["DESTACADAS","LOCALES Y REGIONALES"],"inLanguage":"es"},{"@type":"WebPage","@id":"https:\/\/canal7slp.tv\/2025\/inaugura-integrame-down-exposicion-en-brama-casa-de-decoracion\/","url":"https:\/\/canal7slp.tv\/2025\/inaugura-integrame-down-exposicion-en-brama-casa-de-decoracion\/","name":"Inaugura Int\u00e9grame Down exposici\u00f3n en Brama Casa de Decoraci\u00f3n - Canal 7 SLP - 2025","isPartOf":{"@id":"https:\/\/canal7slp.tv\/2025\/#website"},"primaryImageOfPage":{"@id":"https:\/\/canal7slp.tv\/2025\/inaugura-integrame-down-exposicion-en-brama-casa-de-decoracion\/#primaryimage"},"image":{"@id":"https:\/\/canal7slp.tv\/2025\/inaugura-integrame-down-exposicion-en-brama-casa-de-decoracion\/#primaryimage"},"thumbnailUrl":"https:\/\/canal7slp.tv\/2025\/wp-content\/uploads\/2025\/10\/Poky0Brama.jpg","datePublished":"2025-10-10T18:33:50+00:00","breadcrumb":{"@id":"https:\/\/canal7slp.tv\/2025\/inaugura-integrame-down-exposicion-en-brama-casa-de-decoracion\/#breadcrumb"},"inLanguage":"es","potentialAction":[{"@type":"ReadAction","target":["https:\/\/canal7slp.tv\/2025\/inaugura-integrame-down-exposicion-en-brama-casa-de-decoracion\/"]}]},{"@type":"ImageObject","inLanguage":"es","@id":"https:\/\/canal7slp.tv\/2025\/inaugura-integrame-down-exposicion-en-brama-casa-de-decoracion\/#primaryimage","url":"https:\/\/canal7slp.tv\/2025\/wp-content\/uploads\/2025\/10\/Poky0Brama.jpg","contentUrl":"https:\/\/canal7slp.tv\/2025\/wp-content\/uploads\/2025\/10\/Poky0Brama.jpg","width":1280,"height":720},{"@type":"BreadcrumbList","@id":"https:\/\/canal7slp.tv\/2025\/inaugura-integrame-down-exposicion-en-brama-casa-de-decoracion\/#breadcrumb","itemListElement":[{"@type":"ListItem","position":1,"name":"Portada","item":"https:\/\/canal7slp.tv\/2025\/"},{"@type":"ListItem","position":2,"name":"Inaugura Int\u00e9grame Down exposici\u00f3n en Brama Casa de Decoraci\u00f3n"}]},{"@type":"WebSite","@id":"https:\/\/canal7slp.tv\/2025\/#website","url":"https:\/\/canal7slp.tv\/2025\/","name":"N7 - Noticieros Canal 7","description":"Somos el Medio","publisher":{"@id":"https:\/\/canal7slp.tv\/2025\/#organization"},"potentialAction":[{"@type":"SearchAction","target":{"@type":"EntryPoint","urlTemplate":"https:\/\/canal7slp.tv\/2025\/?s={search_term_string}"},"query-input":{"@type":"PropertyValueSpecification","valueRequired":true,"valueName":"search_term_string"}}],"inLanguage":"es"},{"@type":"Organization","@id":"https:\/\/canal7slp.tv\/2025\/#organization","name":"Noticieros Canal 7","url":"https:\/\/canal7slp.tv\/2025\/","logo":{"@type":"ImageObject","inLanguage":"es","@id":"https:\/\/canal7slp.tv\/2025\/#\/schema\/logo\/image\/","url":"https:\/\/canal7slp.tv\/2025\/wp-content\/uploads\/2021\/01\/logo-noticieros@2x.png","contentUrl":"https:\/\/canal7slp.tv\/2025\/wp-content\/uploads\/2021\/01\/logo-noticieros@2x.png","width":1017,"height":268,"caption":"Noticieros Canal 7"},"image":{"@id":"https:\/\/canal7slp.tv\/2025\/#\/schema\/logo\/image\/"},"sameAs":["https:\/\/www.facebook.com\/noticieroscanal7atencionciudadana\/","https:\/\/x.com\/NOTICIEROS7","https:\/\/www.instagram.com\/canal7_slp","https:\/\/www.youtube.com\/channel\/UCliiYs-gP3JfJeqdPrNdd5A"]},{"@type":"Person","@id":"https:\/\/canal7slp.tv\/2025\/#\/schema\/person\/271e2b60a96e7cc9d9ac296f4d7e414b","name":"Edici\u00f3n Web","image":{"@type":"ImageObject","inLanguage":"es","@id":"https:\/\/secure.gravatar.com\/avatar\/eee448fc3f7164808013b816ba91ac7e43bbe82a70bebac296f8bc6f0addaa1a?s=96&d=mm&r=g","url":"https:\/\/secure.gravatar.com\/avatar\/eee448fc3f7164808013b816ba91ac7e43bbe82a70bebac296f8bc6f0addaa1a?s=96&d=mm&r=g","contentUrl":"https:\/\/secure.gravatar.com\/avatar\/eee448fc3f7164808013b816ba91ac7e43bbe82a70bebac296f8bc6f0addaa1a?s=96&d=mm&r=g","caption":"Edici\u00f3n Web"},"url":"https:\/\/canal7slp.tv\/2025\/author\/edicionweb\/"}]}},"_links":{"self":[{"href":"https:\/\/canal7slp.tv\/2025\/wp-json\/wp\/v2\/posts\/181632","targetHints":{"allow":["GET"]}}],"collection":[{"href":"https:\/\/canal7slp.tv\/2025\/wp-json\/wp\/v2\/posts"}],"about":[{"href":"https:\/\/canal7slp.tv\/2025\/wp-json\/wp\/v2\/types\/post"}],"author":[{"embeddable":true,"href":"https:\/\/canal7slp.tv\/2025\/wp-json\/wp\/v2\/users\/2"}],"replies":[{"embeddable":true,"href":"https:\/\/canal7slp.tv\/2025\/wp-json\/wp\/v2\/comments?post=181632"}],"version-history":[{"count":2,"href":"https:\/\/canal7slp.tv\/2025\/wp-json\/wp\/v2\/posts\/181632\/revisions"}],"predecessor-version":[{"id":181667,"href":"https:\/\/canal7slp.tv\/2025\/wp-json\/wp\/v2\/posts\/181632\/revisions\/181667"}],"wp:featuredmedia":[{"embeddable":true,"href":"https:\/\/canal7slp.tv\/2025\/wp-json\/wp\/v2\/media\/181655"}],"wp:attachment":[{"href":"https:\/\/canal7slp.tv\/2025\/wp-json\/wp\/v2\/media?parent=181632"}],"wp:term":[{"taxonomy":"category","embeddable":true,"href":"https:\/\/canal7slp.tv\/2025\/wp-json\/wp\/v2\/categories?post=181632"},{"taxonomy":"post_tag","embeddable":true,"href":"https:\/\/canal7slp.tv\/2025\/wp-json\/wp\/v2\/tags?post=181632"}],"curies":[{"name":"wp","href":"https:\/\/api.w.org\/{rel}","templated":true}]}}