{"id":181630,"date":"2025-10-10T12:28:48","date_gmt":"2025-10-10T18:28:48","guid":{"rendered":"https:\/\/canal7slp.tv\/2025\/?p=181630"},"modified":"2025-10-10T12:28:48","modified_gmt":"2025-10-10T18:28:48","slug":"arranca-ayuntamiento-de-slp-actividades-por-el-mes-de-sensibilizacion-sobre-el-cancer-de-mama","status":"publish","type":"post","link":"https:\/\/canal7slp.tv\/2025\/arranca-ayuntamiento-de-slp-actividades-por-el-mes-de-sensibilizacion-sobre-el-cancer-de-mama\/","title":{"rendered":"Arranca Ayuntamiento de SLP, actividades por el mes de sensibilizaci\u00f3n sobre el c\u00e1ncer de mama"},"content":{"rendered":"<p style=\"text-align: justify;\">SLP.- El asta bandera de la avenida Salvador Nava Mart\u00ednez y las letras monumentales que ah\u00ed se encuentran fungieron como espacio para arrancar las actividades de prevenci\u00f3n en el marco del D\u00eda Mundial de la Concientizaci\u00f3n sobre el C\u00e1ncer de Mama por parte del Ayuntamiento de San Luis Potos\u00ed.<\/p>\n<p style=\"text-align: justify;\">Mar\u00eda Julia Mart\u00ednez L\u00f3pez representante del \u201cGrupo Recuperaci\u00f3n Total A.C.\u201d, ofreci\u00f3 unas palabras.<\/p>\n<p style=\"text-align: justify;\">\u201cEstamos para apoyar al c\u00e1ncer de mama, agradecemos a las autoridades municipales (\u2026) para que seguir dando apoyo, seguir en esta labor de lucha para que menos mujeres sufran tanto el c\u00e1ncer de mama\u201d.<\/p>\n<p style=\"text-align: justify;\">La presidenta del Sistema Municipal DIF de la capital, Estela Arriaga M\u00e1rquez, record\u00f3 la trascendencia de apoyar la lucha contra el c\u00e1ncer de mama.<\/p>\n<p style=\"text-align: justify;\">\u201cHoy nos reunimos en una fecha muy significativa en el marco del 19 de octubre, D\u00eda Internacional de la Lucha contra el C\u00e1ncer de Mama (\u2026) a fin de crear conciencia sobre la detecci\u00f3n temprana, el tratamiento y la supervivencia de esta enfermedad (\u2026) en M\u00e9xico es la primera causa de muerte por c\u00e1ncer en mujeres, sin embargo, si se detecta a tiempo hasta el 95% de los casos puede tratarse con \u00e9xito\u201d.<\/p>\n<p style=\"text-align: justify;\">El edil Enrique Galindo Ceballos agradeci\u00f3 a Red Ambiental extern\u00f3 la necesidad de apoyar a la mujer y las exhort\u00f3 a auto explorarse y evitar temas de gravedad.<\/p>\n<p style=\"text-align: justify;\">\u201cPara prevenir todos los d\u00edas son buenos, para prevenir todas las acciones son importantes y necesarias, para prevenir solo necesitamos un poquito de tiempo o para la auto exploraci\u00f3n o para estar en la Ruta de la Salud (\u2026) no se puede concebir una ciudad sin el talento, la aportaci\u00f3n, la contribuci\u00f3n de las mujeres\u201d.<\/p>\n<p style=\"text-align: justify;\">Durante este mes y dentro de los programas del ayuntamiento de la capital se entregar\u00e1n pr\u00f3tesis mamarias, certificados para ultrasonidos y Red Ambiental ser\u00e1 parte de la concientizaci\u00f3n durante los recorridos de recolecci\u00f3n de desechos.<\/p>\n<p>Por: Juan Carlos Contreras<\/p>\n","protected":false},"excerpt":{"rendered":"<p>SLP.- El asta bandera de la avenida Salvador Nava Mart\u00ednez y las letras monumentales que ah\u00ed se encuentran fungieron como espacio para arrancar las actividades de prevenci\u00f3n en el marco del D\u00eda Mundial de la Concientizaci\u00f3n sobre el C\u00e1ncer de Mama por parte del Ayuntamiento de San Luis Potos\u00ed. Mar\u00eda Julia Mart\u00ednez L\u00f3pez representante del \u201cGrupo Recuperaci\u00f3n Total A.C.\u201d, ofreci\u00f3 unas palabras. \u201cEstamos para apoyar al c\u00e1ncer de mama, agradecemos a las autoridades municipales (\u2026) para que seguir dando apoyo, seguir en esta labor de lucha para que menos mujeres sufran tanto el c\u00e1ncer de mama\u201d. La presidenta del Sistema [&hellip;]<\/p>\n","protected":false},"author":2,"featured_media":181653,"comment_status":"closed","ping_status":"closed","sticky":false,"template":"","format":"video","meta":{"_monsterinsights_skip_tracking":false,"_monsterinsights_sitenote_active":false,"_monsterinsights_sitenote_note":"","_monsterinsights_sitenote_category":0,"footnotes":""},"categories":[5,45],"tags":[],"class_list":["post-181630","post","type-post","status-publish","format-video","has-post-thumbnail","hentry","category-destacadas","category-localesyregionales","post_format-post-format-video","post--single"],"yoast_head":"<!-- This site is optimized with the Yoast SEO plugin v27.4 - https:\/\/yoast.com\/product\/yoast-seo-wordpress\/ -->\n<title>Arranca Ayuntamiento de SLP, actividades por el mes de sensibilizaci\u00f3n sobre el c\u00e1ncer de mama - Canal 7 SLP - 2025<\/title>\n<meta name=\"robots\" content=\"index, follow, max-snippet:-1, max-image-preview:large, max-video-preview:-1\" \/>\n<link rel=\"canonical\" href=\"https:\/\/canal7slp.tv\/2025\/arranca-ayuntamiento-de-slp-actividades-por-el-mes-de-sensibilizacion-sobre-el-cancer-de-mama\/\" \/>\n<meta property=\"og:locale\" content=\"es_ES\" \/>\n<meta property=\"og:type\" content=\"article\" \/>\n<meta property=\"og:title\" content=\"Arranca Ayuntamiento de SLP, actividades por el mes de sensibilizaci\u00f3n sobre el c\u00e1ncer de mama - Canal 7 SLP - 2025\" \/>\n<meta property=\"og:description\" content=\"SLP.- El asta bandera de la avenida Salvador Nava Mart\u00ednez y las letras monumentales que ah\u00ed se encuentran fungieron como espacio para arrancar las actividades de prevenci\u00f3n en el marco del D\u00eda Mundial de la Concientizaci\u00f3n sobre el C\u00e1ncer de Mama por parte del Ayuntamiento de San Luis Potos\u00ed. Mar\u00eda Julia Mart\u00ednez L\u00f3pez representante del \u201cGrupo Recuperaci\u00f3n Total A.C.\u201d, ofreci\u00f3 unas palabras. \u201cEstamos para apoyar al c\u00e1ncer de mama, agradecemos a las autoridades municipales (\u2026) para que seguir dando apoyo, seguir en esta labor de lucha para que menos mujeres sufran tanto el c\u00e1ncer de mama\u201d. La presidenta del Sistema [&hellip;]\" \/>\n<meta property=\"og:url\" content=\"https:\/\/canal7slp.tv\/2025\/arranca-ayuntamiento-de-slp-actividades-por-el-mes-de-sensibilizacion-sobre-el-cancer-de-mama\/\" \/>\n<meta property=\"og:site_name\" content=\"Canal 7 SLP - 2025\" \/>\n<meta property=\"article:publisher\" content=\"https:\/\/www.facebook.com\/noticieroscanal7atencionciudadana\/\" \/>\n<meta property=\"article:published_time\" content=\"2025-10-10T18:28:48+00:00\" \/>\n<meta property=\"og:image\" content=\"https:\/\/canal7slp.tv\/2025\/wp-content\/uploads\/2025\/10\/Poky0CampaniaRosa.jpg\" \/>\n\t<meta property=\"og:image:width\" content=\"1280\" \/>\n\t<meta property=\"og:image:height\" content=\"720\" \/>\n\t<meta property=\"og:image:type\" content=\"image\/jpeg\" \/>\n<meta name=\"author\" content=\"Edici\u00f3n Web\" \/>\n<meta name=\"twitter:card\" content=\"summary_large_image\" \/>\n<meta name=\"twitter:creator\" content=\"@NOTICIEROS7\" \/>\n<meta name=\"twitter:site\" content=\"@NOTICIEROS7\" \/>\n<meta name=\"twitter:label1\" content=\"Escrito por\" \/>\n\t<meta name=\"twitter:data1\" content=\"Edici\u00f3n Web\" \/>\n\t<meta name=\"twitter:label2\" content=\"Tiempo de lectura\" \/>\n\t<meta name=\"twitter:data2\" content=\"2 minutos\" \/>\n<script type=\"application\/ld+json\" class=\"yoast-schema-graph\">{\"@context\":\"https:\\\/\\\/schema.org\",\"@graph\":[{\"@type\":\"Article\",\"@id\":\"https:\\\/\\\/canal7slp.tv\\\/2025\\\/arranca-ayuntamiento-de-slp-actividades-por-el-mes-de-sensibilizacion-sobre-el-cancer-de-mama\\\/#article\",\"isPartOf\":{\"@id\":\"https:\\\/\\\/canal7slp.tv\\\/2025\\\/arranca-ayuntamiento-de-slp-actividades-por-el-mes-de-sensibilizacion-sobre-el-cancer-de-mama\\\/\"},\"author\":{\"name\":\"Edici\u00f3n Web\",\"@id\":\"https:\\\/\\\/canal7slp.tv\\\/2025\\\/#\\\/schema\\\/person\\\/271e2b60a96e7cc9d9ac296f4d7e414b\"},\"headline\":\"Arranca Ayuntamiento de SLP, actividades por el mes de sensibilizaci\u00f3n sobre el c\u00e1ncer de mama\",\"datePublished\":\"2025-10-10T18:28:48+00:00\",\"mainEntityOfPage\":{\"@id\":\"https:\\\/\\\/canal7slp.tv\\\/2025\\\/arranca-ayuntamiento-de-slp-actividades-por-el-mes-de-sensibilizacion-sobre-el-cancer-de-mama\\\/\"},\"wordCount\":354,\"publisher\":{\"@id\":\"https:\\\/\\\/canal7slp.tv\\\/2025\\\/#organization\"},\"image\":{\"@id\":\"https:\\\/\\\/canal7slp.tv\\\/2025\\\/arranca-ayuntamiento-de-slp-actividades-por-el-mes-de-sensibilizacion-sobre-el-cancer-de-mama\\\/#primaryimage\"},\"thumbnailUrl\":\"https:\\\/\\\/canal7slp.tv\\\/2025\\\/wp-content\\\/uploads\\\/2025\\\/10\\\/Poky0CampaniaRosa.jpg\",\"articleSection\":[\"DESTACADAS\",\"LOCALES Y REGIONALES\"],\"inLanguage\":\"es\"},{\"@type\":\"WebPage\",\"@id\":\"https:\\\/\\\/canal7slp.tv\\\/2025\\\/arranca-ayuntamiento-de-slp-actividades-por-el-mes-de-sensibilizacion-sobre-el-cancer-de-mama\\\/\",\"url\":\"https:\\\/\\\/canal7slp.tv\\\/2025\\\/arranca-ayuntamiento-de-slp-actividades-por-el-mes-de-sensibilizacion-sobre-el-cancer-de-mama\\\/\",\"name\":\"Arranca Ayuntamiento de SLP, actividades por el mes de sensibilizaci\u00f3n sobre el c\u00e1ncer de mama - Canal 7 SLP - 2025\",\"isPartOf\":{\"@id\":\"https:\\\/\\\/canal7slp.tv\\\/2025\\\/#website\"},\"primaryImageOfPage\":{\"@id\":\"https:\\\/\\\/canal7slp.tv\\\/2025\\\/arranca-ayuntamiento-de-slp-actividades-por-el-mes-de-sensibilizacion-sobre-el-cancer-de-mama\\\/#primaryimage\"},\"image\":{\"@id\":\"https:\\\/\\\/canal7slp.tv\\\/2025\\\/arranca-ayuntamiento-de-slp-actividades-por-el-mes-de-sensibilizacion-sobre-el-cancer-de-mama\\\/#primaryimage\"},\"thumbnailUrl\":\"https:\\\/\\\/canal7slp.tv\\\/2025\\\/wp-content\\\/uploads\\\/2025\\\/10\\\/Poky0CampaniaRosa.jpg\",\"datePublished\":\"2025-10-10T18:28:48+00:00\",\"breadcrumb\":{\"@id\":\"https:\\\/\\\/canal7slp.tv\\\/2025\\\/arranca-ayuntamiento-de-slp-actividades-por-el-mes-de-sensibilizacion-sobre-el-cancer-de-mama\\\/#breadcrumb\"},\"inLanguage\":\"es\",\"potentialAction\":[{\"@type\":\"ReadAction\",\"target\":[\"https:\\\/\\\/canal7slp.tv\\\/2025\\\/arranca-ayuntamiento-de-slp-actividades-por-el-mes-de-sensibilizacion-sobre-el-cancer-de-mama\\\/\"]}]},{\"@type\":\"ImageObject\",\"inLanguage\":\"es\",\"@id\":\"https:\\\/\\\/canal7slp.tv\\\/2025\\\/arranca-ayuntamiento-de-slp-actividades-por-el-mes-de-sensibilizacion-sobre-el-cancer-de-mama\\\/#primaryimage\",\"url\":\"https:\\\/\\\/canal7slp.tv\\\/2025\\\/wp-content\\\/uploads\\\/2025\\\/10\\\/Poky0CampaniaRosa.jpg\",\"contentUrl\":\"https:\\\/\\\/canal7slp.tv\\\/2025\\\/wp-content\\\/uploads\\\/2025\\\/10\\\/Poky0CampaniaRosa.jpg\",\"width\":1280,\"height\":720},{\"@type\":\"BreadcrumbList\",\"@id\":\"https:\\\/\\\/canal7slp.tv\\\/2025\\\/arranca-ayuntamiento-de-slp-actividades-por-el-mes-de-sensibilizacion-sobre-el-cancer-de-mama\\\/#breadcrumb\",\"itemListElement\":[{\"@type\":\"ListItem\",\"position\":1,\"name\":\"Portada\",\"item\":\"https:\\\/\\\/canal7slp.tv\\\/2025\\\/\"},{\"@type\":\"ListItem\",\"position\":2,\"name\":\"Arranca Ayuntamiento de SLP, actividades por el mes de sensibilizaci\u00f3n sobre el c\u00e1ncer de mama\"}]},{\"@type\":\"WebSite\",\"@id\":\"https:\\\/\\\/canal7slp.tv\\\/2025\\\/#website\",\"url\":\"https:\\\/\\\/canal7slp.tv\\\/2025\\\/\",\"name\":\"N7 - Noticieros Canal 7\",\"description\":\"Somos el Medio\",\"publisher\":{\"@id\":\"https:\\\/\\\/canal7slp.tv\\\/2025\\\/#organization\"},\"potentialAction\":[{\"@type\":\"SearchAction\",\"target\":{\"@type\":\"EntryPoint\",\"urlTemplate\":\"https:\\\/\\\/canal7slp.tv\\\/2025\\\/?s={search_term_string}\"},\"query-input\":{\"@type\":\"PropertyValueSpecification\",\"valueRequired\":true,\"valueName\":\"search_term_string\"}}],\"inLanguage\":\"es\"},{\"@type\":\"Organization\",\"@id\":\"https:\\\/\\\/canal7slp.tv\\\/2025\\\/#organization\",\"name\":\"Noticieros Canal 7\",\"url\":\"https:\\\/\\\/canal7slp.tv\\\/2025\\\/\",\"logo\":{\"@type\":\"ImageObject\",\"inLanguage\":\"es\",\"@id\":\"https:\\\/\\\/canal7slp.tv\\\/2025\\\/#\\\/schema\\\/logo\\\/image\\\/\",\"url\":\"https:\\\/\\\/canal7slp.tv\\\/2025\\\/wp-content\\\/uploads\\\/2021\\\/01\\\/logo-noticieros@2x.png\",\"contentUrl\":\"https:\\\/\\\/canal7slp.tv\\\/2025\\\/wp-content\\\/uploads\\\/2021\\\/01\\\/logo-noticieros@2x.png\",\"width\":1017,\"height\":268,\"caption\":\"Noticieros Canal 7\"},\"image\":{\"@id\":\"https:\\\/\\\/canal7slp.tv\\\/2025\\\/#\\\/schema\\\/logo\\\/image\\\/\"},\"sameAs\":[\"https:\\\/\\\/www.facebook.com\\\/noticieroscanal7atencionciudadana\\\/\",\"https:\\\/\\\/x.com\\\/NOTICIEROS7\",\"https:\\\/\\\/www.instagram.com\\\/canal7_slp\",\"https:\\\/\\\/www.youtube.com\\\/channel\\\/UCliiYs-gP3JfJeqdPrNdd5A\"]},{\"@type\":\"Person\",\"@id\":\"https:\\\/\\\/canal7slp.tv\\\/2025\\\/#\\\/schema\\\/person\\\/271e2b60a96e7cc9d9ac296f4d7e414b\",\"name\":\"Edici\u00f3n Web\",\"image\":{\"@type\":\"ImageObject\",\"inLanguage\":\"es\",\"@id\":\"https:\\\/\\\/secure.gravatar.com\\\/avatar\\\/eee448fc3f7164808013b816ba91ac7e43bbe82a70bebac296f8bc6f0addaa1a?s=96&d=mm&r=g\",\"url\":\"https:\\\/\\\/secure.gravatar.com\\\/avatar\\\/eee448fc3f7164808013b816ba91ac7e43bbe82a70bebac296f8bc6f0addaa1a?s=96&d=mm&r=g\",\"contentUrl\":\"https:\\\/\\\/secure.gravatar.com\\\/avatar\\\/eee448fc3f7164808013b816ba91ac7e43bbe82a70bebac296f8bc6f0addaa1a?s=96&d=mm&r=g\",\"caption\":\"Edici\u00f3n Web\"},\"url\":\"https:\\\/\\\/canal7slp.tv\\\/2025\\\/author\\\/edicionweb\\\/\"}]}<\/script>\n<!-- \/ Yoast SEO plugin. -->","yoast_head_json":{"title":"Arranca Ayuntamiento de SLP, actividades por el mes de sensibilizaci\u00f3n sobre el c\u00e1ncer de mama - Canal 7 SLP - 2025","robots":{"index":"index","follow":"follow","max-snippet":"max-snippet:-1","max-image-preview":"max-image-preview:large","max-video-preview":"max-video-preview:-1"},"canonical":"https:\/\/canal7slp.tv\/2025\/arranca-ayuntamiento-de-slp-actividades-por-el-mes-de-sensibilizacion-sobre-el-cancer-de-mama\/","og_locale":"es_ES","og_type":"article","og_title":"Arranca Ayuntamiento de SLP, actividades por el mes de sensibilizaci\u00f3n sobre el c\u00e1ncer de mama - Canal 7 SLP - 2025","og_description":"SLP.- El asta bandera de la avenida Salvador Nava Mart\u00ednez y las letras monumentales que ah\u00ed se encuentran fungieron como espacio para arrancar las actividades de prevenci\u00f3n en el marco del D\u00eda Mundial de la Concientizaci\u00f3n sobre el C\u00e1ncer de Mama por parte del Ayuntamiento de San Luis Potos\u00ed. Mar\u00eda Julia Mart\u00ednez L\u00f3pez representante del \u201cGrupo Recuperaci\u00f3n Total A.C.\u201d, ofreci\u00f3 unas palabras. \u201cEstamos para apoyar al c\u00e1ncer de mama, agradecemos a las autoridades municipales (\u2026) para que seguir dando apoyo, seguir en esta labor de lucha para que menos mujeres sufran tanto el c\u00e1ncer de mama\u201d. La presidenta del Sistema [&hellip;]","og_url":"https:\/\/canal7slp.tv\/2025\/arranca-ayuntamiento-de-slp-actividades-por-el-mes-de-sensibilizacion-sobre-el-cancer-de-mama\/","og_site_name":"Canal 7 SLP - 2025","article_publisher":"https:\/\/www.facebook.com\/noticieroscanal7atencionciudadana\/","article_published_time":"2025-10-10T18:28:48+00:00","og_image":[{"width":1280,"height":720,"url":"https:\/\/canal7slp.tv\/2025\/wp-content\/uploads\/2025\/10\/Poky0CampaniaRosa.jpg","type":"image\/jpeg"}],"author":"Edici\u00f3n Web","twitter_card":"summary_large_image","twitter_creator":"@NOTICIEROS7","twitter_site":"@NOTICIEROS7","twitter_misc":{"Escrito por":"Edici\u00f3n Web","Tiempo de lectura":"2 minutos"},"schema":{"@context":"https:\/\/schema.org","@graph":[{"@type":"Article","@id":"https:\/\/canal7slp.tv\/2025\/arranca-ayuntamiento-de-slp-actividades-por-el-mes-de-sensibilizacion-sobre-el-cancer-de-mama\/#article","isPartOf":{"@id":"https:\/\/canal7slp.tv\/2025\/arranca-ayuntamiento-de-slp-actividades-por-el-mes-de-sensibilizacion-sobre-el-cancer-de-mama\/"},"author":{"name":"Edici\u00f3n Web","@id":"https:\/\/canal7slp.tv\/2025\/#\/schema\/person\/271e2b60a96e7cc9d9ac296f4d7e414b"},"headline":"Arranca Ayuntamiento de SLP, actividades por el mes de sensibilizaci\u00f3n sobre el c\u00e1ncer de mama","datePublished":"2025-10-10T18:28:48+00:00","mainEntityOfPage":{"@id":"https:\/\/canal7slp.tv\/2025\/arranca-ayuntamiento-de-slp-actividades-por-el-mes-de-sensibilizacion-sobre-el-cancer-de-mama\/"},"wordCount":354,"publisher":{"@id":"https:\/\/canal7slp.tv\/2025\/#organization"},"image":{"@id":"https:\/\/canal7slp.tv\/2025\/arranca-ayuntamiento-de-slp-actividades-por-el-mes-de-sensibilizacion-sobre-el-cancer-de-mama\/#primaryimage"},"thumbnailUrl":"https:\/\/canal7slp.tv\/2025\/wp-content\/uploads\/2025\/10\/Poky0CampaniaRosa.jpg","articleSection":["DESTACADAS","LOCALES Y REGIONALES"],"inLanguage":"es"},{"@type":"WebPage","@id":"https:\/\/canal7slp.tv\/2025\/arranca-ayuntamiento-de-slp-actividades-por-el-mes-de-sensibilizacion-sobre-el-cancer-de-mama\/","url":"https:\/\/canal7slp.tv\/2025\/arranca-ayuntamiento-de-slp-actividades-por-el-mes-de-sensibilizacion-sobre-el-cancer-de-mama\/","name":"Arranca Ayuntamiento de SLP, actividades por el mes de sensibilizaci\u00f3n sobre el c\u00e1ncer de mama - Canal 7 SLP - 2025","isPartOf":{"@id":"https:\/\/canal7slp.tv\/2025\/#website"},"primaryImageOfPage":{"@id":"https:\/\/canal7slp.tv\/2025\/arranca-ayuntamiento-de-slp-actividades-por-el-mes-de-sensibilizacion-sobre-el-cancer-de-mama\/#primaryimage"},"image":{"@id":"https:\/\/canal7slp.tv\/2025\/arranca-ayuntamiento-de-slp-actividades-por-el-mes-de-sensibilizacion-sobre-el-cancer-de-mama\/#primaryimage"},"thumbnailUrl":"https:\/\/canal7slp.tv\/2025\/wp-content\/uploads\/2025\/10\/Poky0CampaniaRosa.jpg","datePublished":"2025-10-10T18:28:48+00:00","breadcrumb":{"@id":"https:\/\/canal7slp.tv\/2025\/arranca-ayuntamiento-de-slp-actividades-por-el-mes-de-sensibilizacion-sobre-el-cancer-de-mama\/#breadcrumb"},"inLanguage":"es","potentialAction":[{"@type":"ReadAction","target":["https:\/\/canal7slp.tv\/2025\/arranca-ayuntamiento-de-slp-actividades-por-el-mes-de-sensibilizacion-sobre-el-cancer-de-mama\/"]}]},{"@type":"ImageObject","inLanguage":"es","@id":"https:\/\/canal7slp.tv\/2025\/arranca-ayuntamiento-de-slp-actividades-por-el-mes-de-sensibilizacion-sobre-el-cancer-de-mama\/#primaryimage","url":"https:\/\/canal7slp.tv\/2025\/wp-content\/uploads\/2025\/10\/Poky0CampaniaRosa.jpg","contentUrl":"https:\/\/canal7slp.tv\/2025\/wp-content\/uploads\/2025\/10\/Poky0CampaniaRosa.jpg","width":1280,"height":720},{"@type":"BreadcrumbList","@id":"https:\/\/canal7slp.tv\/2025\/arranca-ayuntamiento-de-slp-actividades-por-el-mes-de-sensibilizacion-sobre-el-cancer-de-mama\/#breadcrumb","itemListElement":[{"@type":"ListItem","position":1,"name":"Portada","item":"https:\/\/canal7slp.tv\/2025\/"},{"@type":"ListItem","position":2,"name":"Arranca Ayuntamiento de SLP, actividades por el mes de sensibilizaci\u00f3n sobre el c\u00e1ncer de mama"}]},{"@type":"WebSite","@id":"https:\/\/canal7slp.tv\/2025\/#website","url":"https:\/\/canal7slp.tv\/2025\/","name":"N7 - Noticieros Canal 7","description":"Somos el Medio","publisher":{"@id":"https:\/\/canal7slp.tv\/2025\/#organization"},"potentialAction":[{"@type":"SearchAction","target":{"@type":"EntryPoint","urlTemplate":"https:\/\/canal7slp.tv\/2025\/?s={search_term_string}"},"query-input":{"@type":"PropertyValueSpecification","valueRequired":true,"valueName":"search_term_string"}}],"inLanguage":"es"},{"@type":"Organization","@id":"https:\/\/canal7slp.tv\/2025\/#organization","name":"Noticieros Canal 7","url":"https:\/\/canal7slp.tv\/2025\/","logo":{"@type":"ImageObject","inLanguage":"es","@id":"https:\/\/canal7slp.tv\/2025\/#\/schema\/logo\/image\/","url":"https:\/\/canal7slp.tv\/2025\/wp-content\/uploads\/2021\/01\/logo-noticieros@2x.png","contentUrl":"https:\/\/canal7slp.tv\/2025\/wp-content\/uploads\/2021\/01\/logo-noticieros@2x.png","width":1017,"height":268,"caption":"Noticieros Canal 7"},"image":{"@id":"https:\/\/canal7slp.tv\/2025\/#\/schema\/logo\/image\/"},"sameAs":["https:\/\/www.facebook.com\/noticieroscanal7atencionciudadana\/","https:\/\/x.com\/NOTICIEROS7","https:\/\/www.instagram.com\/canal7_slp","https:\/\/www.youtube.com\/channel\/UCliiYs-gP3JfJeqdPrNdd5A"]},{"@type":"Person","@id":"https:\/\/canal7slp.tv\/2025\/#\/schema\/person\/271e2b60a96e7cc9d9ac296f4d7e414b","name":"Edici\u00f3n Web","image":{"@type":"ImageObject","inLanguage":"es","@id":"https:\/\/secure.gravatar.com\/avatar\/eee448fc3f7164808013b816ba91ac7e43bbe82a70bebac296f8bc6f0addaa1a?s=96&d=mm&r=g","url":"https:\/\/secure.gravatar.com\/avatar\/eee448fc3f7164808013b816ba91ac7e43bbe82a70bebac296f8bc6f0addaa1a?s=96&d=mm&r=g","contentUrl":"https:\/\/secure.gravatar.com\/avatar\/eee448fc3f7164808013b816ba91ac7e43bbe82a70bebac296f8bc6f0addaa1a?s=96&d=mm&r=g","caption":"Edici\u00f3n Web"},"url":"https:\/\/canal7slp.tv\/2025\/author\/edicionweb\/"}]}},"_links":{"self":[{"href":"https:\/\/canal7slp.tv\/2025\/wp-json\/wp\/v2\/posts\/181630","targetHints":{"allow":["GET"]}}],"collection":[{"href":"https:\/\/canal7slp.tv\/2025\/wp-json\/wp\/v2\/posts"}],"about":[{"href":"https:\/\/canal7slp.tv\/2025\/wp-json\/wp\/v2\/types\/post"}],"author":[{"embeddable":true,"href":"https:\/\/canal7slp.tv\/2025\/wp-json\/wp\/v2\/users\/2"}],"replies":[{"embeddable":true,"href":"https:\/\/canal7slp.tv\/2025\/wp-json\/wp\/v2\/comments?post=181630"}],"version-history":[{"count":2,"href":"https:\/\/canal7slp.tv\/2025\/wp-json\/wp\/v2\/posts\/181630\/revisions"}],"predecessor-version":[{"id":181666,"href":"https:\/\/canal7slp.tv\/2025\/wp-json\/wp\/v2\/posts\/181630\/revisions\/181666"}],"wp:featuredmedia":[{"embeddable":true,"href":"https:\/\/canal7slp.tv\/2025\/wp-json\/wp\/v2\/media\/181653"}],"wp:attachment":[{"href":"https:\/\/canal7slp.tv\/2025\/wp-json\/wp\/v2\/media?parent=181630"}],"wp:term":[{"taxonomy":"category","embeddable":true,"href":"https:\/\/canal7slp.tv\/2025\/wp-json\/wp\/v2\/categories?post=181630"},{"taxonomy":"post_tag","embeddable":true,"href":"https:\/\/canal7slp.tv\/2025\/wp-json\/wp\/v2\/tags?post=181630"}],"curies":[{"name":"wp","href":"https:\/\/api.w.org\/{rel}","templated":true}]}}