{"id":181614,"date":"2025-10-09T15:37:22","date_gmt":"2025-10-09T21:37:22","guid":{"rendered":"https:\/\/canal7slp.tv\/2025\/?p=181614"},"modified":"2025-10-09T15:37:22","modified_gmt":"2025-10-09T21:37:22","slug":"inflacion-anual-aumenta-a-3-76-en-septiembre","status":"publish","type":"post","link":"https:\/\/canal7slp.tv\/2025\/inflacion-anual-aumenta-a-3-76-en-septiembre\/","title":{"rendered":"Inflaci\u00f3n anual aumenta a 3.76% en septiembre"},"content":{"rendered":"<p style=\"text-align: justify;\">\n<ul style=\"text-align: justify;\">\n<li>Sube por segundo mes consecutivo.<\/li>\n<\/ul>\n<p style=\"text-align: justify;\">M\u00e9xico.- El Instituto Nacional de Estad\u00edstica y Geograf\u00eda (Inegi) inform\u00f3 que la inflaci\u00f3n general anual se ubic\u00f3 en 3.76% durante septiembre de 2025, marcando su segundo mes consecutivo de aumento.<\/p>\n<p style=\"text-align: justify;\">En comparaci\u00f3n mensual, el \u00cdndice Nacional de Precios al Consumidor (INPC) registr\u00f3 un incremento de 0.23%, la segunda tasa m\u00e1s baja para un mes de septiembre desde 2020.<\/p>\n<p style=\"text-align: justify;\">Los productos con mayores aumentos fueron el chile serrano (17.6%), tomate verde (12.93%), cebolla (8.1%) y educaci\u00f3n primaria (6.0%). En contraste, los servicios profesionales (-15.4%), aguacate (-11.3%), lechuga y col (-7.9%) y naranja (-7.7%) mostraron bajas en sus precios.<\/p>\n<p style=\"text-align: justify;\">La inflaci\u00f3n subyacente, que refleja la tendencia de mediano plazo al excluir bienes y servicios m\u00e1s vol\u00e1tiles, se ubic\u00f3 en 4.28% anual, ligeramente por encima del 4.23% de agosto. En tanto, el \u00cdndice de Precios de la Canasta de Consumo M\u00ednimo aument\u00f3 3.74% anual.<\/p>\n","protected":false},"excerpt":{"rendered":"<p>Sube por segundo mes consecutivo. M\u00e9xico.- El Instituto Nacional de Estad\u00edstica y Geograf\u00eda (Inegi) inform\u00f3 que la inflaci\u00f3n general anual se ubic\u00f3 en 3.76% durante septiembre de 2025, marcando su segundo mes consecutivo de aumento. En comparaci\u00f3n mensual, el \u00cdndice Nacional de Precios al Consumidor (INPC) registr\u00f3 un incremento de 0.23%, la segunda tasa m\u00e1s baja para un mes de septiembre desde 2020. Los productos con mayores aumentos fueron el chile serrano (17.6%), tomate verde (12.93%), cebolla (8.1%) y educaci\u00f3n primaria (6.0%). En contraste, los servicios profesionales (-15.4%), aguacate (-11.3%), lechuga y col (-7.9%) y naranja (-7.7%) mostraron bajas en [&hellip;]<\/p>\n","protected":false},"author":2,"featured_media":181615,"comment_status":"closed","ping_status":"closed","sticky":false,"template":"","format":"standard","meta":{"_monsterinsights_skip_tracking":false,"_monsterinsights_sitenote_active":false,"_monsterinsights_sitenote_note":"","_monsterinsights_sitenote_category":0,"footnotes":""},"categories":[40,46],"tags":[],"class_list":["post-181614","post","type-post","status-publish","format-standard","has-post-thumbnail","hentry","category-economia","category-nacional","post--single"],"yoast_head":"<!-- This site is optimized with the Yoast SEO plugin v27.4 - https:\/\/yoast.com\/product\/yoast-seo-wordpress\/ -->\n<title>Inflaci\u00f3n anual aumenta a 3.76% en septiembre - Canal 7 SLP - 2025<\/title>\n<meta name=\"robots\" content=\"index, follow, max-snippet:-1, max-image-preview:large, max-video-preview:-1\" \/>\n<link rel=\"canonical\" href=\"https:\/\/canal7slp.tv\/2025\/inflacion-anual-aumenta-a-3-76-en-septiembre\/\" \/>\n<meta property=\"og:locale\" content=\"es_ES\" \/>\n<meta property=\"og:type\" content=\"article\" \/>\n<meta property=\"og:title\" content=\"Inflaci\u00f3n anual aumenta a 3.76% en septiembre - Canal 7 SLP - 2025\" \/>\n<meta property=\"og:description\" content=\"Sube por segundo mes consecutivo. M\u00e9xico.- El Instituto Nacional de Estad\u00edstica y Geograf\u00eda (Inegi) inform\u00f3 que la inflaci\u00f3n general anual se ubic\u00f3 en 3.76% durante septiembre de 2025, marcando su segundo mes consecutivo de aumento. En comparaci\u00f3n mensual, el \u00cdndice Nacional de Precios al Consumidor (INPC) registr\u00f3 un incremento de 0.23%, la segunda tasa m\u00e1s baja para un mes de septiembre desde 2020. Los productos con mayores aumentos fueron el chile serrano (17.6%), tomate verde (12.93%), cebolla (8.1%) y educaci\u00f3n primaria (6.0%). En contraste, los servicios profesionales (-15.4%), aguacate (-11.3%), lechuga y col (-7.9%) y naranja (-7.7%) mostraron bajas en [&hellip;]\" \/>\n<meta property=\"og:url\" content=\"https:\/\/canal7slp.tv\/2025\/inflacion-anual-aumenta-a-3-76-en-septiembre\/\" \/>\n<meta property=\"og:site_name\" content=\"Canal 7 SLP - 2025\" \/>\n<meta property=\"article:publisher\" content=\"https:\/\/www.facebook.com\/noticieroscanal7atencionciudadana\/\" \/>\n<meta property=\"article:published_time\" content=\"2025-10-09T21:37:22+00:00\" \/>\n<meta property=\"og:image\" content=\"https:\/\/canal7slp.tv\/2025\/wp-content\/uploads\/2025\/10\/10-8.jpg\" \/>\n\t<meta property=\"og:image:width\" content=\"712\" \/>\n\t<meta property=\"og:image:height\" content=\"410\" \/>\n\t<meta property=\"og:image:type\" content=\"image\/jpeg\" \/>\n<meta name=\"author\" content=\"Edici\u00f3n Web\" \/>\n<meta name=\"twitter:card\" content=\"summary_large_image\" \/>\n<meta name=\"twitter:creator\" content=\"@NOTICIEROS7\" \/>\n<meta name=\"twitter:site\" content=\"@NOTICIEROS7\" \/>\n<meta name=\"twitter:label1\" content=\"Escrito por\" \/>\n\t<meta name=\"twitter:data1\" content=\"Edici\u00f3n Web\" \/>\n\t<meta name=\"twitter:label2\" content=\"Tiempo de lectura\" \/>\n\t<meta name=\"twitter:data2\" content=\"1 minuto\" \/>\n<script type=\"application\/ld+json\" class=\"yoast-schema-graph\">{\"@context\":\"https:\\\/\\\/schema.org\",\"@graph\":[{\"@type\":\"Article\",\"@id\":\"https:\\\/\\\/canal7slp.tv\\\/2025\\\/inflacion-anual-aumenta-a-3-76-en-septiembre\\\/#article\",\"isPartOf\":{\"@id\":\"https:\\\/\\\/canal7slp.tv\\\/2025\\\/inflacion-anual-aumenta-a-3-76-en-septiembre\\\/\"},\"author\":{\"name\":\"Edici\u00f3n Web\",\"@id\":\"https:\\\/\\\/canal7slp.tv\\\/2025\\\/#\\\/schema\\\/person\\\/271e2b60a96e7cc9d9ac296f4d7e414b\"},\"headline\":\"Inflaci\u00f3n anual aumenta a 3.76% en septiembre\",\"datePublished\":\"2025-10-09T21:37:22+00:00\",\"mainEntityOfPage\":{\"@id\":\"https:\\\/\\\/canal7slp.tv\\\/2025\\\/inflacion-anual-aumenta-a-3-76-en-septiembre\\\/\"},\"wordCount\":154,\"publisher\":{\"@id\":\"https:\\\/\\\/canal7slp.tv\\\/2025\\\/#organization\"},\"image\":{\"@id\":\"https:\\\/\\\/canal7slp.tv\\\/2025\\\/inflacion-anual-aumenta-a-3-76-en-septiembre\\\/#primaryimage\"},\"thumbnailUrl\":\"https:\\\/\\\/canal7slp.tv\\\/2025\\\/wp-content\\\/uploads\\\/2025\\\/10\\\/10-8.jpg\",\"articleSection\":[\"ECONOM\u00cdA\",\"NACIONALES\"],\"inLanguage\":\"es\"},{\"@type\":\"WebPage\",\"@id\":\"https:\\\/\\\/canal7slp.tv\\\/2025\\\/inflacion-anual-aumenta-a-3-76-en-septiembre\\\/\",\"url\":\"https:\\\/\\\/canal7slp.tv\\\/2025\\\/inflacion-anual-aumenta-a-3-76-en-septiembre\\\/\",\"name\":\"Inflaci\u00f3n anual aumenta a 3.76% en septiembre - Canal 7 SLP - 2025\",\"isPartOf\":{\"@id\":\"https:\\\/\\\/canal7slp.tv\\\/2025\\\/#website\"},\"primaryImageOfPage\":{\"@id\":\"https:\\\/\\\/canal7slp.tv\\\/2025\\\/inflacion-anual-aumenta-a-3-76-en-septiembre\\\/#primaryimage\"},\"image\":{\"@id\":\"https:\\\/\\\/canal7slp.tv\\\/2025\\\/inflacion-anual-aumenta-a-3-76-en-septiembre\\\/#primaryimage\"},\"thumbnailUrl\":\"https:\\\/\\\/canal7slp.tv\\\/2025\\\/wp-content\\\/uploads\\\/2025\\\/10\\\/10-8.jpg\",\"datePublished\":\"2025-10-09T21:37:22+00:00\",\"breadcrumb\":{\"@id\":\"https:\\\/\\\/canal7slp.tv\\\/2025\\\/inflacion-anual-aumenta-a-3-76-en-septiembre\\\/#breadcrumb\"},\"inLanguage\":\"es\",\"potentialAction\":[{\"@type\":\"ReadAction\",\"target\":[\"https:\\\/\\\/canal7slp.tv\\\/2025\\\/inflacion-anual-aumenta-a-3-76-en-septiembre\\\/\"]}]},{\"@type\":\"ImageObject\",\"inLanguage\":\"es\",\"@id\":\"https:\\\/\\\/canal7slp.tv\\\/2025\\\/inflacion-anual-aumenta-a-3-76-en-septiembre\\\/#primaryimage\",\"url\":\"https:\\\/\\\/canal7slp.tv\\\/2025\\\/wp-content\\\/uploads\\\/2025\\\/10\\\/10-8.jpg\",\"contentUrl\":\"https:\\\/\\\/canal7slp.tv\\\/2025\\\/wp-content\\\/uploads\\\/2025\\\/10\\\/10-8.jpg\",\"width\":712,\"height\":410},{\"@type\":\"BreadcrumbList\",\"@id\":\"https:\\\/\\\/canal7slp.tv\\\/2025\\\/inflacion-anual-aumenta-a-3-76-en-septiembre\\\/#breadcrumb\",\"itemListElement\":[{\"@type\":\"ListItem\",\"position\":1,\"name\":\"Portada\",\"item\":\"https:\\\/\\\/canal7slp.tv\\\/2025\\\/\"},{\"@type\":\"ListItem\",\"position\":2,\"name\":\"Inflaci\u00f3n anual aumenta a 3.76% en septiembre\"}]},{\"@type\":\"WebSite\",\"@id\":\"https:\\\/\\\/canal7slp.tv\\\/2025\\\/#website\",\"url\":\"https:\\\/\\\/canal7slp.tv\\\/2025\\\/\",\"name\":\"N7 - Noticieros Canal 7\",\"description\":\"Somos el Medio\",\"publisher\":{\"@id\":\"https:\\\/\\\/canal7slp.tv\\\/2025\\\/#organization\"},\"potentialAction\":[{\"@type\":\"SearchAction\",\"target\":{\"@type\":\"EntryPoint\",\"urlTemplate\":\"https:\\\/\\\/canal7slp.tv\\\/2025\\\/?s={search_term_string}\"},\"query-input\":{\"@type\":\"PropertyValueSpecification\",\"valueRequired\":true,\"valueName\":\"search_term_string\"}}],\"inLanguage\":\"es\"},{\"@type\":\"Organization\",\"@id\":\"https:\\\/\\\/canal7slp.tv\\\/2025\\\/#organization\",\"name\":\"Noticieros Canal 7\",\"url\":\"https:\\\/\\\/canal7slp.tv\\\/2025\\\/\",\"logo\":{\"@type\":\"ImageObject\",\"inLanguage\":\"es\",\"@id\":\"https:\\\/\\\/canal7slp.tv\\\/2025\\\/#\\\/schema\\\/logo\\\/image\\\/\",\"url\":\"https:\\\/\\\/canal7slp.tv\\\/2025\\\/wp-content\\\/uploads\\\/2021\\\/01\\\/logo-noticieros@2x.png\",\"contentUrl\":\"https:\\\/\\\/canal7slp.tv\\\/2025\\\/wp-content\\\/uploads\\\/2021\\\/01\\\/logo-noticieros@2x.png\",\"width\":1017,\"height\":268,\"caption\":\"Noticieros Canal 7\"},\"image\":{\"@id\":\"https:\\\/\\\/canal7slp.tv\\\/2025\\\/#\\\/schema\\\/logo\\\/image\\\/\"},\"sameAs\":[\"https:\\\/\\\/www.facebook.com\\\/noticieroscanal7atencionciudadana\\\/\",\"https:\\\/\\\/x.com\\\/NOTICIEROS7\",\"https:\\\/\\\/www.instagram.com\\\/canal7_slp\",\"https:\\\/\\\/www.youtube.com\\\/channel\\\/UCliiYs-gP3JfJeqdPrNdd5A\"]},{\"@type\":\"Person\",\"@id\":\"https:\\\/\\\/canal7slp.tv\\\/2025\\\/#\\\/schema\\\/person\\\/271e2b60a96e7cc9d9ac296f4d7e414b\",\"name\":\"Edici\u00f3n Web\",\"image\":{\"@type\":\"ImageObject\",\"inLanguage\":\"es\",\"@id\":\"https:\\\/\\\/secure.gravatar.com\\\/avatar\\\/eee448fc3f7164808013b816ba91ac7e43bbe82a70bebac296f8bc6f0addaa1a?s=96&d=mm&r=g\",\"url\":\"https:\\\/\\\/secure.gravatar.com\\\/avatar\\\/eee448fc3f7164808013b816ba91ac7e43bbe82a70bebac296f8bc6f0addaa1a?s=96&d=mm&r=g\",\"contentUrl\":\"https:\\\/\\\/secure.gravatar.com\\\/avatar\\\/eee448fc3f7164808013b816ba91ac7e43bbe82a70bebac296f8bc6f0addaa1a?s=96&d=mm&r=g\",\"caption\":\"Edici\u00f3n Web\"},\"url\":\"https:\\\/\\\/canal7slp.tv\\\/2025\\\/author\\\/edicionweb\\\/\"}]}<\/script>\n<!-- \/ Yoast SEO plugin. -->","yoast_head_json":{"title":"Inflaci\u00f3n anual aumenta a 3.76% en septiembre - Canal 7 SLP - 2025","robots":{"index":"index","follow":"follow","max-snippet":"max-snippet:-1","max-image-preview":"max-image-preview:large","max-video-preview":"max-video-preview:-1"},"canonical":"https:\/\/canal7slp.tv\/2025\/inflacion-anual-aumenta-a-3-76-en-septiembre\/","og_locale":"es_ES","og_type":"article","og_title":"Inflaci\u00f3n anual aumenta a 3.76% en septiembre - Canal 7 SLP - 2025","og_description":"Sube por segundo mes consecutivo. M\u00e9xico.- El Instituto Nacional de Estad\u00edstica y Geograf\u00eda (Inegi) inform\u00f3 que la inflaci\u00f3n general anual se ubic\u00f3 en 3.76% durante septiembre de 2025, marcando su segundo mes consecutivo de aumento. En comparaci\u00f3n mensual, el \u00cdndice Nacional de Precios al Consumidor (INPC) registr\u00f3 un incremento de 0.23%, la segunda tasa m\u00e1s baja para un mes de septiembre desde 2020. Los productos con mayores aumentos fueron el chile serrano (17.6%), tomate verde (12.93%), cebolla (8.1%) y educaci\u00f3n primaria (6.0%). En contraste, los servicios profesionales (-15.4%), aguacate (-11.3%), lechuga y col (-7.9%) y naranja (-7.7%) mostraron bajas en [&hellip;]","og_url":"https:\/\/canal7slp.tv\/2025\/inflacion-anual-aumenta-a-3-76-en-septiembre\/","og_site_name":"Canal 7 SLP - 2025","article_publisher":"https:\/\/www.facebook.com\/noticieroscanal7atencionciudadana\/","article_published_time":"2025-10-09T21:37:22+00:00","og_image":[{"width":712,"height":410,"url":"https:\/\/canal7slp.tv\/2025\/wp-content\/uploads\/2025\/10\/10-8.jpg","type":"image\/jpeg"}],"author":"Edici\u00f3n Web","twitter_card":"summary_large_image","twitter_creator":"@NOTICIEROS7","twitter_site":"@NOTICIEROS7","twitter_misc":{"Escrito por":"Edici\u00f3n Web","Tiempo de lectura":"1 minuto"},"schema":{"@context":"https:\/\/schema.org","@graph":[{"@type":"Article","@id":"https:\/\/canal7slp.tv\/2025\/inflacion-anual-aumenta-a-3-76-en-septiembre\/#article","isPartOf":{"@id":"https:\/\/canal7slp.tv\/2025\/inflacion-anual-aumenta-a-3-76-en-septiembre\/"},"author":{"name":"Edici\u00f3n Web","@id":"https:\/\/canal7slp.tv\/2025\/#\/schema\/person\/271e2b60a96e7cc9d9ac296f4d7e414b"},"headline":"Inflaci\u00f3n anual aumenta a 3.76% en septiembre","datePublished":"2025-10-09T21:37:22+00:00","mainEntityOfPage":{"@id":"https:\/\/canal7slp.tv\/2025\/inflacion-anual-aumenta-a-3-76-en-septiembre\/"},"wordCount":154,"publisher":{"@id":"https:\/\/canal7slp.tv\/2025\/#organization"},"image":{"@id":"https:\/\/canal7slp.tv\/2025\/inflacion-anual-aumenta-a-3-76-en-septiembre\/#primaryimage"},"thumbnailUrl":"https:\/\/canal7slp.tv\/2025\/wp-content\/uploads\/2025\/10\/10-8.jpg","articleSection":["ECONOM\u00cdA","NACIONALES"],"inLanguage":"es"},{"@type":"WebPage","@id":"https:\/\/canal7slp.tv\/2025\/inflacion-anual-aumenta-a-3-76-en-septiembre\/","url":"https:\/\/canal7slp.tv\/2025\/inflacion-anual-aumenta-a-3-76-en-septiembre\/","name":"Inflaci\u00f3n anual aumenta a 3.76% en septiembre - Canal 7 SLP - 2025","isPartOf":{"@id":"https:\/\/canal7slp.tv\/2025\/#website"},"primaryImageOfPage":{"@id":"https:\/\/canal7slp.tv\/2025\/inflacion-anual-aumenta-a-3-76-en-septiembre\/#primaryimage"},"image":{"@id":"https:\/\/canal7slp.tv\/2025\/inflacion-anual-aumenta-a-3-76-en-septiembre\/#primaryimage"},"thumbnailUrl":"https:\/\/canal7slp.tv\/2025\/wp-content\/uploads\/2025\/10\/10-8.jpg","datePublished":"2025-10-09T21:37:22+00:00","breadcrumb":{"@id":"https:\/\/canal7slp.tv\/2025\/inflacion-anual-aumenta-a-3-76-en-septiembre\/#breadcrumb"},"inLanguage":"es","potentialAction":[{"@type":"ReadAction","target":["https:\/\/canal7slp.tv\/2025\/inflacion-anual-aumenta-a-3-76-en-septiembre\/"]}]},{"@type":"ImageObject","inLanguage":"es","@id":"https:\/\/canal7slp.tv\/2025\/inflacion-anual-aumenta-a-3-76-en-septiembre\/#primaryimage","url":"https:\/\/canal7slp.tv\/2025\/wp-content\/uploads\/2025\/10\/10-8.jpg","contentUrl":"https:\/\/canal7slp.tv\/2025\/wp-content\/uploads\/2025\/10\/10-8.jpg","width":712,"height":410},{"@type":"BreadcrumbList","@id":"https:\/\/canal7slp.tv\/2025\/inflacion-anual-aumenta-a-3-76-en-septiembre\/#breadcrumb","itemListElement":[{"@type":"ListItem","position":1,"name":"Portada","item":"https:\/\/canal7slp.tv\/2025\/"},{"@type":"ListItem","position":2,"name":"Inflaci\u00f3n anual aumenta a 3.76% en septiembre"}]},{"@type":"WebSite","@id":"https:\/\/canal7slp.tv\/2025\/#website","url":"https:\/\/canal7slp.tv\/2025\/","name":"N7 - Noticieros Canal 7","description":"Somos el Medio","publisher":{"@id":"https:\/\/canal7slp.tv\/2025\/#organization"},"potentialAction":[{"@type":"SearchAction","target":{"@type":"EntryPoint","urlTemplate":"https:\/\/canal7slp.tv\/2025\/?s={search_term_string}"},"query-input":{"@type":"PropertyValueSpecification","valueRequired":true,"valueName":"search_term_string"}}],"inLanguage":"es"},{"@type":"Organization","@id":"https:\/\/canal7slp.tv\/2025\/#organization","name":"Noticieros Canal 7","url":"https:\/\/canal7slp.tv\/2025\/","logo":{"@type":"ImageObject","inLanguage":"es","@id":"https:\/\/canal7slp.tv\/2025\/#\/schema\/logo\/image\/","url":"https:\/\/canal7slp.tv\/2025\/wp-content\/uploads\/2021\/01\/logo-noticieros@2x.png","contentUrl":"https:\/\/canal7slp.tv\/2025\/wp-content\/uploads\/2021\/01\/logo-noticieros@2x.png","width":1017,"height":268,"caption":"Noticieros Canal 7"},"image":{"@id":"https:\/\/canal7slp.tv\/2025\/#\/schema\/logo\/image\/"},"sameAs":["https:\/\/www.facebook.com\/noticieroscanal7atencionciudadana\/","https:\/\/x.com\/NOTICIEROS7","https:\/\/www.instagram.com\/canal7_slp","https:\/\/www.youtube.com\/channel\/UCliiYs-gP3JfJeqdPrNdd5A"]},{"@type":"Person","@id":"https:\/\/canal7slp.tv\/2025\/#\/schema\/person\/271e2b60a96e7cc9d9ac296f4d7e414b","name":"Edici\u00f3n Web","image":{"@type":"ImageObject","inLanguage":"es","@id":"https:\/\/secure.gravatar.com\/avatar\/eee448fc3f7164808013b816ba91ac7e43bbe82a70bebac296f8bc6f0addaa1a?s=96&d=mm&r=g","url":"https:\/\/secure.gravatar.com\/avatar\/eee448fc3f7164808013b816ba91ac7e43bbe82a70bebac296f8bc6f0addaa1a?s=96&d=mm&r=g","contentUrl":"https:\/\/secure.gravatar.com\/avatar\/eee448fc3f7164808013b816ba91ac7e43bbe82a70bebac296f8bc6f0addaa1a?s=96&d=mm&r=g","caption":"Edici\u00f3n Web"},"url":"https:\/\/canal7slp.tv\/2025\/author\/edicionweb\/"}]}},"_links":{"self":[{"href":"https:\/\/canal7slp.tv\/2025\/wp-json\/wp\/v2\/posts\/181614","targetHints":{"allow":["GET"]}}],"collection":[{"href":"https:\/\/canal7slp.tv\/2025\/wp-json\/wp\/v2\/posts"}],"about":[{"href":"https:\/\/canal7slp.tv\/2025\/wp-json\/wp\/v2\/types\/post"}],"author":[{"embeddable":true,"href":"https:\/\/canal7slp.tv\/2025\/wp-json\/wp\/v2\/users\/2"}],"replies":[{"embeddable":true,"href":"https:\/\/canal7slp.tv\/2025\/wp-json\/wp\/v2\/comments?post=181614"}],"version-history":[{"count":1,"href":"https:\/\/canal7slp.tv\/2025\/wp-json\/wp\/v2\/posts\/181614\/revisions"}],"predecessor-version":[{"id":181616,"href":"https:\/\/canal7slp.tv\/2025\/wp-json\/wp\/v2\/posts\/181614\/revisions\/181616"}],"wp:featuredmedia":[{"embeddable":true,"href":"https:\/\/canal7slp.tv\/2025\/wp-json\/wp\/v2\/media\/181615"}],"wp:attachment":[{"href":"https:\/\/canal7slp.tv\/2025\/wp-json\/wp\/v2\/media?parent=181614"}],"wp:term":[{"taxonomy":"category","embeddable":true,"href":"https:\/\/canal7slp.tv\/2025\/wp-json\/wp\/v2\/categories?post=181614"},{"taxonomy":"post_tag","embeddable":true,"href":"https:\/\/canal7slp.tv\/2025\/wp-json\/wp\/v2\/tags?post=181614"}],"curies":[{"name":"wp","href":"https:\/\/api.w.org\/{rel}","templated":true}]}}