{"id":181592,"date":"2025-10-09T14:43:45","date_gmt":"2025-10-09T20:43:45","guid":{"rendered":"https:\/\/canal7slp.tv\/2025\/?p=181592"},"modified":"2025-10-09T14:43:45","modified_gmt":"2025-10-09T20:43:45","slug":"unam-advierte-que-99-de-la-poblacion-mundial-respira-aire-contaminado-por-encima-de-los-limites-de-la-oms","status":"publish","type":"post","link":"https:\/\/canal7slp.tv\/2025\/unam-advierte-que-99-de-la-poblacion-mundial-respira-aire-contaminado-por-encima-de-los-limites-de-la-oms\/","title":{"rendered":"UNAM advierte que 99% de la poblaci\u00f3n mundial respira aire contaminado por encima de los l\u00edmites de la OMS"},"content":{"rendered":"<p style=\"text-align: justify;\">M\u00e9xico.- Especialistas del Instituto de Ciencias de la Atm\u00f3sfera y Cambio Clim\u00e1tico (ICAyCC) de la UNAM alertaron que el 99% de la poblaci\u00f3n mundial vive en zonas donde la calidad del aire supera los l\u00edmites recomendados por la Organizaci\u00f3n Mundial de la Salud (OMS), lo que representa un riesgo tanto para la salud p\u00fablica como para el clima global.<\/p>\n<p style=\"text-align: justify;\">Durante el foro \u201cEstado Actual y Futuro de la Investigaci\u00f3n sobre Contaminaci\u00f3n Atmosf\u00e9rica\u201d, la investigadora Telma Gloria Castro Romero destac\u00f3 que esta situaci\u00f3n est\u00e1 directamente vinculada con la quema de combustibles f\u00f3siles, principal fuente de contaminaci\u00f3n atmosf\u00e9rica y de gases de efecto invernadero.<\/p>\n<p style=\"text-align: justify;\">Los cient\u00edficos se\u00f1alaron que las concentraciones de di\u00f3xido de carbono (CO\u2082) aumentaron de 422.99 partes por mill\u00f3n (ppm) en agosto de 2024 a 425.48 ppm en agosto de 2025, confirmando una tendencia sostenida al alza.<\/p>\n<p style=\"text-align: justify;\">Asimismo, investigaciones realizadas en la Ciudad de M\u00e9xico revelaron que en el 72% de las viviendas estudiadas, las concentraciones de part\u00edculas finas PM2.5 fueron mayores en interiores que en exteriores, especialmente en hogares con fumadores.<\/p>\n<p style=\"text-align: justify;\">Los expertos coincidieron en la necesidad de ampliar el estudio de contaminantes no regulados y mejorar la ventilaci\u00f3n en espacios cerrados, como parte de una estrategia integral para reducir los riesgos ambientales y sanitarios asociados a la contaminaci\u00f3n del aire.<\/p>\n","protected":false},"excerpt":{"rendered":"<p>M\u00e9xico.- Especialistas del Instituto de Ciencias de la Atm\u00f3sfera y Cambio Clim\u00e1tico (ICAyCC) de la UNAM alertaron que el 99% de la poblaci\u00f3n mundial vive en zonas donde la calidad del aire supera los l\u00edmites recomendados por la Organizaci\u00f3n Mundial de la Salud (OMS), lo que representa un riesgo tanto para la salud p\u00fablica como para el clima global. Durante el foro \u201cEstado Actual y Futuro de la Investigaci\u00f3n sobre Contaminaci\u00f3n Atmosf\u00e9rica\u201d, la investigadora Telma Gloria Castro Romero destac\u00f3 que esta situaci\u00f3n est\u00e1 directamente vinculada con la quema de combustibles f\u00f3siles, principal fuente de contaminaci\u00f3n atmosf\u00e9rica y de gases de [&hellip;]<\/p>\n","protected":false},"author":2,"featured_media":181593,"comment_status":"closed","ping_status":"closed","sticky":false,"template":"","format":"standard","meta":{"_monsterinsights_skip_tracking":false,"_monsterinsights_sitenote_active":false,"_monsterinsights_sitenote_note":"","_monsterinsights_sitenote_category":0,"footnotes":""},"categories":[44,46],"tags":[],"class_list":["post-181592","post","type-post","status-publish","format-standard","has-post-thumbnail","hentry","category-internacional","category-nacional","post--single"],"yoast_head":"<!-- This site is optimized with the Yoast SEO plugin v27.4 - https:\/\/yoast.com\/product\/yoast-seo-wordpress\/ -->\n<title>UNAM advierte que 99% de la poblaci\u00f3n mundial respira aire contaminado por encima de los l\u00edmites de la OMS - Canal 7 SLP - 2025<\/title>\n<meta name=\"robots\" content=\"index, follow, max-snippet:-1, max-image-preview:large, max-video-preview:-1\" \/>\n<link rel=\"canonical\" href=\"https:\/\/canal7slp.tv\/2025\/unam-advierte-que-99-de-la-poblacion-mundial-respira-aire-contaminado-por-encima-de-los-limites-de-la-oms\/\" \/>\n<meta property=\"og:locale\" content=\"es_ES\" \/>\n<meta property=\"og:type\" content=\"article\" \/>\n<meta property=\"og:title\" content=\"UNAM advierte que 99% de la poblaci\u00f3n mundial respira aire contaminado por encima de los l\u00edmites de la OMS - Canal 7 SLP - 2025\" \/>\n<meta property=\"og:description\" content=\"M\u00e9xico.- Especialistas del Instituto de Ciencias de la Atm\u00f3sfera y Cambio Clim\u00e1tico (ICAyCC) de la UNAM alertaron que el 99% de la poblaci\u00f3n mundial vive en zonas donde la calidad del aire supera los l\u00edmites recomendados por la Organizaci\u00f3n Mundial de la Salud (OMS), lo que representa un riesgo tanto para la salud p\u00fablica como para el clima global. Durante el foro \u201cEstado Actual y Futuro de la Investigaci\u00f3n sobre Contaminaci\u00f3n Atmosf\u00e9rica\u201d, la investigadora Telma Gloria Castro Romero destac\u00f3 que esta situaci\u00f3n est\u00e1 directamente vinculada con la quema de combustibles f\u00f3siles, principal fuente de contaminaci\u00f3n atmosf\u00e9rica y de gases de [&hellip;]\" \/>\n<meta property=\"og:url\" content=\"https:\/\/canal7slp.tv\/2025\/unam-advierte-que-99-de-la-poblacion-mundial-respira-aire-contaminado-por-encima-de-los-limites-de-la-oms\/\" \/>\n<meta property=\"og:site_name\" content=\"Canal 7 SLP - 2025\" \/>\n<meta property=\"article:publisher\" content=\"https:\/\/www.facebook.com\/noticieroscanal7atencionciudadana\/\" \/>\n<meta property=\"article:published_time\" content=\"2025-10-09T20:43:45+00:00\" \/>\n<meta property=\"og:image\" content=\"https:\/\/canal7slp.tv\/2025\/wp-content\/uploads\/2025\/10\/07-8.jpg\" \/>\n\t<meta property=\"og:image:width\" content=\"888\" \/>\n\t<meta property=\"og:image:height\" content=\"500\" \/>\n\t<meta property=\"og:image:type\" content=\"image\/jpeg\" \/>\n<meta name=\"author\" content=\"Edici\u00f3n Web\" \/>\n<meta name=\"twitter:card\" content=\"summary_large_image\" \/>\n<meta name=\"twitter:creator\" content=\"@NOTICIEROS7\" \/>\n<meta name=\"twitter:site\" content=\"@NOTICIEROS7\" \/>\n<meta name=\"twitter:label1\" content=\"Escrito por\" \/>\n\t<meta name=\"twitter:data1\" content=\"Edici\u00f3n Web\" \/>\n\t<meta name=\"twitter:label2\" content=\"Tiempo de lectura\" \/>\n\t<meta name=\"twitter:data2\" content=\"1 minuto\" \/>\n<script type=\"application\/ld+json\" class=\"yoast-schema-graph\">{\"@context\":\"https:\\\/\\\/schema.org\",\"@graph\":[{\"@type\":\"Article\",\"@id\":\"https:\\\/\\\/canal7slp.tv\\\/2025\\\/unam-advierte-que-99-de-la-poblacion-mundial-respira-aire-contaminado-por-encima-de-los-limites-de-la-oms\\\/#article\",\"isPartOf\":{\"@id\":\"https:\\\/\\\/canal7slp.tv\\\/2025\\\/unam-advierte-que-99-de-la-poblacion-mundial-respira-aire-contaminado-por-encima-de-los-limites-de-la-oms\\\/\"},\"author\":{\"name\":\"Edici\u00f3n Web\",\"@id\":\"https:\\\/\\\/canal7slp.tv\\\/2025\\\/#\\\/schema\\\/person\\\/271e2b60a96e7cc9d9ac296f4d7e414b\"},\"headline\":\"UNAM advierte que 99% de la poblaci\u00f3n mundial respira aire contaminado por encima de los l\u00edmites de la OMS\",\"datePublished\":\"2025-10-09T20:43:45+00:00\",\"mainEntityOfPage\":{\"@id\":\"https:\\\/\\\/canal7slp.tv\\\/2025\\\/unam-advierte-que-99-de-la-poblacion-mundial-respira-aire-contaminado-por-encima-de-los-limites-de-la-oms\\\/\"},\"wordCount\":249,\"publisher\":{\"@id\":\"https:\\\/\\\/canal7slp.tv\\\/2025\\\/#organization\"},\"image\":{\"@id\":\"https:\\\/\\\/canal7slp.tv\\\/2025\\\/unam-advierte-que-99-de-la-poblacion-mundial-respira-aire-contaminado-por-encima-de-los-limites-de-la-oms\\\/#primaryimage\"},\"thumbnailUrl\":\"https:\\\/\\\/canal7slp.tv\\\/2025\\\/wp-content\\\/uploads\\\/2025\\\/10\\\/07-8.jpg\",\"articleSection\":[\"INTERNACIONALES\",\"NACIONALES\"],\"inLanguage\":\"es\"},{\"@type\":\"WebPage\",\"@id\":\"https:\\\/\\\/canal7slp.tv\\\/2025\\\/unam-advierte-que-99-de-la-poblacion-mundial-respira-aire-contaminado-por-encima-de-los-limites-de-la-oms\\\/\",\"url\":\"https:\\\/\\\/canal7slp.tv\\\/2025\\\/unam-advierte-que-99-de-la-poblacion-mundial-respira-aire-contaminado-por-encima-de-los-limites-de-la-oms\\\/\",\"name\":\"UNAM advierte que 99% de la poblaci\u00f3n mundial respira aire contaminado por encima de los l\u00edmites de la OMS - Canal 7 SLP - 2025\",\"isPartOf\":{\"@id\":\"https:\\\/\\\/canal7slp.tv\\\/2025\\\/#website\"},\"primaryImageOfPage\":{\"@id\":\"https:\\\/\\\/canal7slp.tv\\\/2025\\\/unam-advierte-que-99-de-la-poblacion-mundial-respira-aire-contaminado-por-encima-de-los-limites-de-la-oms\\\/#primaryimage\"},\"image\":{\"@id\":\"https:\\\/\\\/canal7slp.tv\\\/2025\\\/unam-advierte-que-99-de-la-poblacion-mundial-respira-aire-contaminado-por-encima-de-los-limites-de-la-oms\\\/#primaryimage\"},\"thumbnailUrl\":\"https:\\\/\\\/canal7slp.tv\\\/2025\\\/wp-content\\\/uploads\\\/2025\\\/10\\\/07-8.jpg\",\"datePublished\":\"2025-10-09T20:43:45+00:00\",\"breadcrumb\":{\"@id\":\"https:\\\/\\\/canal7slp.tv\\\/2025\\\/unam-advierte-que-99-de-la-poblacion-mundial-respira-aire-contaminado-por-encima-de-los-limites-de-la-oms\\\/#breadcrumb\"},\"inLanguage\":\"es\",\"potentialAction\":[{\"@type\":\"ReadAction\",\"target\":[\"https:\\\/\\\/canal7slp.tv\\\/2025\\\/unam-advierte-que-99-de-la-poblacion-mundial-respira-aire-contaminado-por-encima-de-los-limites-de-la-oms\\\/\"]}]},{\"@type\":\"ImageObject\",\"inLanguage\":\"es\",\"@id\":\"https:\\\/\\\/canal7slp.tv\\\/2025\\\/unam-advierte-que-99-de-la-poblacion-mundial-respira-aire-contaminado-por-encima-de-los-limites-de-la-oms\\\/#primaryimage\",\"url\":\"https:\\\/\\\/canal7slp.tv\\\/2025\\\/wp-content\\\/uploads\\\/2025\\\/10\\\/07-8.jpg\",\"contentUrl\":\"https:\\\/\\\/canal7slp.tv\\\/2025\\\/wp-content\\\/uploads\\\/2025\\\/10\\\/07-8.jpg\",\"width\":888,\"height\":500},{\"@type\":\"BreadcrumbList\",\"@id\":\"https:\\\/\\\/canal7slp.tv\\\/2025\\\/unam-advierte-que-99-de-la-poblacion-mundial-respira-aire-contaminado-por-encima-de-los-limites-de-la-oms\\\/#breadcrumb\",\"itemListElement\":[{\"@type\":\"ListItem\",\"position\":1,\"name\":\"Portada\",\"item\":\"https:\\\/\\\/canal7slp.tv\\\/2025\\\/\"},{\"@type\":\"ListItem\",\"position\":2,\"name\":\"UNAM advierte que 99% de la poblaci\u00f3n mundial respira aire contaminado por encima de los l\u00edmites de la OMS\"}]},{\"@type\":\"WebSite\",\"@id\":\"https:\\\/\\\/canal7slp.tv\\\/2025\\\/#website\",\"url\":\"https:\\\/\\\/canal7slp.tv\\\/2025\\\/\",\"name\":\"N7 - Noticieros Canal 7\",\"description\":\"Somos el Medio\",\"publisher\":{\"@id\":\"https:\\\/\\\/canal7slp.tv\\\/2025\\\/#organization\"},\"potentialAction\":[{\"@type\":\"SearchAction\",\"target\":{\"@type\":\"EntryPoint\",\"urlTemplate\":\"https:\\\/\\\/canal7slp.tv\\\/2025\\\/?s={search_term_string}\"},\"query-input\":{\"@type\":\"PropertyValueSpecification\",\"valueRequired\":true,\"valueName\":\"search_term_string\"}}],\"inLanguage\":\"es\"},{\"@type\":\"Organization\",\"@id\":\"https:\\\/\\\/canal7slp.tv\\\/2025\\\/#organization\",\"name\":\"Noticieros Canal 7\",\"url\":\"https:\\\/\\\/canal7slp.tv\\\/2025\\\/\",\"logo\":{\"@type\":\"ImageObject\",\"inLanguage\":\"es\",\"@id\":\"https:\\\/\\\/canal7slp.tv\\\/2025\\\/#\\\/schema\\\/logo\\\/image\\\/\",\"url\":\"https:\\\/\\\/canal7slp.tv\\\/2025\\\/wp-content\\\/uploads\\\/2021\\\/01\\\/logo-noticieros@2x.png\",\"contentUrl\":\"https:\\\/\\\/canal7slp.tv\\\/2025\\\/wp-content\\\/uploads\\\/2021\\\/01\\\/logo-noticieros@2x.png\",\"width\":1017,\"height\":268,\"caption\":\"Noticieros Canal 7\"},\"image\":{\"@id\":\"https:\\\/\\\/canal7slp.tv\\\/2025\\\/#\\\/schema\\\/logo\\\/image\\\/\"},\"sameAs\":[\"https:\\\/\\\/www.facebook.com\\\/noticieroscanal7atencionciudadana\\\/\",\"https:\\\/\\\/x.com\\\/NOTICIEROS7\",\"https:\\\/\\\/www.instagram.com\\\/canal7_slp\",\"https:\\\/\\\/www.youtube.com\\\/channel\\\/UCliiYs-gP3JfJeqdPrNdd5A\"]},{\"@type\":\"Person\",\"@id\":\"https:\\\/\\\/canal7slp.tv\\\/2025\\\/#\\\/schema\\\/person\\\/271e2b60a96e7cc9d9ac296f4d7e414b\",\"name\":\"Edici\u00f3n Web\",\"image\":{\"@type\":\"ImageObject\",\"inLanguage\":\"es\",\"@id\":\"https:\\\/\\\/secure.gravatar.com\\\/avatar\\\/eee448fc3f7164808013b816ba91ac7e43bbe82a70bebac296f8bc6f0addaa1a?s=96&d=mm&r=g\",\"url\":\"https:\\\/\\\/secure.gravatar.com\\\/avatar\\\/eee448fc3f7164808013b816ba91ac7e43bbe82a70bebac296f8bc6f0addaa1a?s=96&d=mm&r=g\",\"contentUrl\":\"https:\\\/\\\/secure.gravatar.com\\\/avatar\\\/eee448fc3f7164808013b816ba91ac7e43bbe82a70bebac296f8bc6f0addaa1a?s=96&d=mm&r=g\",\"caption\":\"Edici\u00f3n Web\"},\"url\":\"https:\\\/\\\/canal7slp.tv\\\/2025\\\/author\\\/edicionweb\\\/\"}]}<\/script>\n<!-- \/ Yoast SEO plugin. -->","yoast_head_json":{"title":"UNAM advierte que 99% de la poblaci\u00f3n mundial respira aire contaminado por encima de los l\u00edmites de la OMS - Canal 7 SLP - 2025","robots":{"index":"index","follow":"follow","max-snippet":"max-snippet:-1","max-image-preview":"max-image-preview:large","max-video-preview":"max-video-preview:-1"},"canonical":"https:\/\/canal7slp.tv\/2025\/unam-advierte-que-99-de-la-poblacion-mundial-respira-aire-contaminado-por-encima-de-los-limites-de-la-oms\/","og_locale":"es_ES","og_type":"article","og_title":"UNAM advierte que 99% de la poblaci\u00f3n mundial respira aire contaminado por encima de los l\u00edmites de la OMS - Canal 7 SLP - 2025","og_description":"M\u00e9xico.- Especialistas del Instituto de Ciencias de la Atm\u00f3sfera y Cambio Clim\u00e1tico (ICAyCC) de la UNAM alertaron que el 99% de la poblaci\u00f3n mundial vive en zonas donde la calidad del aire supera los l\u00edmites recomendados por la Organizaci\u00f3n Mundial de la Salud (OMS), lo que representa un riesgo tanto para la salud p\u00fablica como para el clima global. Durante el foro \u201cEstado Actual y Futuro de la Investigaci\u00f3n sobre Contaminaci\u00f3n Atmosf\u00e9rica\u201d, la investigadora Telma Gloria Castro Romero destac\u00f3 que esta situaci\u00f3n est\u00e1 directamente vinculada con la quema de combustibles f\u00f3siles, principal fuente de contaminaci\u00f3n atmosf\u00e9rica y de gases de [&hellip;]","og_url":"https:\/\/canal7slp.tv\/2025\/unam-advierte-que-99-de-la-poblacion-mundial-respira-aire-contaminado-por-encima-de-los-limites-de-la-oms\/","og_site_name":"Canal 7 SLP - 2025","article_publisher":"https:\/\/www.facebook.com\/noticieroscanal7atencionciudadana\/","article_published_time":"2025-10-09T20:43:45+00:00","og_image":[{"width":888,"height":500,"url":"https:\/\/canal7slp.tv\/2025\/wp-content\/uploads\/2025\/10\/07-8.jpg","type":"image\/jpeg"}],"author":"Edici\u00f3n Web","twitter_card":"summary_large_image","twitter_creator":"@NOTICIEROS7","twitter_site":"@NOTICIEROS7","twitter_misc":{"Escrito por":"Edici\u00f3n Web","Tiempo de lectura":"1 minuto"},"schema":{"@context":"https:\/\/schema.org","@graph":[{"@type":"Article","@id":"https:\/\/canal7slp.tv\/2025\/unam-advierte-que-99-de-la-poblacion-mundial-respira-aire-contaminado-por-encima-de-los-limites-de-la-oms\/#article","isPartOf":{"@id":"https:\/\/canal7slp.tv\/2025\/unam-advierte-que-99-de-la-poblacion-mundial-respira-aire-contaminado-por-encima-de-los-limites-de-la-oms\/"},"author":{"name":"Edici\u00f3n Web","@id":"https:\/\/canal7slp.tv\/2025\/#\/schema\/person\/271e2b60a96e7cc9d9ac296f4d7e414b"},"headline":"UNAM advierte que 99% de la poblaci\u00f3n mundial respira aire contaminado por encima de los l\u00edmites de la OMS","datePublished":"2025-10-09T20:43:45+00:00","mainEntityOfPage":{"@id":"https:\/\/canal7slp.tv\/2025\/unam-advierte-que-99-de-la-poblacion-mundial-respira-aire-contaminado-por-encima-de-los-limites-de-la-oms\/"},"wordCount":249,"publisher":{"@id":"https:\/\/canal7slp.tv\/2025\/#organization"},"image":{"@id":"https:\/\/canal7slp.tv\/2025\/unam-advierte-que-99-de-la-poblacion-mundial-respira-aire-contaminado-por-encima-de-los-limites-de-la-oms\/#primaryimage"},"thumbnailUrl":"https:\/\/canal7slp.tv\/2025\/wp-content\/uploads\/2025\/10\/07-8.jpg","articleSection":["INTERNACIONALES","NACIONALES"],"inLanguage":"es"},{"@type":"WebPage","@id":"https:\/\/canal7slp.tv\/2025\/unam-advierte-que-99-de-la-poblacion-mundial-respira-aire-contaminado-por-encima-de-los-limites-de-la-oms\/","url":"https:\/\/canal7slp.tv\/2025\/unam-advierte-que-99-de-la-poblacion-mundial-respira-aire-contaminado-por-encima-de-los-limites-de-la-oms\/","name":"UNAM advierte que 99% de la poblaci\u00f3n mundial respira aire contaminado por encima de los l\u00edmites de la OMS - Canal 7 SLP - 2025","isPartOf":{"@id":"https:\/\/canal7slp.tv\/2025\/#website"},"primaryImageOfPage":{"@id":"https:\/\/canal7slp.tv\/2025\/unam-advierte-que-99-de-la-poblacion-mundial-respira-aire-contaminado-por-encima-de-los-limites-de-la-oms\/#primaryimage"},"image":{"@id":"https:\/\/canal7slp.tv\/2025\/unam-advierte-que-99-de-la-poblacion-mundial-respira-aire-contaminado-por-encima-de-los-limites-de-la-oms\/#primaryimage"},"thumbnailUrl":"https:\/\/canal7slp.tv\/2025\/wp-content\/uploads\/2025\/10\/07-8.jpg","datePublished":"2025-10-09T20:43:45+00:00","breadcrumb":{"@id":"https:\/\/canal7slp.tv\/2025\/unam-advierte-que-99-de-la-poblacion-mundial-respira-aire-contaminado-por-encima-de-los-limites-de-la-oms\/#breadcrumb"},"inLanguage":"es","potentialAction":[{"@type":"ReadAction","target":["https:\/\/canal7slp.tv\/2025\/unam-advierte-que-99-de-la-poblacion-mundial-respira-aire-contaminado-por-encima-de-los-limites-de-la-oms\/"]}]},{"@type":"ImageObject","inLanguage":"es","@id":"https:\/\/canal7slp.tv\/2025\/unam-advierte-que-99-de-la-poblacion-mundial-respira-aire-contaminado-por-encima-de-los-limites-de-la-oms\/#primaryimage","url":"https:\/\/canal7slp.tv\/2025\/wp-content\/uploads\/2025\/10\/07-8.jpg","contentUrl":"https:\/\/canal7slp.tv\/2025\/wp-content\/uploads\/2025\/10\/07-8.jpg","width":888,"height":500},{"@type":"BreadcrumbList","@id":"https:\/\/canal7slp.tv\/2025\/unam-advierte-que-99-de-la-poblacion-mundial-respira-aire-contaminado-por-encima-de-los-limites-de-la-oms\/#breadcrumb","itemListElement":[{"@type":"ListItem","position":1,"name":"Portada","item":"https:\/\/canal7slp.tv\/2025\/"},{"@type":"ListItem","position":2,"name":"UNAM advierte que 99% de la poblaci\u00f3n mundial respira aire contaminado por encima de los l\u00edmites de la OMS"}]},{"@type":"WebSite","@id":"https:\/\/canal7slp.tv\/2025\/#website","url":"https:\/\/canal7slp.tv\/2025\/","name":"N7 - Noticieros Canal 7","description":"Somos el Medio","publisher":{"@id":"https:\/\/canal7slp.tv\/2025\/#organization"},"potentialAction":[{"@type":"SearchAction","target":{"@type":"EntryPoint","urlTemplate":"https:\/\/canal7slp.tv\/2025\/?s={search_term_string}"},"query-input":{"@type":"PropertyValueSpecification","valueRequired":true,"valueName":"search_term_string"}}],"inLanguage":"es"},{"@type":"Organization","@id":"https:\/\/canal7slp.tv\/2025\/#organization","name":"Noticieros Canal 7","url":"https:\/\/canal7slp.tv\/2025\/","logo":{"@type":"ImageObject","inLanguage":"es","@id":"https:\/\/canal7slp.tv\/2025\/#\/schema\/logo\/image\/","url":"https:\/\/canal7slp.tv\/2025\/wp-content\/uploads\/2021\/01\/logo-noticieros@2x.png","contentUrl":"https:\/\/canal7slp.tv\/2025\/wp-content\/uploads\/2021\/01\/logo-noticieros@2x.png","width":1017,"height":268,"caption":"Noticieros Canal 7"},"image":{"@id":"https:\/\/canal7slp.tv\/2025\/#\/schema\/logo\/image\/"},"sameAs":["https:\/\/www.facebook.com\/noticieroscanal7atencionciudadana\/","https:\/\/x.com\/NOTICIEROS7","https:\/\/www.instagram.com\/canal7_slp","https:\/\/www.youtube.com\/channel\/UCliiYs-gP3JfJeqdPrNdd5A"]},{"@type":"Person","@id":"https:\/\/canal7slp.tv\/2025\/#\/schema\/person\/271e2b60a96e7cc9d9ac296f4d7e414b","name":"Edici\u00f3n Web","image":{"@type":"ImageObject","inLanguage":"es","@id":"https:\/\/secure.gravatar.com\/avatar\/eee448fc3f7164808013b816ba91ac7e43bbe82a70bebac296f8bc6f0addaa1a?s=96&d=mm&r=g","url":"https:\/\/secure.gravatar.com\/avatar\/eee448fc3f7164808013b816ba91ac7e43bbe82a70bebac296f8bc6f0addaa1a?s=96&d=mm&r=g","contentUrl":"https:\/\/secure.gravatar.com\/avatar\/eee448fc3f7164808013b816ba91ac7e43bbe82a70bebac296f8bc6f0addaa1a?s=96&d=mm&r=g","caption":"Edici\u00f3n Web"},"url":"https:\/\/canal7slp.tv\/2025\/author\/edicionweb\/"}]}},"_links":{"self":[{"href":"https:\/\/canal7slp.tv\/2025\/wp-json\/wp\/v2\/posts\/181592","targetHints":{"allow":["GET"]}}],"collection":[{"href":"https:\/\/canal7slp.tv\/2025\/wp-json\/wp\/v2\/posts"}],"about":[{"href":"https:\/\/canal7slp.tv\/2025\/wp-json\/wp\/v2\/types\/post"}],"author":[{"embeddable":true,"href":"https:\/\/canal7slp.tv\/2025\/wp-json\/wp\/v2\/users\/2"}],"replies":[{"embeddable":true,"href":"https:\/\/canal7slp.tv\/2025\/wp-json\/wp\/v2\/comments?post=181592"}],"version-history":[{"count":1,"href":"https:\/\/canal7slp.tv\/2025\/wp-json\/wp\/v2\/posts\/181592\/revisions"}],"predecessor-version":[{"id":181594,"href":"https:\/\/canal7slp.tv\/2025\/wp-json\/wp\/v2\/posts\/181592\/revisions\/181594"}],"wp:featuredmedia":[{"embeddable":true,"href":"https:\/\/canal7slp.tv\/2025\/wp-json\/wp\/v2\/media\/181593"}],"wp:attachment":[{"href":"https:\/\/canal7slp.tv\/2025\/wp-json\/wp\/v2\/media?parent=181592"}],"wp:term":[{"taxonomy":"category","embeddable":true,"href":"https:\/\/canal7slp.tv\/2025\/wp-json\/wp\/v2\/categories?post=181592"},{"taxonomy":"post_tag","embeddable":true,"href":"https:\/\/canal7slp.tv\/2025\/wp-json\/wp\/v2\/tags?post=181592"}],"curies":[{"name":"wp","href":"https:\/\/api.w.org\/{rel}","templated":true}]}}