{"id":181576,"date":"2025-10-09T13:35:28","date_gmt":"2025-10-09T19:35:28","guid":{"rendered":"https:\/\/canal7slp.tv\/2025\/?p=181576"},"modified":"2025-10-09T13:35:28","modified_gmt":"2025-10-09T19:35:28","slug":"la-vacuna-bcg-estara-disponible-a-finales-de-octubre-confirma-la-secretaria-de-salud","status":"publish","type":"post","link":"https:\/\/canal7slp.tv\/2025\/la-vacuna-bcg-estara-disponible-a-finales-de-octubre-confirma-la-secretaria-de-salud\/","title":{"rendered":"La vacuna BCG estar\u00e1 disponible a finales de octubre, confirma la Secretar\u00eda de Salud"},"content":{"rendered":"<p style=\"text-align: justify;\">M\u00e9xico.- La Secretar\u00eda de Salud inform\u00f3 que la vacuna BCG, utilizada para prevenir formas graves de tuberculosis en reci\u00e9n nacidos, fue liberada y estar\u00e1 disponible para su aplicaci\u00f3n en un plazo aproximado de 15 d\u00edas.<\/p>\n<p style=\"text-align: justify;\">La dependencia detall\u00f3 que a partir de este mi\u00e9rcoles inici\u00f3 la distribuci\u00f3n del biol\u00f3gico en todas las unidades de salud del pa\u00eds.<\/p>\n<p style=\"text-align: justify;\">El desabasto de esta vacuna se hab\u00eda reportado desde mediados de 2025 en estados como Guanajuato, Colima, Baja California y Nuevo Le\u00f3n.<\/p>\n<p style=\"text-align: justify;\">En julio pasado, las autoridades atribuyeron la escasez a un cambio en la sede de producci\u00f3n del laboratorio proveedor en India, lo que requiri\u00f3 un nuevo proceso de autorizaci\u00f3n por parte de la Cofepris.<\/p>\n<p style=\"text-align: justify;\">Aunque en agosto se inform\u00f3 sobre la disponibilidad de 3.4 millones de dosis, suficientes para dos a\u00f1os de vacunaci\u00f3n, la Secretar\u00eda confirm\u00f3 que su aplicaci\u00f3n en reci\u00e9n nacidos y menores con rezago se llevar\u00e1 a cabo hasta finales de octubre.<\/p>\n","protected":false},"excerpt":{"rendered":"<p>M\u00e9xico.- La Secretar\u00eda de Salud inform\u00f3 que la vacuna BCG, utilizada para prevenir formas graves de tuberculosis en reci\u00e9n nacidos, fue liberada y estar\u00e1 disponible para su aplicaci\u00f3n en un plazo aproximado de 15 d\u00edas. La dependencia detall\u00f3 que a partir de este mi\u00e9rcoles inici\u00f3 la distribuci\u00f3n del biol\u00f3gico en todas las unidades de salud del pa\u00eds. El desabasto de esta vacuna se hab\u00eda reportado desde mediados de 2025 en estados como Guanajuato, Colima, Baja California y Nuevo Le\u00f3n. En julio pasado, las autoridades atribuyeron la escasez a un cambio en la sede de producci\u00f3n del laboratorio proveedor en India, [&hellip;]<\/p>\n","protected":false},"author":2,"featured_media":181578,"comment_status":"closed","ping_status":"closed","sticky":false,"template":"","format":"standard","meta":{"_monsterinsights_skip_tracking":false,"_monsterinsights_sitenote_active":false,"_monsterinsights_sitenote_note":"","_monsterinsights_sitenote_category":0,"footnotes":""},"categories":[46],"tags":[],"class_list":["post-181576","post","type-post","status-publish","format-standard","has-post-thumbnail","hentry","category-nacional","post--single"],"yoast_head":"<!-- This site is optimized with the Yoast SEO plugin v27.4 - https:\/\/yoast.com\/product\/yoast-seo-wordpress\/ -->\n<title>La vacuna BCG estar\u00e1 disponible a finales de octubre, confirma la Secretar\u00eda de Salud - Canal 7 SLP - 2025<\/title>\n<meta name=\"robots\" content=\"index, follow, max-snippet:-1, max-image-preview:large, max-video-preview:-1\" \/>\n<link rel=\"canonical\" href=\"https:\/\/canal7slp.tv\/2025\/la-vacuna-bcg-estara-disponible-a-finales-de-octubre-confirma-la-secretaria-de-salud\/\" \/>\n<meta property=\"og:locale\" content=\"es_ES\" \/>\n<meta property=\"og:type\" content=\"article\" \/>\n<meta property=\"og:title\" content=\"La vacuna BCG estar\u00e1 disponible a finales de octubre, confirma la Secretar\u00eda de Salud - Canal 7 SLP - 2025\" \/>\n<meta property=\"og:description\" content=\"M\u00e9xico.- La Secretar\u00eda de Salud inform\u00f3 que la vacuna BCG, utilizada para prevenir formas graves de tuberculosis en reci\u00e9n nacidos, fue liberada y estar\u00e1 disponible para su aplicaci\u00f3n en un plazo aproximado de 15 d\u00edas. La dependencia detall\u00f3 que a partir de este mi\u00e9rcoles inici\u00f3 la distribuci\u00f3n del biol\u00f3gico en todas las unidades de salud del pa\u00eds. El desabasto de esta vacuna se hab\u00eda reportado desde mediados de 2025 en estados como Guanajuato, Colima, Baja California y Nuevo Le\u00f3n. En julio pasado, las autoridades atribuyeron la escasez a un cambio en la sede de producci\u00f3n del laboratorio proveedor en India, [&hellip;]\" \/>\n<meta property=\"og:url\" content=\"https:\/\/canal7slp.tv\/2025\/la-vacuna-bcg-estara-disponible-a-finales-de-octubre-confirma-la-secretaria-de-salud\/\" \/>\n<meta property=\"og:site_name\" content=\"Canal 7 SLP - 2025\" \/>\n<meta property=\"article:publisher\" content=\"https:\/\/www.facebook.com\/noticieroscanal7atencionciudadana\/\" \/>\n<meta property=\"article:published_time\" content=\"2025-10-09T19:35:28+00:00\" \/>\n<meta property=\"og:image\" content=\"https:\/\/canal7slp.tv\/2025\/wp-content\/uploads\/2025\/10\/03-8.jpg\" \/>\n\t<meta property=\"og:image:width\" content=\"727\" \/>\n\t<meta property=\"og:image:height\" content=\"410\" \/>\n\t<meta property=\"og:image:type\" content=\"image\/jpeg\" \/>\n<meta name=\"author\" content=\"Edici\u00f3n Web\" \/>\n<meta name=\"twitter:card\" content=\"summary_large_image\" \/>\n<meta name=\"twitter:creator\" content=\"@NOTICIEROS7\" \/>\n<meta name=\"twitter:site\" content=\"@NOTICIEROS7\" \/>\n<meta name=\"twitter:label1\" content=\"Escrito por\" \/>\n\t<meta name=\"twitter:data1\" content=\"Edici\u00f3n Web\" \/>\n\t<meta name=\"twitter:label2\" content=\"Tiempo de lectura\" \/>\n\t<meta name=\"twitter:data2\" content=\"1 minuto\" \/>\n<script type=\"application\/ld+json\" class=\"yoast-schema-graph\">{\"@context\":\"https:\\\/\\\/schema.org\",\"@graph\":[{\"@type\":\"Article\",\"@id\":\"https:\\\/\\\/canal7slp.tv\\\/2025\\\/la-vacuna-bcg-estara-disponible-a-finales-de-octubre-confirma-la-secretaria-de-salud\\\/#article\",\"isPartOf\":{\"@id\":\"https:\\\/\\\/canal7slp.tv\\\/2025\\\/la-vacuna-bcg-estara-disponible-a-finales-de-octubre-confirma-la-secretaria-de-salud\\\/\"},\"author\":{\"name\":\"Edici\u00f3n Web\",\"@id\":\"https:\\\/\\\/canal7slp.tv\\\/2025\\\/#\\\/schema\\\/person\\\/271e2b60a96e7cc9d9ac296f4d7e414b\"},\"headline\":\"La vacuna BCG estar\u00e1 disponible a finales de octubre, confirma la Secretar\u00eda de Salud\",\"datePublished\":\"2025-10-09T19:35:28+00:00\",\"mainEntityOfPage\":{\"@id\":\"https:\\\/\\\/canal7slp.tv\\\/2025\\\/la-vacuna-bcg-estara-disponible-a-finales-de-octubre-confirma-la-secretaria-de-salud\\\/\"},\"wordCount\":184,\"publisher\":{\"@id\":\"https:\\\/\\\/canal7slp.tv\\\/2025\\\/#organization\"},\"image\":{\"@id\":\"https:\\\/\\\/canal7slp.tv\\\/2025\\\/la-vacuna-bcg-estara-disponible-a-finales-de-octubre-confirma-la-secretaria-de-salud\\\/#primaryimage\"},\"thumbnailUrl\":\"https:\\\/\\\/canal7slp.tv\\\/2025\\\/wp-content\\\/uploads\\\/2025\\\/10\\\/03-8.jpg\",\"articleSection\":[\"NACIONALES\"],\"inLanguage\":\"es\"},{\"@type\":\"WebPage\",\"@id\":\"https:\\\/\\\/canal7slp.tv\\\/2025\\\/la-vacuna-bcg-estara-disponible-a-finales-de-octubre-confirma-la-secretaria-de-salud\\\/\",\"url\":\"https:\\\/\\\/canal7slp.tv\\\/2025\\\/la-vacuna-bcg-estara-disponible-a-finales-de-octubre-confirma-la-secretaria-de-salud\\\/\",\"name\":\"La vacuna BCG estar\u00e1 disponible a finales de octubre, confirma la Secretar\u00eda de Salud - Canal 7 SLP - 2025\",\"isPartOf\":{\"@id\":\"https:\\\/\\\/canal7slp.tv\\\/2025\\\/#website\"},\"primaryImageOfPage\":{\"@id\":\"https:\\\/\\\/canal7slp.tv\\\/2025\\\/la-vacuna-bcg-estara-disponible-a-finales-de-octubre-confirma-la-secretaria-de-salud\\\/#primaryimage\"},\"image\":{\"@id\":\"https:\\\/\\\/canal7slp.tv\\\/2025\\\/la-vacuna-bcg-estara-disponible-a-finales-de-octubre-confirma-la-secretaria-de-salud\\\/#primaryimage\"},\"thumbnailUrl\":\"https:\\\/\\\/canal7slp.tv\\\/2025\\\/wp-content\\\/uploads\\\/2025\\\/10\\\/03-8.jpg\",\"datePublished\":\"2025-10-09T19:35:28+00:00\",\"breadcrumb\":{\"@id\":\"https:\\\/\\\/canal7slp.tv\\\/2025\\\/la-vacuna-bcg-estara-disponible-a-finales-de-octubre-confirma-la-secretaria-de-salud\\\/#breadcrumb\"},\"inLanguage\":\"es\",\"potentialAction\":[{\"@type\":\"ReadAction\",\"target\":[\"https:\\\/\\\/canal7slp.tv\\\/2025\\\/la-vacuna-bcg-estara-disponible-a-finales-de-octubre-confirma-la-secretaria-de-salud\\\/\"]}]},{\"@type\":\"ImageObject\",\"inLanguage\":\"es\",\"@id\":\"https:\\\/\\\/canal7slp.tv\\\/2025\\\/la-vacuna-bcg-estara-disponible-a-finales-de-octubre-confirma-la-secretaria-de-salud\\\/#primaryimage\",\"url\":\"https:\\\/\\\/canal7slp.tv\\\/2025\\\/wp-content\\\/uploads\\\/2025\\\/10\\\/03-8.jpg\",\"contentUrl\":\"https:\\\/\\\/canal7slp.tv\\\/2025\\\/wp-content\\\/uploads\\\/2025\\\/10\\\/03-8.jpg\",\"width\":727,\"height\":410},{\"@type\":\"BreadcrumbList\",\"@id\":\"https:\\\/\\\/canal7slp.tv\\\/2025\\\/la-vacuna-bcg-estara-disponible-a-finales-de-octubre-confirma-la-secretaria-de-salud\\\/#breadcrumb\",\"itemListElement\":[{\"@type\":\"ListItem\",\"position\":1,\"name\":\"Portada\",\"item\":\"https:\\\/\\\/canal7slp.tv\\\/2025\\\/\"},{\"@type\":\"ListItem\",\"position\":2,\"name\":\"La vacuna BCG estar\u00e1 disponible a finales de octubre, confirma la Secretar\u00eda de Salud\"}]},{\"@type\":\"WebSite\",\"@id\":\"https:\\\/\\\/canal7slp.tv\\\/2025\\\/#website\",\"url\":\"https:\\\/\\\/canal7slp.tv\\\/2025\\\/\",\"name\":\"N7 - Noticieros Canal 7\",\"description\":\"Somos el Medio\",\"publisher\":{\"@id\":\"https:\\\/\\\/canal7slp.tv\\\/2025\\\/#organization\"},\"potentialAction\":[{\"@type\":\"SearchAction\",\"target\":{\"@type\":\"EntryPoint\",\"urlTemplate\":\"https:\\\/\\\/canal7slp.tv\\\/2025\\\/?s={search_term_string}\"},\"query-input\":{\"@type\":\"PropertyValueSpecification\",\"valueRequired\":true,\"valueName\":\"search_term_string\"}}],\"inLanguage\":\"es\"},{\"@type\":\"Organization\",\"@id\":\"https:\\\/\\\/canal7slp.tv\\\/2025\\\/#organization\",\"name\":\"Noticieros Canal 7\",\"url\":\"https:\\\/\\\/canal7slp.tv\\\/2025\\\/\",\"logo\":{\"@type\":\"ImageObject\",\"inLanguage\":\"es\",\"@id\":\"https:\\\/\\\/canal7slp.tv\\\/2025\\\/#\\\/schema\\\/logo\\\/image\\\/\",\"url\":\"https:\\\/\\\/canal7slp.tv\\\/2025\\\/wp-content\\\/uploads\\\/2021\\\/01\\\/logo-noticieros@2x.png\",\"contentUrl\":\"https:\\\/\\\/canal7slp.tv\\\/2025\\\/wp-content\\\/uploads\\\/2021\\\/01\\\/logo-noticieros@2x.png\",\"width\":1017,\"height\":268,\"caption\":\"Noticieros Canal 7\"},\"image\":{\"@id\":\"https:\\\/\\\/canal7slp.tv\\\/2025\\\/#\\\/schema\\\/logo\\\/image\\\/\"},\"sameAs\":[\"https:\\\/\\\/www.facebook.com\\\/noticieroscanal7atencionciudadana\\\/\",\"https:\\\/\\\/x.com\\\/NOTICIEROS7\",\"https:\\\/\\\/www.instagram.com\\\/canal7_slp\",\"https:\\\/\\\/www.youtube.com\\\/channel\\\/UCliiYs-gP3JfJeqdPrNdd5A\"]},{\"@type\":\"Person\",\"@id\":\"https:\\\/\\\/canal7slp.tv\\\/2025\\\/#\\\/schema\\\/person\\\/271e2b60a96e7cc9d9ac296f4d7e414b\",\"name\":\"Edici\u00f3n Web\",\"image\":{\"@type\":\"ImageObject\",\"inLanguage\":\"es\",\"@id\":\"https:\\\/\\\/secure.gravatar.com\\\/avatar\\\/eee448fc3f7164808013b816ba91ac7e43bbe82a70bebac296f8bc6f0addaa1a?s=96&d=mm&r=g\",\"url\":\"https:\\\/\\\/secure.gravatar.com\\\/avatar\\\/eee448fc3f7164808013b816ba91ac7e43bbe82a70bebac296f8bc6f0addaa1a?s=96&d=mm&r=g\",\"contentUrl\":\"https:\\\/\\\/secure.gravatar.com\\\/avatar\\\/eee448fc3f7164808013b816ba91ac7e43bbe82a70bebac296f8bc6f0addaa1a?s=96&d=mm&r=g\",\"caption\":\"Edici\u00f3n Web\"},\"url\":\"https:\\\/\\\/canal7slp.tv\\\/2025\\\/author\\\/edicionweb\\\/\"}]}<\/script>\n<!-- \/ Yoast SEO plugin. -->","yoast_head_json":{"title":"La vacuna BCG estar\u00e1 disponible a finales de octubre, confirma la Secretar\u00eda de Salud - Canal 7 SLP - 2025","robots":{"index":"index","follow":"follow","max-snippet":"max-snippet:-1","max-image-preview":"max-image-preview:large","max-video-preview":"max-video-preview:-1"},"canonical":"https:\/\/canal7slp.tv\/2025\/la-vacuna-bcg-estara-disponible-a-finales-de-octubre-confirma-la-secretaria-de-salud\/","og_locale":"es_ES","og_type":"article","og_title":"La vacuna BCG estar\u00e1 disponible a finales de octubre, confirma la Secretar\u00eda de Salud - Canal 7 SLP - 2025","og_description":"M\u00e9xico.- La Secretar\u00eda de Salud inform\u00f3 que la vacuna BCG, utilizada para prevenir formas graves de tuberculosis en reci\u00e9n nacidos, fue liberada y estar\u00e1 disponible para su aplicaci\u00f3n en un plazo aproximado de 15 d\u00edas. La dependencia detall\u00f3 que a partir de este mi\u00e9rcoles inici\u00f3 la distribuci\u00f3n del biol\u00f3gico en todas las unidades de salud del pa\u00eds. El desabasto de esta vacuna se hab\u00eda reportado desde mediados de 2025 en estados como Guanajuato, Colima, Baja California y Nuevo Le\u00f3n. En julio pasado, las autoridades atribuyeron la escasez a un cambio en la sede de producci\u00f3n del laboratorio proveedor en India, [&hellip;]","og_url":"https:\/\/canal7slp.tv\/2025\/la-vacuna-bcg-estara-disponible-a-finales-de-octubre-confirma-la-secretaria-de-salud\/","og_site_name":"Canal 7 SLP - 2025","article_publisher":"https:\/\/www.facebook.com\/noticieroscanal7atencionciudadana\/","article_published_time":"2025-10-09T19:35:28+00:00","og_image":[{"width":727,"height":410,"url":"https:\/\/canal7slp.tv\/2025\/wp-content\/uploads\/2025\/10\/03-8.jpg","type":"image\/jpeg"}],"author":"Edici\u00f3n Web","twitter_card":"summary_large_image","twitter_creator":"@NOTICIEROS7","twitter_site":"@NOTICIEROS7","twitter_misc":{"Escrito por":"Edici\u00f3n Web","Tiempo de lectura":"1 minuto"},"schema":{"@context":"https:\/\/schema.org","@graph":[{"@type":"Article","@id":"https:\/\/canal7slp.tv\/2025\/la-vacuna-bcg-estara-disponible-a-finales-de-octubre-confirma-la-secretaria-de-salud\/#article","isPartOf":{"@id":"https:\/\/canal7slp.tv\/2025\/la-vacuna-bcg-estara-disponible-a-finales-de-octubre-confirma-la-secretaria-de-salud\/"},"author":{"name":"Edici\u00f3n Web","@id":"https:\/\/canal7slp.tv\/2025\/#\/schema\/person\/271e2b60a96e7cc9d9ac296f4d7e414b"},"headline":"La vacuna BCG estar\u00e1 disponible a finales de octubre, confirma la Secretar\u00eda de Salud","datePublished":"2025-10-09T19:35:28+00:00","mainEntityOfPage":{"@id":"https:\/\/canal7slp.tv\/2025\/la-vacuna-bcg-estara-disponible-a-finales-de-octubre-confirma-la-secretaria-de-salud\/"},"wordCount":184,"publisher":{"@id":"https:\/\/canal7slp.tv\/2025\/#organization"},"image":{"@id":"https:\/\/canal7slp.tv\/2025\/la-vacuna-bcg-estara-disponible-a-finales-de-octubre-confirma-la-secretaria-de-salud\/#primaryimage"},"thumbnailUrl":"https:\/\/canal7slp.tv\/2025\/wp-content\/uploads\/2025\/10\/03-8.jpg","articleSection":["NACIONALES"],"inLanguage":"es"},{"@type":"WebPage","@id":"https:\/\/canal7slp.tv\/2025\/la-vacuna-bcg-estara-disponible-a-finales-de-octubre-confirma-la-secretaria-de-salud\/","url":"https:\/\/canal7slp.tv\/2025\/la-vacuna-bcg-estara-disponible-a-finales-de-octubre-confirma-la-secretaria-de-salud\/","name":"La vacuna BCG estar\u00e1 disponible a finales de octubre, confirma la Secretar\u00eda de Salud - Canal 7 SLP - 2025","isPartOf":{"@id":"https:\/\/canal7slp.tv\/2025\/#website"},"primaryImageOfPage":{"@id":"https:\/\/canal7slp.tv\/2025\/la-vacuna-bcg-estara-disponible-a-finales-de-octubre-confirma-la-secretaria-de-salud\/#primaryimage"},"image":{"@id":"https:\/\/canal7slp.tv\/2025\/la-vacuna-bcg-estara-disponible-a-finales-de-octubre-confirma-la-secretaria-de-salud\/#primaryimage"},"thumbnailUrl":"https:\/\/canal7slp.tv\/2025\/wp-content\/uploads\/2025\/10\/03-8.jpg","datePublished":"2025-10-09T19:35:28+00:00","breadcrumb":{"@id":"https:\/\/canal7slp.tv\/2025\/la-vacuna-bcg-estara-disponible-a-finales-de-octubre-confirma-la-secretaria-de-salud\/#breadcrumb"},"inLanguage":"es","potentialAction":[{"@type":"ReadAction","target":["https:\/\/canal7slp.tv\/2025\/la-vacuna-bcg-estara-disponible-a-finales-de-octubre-confirma-la-secretaria-de-salud\/"]}]},{"@type":"ImageObject","inLanguage":"es","@id":"https:\/\/canal7slp.tv\/2025\/la-vacuna-bcg-estara-disponible-a-finales-de-octubre-confirma-la-secretaria-de-salud\/#primaryimage","url":"https:\/\/canal7slp.tv\/2025\/wp-content\/uploads\/2025\/10\/03-8.jpg","contentUrl":"https:\/\/canal7slp.tv\/2025\/wp-content\/uploads\/2025\/10\/03-8.jpg","width":727,"height":410},{"@type":"BreadcrumbList","@id":"https:\/\/canal7slp.tv\/2025\/la-vacuna-bcg-estara-disponible-a-finales-de-octubre-confirma-la-secretaria-de-salud\/#breadcrumb","itemListElement":[{"@type":"ListItem","position":1,"name":"Portada","item":"https:\/\/canal7slp.tv\/2025\/"},{"@type":"ListItem","position":2,"name":"La vacuna BCG estar\u00e1 disponible a finales de octubre, confirma la Secretar\u00eda de Salud"}]},{"@type":"WebSite","@id":"https:\/\/canal7slp.tv\/2025\/#website","url":"https:\/\/canal7slp.tv\/2025\/","name":"N7 - Noticieros Canal 7","description":"Somos el Medio","publisher":{"@id":"https:\/\/canal7slp.tv\/2025\/#organization"},"potentialAction":[{"@type":"SearchAction","target":{"@type":"EntryPoint","urlTemplate":"https:\/\/canal7slp.tv\/2025\/?s={search_term_string}"},"query-input":{"@type":"PropertyValueSpecification","valueRequired":true,"valueName":"search_term_string"}}],"inLanguage":"es"},{"@type":"Organization","@id":"https:\/\/canal7slp.tv\/2025\/#organization","name":"Noticieros Canal 7","url":"https:\/\/canal7slp.tv\/2025\/","logo":{"@type":"ImageObject","inLanguage":"es","@id":"https:\/\/canal7slp.tv\/2025\/#\/schema\/logo\/image\/","url":"https:\/\/canal7slp.tv\/2025\/wp-content\/uploads\/2021\/01\/logo-noticieros@2x.png","contentUrl":"https:\/\/canal7slp.tv\/2025\/wp-content\/uploads\/2021\/01\/logo-noticieros@2x.png","width":1017,"height":268,"caption":"Noticieros Canal 7"},"image":{"@id":"https:\/\/canal7slp.tv\/2025\/#\/schema\/logo\/image\/"},"sameAs":["https:\/\/www.facebook.com\/noticieroscanal7atencionciudadana\/","https:\/\/x.com\/NOTICIEROS7","https:\/\/www.instagram.com\/canal7_slp","https:\/\/www.youtube.com\/channel\/UCliiYs-gP3JfJeqdPrNdd5A"]},{"@type":"Person","@id":"https:\/\/canal7slp.tv\/2025\/#\/schema\/person\/271e2b60a96e7cc9d9ac296f4d7e414b","name":"Edici\u00f3n Web","image":{"@type":"ImageObject","inLanguage":"es","@id":"https:\/\/secure.gravatar.com\/avatar\/eee448fc3f7164808013b816ba91ac7e43bbe82a70bebac296f8bc6f0addaa1a?s=96&d=mm&r=g","url":"https:\/\/secure.gravatar.com\/avatar\/eee448fc3f7164808013b816ba91ac7e43bbe82a70bebac296f8bc6f0addaa1a?s=96&d=mm&r=g","contentUrl":"https:\/\/secure.gravatar.com\/avatar\/eee448fc3f7164808013b816ba91ac7e43bbe82a70bebac296f8bc6f0addaa1a?s=96&d=mm&r=g","caption":"Edici\u00f3n Web"},"url":"https:\/\/canal7slp.tv\/2025\/author\/edicionweb\/"}]}},"_links":{"self":[{"href":"https:\/\/canal7slp.tv\/2025\/wp-json\/wp\/v2\/posts\/181576","targetHints":{"allow":["GET"]}}],"collection":[{"href":"https:\/\/canal7slp.tv\/2025\/wp-json\/wp\/v2\/posts"}],"about":[{"href":"https:\/\/canal7slp.tv\/2025\/wp-json\/wp\/v2\/types\/post"}],"author":[{"embeddable":true,"href":"https:\/\/canal7slp.tv\/2025\/wp-json\/wp\/v2\/users\/2"}],"replies":[{"embeddable":true,"href":"https:\/\/canal7slp.tv\/2025\/wp-json\/wp\/v2\/comments?post=181576"}],"version-history":[{"count":1,"href":"https:\/\/canal7slp.tv\/2025\/wp-json\/wp\/v2\/posts\/181576\/revisions"}],"predecessor-version":[{"id":181579,"href":"https:\/\/canal7slp.tv\/2025\/wp-json\/wp\/v2\/posts\/181576\/revisions\/181579"}],"wp:featuredmedia":[{"embeddable":true,"href":"https:\/\/canal7slp.tv\/2025\/wp-json\/wp\/v2\/media\/181578"}],"wp:attachment":[{"href":"https:\/\/canal7slp.tv\/2025\/wp-json\/wp\/v2\/media?parent=181576"}],"wp:term":[{"taxonomy":"category","embeddable":true,"href":"https:\/\/canal7slp.tv\/2025\/wp-json\/wp\/v2\/categories?post=181576"},{"taxonomy":"post_tag","embeddable":true,"href":"https:\/\/canal7slp.tv\/2025\/wp-json\/wp\/v2\/tags?post=181576"}],"curies":[{"name":"wp","href":"https:\/\/api.w.org\/{rel}","templated":true}]}}