{"id":181533,"date":"2025-10-09T14:09:24","date_gmt":"2025-10-09T20:09:24","guid":{"rendered":"https:\/\/canal7slp.tv\/2025\/?p=181533"},"modified":"2025-10-09T17:26:28","modified_gmt":"2025-10-09T23:26:28","slug":"slp-sede-de-consultas-regionales-sobre-el-t-mec","status":"publish","type":"post","link":"https:\/\/canal7slp.tv\/2025\/slp-sede-de-consultas-regionales-sobre-el-t-mec\/","title":{"rendered":"SLP, sede de Consultas Regionales sobre el T-MEC"},"content":{"rendered":"<p style=\"text-align: justify;\">SLP.- Empresarios de San Luis Potos\u00ed preocupados por industria automotriz, acerera, farmac\u00e9utica y formaci\u00f3n de capital humano en el marco de la renovaci\u00f3n del Tratado M\u00e9xico, Estados Unidos y Canad\u00e1.<\/p>\n<p style=\"text-align: justify;\">M\u00faltiples dudas y solicitudes se registraron durante la primera de las Consultas Regionales Sobre el TMEC realizada en San Luis Potos\u00ed y el coordinador del Corredor Econ\u00f3mico del Baj\u00edo, Salom\u00f3n Rosas Ram\u00edrez, habl\u00f3 al respecto.<\/p>\n<p style=\"text-align: justify;\">\u201cEstamos arrancando aqu\u00ed en San Luis Potos\u00ed las consultas del Tratado de comercio M\u00e9xico, Estados Unidos y Canad\u00e1 (\u2026) hay temas muy claros, muy puntuales de lo que hay que hacer en materia de facilitaci\u00f3n comercial, de lo que podemos hacer en la industria farmac\u00e9utica, de lo que hay que hacer en inteligencia artificial, de lo que podemos mejorar en la cuesti\u00f3n de la industria automotriz, puntos muy concretos de la industria acerera\u201d.<\/p>\n<p style=\"text-align: justify;\">Manuel Galv\u00e1n Arroyo presidente del Cl\u00faster de Turismo M\u00e9dico pidi\u00f3 ahondar en el tema de la medicina.<\/p>\n<p style=\"text-align: justify;\">\u201cNosotros en el cl\u00faster estamos agrupando a 25 estado de la Rep\u00fablica que son los m\u00e1s importantes en este proceso (\u2026) creo que deber\u00edamos buscar estos nuevos enfoques industriales que podr\u00edan fortalecer no solamente el tratado, sino tambi\u00e9n contribuir al 20% del PIB en M\u00e9xico que lo estamos descuidando\u201d.<\/p>\n<p style=\"text-align: justify;\">Mar\u00eda Aguilar Rivera, directora del Consejo Mexicano de Comercio Exterior extern\u00f3 que es necesario apoyar las empresas locales.<\/p>\n<p style=\"text-align: justify;\">\u201cEl desarrollo de la comunidad local, debemos de apoyar o tener un mayor enfoque en integraci\u00f3n de Pymes en cadenas de valor internacionales con apoyos de certificaciones con financiamiento para siga creciendo y podamos incrementar esta cadena\u201d.<\/p>\n<p style=\"text-align: justify;\">Se pretende que en un mes se pueda realizar una vez m\u00e1s una reuni\u00f3n con empresarios potosinos a fin de verificar los avances e ideas aportadas durante el primer encuentro con autoridades de gobierno.<\/p>\n<p>Por: Juan Carlos Contreras<\/p>\n","protected":false},"excerpt":{"rendered":"<p>SLP.- Empresarios de San Luis Potos\u00ed preocupados por industria automotriz, acerera, farmac\u00e9utica y formaci\u00f3n de capital humano en el marco de la renovaci\u00f3n del Tratado M\u00e9xico, Estados Unidos y Canad\u00e1. M\u00faltiples dudas y solicitudes se registraron durante la primera de las Consultas Regionales Sobre el TMEC realizada en San Luis Potos\u00ed y el coordinador del Corredor Econ\u00f3mico del Baj\u00edo, Salom\u00f3n Rosas Ram\u00edrez, habl\u00f3 al respecto. \u201cEstamos arrancando aqu\u00ed en San Luis Potos\u00ed las consultas del Tratado de comercio M\u00e9xico, Estados Unidos y Canad\u00e1 (\u2026) hay temas muy claros, muy puntuales de lo que hay que hacer en materia de facilitaci\u00f3n [&hellip;]<\/p>\n","protected":false},"author":2,"featured_media":181584,"comment_status":"closed","ping_status":"closed","sticky":false,"template":"","format":"video","meta":{"_monsterinsights_skip_tracking":false,"_monsterinsights_sitenote_active":false,"_monsterinsights_sitenote_note":"","_monsterinsights_sitenote_category":0,"footnotes":""},"categories":[5,45],"tags":[],"class_list":["post-181533","post","type-post","status-publish","format-video","has-post-thumbnail","hentry","category-destacadas","category-localesyregionales","post_format-post-format-video","post--single"],"yoast_head":"<!-- This site is optimized with the Yoast SEO plugin v27.4 - https:\/\/yoast.com\/product\/yoast-seo-wordpress\/ -->\n<title>SLP, sede de Consultas Regionales sobre el T-MEC - Canal 7 SLP - 2025<\/title>\n<meta name=\"robots\" content=\"index, follow, max-snippet:-1, max-image-preview:large, max-video-preview:-1\" \/>\n<link rel=\"canonical\" href=\"https:\/\/canal7slp.tv\/2025\/slp-sede-de-consultas-regionales-sobre-el-t-mec\/\" \/>\n<meta property=\"og:locale\" content=\"es_ES\" \/>\n<meta property=\"og:type\" content=\"article\" \/>\n<meta property=\"og:title\" content=\"SLP, sede de Consultas Regionales sobre el T-MEC - Canal 7 SLP - 2025\" \/>\n<meta property=\"og:description\" content=\"SLP.- Empresarios de San Luis Potos\u00ed preocupados por industria automotriz, acerera, farmac\u00e9utica y formaci\u00f3n de capital humano en el marco de la renovaci\u00f3n del Tratado M\u00e9xico, Estados Unidos y Canad\u00e1. M\u00faltiples dudas y solicitudes se registraron durante la primera de las Consultas Regionales Sobre el TMEC realizada en San Luis Potos\u00ed y el coordinador del Corredor Econ\u00f3mico del Baj\u00edo, Salom\u00f3n Rosas Ram\u00edrez, habl\u00f3 al respecto. \u201cEstamos arrancando aqu\u00ed en San Luis Potos\u00ed las consultas del Tratado de comercio M\u00e9xico, Estados Unidos y Canad\u00e1 (\u2026) hay temas muy claros, muy puntuales de lo que hay que hacer en materia de facilitaci\u00f3n [&hellip;]\" \/>\n<meta property=\"og:url\" content=\"https:\/\/canal7slp.tv\/2025\/slp-sede-de-consultas-regionales-sobre-el-t-mec\/\" \/>\n<meta property=\"og:site_name\" content=\"Canal 7 SLP - 2025\" \/>\n<meta property=\"article:publisher\" content=\"https:\/\/www.facebook.com\/noticieroscanal7atencionciudadana\/\" \/>\n<meta property=\"article:published_time\" content=\"2025-10-09T20:09:24+00:00\" \/>\n<meta property=\"article:modified_time\" content=\"2025-10-09T23:26:28+00:00\" \/>\n<meta property=\"og:image\" content=\"https:\/\/canal7slp.tv\/2025\/wp-content\/uploads\/2025\/10\/POky0ConsultasRegionales.jpg\" \/>\n\t<meta property=\"og:image:width\" content=\"1280\" \/>\n\t<meta property=\"og:image:height\" content=\"720\" \/>\n\t<meta property=\"og:image:type\" content=\"image\/jpeg\" \/>\n<meta name=\"author\" content=\"Edici\u00f3n Web\" \/>\n<meta name=\"twitter:card\" content=\"summary_large_image\" \/>\n<meta name=\"twitter:creator\" content=\"@NOTICIEROS7\" \/>\n<meta name=\"twitter:site\" content=\"@NOTICIEROS7\" \/>\n<meta name=\"twitter:label1\" content=\"Escrito por\" \/>\n\t<meta name=\"twitter:data1\" content=\"Edici\u00f3n Web\" \/>\n\t<meta name=\"twitter:label2\" content=\"Tiempo de lectura\" \/>\n\t<meta name=\"twitter:data2\" content=\"2 minutos\" \/>\n<script type=\"application\/ld+json\" class=\"yoast-schema-graph\">{\"@context\":\"https:\\\/\\\/schema.org\",\"@graph\":[{\"@type\":\"Article\",\"@id\":\"https:\\\/\\\/canal7slp.tv\\\/2025\\\/slp-sede-de-consultas-regionales-sobre-el-t-mec\\\/#article\",\"isPartOf\":{\"@id\":\"https:\\\/\\\/canal7slp.tv\\\/2025\\\/slp-sede-de-consultas-regionales-sobre-el-t-mec\\\/\"},\"author\":{\"name\":\"Edici\u00f3n Web\",\"@id\":\"https:\\\/\\\/canal7slp.tv\\\/2025\\\/#\\\/schema\\\/person\\\/271e2b60a96e7cc9d9ac296f4d7e414b\"},\"headline\":\"SLP, sede de Consultas Regionales sobre el T-MEC\",\"datePublished\":\"2025-10-09T20:09:24+00:00\",\"dateModified\":\"2025-10-09T23:26:28+00:00\",\"mainEntityOfPage\":{\"@id\":\"https:\\\/\\\/canal7slp.tv\\\/2025\\\/slp-sede-de-consultas-regionales-sobre-el-t-mec\\\/\"},\"wordCount\":329,\"publisher\":{\"@id\":\"https:\\\/\\\/canal7slp.tv\\\/2025\\\/#organization\"},\"image\":{\"@id\":\"https:\\\/\\\/canal7slp.tv\\\/2025\\\/slp-sede-de-consultas-regionales-sobre-el-t-mec\\\/#primaryimage\"},\"thumbnailUrl\":\"https:\\\/\\\/canal7slp.tv\\\/2025\\\/wp-content\\\/uploads\\\/2025\\\/10\\\/POky0ConsultasRegionales.jpg\",\"articleSection\":[\"DESTACADAS\",\"LOCALES Y REGIONALES\"],\"inLanguage\":\"es\"},{\"@type\":\"WebPage\",\"@id\":\"https:\\\/\\\/canal7slp.tv\\\/2025\\\/slp-sede-de-consultas-regionales-sobre-el-t-mec\\\/\",\"url\":\"https:\\\/\\\/canal7slp.tv\\\/2025\\\/slp-sede-de-consultas-regionales-sobre-el-t-mec\\\/\",\"name\":\"SLP, sede de Consultas Regionales sobre el T-MEC - Canal 7 SLP - 2025\",\"isPartOf\":{\"@id\":\"https:\\\/\\\/canal7slp.tv\\\/2025\\\/#website\"},\"primaryImageOfPage\":{\"@id\":\"https:\\\/\\\/canal7slp.tv\\\/2025\\\/slp-sede-de-consultas-regionales-sobre-el-t-mec\\\/#primaryimage\"},\"image\":{\"@id\":\"https:\\\/\\\/canal7slp.tv\\\/2025\\\/slp-sede-de-consultas-regionales-sobre-el-t-mec\\\/#primaryimage\"},\"thumbnailUrl\":\"https:\\\/\\\/canal7slp.tv\\\/2025\\\/wp-content\\\/uploads\\\/2025\\\/10\\\/POky0ConsultasRegionales.jpg\",\"datePublished\":\"2025-10-09T20:09:24+00:00\",\"dateModified\":\"2025-10-09T23:26:28+00:00\",\"breadcrumb\":{\"@id\":\"https:\\\/\\\/canal7slp.tv\\\/2025\\\/slp-sede-de-consultas-regionales-sobre-el-t-mec\\\/#breadcrumb\"},\"inLanguage\":\"es\",\"potentialAction\":[{\"@type\":\"ReadAction\",\"target\":[\"https:\\\/\\\/canal7slp.tv\\\/2025\\\/slp-sede-de-consultas-regionales-sobre-el-t-mec\\\/\"]}]},{\"@type\":\"ImageObject\",\"inLanguage\":\"es\",\"@id\":\"https:\\\/\\\/canal7slp.tv\\\/2025\\\/slp-sede-de-consultas-regionales-sobre-el-t-mec\\\/#primaryimage\",\"url\":\"https:\\\/\\\/canal7slp.tv\\\/2025\\\/wp-content\\\/uploads\\\/2025\\\/10\\\/POky0ConsultasRegionales.jpg\",\"contentUrl\":\"https:\\\/\\\/canal7slp.tv\\\/2025\\\/wp-content\\\/uploads\\\/2025\\\/10\\\/POky0ConsultasRegionales.jpg\",\"width\":1280,\"height\":720},{\"@type\":\"BreadcrumbList\",\"@id\":\"https:\\\/\\\/canal7slp.tv\\\/2025\\\/slp-sede-de-consultas-regionales-sobre-el-t-mec\\\/#breadcrumb\",\"itemListElement\":[{\"@type\":\"ListItem\",\"position\":1,\"name\":\"Portada\",\"item\":\"https:\\\/\\\/canal7slp.tv\\\/2025\\\/\"},{\"@type\":\"ListItem\",\"position\":2,\"name\":\"SLP, sede de Consultas Regionales sobre el T-MEC\"}]},{\"@type\":\"WebSite\",\"@id\":\"https:\\\/\\\/canal7slp.tv\\\/2025\\\/#website\",\"url\":\"https:\\\/\\\/canal7slp.tv\\\/2025\\\/\",\"name\":\"N7 - Noticieros Canal 7\",\"description\":\"Somos el Medio\",\"publisher\":{\"@id\":\"https:\\\/\\\/canal7slp.tv\\\/2025\\\/#organization\"},\"potentialAction\":[{\"@type\":\"SearchAction\",\"target\":{\"@type\":\"EntryPoint\",\"urlTemplate\":\"https:\\\/\\\/canal7slp.tv\\\/2025\\\/?s={search_term_string}\"},\"query-input\":{\"@type\":\"PropertyValueSpecification\",\"valueRequired\":true,\"valueName\":\"search_term_string\"}}],\"inLanguage\":\"es\"},{\"@type\":\"Organization\",\"@id\":\"https:\\\/\\\/canal7slp.tv\\\/2025\\\/#organization\",\"name\":\"Noticieros Canal 7\",\"url\":\"https:\\\/\\\/canal7slp.tv\\\/2025\\\/\",\"logo\":{\"@type\":\"ImageObject\",\"inLanguage\":\"es\",\"@id\":\"https:\\\/\\\/canal7slp.tv\\\/2025\\\/#\\\/schema\\\/logo\\\/image\\\/\",\"url\":\"https:\\\/\\\/canal7slp.tv\\\/2025\\\/wp-content\\\/uploads\\\/2021\\\/01\\\/logo-noticieros@2x.png\",\"contentUrl\":\"https:\\\/\\\/canal7slp.tv\\\/2025\\\/wp-content\\\/uploads\\\/2021\\\/01\\\/logo-noticieros@2x.png\",\"width\":1017,\"height\":268,\"caption\":\"Noticieros Canal 7\"},\"image\":{\"@id\":\"https:\\\/\\\/canal7slp.tv\\\/2025\\\/#\\\/schema\\\/logo\\\/image\\\/\"},\"sameAs\":[\"https:\\\/\\\/www.facebook.com\\\/noticieroscanal7atencionciudadana\\\/\",\"https:\\\/\\\/x.com\\\/NOTICIEROS7\",\"https:\\\/\\\/www.instagram.com\\\/canal7_slp\",\"https:\\\/\\\/www.youtube.com\\\/channel\\\/UCliiYs-gP3JfJeqdPrNdd5A\"]},{\"@type\":\"Person\",\"@id\":\"https:\\\/\\\/canal7slp.tv\\\/2025\\\/#\\\/schema\\\/person\\\/271e2b60a96e7cc9d9ac296f4d7e414b\",\"name\":\"Edici\u00f3n Web\",\"image\":{\"@type\":\"ImageObject\",\"inLanguage\":\"es\",\"@id\":\"https:\\\/\\\/secure.gravatar.com\\\/avatar\\\/eee448fc3f7164808013b816ba91ac7e43bbe82a70bebac296f8bc6f0addaa1a?s=96&d=mm&r=g\",\"url\":\"https:\\\/\\\/secure.gravatar.com\\\/avatar\\\/eee448fc3f7164808013b816ba91ac7e43bbe82a70bebac296f8bc6f0addaa1a?s=96&d=mm&r=g\",\"contentUrl\":\"https:\\\/\\\/secure.gravatar.com\\\/avatar\\\/eee448fc3f7164808013b816ba91ac7e43bbe82a70bebac296f8bc6f0addaa1a?s=96&d=mm&r=g\",\"caption\":\"Edici\u00f3n Web\"},\"url\":\"https:\\\/\\\/canal7slp.tv\\\/2025\\\/author\\\/edicionweb\\\/\"}]}<\/script>\n<!-- \/ Yoast SEO plugin. -->","yoast_head_json":{"title":"SLP, sede de Consultas Regionales sobre el T-MEC - Canal 7 SLP - 2025","robots":{"index":"index","follow":"follow","max-snippet":"max-snippet:-1","max-image-preview":"max-image-preview:large","max-video-preview":"max-video-preview:-1"},"canonical":"https:\/\/canal7slp.tv\/2025\/slp-sede-de-consultas-regionales-sobre-el-t-mec\/","og_locale":"es_ES","og_type":"article","og_title":"SLP, sede de Consultas Regionales sobre el T-MEC - Canal 7 SLP - 2025","og_description":"SLP.- Empresarios de San Luis Potos\u00ed preocupados por industria automotriz, acerera, farmac\u00e9utica y formaci\u00f3n de capital humano en el marco de la renovaci\u00f3n del Tratado M\u00e9xico, Estados Unidos y Canad\u00e1. M\u00faltiples dudas y solicitudes se registraron durante la primera de las Consultas Regionales Sobre el TMEC realizada en San Luis Potos\u00ed y el coordinador del Corredor Econ\u00f3mico del Baj\u00edo, Salom\u00f3n Rosas Ram\u00edrez, habl\u00f3 al respecto. \u201cEstamos arrancando aqu\u00ed en San Luis Potos\u00ed las consultas del Tratado de comercio M\u00e9xico, Estados Unidos y Canad\u00e1 (\u2026) hay temas muy claros, muy puntuales de lo que hay que hacer en materia de facilitaci\u00f3n [&hellip;]","og_url":"https:\/\/canal7slp.tv\/2025\/slp-sede-de-consultas-regionales-sobre-el-t-mec\/","og_site_name":"Canal 7 SLP - 2025","article_publisher":"https:\/\/www.facebook.com\/noticieroscanal7atencionciudadana\/","article_published_time":"2025-10-09T20:09:24+00:00","article_modified_time":"2025-10-09T23:26:28+00:00","og_image":[{"width":1280,"height":720,"url":"https:\/\/canal7slp.tv\/2025\/wp-content\/uploads\/2025\/10\/POky0ConsultasRegionales.jpg","type":"image\/jpeg"}],"author":"Edici\u00f3n Web","twitter_card":"summary_large_image","twitter_creator":"@NOTICIEROS7","twitter_site":"@NOTICIEROS7","twitter_misc":{"Escrito por":"Edici\u00f3n Web","Tiempo de lectura":"2 minutos"},"schema":{"@context":"https:\/\/schema.org","@graph":[{"@type":"Article","@id":"https:\/\/canal7slp.tv\/2025\/slp-sede-de-consultas-regionales-sobre-el-t-mec\/#article","isPartOf":{"@id":"https:\/\/canal7slp.tv\/2025\/slp-sede-de-consultas-regionales-sobre-el-t-mec\/"},"author":{"name":"Edici\u00f3n Web","@id":"https:\/\/canal7slp.tv\/2025\/#\/schema\/person\/271e2b60a96e7cc9d9ac296f4d7e414b"},"headline":"SLP, sede de Consultas Regionales sobre el T-MEC","datePublished":"2025-10-09T20:09:24+00:00","dateModified":"2025-10-09T23:26:28+00:00","mainEntityOfPage":{"@id":"https:\/\/canal7slp.tv\/2025\/slp-sede-de-consultas-regionales-sobre-el-t-mec\/"},"wordCount":329,"publisher":{"@id":"https:\/\/canal7slp.tv\/2025\/#organization"},"image":{"@id":"https:\/\/canal7slp.tv\/2025\/slp-sede-de-consultas-regionales-sobre-el-t-mec\/#primaryimage"},"thumbnailUrl":"https:\/\/canal7slp.tv\/2025\/wp-content\/uploads\/2025\/10\/POky0ConsultasRegionales.jpg","articleSection":["DESTACADAS","LOCALES Y REGIONALES"],"inLanguage":"es"},{"@type":"WebPage","@id":"https:\/\/canal7slp.tv\/2025\/slp-sede-de-consultas-regionales-sobre-el-t-mec\/","url":"https:\/\/canal7slp.tv\/2025\/slp-sede-de-consultas-regionales-sobre-el-t-mec\/","name":"SLP, sede de Consultas Regionales sobre el T-MEC - Canal 7 SLP - 2025","isPartOf":{"@id":"https:\/\/canal7slp.tv\/2025\/#website"},"primaryImageOfPage":{"@id":"https:\/\/canal7slp.tv\/2025\/slp-sede-de-consultas-regionales-sobre-el-t-mec\/#primaryimage"},"image":{"@id":"https:\/\/canal7slp.tv\/2025\/slp-sede-de-consultas-regionales-sobre-el-t-mec\/#primaryimage"},"thumbnailUrl":"https:\/\/canal7slp.tv\/2025\/wp-content\/uploads\/2025\/10\/POky0ConsultasRegionales.jpg","datePublished":"2025-10-09T20:09:24+00:00","dateModified":"2025-10-09T23:26:28+00:00","breadcrumb":{"@id":"https:\/\/canal7slp.tv\/2025\/slp-sede-de-consultas-regionales-sobre-el-t-mec\/#breadcrumb"},"inLanguage":"es","potentialAction":[{"@type":"ReadAction","target":["https:\/\/canal7slp.tv\/2025\/slp-sede-de-consultas-regionales-sobre-el-t-mec\/"]}]},{"@type":"ImageObject","inLanguage":"es","@id":"https:\/\/canal7slp.tv\/2025\/slp-sede-de-consultas-regionales-sobre-el-t-mec\/#primaryimage","url":"https:\/\/canal7slp.tv\/2025\/wp-content\/uploads\/2025\/10\/POky0ConsultasRegionales.jpg","contentUrl":"https:\/\/canal7slp.tv\/2025\/wp-content\/uploads\/2025\/10\/POky0ConsultasRegionales.jpg","width":1280,"height":720},{"@type":"BreadcrumbList","@id":"https:\/\/canal7slp.tv\/2025\/slp-sede-de-consultas-regionales-sobre-el-t-mec\/#breadcrumb","itemListElement":[{"@type":"ListItem","position":1,"name":"Portada","item":"https:\/\/canal7slp.tv\/2025\/"},{"@type":"ListItem","position":2,"name":"SLP, sede de Consultas Regionales sobre el T-MEC"}]},{"@type":"WebSite","@id":"https:\/\/canal7slp.tv\/2025\/#website","url":"https:\/\/canal7slp.tv\/2025\/","name":"N7 - Noticieros Canal 7","description":"Somos el Medio","publisher":{"@id":"https:\/\/canal7slp.tv\/2025\/#organization"},"potentialAction":[{"@type":"SearchAction","target":{"@type":"EntryPoint","urlTemplate":"https:\/\/canal7slp.tv\/2025\/?s={search_term_string}"},"query-input":{"@type":"PropertyValueSpecification","valueRequired":true,"valueName":"search_term_string"}}],"inLanguage":"es"},{"@type":"Organization","@id":"https:\/\/canal7slp.tv\/2025\/#organization","name":"Noticieros Canal 7","url":"https:\/\/canal7slp.tv\/2025\/","logo":{"@type":"ImageObject","inLanguage":"es","@id":"https:\/\/canal7slp.tv\/2025\/#\/schema\/logo\/image\/","url":"https:\/\/canal7slp.tv\/2025\/wp-content\/uploads\/2021\/01\/logo-noticieros@2x.png","contentUrl":"https:\/\/canal7slp.tv\/2025\/wp-content\/uploads\/2021\/01\/logo-noticieros@2x.png","width":1017,"height":268,"caption":"Noticieros Canal 7"},"image":{"@id":"https:\/\/canal7slp.tv\/2025\/#\/schema\/logo\/image\/"},"sameAs":["https:\/\/www.facebook.com\/noticieroscanal7atencionciudadana\/","https:\/\/x.com\/NOTICIEROS7","https:\/\/www.instagram.com\/canal7_slp","https:\/\/www.youtube.com\/channel\/UCliiYs-gP3JfJeqdPrNdd5A"]},{"@type":"Person","@id":"https:\/\/canal7slp.tv\/2025\/#\/schema\/person\/271e2b60a96e7cc9d9ac296f4d7e414b","name":"Edici\u00f3n Web","image":{"@type":"ImageObject","inLanguage":"es","@id":"https:\/\/secure.gravatar.com\/avatar\/eee448fc3f7164808013b816ba91ac7e43bbe82a70bebac296f8bc6f0addaa1a?s=96&d=mm&r=g","url":"https:\/\/secure.gravatar.com\/avatar\/eee448fc3f7164808013b816ba91ac7e43bbe82a70bebac296f8bc6f0addaa1a?s=96&d=mm&r=g","contentUrl":"https:\/\/secure.gravatar.com\/avatar\/eee448fc3f7164808013b816ba91ac7e43bbe82a70bebac296f8bc6f0addaa1a?s=96&d=mm&r=g","caption":"Edici\u00f3n Web"},"url":"https:\/\/canal7slp.tv\/2025\/author\/edicionweb\/"}]}},"_links":{"self":[{"href":"https:\/\/canal7slp.tv\/2025\/wp-json\/wp\/v2\/posts\/181533","targetHints":{"allow":["GET"]}}],"collection":[{"href":"https:\/\/canal7slp.tv\/2025\/wp-json\/wp\/v2\/posts"}],"about":[{"href":"https:\/\/canal7slp.tv\/2025\/wp-json\/wp\/v2\/types\/post"}],"author":[{"embeddable":true,"href":"https:\/\/canal7slp.tv\/2025\/wp-json\/wp\/v2\/users\/2"}],"replies":[{"embeddable":true,"href":"https:\/\/canal7slp.tv\/2025\/wp-json\/wp\/v2\/comments?post=181533"}],"version-history":[{"count":2,"href":"https:\/\/canal7slp.tv\/2025\/wp-json\/wp\/v2\/posts\/181533\/revisions"}],"predecessor-version":[{"id":181585,"href":"https:\/\/canal7slp.tv\/2025\/wp-json\/wp\/v2\/posts\/181533\/revisions\/181585"}],"wp:featuredmedia":[{"embeddable":true,"href":"https:\/\/canal7slp.tv\/2025\/wp-json\/wp\/v2\/media\/181584"}],"wp:attachment":[{"href":"https:\/\/canal7slp.tv\/2025\/wp-json\/wp\/v2\/media?parent=181533"}],"wp:term":[{"taxonomy":"category","embeddable":true,"href":"https:\/\/canal7slp.tv\/2025\/wp-json\/wp\/v2\/categories?post=181533"},{"taxonomy":"post_tag","embeddable":true,"href":"https:\/\/canal7slp.tv\/2025\/wp-json\/wp\/v2\/tags?post=181533"}],"curies":[{"name":"wp","href":"https:\/\/api.w.org\/{rel}","templated":true}]}}