{"id":181399,"date":"2025-10-07T16:03:33","date_gmt":"2025-10-07T22:03:33","guid":{"rendered":"https:\/\/canal7slp.tv\/2025\/?p=181399"},"modified":"2025-10-08T13:47:27","modified_gmt":"2025-10-08T19:47:27","slug":"tres-heridos-graves-tras-accidente-de-helicoptero-medico-en-autopista-de-california","status":"publish","type":"post","link":"https:\/\/canal7slp.tv\/2025\/tres-heridos-graves-tras-accidente-de-helicoptero-medico-en-autopista-de-california\/","title":{"rendered":"Tres heridos graves tras accidente de helic\u00f3ptero m\u00e9dico en autopista de California"},"content":{"rendered":"<p style=\"text-align: justify;\">\n<p style=\"text-align: justify;\">Sacramento.- Un helic\u00f3ptero de servicio m\u00e9dico se accident\u00f3 la noche del 6 de octubre en Sacramento, California, dejando a sus tres tripulantes con heridas graves. El incidente ocurri\u00f3 sobre la autopista Highway 50 durante condiciones de tr\u00e1fico intenso.<\/p>\n<p style=\"text-align: justify;\">Los ocupantes de la aeronave fueron auxiliados inicialmente por un capit\u00e1n de bomberos y civiles presentes en el lugar, siendo posteriormente trasladados a hospitales locales donde se reportaron en estado cr\u00edtico pero estable.<\/p>\n<p style=\"text-align: justify;\">La Patrulla de Caminos de California cerr\u00f3 completamente los carriles en direcci\u00f3n este de la autopista para facilitar las labores de rescate y permitir la investigaci\u00f3n del accidente. La Administraci\u00f3n Federal de Aviaci\u00f3n (FAA) se ha sumado a la investigaci\u00f3n para determinar las causas del incidente.<\/p>\n<p style=\"text-align: justify;\">Material audiovisual del lugar muestra la aeronave volcada con da\u00f1os significativos en su estructura y restros esparcidos sobre la vialidad. Este evento ha generado nuevamente cuestionamientos sobre la seguridad de los vuelos m\u00e9dicos en la regi\u00f3n.<\/p>\n","protected":false},"excerpt":{"rendered":"<p>Sacramento.- Un helic\u00f3ptero de servicio m\u00e9dico se accident\u00f3 la noche del 6 de octubre en Sacramento, California, dejando a sus tres tripulantes con heridas graves. El incidente ocurri\u00f3 sobre la autopista Highway 50 durante condiciones de tr\u00e1fico intenso. Los ocupantes de la aeronave fueron auxiliados inicialmente por un capit\u00e1n de bomberos y civiles presentes en el lugar, siendo posteriormente trasladados a hospitales locales donde se reportaron en estado cr\u00edtico pero estable. La Patrulla de Caminos de California cerr\u00f3 completamente los carriles en direcci\u00f3n este de la autopista para facilitar las labores de rescate y permitir la investigaci\u00f3n del accidente. La [&hellip;]<\/p>\n","protected":false},"author":2,"featured_media":181400,"comment_status":"closed","ping_status":"closed","sticky":false,"template":"","format":"standard","meta":{"_monsterinsights_skip_tracking":false,"_monsterinsights_sitenote_active":false,"_monsterinsights_sitenote_note":"","_monsterinsights_sitenote_category":0,"footnotes":""},"categories":[44],"tags":[],"class_list":["post-181399","post","type-post","status-publish","format-standard","has-post-thumbnail","hentry","category-internacional","post--single"],"yoast_head":"<!-- This site is optimized with the Yoast SEO plugin v27.5 - https:\/\/yoast.com\/product\/yoast-seo-wordpress\/ -->\n<title>Tres heridos graves tras accidente de helic\u00f3ptero m\u00e9dico en autopista de California - Canal 7 SLP - 2025<\/title>\n<meta name=\"robots\" content=\"index, follow, max-snippet:-1, max-image-preview:large, max-video-preview:-1\" \/>\n<link rel=\"canonical\" href=\"https:\/\/canal7slp.tv\/2025\/tres-heridos-graves-tras-accidente-de-helicoptero-medico-en-autopista-de-california\/\" \/>\n<meta property=\"og:locale\" content=\"es_ES\" \/>\n<meta property=\"og:type\" content=\"article\" \/>\n<meta property=\"og:title\" content=\"Tres heridos graves tras accidente de helic\u00f3ptero m\u00e9dico en autopista de California - Canal 7 SLP - 2025\" \/>\n<meta property=\"og:description\" content=\"Sacramento.- Un helic\u00f3ptero de servicio m\u00e9dico se accident\u00f3 la noche del 6 de octubre en Sacramento, California, dejando a sus tres tripulantes con heridas graves. El incidente ocurri\u00f3 sobre la autopista Highway 50 durante condiciones de tr\u00e1fico intenso. Los ocupantes de la aeronave fueron auxiliados inicialmente por un capit\u00e1n de bomberos y civiles presentes en el lugar, siendo posteriormente trasladados a hospitales locales donde se reportaron en estado cr\u00edtico pero estable. La Patrulla de Caminos de California cerr\u00f3 completamente los carriles en direcci\u00f3n este de la autopista para facilitar las labores de rescate y permitir la investigaci\u00f3n del accidente. La [&hellip;]\" \/>\n<meta property=\"og:url\" content=\"https:\/\/canal7slp.tv\/2025\/tres-heridos-graves-tras-accidente-de-helicoptero-medico-en-autopista-de-california\/\" \/>\n<meta property=\"og:site_name\" content=\"Canal 7 SLP - 2025\" \/>\n<meta property=\"article:publisher\" content=\"https:\/\/www.facebook.com\/noticieroscanal7atencionciudadana\/\" \/>\n<meta property=\"article:published_time\" content=\"2025-10-07T22:03:33+00:00\" \/>\n<meta property=\"article:modified_time\" content=\"2025-10-08T19:47:27+00:00\" \/>\n<meta property=\"og:image\" content=\"https:\/\/canal7slp.tv\/2025\/wp-content\/uploads\/2025\/10\/11-4.jpg\" \/>\n\t<meta property=\"og:image:width\" content=\"727\" \/>\n\t<meta property=\"og:image:height\" content=\"410\" \/>\n\t<meta property=\"og:image:type\" content=\"image\/jpeg\" \/>\n<meta name=\"author\" content=\"Edici\u00f3n Web\" \/>\n<meta name=\"twitter:card\" content=\"summary_large_image\" \/>\n<meta name=\"twitter:creator\" content=\"@NOTICIEROS7\" \/>\n<meta name=\"twitter:site\" content=\"@NOTICIEROS7\" \/>\n<meta name=\"twitter:label1\" content=\"Escrito por\" \/>\n\t<meta name=\"twitter:data1\" content=\"Edici\u00f3n Web\" \/>\n\t<meta name=\"twitter:label2\" content=\"Tiempo de lectura\" \/>\n\t<meta name=\"twitter:data2\" content=\"1 minuto\" \/>\n<script type=\"application\/ld+json\" class=\"yoast-schema-graph\">{\"@context\":\"https:\\\/\\\/schema.org\",\"@graph\":[{\"@type\":\"Article\",\"@id\":\"https:\\\/\\\/canal7slp.tv\\\/2025\\\/tres-heridos-graves-tras-accidente-de-helicoptero-medico-en-autopista-de-california\\\/#article\",\"isPartOf\":{\"@id\":\"https:\\\/\\\/canal7slp.tv\\\/2025\\\/tres-heridos-graves-tras-accidente-de-helicoptero-medico-en-autopista-de-california\\\/\"},\"author\":{\"name\":\"Edici\u00f3n Web\",\"@id\":\"https:\\\/\\\/canal7slp.tv\\\/2025\\\/#\\\/schema\\\/person\\\/271e2b60a96e7cc9d9ac296f4d7e414b\"},\"headline\":\"Tres heridos graves tras accidente de helic\u00f3ptero m\u00e9dico en autopista de California\",\"datePublished\":\"2025-10-07T22:03:33+00:00\",\"dateModified\":\"2025-10-08T19:47:27+00:00\",\"mainEntityOfPage\":{\"@id\":\"https:\\\/\\\/canal7slp.tv\\\/2025\\\/tres-heridos-graves-tras-accidente-de-helicoptero-medico-en-autopista-de-california\\\/\"},\"wordCount\":179,\"publisher\":{\"@id\":\"https:\\\/\\\/canal7slp.tv\\\/2025\\\/#organization\"},\"image\":{\"@id\":\"https:\\\/\\\/canal7slp.tv\\\/2025\\\/tres-heridos-graves-tras-accidente-de-helicoptero-medico-en-autopista-de-california\\\/#primaryimage\"},\"thumbnailUrl\":\"https:\\\/\\\/canal7slp.tv\\\/2025\\\/wp-content\\\/uploads\\\/2025\\\/10\\\/11-4.jpg\",\"articleSection\":[\"INTERNACIONALES\"],\"inLanguage\":\"es\"},{\"@type\":\"WebPage\",\"@id\":\"https:\\\/\\\/canal7slp.tv\\\/2025\\\/tres-heridos-graves-tras-accidente-de-helicoptero-medico-en-autopista-de-california\\\/\",\"url\":\"https:\\\/\\\/canal7slp.tv\\\/2025\\\/tres-heridos-graves-tras-accidente-de-helicoptero-medico-en-autopista-de-california\\\/\",\"name\":\"Tres heridos graves tras accidente de helic\u00f3ptero m\u00e9dico en autopista de California - Canal 7 SLP - 2025\",\"isPartOf\":{\"@id\":\"https:\\\/\\\/canal7slp.tv\\\/2025\\\/#website\"},\"primaryImageOfPage\":{\"@id\":\"https:\\\/\\\/canal7slp.tv\\\/2025\\\/tres-heridos-graves-tras-accidente-de-helicoptero-medico-en-autopista-de-california\\\/#primaryimage\"},\"image\":{\"@id\":\"https:\\\/\\\/canal7slp.tv\\\/2025\\\/tres-heridos-graves-tras-accidente-de-helicoptero-medico-en-autopista-de-california\\\/#primaryimage\"},\"thumbnailUrl\":\"https:\\\/\\\/canal7slp.tv\\\/2025\\\/wp-content\\\/uploads\\\/2025\\\/10\\\/11-4.jpg\",\"datePublished\":\"2025-10-07T22:03:33+00:00\",\"dateModified\":\"2025-10-08T19:47:27+00:00\",\"breadcrumb\":{\"@id\":\"https:\\\/\\\/canal7slp.tv\\\/2025\\\/tres-heridos-graves-tras-accidente-de-helicoptero-medico-en-autopista-de-california\\\/#breadcrumb\"},\"inLanguage\":\"es\",\"potentialAction\":[{\"@type\":\"ReadAction\",\"target\":[\"https:\\\/\\\/canal7slp.tv\\\/2025\\\/tres-heridos-graves-tras-accidente-de-helicoptero-medico-en-autopista-de-california\\\/\"]}]},{\"@type\":\"ImageObject\",\"inLanguage\":\"es\",\"@id\":\"https:\\\/\\\/canal7slp.tv\\\/2025\\\/tres-heridos-graves-tras-accidente-de-helicoptero-medico-en-autopista-de-california\\\/#primaryimage\",\"url\":\"https:\\\/\\\/canal7slp.tv\\\/2025\\\/wp-content\\\/uploads\\\/2025\\\/10\\\/11-4.jpg\",\"contentUrl\":\"https:\\\/\\\/canal7slp.tv\\\/2025\\\/wp-content\\\/uploads\\\/2025\\\/10\\\/11-4.jpg\",\"width\":727,\"height\":410},{\"@type\":\"BreadcrumbList\",\"@id\":\"https:\\\/\\\/canal7slp.tv\\\/2025\\\/tres-heridos-graves-tras-accidente-de-helicoptero-medico-en-autopista-de-california\\\/#breadcrumb\",\"itemListElement\":[{\"@type\":\"ListItem\",\"position\":1,\"name\":\"Portada\",\"item\":\"https:\\\/\\\/canal7slp.tv\\\/2025\\\/\"},{\"@type\":\"ListItem\",\"position\":2,\"name\":\"Tres heridos graves tras accidente de helic\u00f3ptero m\u00e9dico en autopista de California\"}]},{\"@type\":\"WebSite\",\"@id\":\"https:\\\/\\\/canal7slp.tv\\\/2025\\\/#website\",\"url\":\"https:\\\/\\\/canal7slp.tv\\\/2025\\\/\",\"name\":\"N7 - Noticieros Canal 7\",\"description\":\"Somos el Medio\",\"publisher\":{\"@id\":\"https:\\\/\\\/canal7slp.tv\\\/2025\\\/#organization\"},\"potentialAction\":[{\"@type\":\"SearchAction\",\"target\":{\"@type\":\"EntryPoint\",\"urlTemplate\":\"https:\\\/\\\/canal7slp.tv\\\/2025\\\/?s={search_term_string}\"},\"query-input\":{\"@type\":\"PropertyValueSpecification\",\"valueRequired\":true,\"valueName\":\"search_term_string\"}}],\"inLanguage\":\"es\"},{\"@type\":\"Organization\",\"@id\":\"https:\\\/\\\/canal7slp.tv\\\/2025\\\/#organization\",\"name\":\"Noticieros Canal 7\",\"url\":\"https:\\\/\\\/canal7slp.tv\\\/2025\\\/\",\"logo\":{\"@type\":\"ImageObject\",\"inLanguage\":\"es\",\"@id\":\"https:\\\/\\\/canal7slp.tv\\\/2025\\\/#\\\/schema\\\/logo\\\/image\\\/\",\"url\":\"https:\\\/\\\/canal7slp.tv\\\/2025\\\/wp-content\\\/uploads\\\/2021\\\/01\\\/logo-noticieros@2x.png\",\"contentUrl\":\"https:\\\/\\\/canal7slp.tv\\\/2025\\\/wp-content\\\/uploads\\\/2021\\\/01\\\/logo-noticieros@2x.png\",\"width\":1017,\"height\":268,\"caption\":\"Noticieros Canal 7\"},\"image\":{\"@id\":\"https:\\\/\\\/canal7slp.tv\\\/2025\\\/#\\\/schema\\\/logo\\\/image\\\/\"},\"sameAs\":[\"https:\\\/\\\/www.facebook.com\\\/noticieroscanal7atencionciudadana\\\/\",\"https:\\\/\\\/x.com\\\/NOTICIEROS7\",\"https:\\\/\\\/www.instagram.com\\\/canal7_slp\",\"https:\\\/\\\/www.youtube.com\\\/channel\\\/UCliiYs-gP3JfJeqdPrNdd5A\"]},{\"@type\":\"Person\",\"@id\":\"https:\\\/\\\/canal7slp.tv\\\/2025\\\/#\\\/schema\\\/person\\\/271e2b60a96e7cc9d9ac296f4d7e414b\",\"name\":\"Edici\u00f3n Web\",\"image\":{\"@type\":\"ImageObject\",\"inLanguage\":\"es\",\"@id\":\"https:\\\/\\\/secure.gravatar.com\\\/avatar\\\/eee448fc3f7164808013b816ba91ac7e43bbe82a70bebac296f8bc6f0addaa1a?s=96&d=mm&r=g\",\"url\":\"https:\\\/\\\/secure.gravatar.com\\\/avatar\\\/eee448fc3f7164808013b816ba91ac7e43bbe82a70bebac296f8bc6f0addaa1a?s=96&d=mm&r=g\",\"contentUrl\":\"https:\\\/\\\/secure.gravatar.com\\\/avatar\\\/eee448fc3f7164808013b816ba91ac7e43bbe82a70bebac296f8bc6f0addaa1a?s=96&d=mm&r=g\",\"caption\":\"Edici\u00f3n Web\"},\"url\":\"https:\\\/\\\/canal7slp.tv\\\/2025\\\/author\\\/edicionweb\\\/\"}]}<\/script>\n<!-- \/ Yoast SEO plugin. -->","yoast_head_json":{"title":"Tres heridos graves tras accidente de helic\u00f3ptero m\u00e9dico en autopista de California - Canal 7 SLP - 2025","robots":{"index":"index","follow":"follow","max-snippet":"max-snippet:-1","max-image-preview":"max-image-preview:large","max-video-preview":"max-video-preview:-1"},"canonical":"https:\/\/canal7slp.tv\/2025\/tres-heridos-graves-tras-accidente-de-helicoptero-medico-en-autopista-de-california\/","og_locale":"es_ES","og_type":"article","og_title":"Tres heridos graves tras accidente de helic\u00f3ptero m\u00e9dico en autopista de California - Canal 7 SLP - 2025","og_description":"Sacramento.- Un helic\u00f3ptero de servicio m\u00e9dico se accident\u00f3 la noche del 6 de octubre en Sacramento, California, dejando a sus tres tripulantes con heridas graves. El incidente ocurri\u00f3 sobre la autopista Highway 50 durante condiciones de tr\u00e1fico intenso. Los ocupantes de la aeronave fueron auxiliados inicialmente por un capit\u00e1n de bomberos y civiles presentes en el lugar, siendo posteriormente trasladados a hospitales locales donde se reportaron en estado cr\u00edtico pero estable. La Patrulla de Caminos de California cerr\u00f3 completamente los carriles en direcci\u00f3n este de la autopista para facilitar las labores de rescate y permitir la investigaci\u00f3n del accidente. La [&hellip;]","og_url":"https:\/\/canal7slp.tv\/2025\/tres-heridos-graves-tras-accidente-de-helicoptero-medico-en-autopista-de-california\/","og_site_name":"Canal 7 SLP - 2025","article_publisher":"https:\/\/www.facebook.com\/noticieroscanal7atencionciudadana\/","article_published_time":"2025-10-07T22:03:33+00:00","article_modified_time":"2025-10-08T19:47:27+00:00","og_image":[{"width":727,"height":410,"url":"https:\/\/canal7slp.tv\/2025\/wp-content\/uploads\/2025\/10\/11-4.jpg","type":"image\/jpeg"}],"author":"Edici\u00f3n Web","twitter_card":"summary_large_image","twitter_creator":"@NOTICIEROS7","twitter_site":"@NOTICIEROS7","twitter_misc":{"Escrito por":"Edici\u00f3n Web","Tiempo de lectura":"1 minuto"},"schema":{"@context":"https:\/\/schema.org","@graph":[{"@type":"Article","@id":"https:\/\/canal7slp.tv\/2025\/tres-heridos-graves-tras-accidente-de-helicoptero-medico-en-autopista-de-california\/#article","isPartOf":{"@id":"https:\/\/canal7slp.tv\/2025\/tres-heridos-graves-tras-accidente-de-helicoptero-medico-en-autopista-de-california\/"},"author":{"name":"Edici\u00f3n Web","@id":"https:\/\/canal7slp.tv\/2025\/#\/schema\/person\/271e2b60a96e7cc9d9ac296f4d7e414b"},"headline":"Tres heridos graves tras accidente de helic\u00f3ptero m\u00e9dico en autopista de California","datePublished":"2025-10-07T22:03:33+00:00","dateModified":"2025-10-08T19:47:27+00:00","mainEntityOfPage":{"@id":"https:\/\/canal7slp.tv\/2025\/tres-heridos-graves-tras-accidente-de-helicoptero-medico-en-autopista-de-california\/"},"wordCount":179,"publisher":{"@id":"https:\/\/canal7slp.tv\/2025\/#organization"},"image":{"@id":"https:\/\/canal7slp.tv\/2025\/tres-heridos-graves-tras-accidente-de-helicoptero-medico-en-autopista-de-california\/#primaryimage"},"thumbnailUrl":"https:\/\/canal7slp.tv\/2025\/wp-content\/uploads\/2025\/10\/11-4.jpg","articleSection":["INTERNACIONALES"],"inLanguage":"es"},{"@type":"WebPage","@id":"https:\/\/canal7slp.tv\/2025\/tres-heridos-graves-tras-accidente-de-helicoptero-medico-en-autopista-de-california\/","url":"https:\/\/canal7slp.tv\/2025\/tres-heridos-graves-tras-accidente-de-helicoptero-medico-en-autopista-de-california\/","name":"Tres heridos graves tras accidente de helic\u00f3ptero m\u00e9dico en autopista de California - Canal 7 SLP - 2025","isPartOf":{"@id":"https:\/\/canal7slp.tv\/2025\/#website"},"primaryImageOfPage":{"@id":"https:\/\/canal7slp.tv\/2025\/tres-heridos-graves-tras-accidente-de-helicoptero-medico-en-autopista-de-california\/#primaryimage"},"image":{"@id":"https:\/\/canal7slp.tv\/2025\/tres-heridos-graves-tras-accidente-de-helicoptero-medico-en-autopista-de-california\/#primaryimage"},"thumbnailUrl":"https:\/\/canal7slp.tv\/2025\/wp-content\/uploads\/2025\/10\/11-4.jpg","datePublished":"2025-10-07T22:03:33+00:00","dateModified":"2025-10-08T19:47:27+00:00","breadcrumb":{"@id":"https:\/\/canal7slp.tv\/2025\/tres-heridos-graves-tras-accidente-de-helicoptero-medico-en-autopista-de-california\/#breadcrumb"},"inLanguage":"es","potentialAction":[{"@type":"ReadAction","target":["https:\/\/canal7slp.tv\/2025\/tres-heridos-graves-tras-accidente-de-helicoptero-medico-en-autopista-de-california\/"]}]},{"@type":"ImageObject","inLanguage":"es","@id":"https:\/\/canal7slp.tv\/2025\/tres-heridos-graves-tras-accidente-de-helicoptero-medico-en-autopista-de-california\/#primaryimage","url":"https:\/\/canal7slp.tv\/2025\/wp-content\/uploads\/2025\/10\/11-4.jpg","contentUrl":"https:\/\/canal7slp.tv\/2025\/wp-content\/uploads\/2025\/10\/11-4.jpg","width":727,"height":410},{"@type":"BreadcrumbList","@id":"https:\/\/canal7slp.tv\/2025\/tres-heridos-graves-tras-accidente-de-helicoptero-medico-en-autopista-de-california\/#breadcrumb","itemListElement":[{"@type":"ListItem","position":1,"name":"Portada","item":"https:\/\/canal7slp.tv\/2025\/"},{"@type":"ListItem","position":2,"name":"Tres heridos graves tras accidente de helic\u00f3ptero m\u00e9dico en autopista de California"}]},{"@type":"WebSite","@id":"https:\/\/canal7slp.tv\/2025\/#website","url":"https:\/\/canal7slp.tv\/2025\/","name":"N7 - Noticieros Canal 7","description":"Somos el Medio","publisher":{"@id":"https:\/\/canal7slp.tv\/2025\/#organization"},"potentialAction":[{"@type":"SearchAction","target":{"@type":"EntryPoint","urlTemplate":"https:\/\/canal7slp.tv\/2025\/?s={search_term_string}"},"query-input":{"@type":"PropertyValueSpecification","valueRequired":true,"valueName":"search_term_string"}}],"inLanguage":"es"},{"@type":"Organization","@id":"https:\/\/canal7slp.tv\/2025\/#organization","name":"Noticieros Canal 7","url":"https:\/\/canal7slp.tv\/2025\/","logo":{"@type":"ImageObject","inLanguage":"es","@id":"https:\/\/canal7slp.tv\/2025\/#\/schema\/logo\/image\/","url":"https:\/\/canal7slp.tv\/2025\/wp-content\/uploads\/2021\/01\/logo-noticieros@2x.png","contentUrl":"https:\/\/canal7slp.tv\/2025\/wp-content\/uploads\/2021\/01\/logo-noticieros@2x.png","width":1017,"height":268,"caption":"Noticieros Canal 7"},"image":{"@id":"https:\/\/canal7slp.tv\/2025\/#\/schema\/logo\/image\/"},"sameAs":["https:\/\/www.facebook.com\/noticieroscanal7atencionciudadana\/","https:\/\/x.com\/NOTICIEROS7","https:\/\/www.instagram.com\/canal7_slp","https:\/\/www.youtube.com\/channel\/UCliiYs-gP3JfJeqdPrNdd5A"]},{"@type":"Person","@id":"https:\/\/canal7slp.tv\/2025\/#\/schema\/person\/271e2b60a96e7cc9d9ac296f4d7e414b","name":"Edici\u00f3n Web","image":{"@type":"ImageObject","inLanguage":"es","@id":"https:\/\/secure.gravatar.com\/avatar\/eee448fc3f7164808013b816ba91ac7e43bbe82a70bebac296f8bc6f0addaa1a?s=96&d=mm&r=g","url":"https:\/\/secure.gravatar.com\/avatar\/eee448fc3f7164808013b816ba91ac7e43bbe82a70bebac296f8bc6f0addaa1a?s=96&d=mm&r=g","contentUrl":"https:\/\/secure.gravatar.com\/avatar\/eee448fc3f7164808013b816ba91ac7e43bbe82a70bebac296f8bc6f0addaa1a?s=96&d=mm&r=g","caption":"Edici\u00f3n Web"},"url":"https:\/\/canal7slp.tv\/2025\/author\/edicionweb\/"}]}},"_links":{"self":[{"href":"https:\/\/canal7slp.tv\/2025\/wp-json\/wp\/v2\/posts\/181399","targetHints":{"allow":["GET"]}}],"collection":[{"href":"https:\/\/canal7slp.tv\/2025\/wp-json\/wp\/v2\/posts"}],"about":[{"href":"https:\/\/canal7slp.tv\/2025\/wp-json\/wp\/v2\/types\/post"}],"author":[{"embeddable":true,"href":"https:\/\/canal7slp.tv\/2025\/wp-json\/wp\/v2\/users\/2"}],"replies":[{"embeddable":true,"href":"https:\/\/canal7slp.tv\/2025\/wp-json\/wp\/v2\/comments?post=181399"}],"version-history":[{"count":1,"href":"https:\/\/canal7slp.tv\/2025\/wp-json\/wp\/v2\/posts\/181399\/revisions"}],"predecessor-version":[{"id":181401,"href":"https:\/\/canal7slp.tv\/2025\/wp-json\/wp\/v2\/posts\/181399\/revisions\/181401"}],"wp:featuredmedia":[{"embeddable":true,"href":"https:\/\/canal7slp.tv\/2025\/wp-json\/wp\/v2\/media\/181400"}],"wp:attachment":[{"href":"https:\/\/canal7slp.tv\/2025\/wp-json\/wp\/v2\/media?parent=181399"}],"wp:term":[{"taxonomy":"category","embeddable":true,"href":"https:\/\/canal7slp.tv\/2025\/wp-json\/wp\/v2\/categories?post=181399"},{"taxonomy":"post_tag","embeddable":true,"href":"https:\/\/canal7slp.tv\/2025\/wp-json\/wp\/v2\/tags?post=181399"}],"curies":[{"name":"wp","href":"https:\/\/api.w.org\/{rel}","templated":true}]}}