{"id":180894,"date":"2025-10-01T17:19:44","date_gmt":"2025-10-01T23:19:44","guid":{"rendered":"https:\/\/canal7slp.tv\/2025\/?p=180894"},"modified":"2025-10-01T17:19:44","modified_gmt":"2025-10-01T23:19:44","slug":"realizaran-tercer-festival-del-cafe-en-san-luis-potosi","status":"publish","type":"post","link":"https:\/\/canal7slp.tv\/2025\/realizaran-tercer-festival-del-cafe-en-san-luis-potosi\/","title":{"rendered":"Realizar\u00e1n Tercer Festival del Caf\u00e9 en San Luis Potos\u00ed"},"content":{"rendered":"<p style=\"text-align: justify;\"><span style=\"font-size: 1.21429rem;\">SLP.- A trav\u00e9s de la Secretar\u00eda de Cultura del Estado se llevar\u00e1 a cabo el Tercer Festival del Caf\u00e9 en la capital potosina del 3 al 5 de octubre, un encuentro que reunir\u00e1 a productores, comercializadores, baristas y p\u00fablico en general en las instalaciones del Museo Francisco Coss\u00edo.<\/span><\/p>\n<p style=\"text-align: justify;\">Rub\u00e9n Romero Ortiz, fundador del festival, destac\u00f3 que el evento ha crecido en n\u00famero de actividades como en espacios destinados a la convivencia y la promoci\u00f3n del caf\u00e9.<\/p>\n<p style=\"text-align: justify;\">\u201cFue muy grande este proceso, fue muy grande la respuesta de la gente, y este a\u00f1o tenemos todav\u00eda mucho m\u00e1s actividades, tenemos m\u00e1s expositores que el a\u00f1o pasado\u201d, se\u00f1al\u00f3.<\/p>\n<p style=\"text-align: justify;\">Prosigui\u00f3: \u201cVamos a tener todo lo que es la calzada de aqu\u00ed del museo, expositores comercializadores productores de caf\u00e9; tiene jard\u00edn posterior vamos a tener el \u00e1rea de talleres, vamos a tener una zona VIP, el \u00e1rea del espect\u00e1culos y tambi\u00e9n vamos a tener el \u00e1rea de comida y de barras de caf\u00e9 potosinas\u201d.<\/p>\n<p style=\"text-align: justify;\">Por su parte, Ana Isabel Garc\u00eda, gestora cultural, indic\u00f3 que este a\u00f1o la oferta ser\u00e1 mayor a la de las pasadas ediciones.<\/p>\n<p style=\"text-align: justify;\">\u201cEste a\u00f1o el festival crece casi que se duplica, tenemos 45 expositores la mayor\u00eda son marcas potosinas, no solamente de caf\u00e9 sino tambi\u00e9n algunas marcas cercanas al caf\u00e9. Tenemos miel, tenemos tazas, caf\u00e9 en todas sus formas, frijoles de caf\u00e9, se ha buscado diversificar la mayor\u00eda posible\u201d, coment\u00f3.<\/p>\n<p style=\"text-align: justify;\">El programa contempla talleres sobre m\u00e9todos de extracci\u00f3n, entre ellos un curso denominado \u201cT\u00f3tem\u201d, adem\u00e1s de actividades como pintura con caf\u00e9 para toda la familia.<\/p>\n<p style=\"text-align: justify;\">El encuentro ser\u00e1 pet friendly y tendr\u00e1 dos competencias: una de m\u00e9todos de filtrado y otra de fotograf\u00eda, con la participaci\u00f3n de expertos de distintos estados del pa\u00eds.<\/p>\n<p style=\"text-align: justify;\">Por: Jos\u00e9 Luis V\u00e1zquez<\/p>\n","protected":false},"excerpt":{"rendered":"<p>SLP.- A trav\u00e9s de la Secretar\u00eda de Cultura del Estado se llevar\u00e1 a cabo el Tercer Festival del Caf\u00e9 en la capital potosina del 3 al 5 de octubre, un encuentro que reunir\u00e1 a productores, comercializadores, baristas y p\u00fablico en general en las instalaciones del Museo Francisco Coss\u00edo. Rub\u00e9n Romero Ortiz, fundador del festival, destac\u00f3 que el evento ha crecido en n\u00famero de actividades como en espacios destinados a la convivencia y la promoci\u00f3n del caf\u00e9. \u201cFue muy grande este proceso, fue muy grande la respuesta de la gente, y este a\u00f1o tenemos todav\u00eda mucho m\u00e1s actividades, tenemos m\u00e1s expositores [&hellip;]<\/p>\n","protected":false},"author":2,"featured_media":180910,"comment_status":"closed","ping_status":"closed","sticky":false,"template":"","format":"video","meta":{"_monsterinsights_skip_tracking":false,"_monsterinsights_sitenote_active":false,"_monsterinsights_sitenote_note":"","_monsterinsights_sitenote_category":0,"footnotes":""},"categories":[5,510,45],"tags":[],"class_list":["post-180894","post","type-post","status-publish","format-video","has-post-thumbnail","hentry","category-destacadas","category-gobedoslp","category-localesyregionales","post_format-post-format-video","post--single"],"yoast_head":"<!-- This site is optimized with the Yoast SEO plugin v27.5 - https:\/\/yoast.com\/product\/yoast-seo-wordpress\/ -->\n<title>Realizar\u00e1n Tercer Festival del Caf\u00e9 en San Luis Potos\u00ed - Canal 7 SLP - 2025<\/title>\n<meta name=\"robots\" content=\"index, follow, max-snippet:-1, max-image-preview:large, max-video-preview:-1\" \/>\n<link rel=\"canonical\" href=\"https:\/\/canal7slp.tv\/2025\/realizaran-tercer-festival-del-cafe-en-san-luis-potosi\/\" \/>\n<meta property=\"og:locale\" content=\"es_ES\" \/>\n<meta property=\"og:type\" content=\"article\" \/>\n<meta property=\"og:title\" content=\"Realizar\u00e1n Tercer Festival del Caf\u00e9 en San Luis Potos\u00ed - Canal 7 SLP - 2025\" \/>\n<meta property=\"og:description\" content=\"SLP.- A trav\u00e9s de la Secretar\u00eda de Cultura del Estado se llevar\u00e1 a cabo el Tercer Festival del Caf\u00e9 en la capital potosina del 3 al 5 de octubre, un encuentro que reunir\u00e1 a productores, comercializadores, baristas y p\u00fablico en general en las instalaciones del Museo Francisco Coss\u00edo. Rub\u00e9n Romero Ortiz, fundador del festival, destac\u00f3 que el evento ha crecido en n\u00famero de actividades como en espacios destinados a la convivencia y la promoci\u00f3n del caf\u00e9. \u201cFue muy grande este proceso, fue muy grande la respuesta de la gente, y este a\u00f1o tenemos todav\u00eda mucho m\u00e1s actividades, tenemos m\u00e1s expositores [&hellip;]\" \/>\n<meta property=\"og:url\" content=\"https:\/\/canal7slp.tv\/2025\/realizaran-tercer-festival-del-cafe-en-san-luis-potosi\/\" \/>\n<meta property=\"og:site_name\" content=\"Canal 7 SLP - 2025\" \/>\n<meta property=\"article:publisher\" content=\"https:\/\/www.facebook.com\/noticieroscanal7atencionciudadana\/\" \/>\n<meta property=\"article:published_time\" content=\"2025-10-01T23:19:44+00:00\" \/>\n<meta property=\"og:image\" content=\"https:\/\/canal7slp.tv\/2025\/wp-content\/uploads\/2025\/10\/Vazquez04Cafe.jpg\" \/>\n\t<meta property=\"og:image:width\" content=\"1280\" \/>\n\t<meta property=\"og:image:height\" content=\"720\" \/>\n\t<meta property=\"og:image:type\" content=\"image\/jpeg\" \/>\n<meta name=\"author\" content=\"Edici\u00f3n Web\" \/>\n<meta name=\"twitter:card\" content=\"summary_large_image\" \/>\n<meta name=\"twitter:creator\" content=\"@NOTICIEROS7\" \/>\n<meta name=\"twitter:site\" content=\"@NOTICIEROS7\" \/>\n<meta name=\"twitter:label1\" content=\"Escrito por\" \/>\n\t<meta name=\"twitter:data1\" content=\"Edici\u00f3n Web\" \/>\n\t<meta name=\"twitter:label2\" content=\"Tiempo de lectura\" \/>\n\t<meta name=\"twitter:data2\" content=\"2 minutos\" \/>\n<script type=\"application\/ld+json\" class=\"yoast-schema-graph\">{\"@context\":\"https:\\\/\\\/schema.org\",\"@graph\":[{\"@type\":\"Article\",\"@id\":\"https:\\\/\\\/canal7slp.tv\\\/2025\\\/realizaran-tercer-festival-del-cafe-en-san-luis-potosi\\\/#article\",\"isPartOf\":{\"@id\":\"https:\\\/\\\/canal7slp.tv\\\/2025\\\/realizaran-tercer-festival-del-cafe-en-san-luis-potosi\\\/\"},\"author\":{\"name\":\"Edici\u00f3n Web\",\"@id\":\"https:\\\/\\\/canal7slp.tv\\\/2025\\\/#\\\/schema\\\/person\\\/271e2b60a96e7cc9d9ac296f4d7e414b\"},\"headline\":\"Realizar\u00e1n Tercer Festival del Caf\u00e9 en San Luis Potos\u00ed\",\"datePublished\":\"2025-10-01T23:19:44+00:00\",\"mainEntityOfPage\":{\"@id\":\"https:\\\/\\\/canal7slp.tv\\\/2025\\\/realizaran-tercer-festival-del-cafe-en-san-luis-potosi\\\/\"},\"wordCount\":325,\"publisher\":{\"@id\":\"https:\\\/\\\/canal7slp.tv\\\/2025\\\/#organization\"},\"image\":{\"@id\":\"https:\\\/\\\/canal7slp.tv\\\/2025\\\/realizaran-tercer-festival-del-cafe-en-san-luis-potosi\\\/#primaryimage\"},\"thumbnailUrl\":\"https:\\\/\\\/canal7slp.tv\\\/2025\\\/wp-content\\\/uploads\\\/2025\\\/10\\\/Vazquez04Cafe.jpg\",\"articleSection\":[\"DESTACADAS\",\"GOBEDOSLP\",\"LOCALES Y REGIONALES\"],\"inLanguage\":\"es\"},{\"@type\":\"WebPage\",\"@id\":\"https:\\\/\\\/canal7slp.tv\\\/2025\\\/realizaran-tercer-festival-del-cafe-en-san-luis-potosi\\\/\",\"url\":\"https:\\\/\\\/canal7slp.tv\\\/2025\\\/realizaran-tercer-festival-del-cafe-en-san-luis-potosi\\\/\",\"name\":\"Realizar\u00e1n Tercer Festival del Caf\u00e9 en San Luis Potos\u00ed - Canal 7 SLP - 2025\",\"isPartOf\":{\"@id\":\"https:\\\/\\\/canal7slp.tv\\\/2025\\\/#website\"},\"primaryImageOfPage\":{\"@id\":\"https:\\\/\\\/canal7slp.tv\\\/2025\\\/realizaran-tercer-festival-del-cafe-en-san-luis-potosi\\\/#primaryimage\"},\"image\":{\"@id\":\"https:\\\/\\\/canal7slp.tv\\\/2025\\\/realizaran-tercer-festival-del-cafe-en-san-luis-potosi\\\/#primaryimage\"},\"thumbnailUrl\":\"https:\\\/\\\/canal7slp.tv\\\/2025\\\/wp-content\\\/uploads\\\/2025\\\/10\\\/Vazquez04Cafe.jpg\",\"datePublished\":\"2025-10-01T23:19:44+00:00\",\"breadcrumb\":{\"@id\":\"https:\\\/\\\/canal7slp.tv\\\/2025\\\/realizaran-tercer-festival-del-cafe-en-san-luis-potosi\\\/#breadcrumb\"},\"inLanguage\":\"es\",\"potentialAction\":[{\"@type\":\"ReadAction\",\"target\":[\"https:\\\/\\\/canal7slp.tv\\\/2025\\\/realizaran-tercer-festival-del-cafe-en-san-luis-potosi\\\/\"]}]},{\"@type\":\"ImageObject\",\"inLanguage\":\"es\",\"@id\":\"https:\\\/\\\/canal7slp.tv\\\/2025\\\/realizaran-tercer-festival-del-cafe-en-san-luis-potosi\\\/#primaryimage\",\"url\":\"https:\\\/\\\/canal7slp.tv\\\/2025\\\/wp-content\\\/uploads\\\/2025\\\/10\\\/Vazquez04Cafe.jpg\",\"contentUrl\":\"https:\\\/\\\/canal7slp.tv\\\/2025\\\/wp-content\\\/uploads\\\/2025\\\/10\\\/Vazquez04Cafe.jpg\",\"width\":1280,\"height\":720},{\"@type\":\"BreadcrumbList\",\"@id\":\"https:\\\/\\\/canal7slp.tv\\\/2025\\\/realizaran-tercer-festival-del-cafe-en-san-luis-potosi\\\/#breadcrumb\",\"itemListElement\":[{\"@type\":\"ListItem\",\"position\":1,\"name\":\"Portada\",\"item\":\"https:\\\/\\\/canal7slp.tv\\\/2025\\\/\"},{\"@type\":\"ListItem\",\"position\":2,\"name\":\"Realizar\u00e1n Tercer Festival del Caf\u00e9 en San Luis Potos\u00ed\"}]},{\"@type\":\"WebSite\",\"@id\":\"https:\\\/\\\/canal7slp.tv\\\/2025\\\/#website\",\"url\":\"https:\\\/\\\/canal7slp.tv\\\/2025\\\/\",\"name\":\"N7 - Noticieros Canal 7\",\"description\":\"Somos el Medio\",\"publisher\":{\"@id\":\"https:\\\/\\\/canal7slp.tv\\\/2025\\\/#organization\"},\"potentialAction\":[{\"@type\":\"SearchAction\",\"target\":{\"@type\":\"EntryPoint\",\"urlTemplate\":\"https:\\\/\\\/canal7slp.tv\\\/2025\\\/?s={search_term_string}\"},\"query-input\":{\"@type\":\"PropertyValueSpecification\",\"valueRequired\":true,\"valueName\":\"search_term_string\"}}],\"inLanguage\":\"es\"},{\"@type\":\"Organization\",\"@id\":\"https:\\\/\\\/canal7slp.tv\\\/2025\\\/#organization\",\"name\":\"Noticieros Canal 7\",\"url\":\"https:\\\/\\\/canal7slp.tv\\\/2025\\\/\",\"logo\":{\"@type\":\"ImageObject\",\"inLanguage\":\"es\",\"@id\":\"https:\\\/\\\/canal7slp.tv\\\/2025\\\/#\\\/schema\\\/logo\\\/image\\\/\",\"url\":\"https:\\\/\\\/canal7slp.tv\\\/2025\\\/wp-content\\\/uploads\\\/2021\\\/01\\\/logo-noticieros@2x.png\",\"contentUrl\":\"https:\\\/\\\/canal7slp.tv\\\/2025\\\/wp-content\\\/uploads\\\/2021\\\/01\\\/logo-noticieros@2x.png\",\"width\":1017,\"height\":268,\"caption\":\"Noticieros Canal 7\"},\"image\":{\"@id\":\"https:\\\/\\\/canal7slp.tv\\\/2025\\\/#\\\/schema\\\/logo\\\/image\\\/\"},\"sameAs\":[\"https:\\\/\\\/www.facebook.com\\\/noticieroscanal7atencionciudadana\\\/\",\"https:\\\/\\\/x.com\\\/NOTICIEROS7\",\"https:\\\/\\\/www.instagram.com\\\/canal7_slp\",\"https:\\\/\\\/www.youtube.com\\\/channel\\\/UCliiYs-gP3JfJeqdPrNdd5A\"]},{\"@type\":\"Person\",\"@id\":\"https:\\\/\\\/canal7slp.tv\\\/2025\\\/#\\\/schema\\\/person\\\/271e2b60a96e7cc9d9ac296f4d7e414b\",\"name\":\"Edici\u00f3n Web\",\"image\":{\"@type\":\"ImageObject\",\"inLanguage\":\"es\",\"@id\":\"https:\\\/\\\/secure.gravatar.com\\\/avatar\\\/eee448fc3f7164808013b816ba91ac7e43bbe82a70bebac296f8bc6f0addaa1a?s=96&d=mm&r=g\",\"url\":\"https:\\\/\\\/secure.gravatar.com\\\/avatar\\\/eee448fc3f7164808013b816ba91ac7e43bbe82a70bebac296f8bc6f0addaa1a?s=96&d=mm&r=g\",\"contentUrl\":\"https:\\\/\\\/secure.gravatar.com\\\/avatar\\\/eee448fc3f7164808013b816ba91ac7e43bbe82a70bebac296f8bc6f0addaa1a?s=96&d=mm&r=g\",\"caption\":\"Edici\u00f3n Web\"},\"url\":\"https:\\\/\\\/canal7slp.tv\\\/2025\\\/author\\\/edicionweb\\\/\"}]}<\/script>\n<!-- \/ Yoast SEO plugin. -->","yoast_head_json":{"title":"Realizar\u00e1n Tercer Festival del Caf\u00e9 en San Luis Potos\u00ed - Canal 7 SLP - 2025","robots":{"index":"index","follow":"follow","max-snippet":"max-snippet:-1","max-image-preview":"max-image-preview:large","max-video-preview":"max-video-preview:-1"},"canonical":"https:\/\/canal7slp.tv\/2025\/realizaran-tercer-festival-del-cafe-en-san-luis-potosi\/","og_locale":"es_ES","og_type":"article","og_title":"Realizar\u00e1n Tercer Festival del Caf\u00e9 en San Luis Potos\u00ed - Canal 7 SLP - 2025","og_description":"SLP.- A trav\u00e9s de la Secretar\u00eda de Cultura del Estado se llevar\u00e1 a cabo el Tercer Festival del Caf\u00e9 en la capital potosina del 3 al 5 de octubre, un encuentro que reunir\u00e1 a productores, comercializadores, baristas y p\u00fablico en general en las instalaciones del Museo Francisco Coss\u00edo. Rub\u00e9n Romero Ortiz, fundador del festival, destac\u00f3 que el evento ha crecido en n\u00famero de actividades como en espacios destinados a la convivencia y la promoci\u00f3n del caf\u00e9. \u201cFue muy grande este proceso, fue muy grande la respuesta de la gente, y este a\u00f1o tenemos todav\u00eda mucho m\u00e1s actividades, tenemos m\u00e1s expositores [&hellip;]","og_url":"https:\/\/canal7slp.tv\/2025\/realizaran-tercer-festival-del-cafe-en-san-luis-potosi\/","og_site_name":"Canal 7 SLP - 2025","article_publisher":"https:\/\/www.facebook.com\/noticieroscanal7atencionciudadana\/","article_published_time":"2025-10-01T23:19:44+00:00","og_image":[{"width":1280,"height":720,"url":"https:\/\/canal7slp.tv\/2025\/wp-content\/uploads\/2025\/10\/Vazquez04Cafe.jpg","type":"image\/jpeg"}],"author":"Edici\u00f3n Web","twitter_card":"summary_large_image","twitter_creator":"@NOTICIEROS7","twitter_site":"@NOTICIEROS7","twitter_misc":{"Escrito por":"Edici\u00f3n Web","Tiempo de lectura":"2 minutos"},"schema":{"@context":"https:\/\/schema.org","@graph":[{"@type":"Article","@id":"https:\/\/canal7slp.tv\/2025\/realizaran-tercer-festival-del-cafe-en-san-luis-potosi\/#article","isPartOf":{"@id":"https:\/\/canal7slp.tv\/2025\/realizaran-tercer-festival-del-cafe-en-san-luis-potosi\/"},"author":{"name":"Edici\u00f3n Web","@id":"https:\/\/canal7slp.tv\/2025\/#\/schema\/person\/271e2b60a96e7cc9d9ac296f4d7e414b"},"headline":"Realizar\u00e1n Tercer Festival del Caf\u00e9 en San Luis Potos\u00ed","datePublished":"2025-10-01T23:19:44+00:00","mainEntityOfPage":{"@id":"https:\/\/canal7slp.tv\/2025\/realizaran-tercer-festival-del-cafe-en-san-luis-potosi\/"},"wordCount":325,"publisher":{"@id":"https:\/\/canal7slp.tv\/2025\/#organization"},"image":{"@id":"https:\/\/canal7slp.tv\/2025\/realizaran-tercer-festival-del-cafe-en-san-luis-potosi\/#primaryimage"},"thumbnailUrl":"https:\/\/canal7slp.tv\/2025\/wp-content\/uploads\/2025\/10\/Vazquez04Cafe.jpg","articleSection":["DESTACADAS","GOBEDOSLP","LOCALES Y REGIONALES"],"inLanguage":"es"},{"@type":"WebPage","@id":"https:\/\/canal7slp.tv\/2025\/realizaran-tercer-festival-del-cafe-en-san-luis-potosi\/","url":"https:\/\/canal7slp.tv\/2025\/realizaran-tercer-festival-del-cafe-en-san-luis-potosi\/","name":"Realizar\u00e1n Tercer Festival del Caf\u00e9 en San Luis Potos\u00ed - Canal 7 SLP - 2025","isPartOf":{"@id":"https:\/\/canal7slp.tv\/2025\/#website"},"primaryImageOfPage":{"@id":"https:\/\/canal7slp.tv\/2025\/realizaran-tercer-festival-del-cafe-en-san-luis-potosi\/#primaryimage"},"image":{"@id":"https:\/\/canal7slp.tv\/2025\/realizaran-tercer-festival-del-cafe-en-san-luis-potosi\/#primaryimage"},"thumbnailUrl":"https:\/\/canal7slp.tv\/2025\/wp-content\/uploads\/2025\/10\/Vazquez04Cafe.jpg","datePublished":"2025-10-01T23:19:44+00:00","breadcrumb":{"@id":"https:\/\/canal7slp.tv\/2025\/realizaran-tercer-festival-del-cafe-en-san-luis-potosi\/#breadcrumb"},"inLanguage":"es","potentialAction":[{"@type":"ReadAction","target":["https:\/\/canal7slp.tv\/2025\/realizaran-tercer-festival-del-cafe-en-san-luis-potosi\/"]}]},{"@type":"ImageObject","inLanguage":"es","@id":"https:\/\/canal7slp.tv\/2025\/realizaran-tercer-festival-del-cafe-en-san-luis-potosi\/#primaryimage","url":"https:\/\/canal7slp.tv\/2025\/wp-content\/uploads\/2025\/10\/Vazquez04Cafe.jpg","contentUrl":"https:\/\/canal7slp.tv\/2025\/wp-content\/uploads\/2025\/10\/Vazquez04Cafe.jpg","width":1280,"height":720},{"@type":"BreadcrumbList","@id":"https:\/\/canal7slp.tv\/2025\/realizaran-tercer-festival-del-cafe-en-san-luis-potosi\/#breadcrumb","itemListElement":[{"@type":"ListItem","position":1,"name":"Portada","item":"https:\/\/canal7slp.tv\/2025\/"},{"@type":"ListItem","position":2,"name":"Realizar\u00e1n Tercer Festival del Caf\u00e9 en San Luis Potos\u00ed"}]},{"@type":"WebSite","@id":"https:\/\/canal7slp.tv\/2025\/#website","url":"https:\/\/canal7slp.tv\/2025\/","name":"N7 - Noticieros Canal 7","description":"Somos el Medio","publisher":{"@id":"https:\/\/canal7slp.tv\/2025\/#organization"},"potentialAction":[{"@type":"SearchAction","target":{"@type":"EntryPoint","urlTemplate":"https:\/\/canal7slp.tv\/2025\/?s={search_term_string}"},"query-input":{"@type":"PropertyValueSpecification","valueRequired":true,"valueName":"search_term_string"}}],"inLanguage":"es"},{"@type":"Organization","@id":"https:\/\/canal7slp.tv\/2025\/#organization","name":"Noticieros Canal 7","url":"https:\/\/canal7slp.tv\/2025\/","logo":{"@type":"ImageObject","inLanguage":"es","@id":"https:\/\/canal7slp.tv\/2025\/#\/schema\/logo\/image\/","url":"https:\/\/canal7slp.tv\/2025\/wp-content\/uploads\/2021\/01\/logo-noticieros@2x.png","contentUrl":"https:\/\/canal7slp.tv\/2025\/wp-content\/uploads\/2021\/01\/logo-noticieros@2x.png","width":1017,"height":268,"caption":"Noticieros Canal 7"},"image":{"@id":"https:\/\/canal7slp.tv\/2025\/#\/schema\/logo\/image\/"},"sameAs":["https:\/\/www.facebook.com\/noticieroscanal7atencionciudadana\/","https:\/\/x.com\/NOTICIEROS7","https:\/\/www.instagram.com\/canal7_slp","https:\/\/www.youtube.com\/channel\/UCliiYs-gP3JfJeqdPrNdd5A"]},{"@type":"Person","@id":"https:\/\/canal7slp.tv\/2025\/#\/schema\/person\/271e2b60a96e7cc9d9ac296f4d7e414b","name":"Edici\u00f3n Web","image":{"@type":"ImageObject","inLanguage":"es","@id":"https:\/\/secure.gravatar.com\/avatar\/eee448fc3f7164808013b816ba91ac7e43bbe82a70bebac296f8bc6f0addaa1a?s=96&d=mm&r=g","url":"https:\/\/secure.gravatar.com\/avatar\/eee448fc3f7164808013b816ba91ac7e43bbe82a70bebac296f8bc6f0addaa1a?s=96&d=mm&r=g","contentUrl":"https:\/\/secure.gravatar.com\/avatar\/eee448fc3f7164808013b816ba91ac7e43bbe82a70bebac296f8bc6f0addaa1a?s=96&d=mm&r=g","caption":"Edici\u00f3n Web"},"url":"https:\/\/canal7slp.tv\/2025\/author\/edicionweb\/"}]}},"_links":{"self":[{"href":"https:\/\/canal7slp.tv\/2025\/wp-json\/wp\/v2\/posts\/180894","targetHints":{"allow":["GET"]}}],"collection":[{"href":"https:\/\/canal7slp.tv\/2025\/wp-json\/wp\/v2\/posts"}],"about":[{"href":"https:\/\/canal7slp.tv\/2025\/wp-json\/wp\/v2\/types\/post"}],"author":[{"embeddable":true,"href":"https:\/\/canal7slp.tv\/2025\/wp-json\/wp\/v2\/users\/2"}],"replies":[{"embeddable":true,"href":"https:\/\/canal7slp.tv\/2025\/wp-json\/wp\/v2\/comments?post=180894"}],"version-history":[{"count":2,"href":"https:\/\/canal7slp.tv\/2025\/wp-json\/wp\/v2\/posts\/180894\/revisions"}],"predecessor-version":[{"id":180911,"href":"https:\/\/canal7slp.tv\/2025\/wp-json\/wp\/v2\/posts\/180894\/revisions\/180911"}],"wp:featuredmedia":[{"embeddable":true,"href":"https:\/\/canal7slp.tv\/2025\/wp-json\/wp\/v2\/media\/180910"}],"wp:attachment":[{"href":"https:\/\/canal7slp.tv\/2025\/wp-json\/wp\/v2\/media?parent=180894"}],"wp:term":[{"taxonomy":"category","embeddable":true,"href":"https:\/\/canal7slp.tv\/2025\/wp-json\/wp\/v2\/categories?post=180894"},{"taxonomy":"post_tag","embeddable":true,"href":"https:\/\/canal7slp.tv\/2025\/wp-json\/wp\/v2\/tags?post=180894"}],"curies":[{"name":"wp","href":"https:\/\/api.w.org\/{rel}","templated":true}]}}