{"id":180893,"date":"2025-10-01T17:16:22","date_gmt":"2025-10-01T23:16:22","guid":{"rendered":"https:\/\/canal7slp.tv\/2025\/?p=180893"},"modified":"2025-10-01T17:16:22","modified_gmt":"2025-10-01T23:16:22","slug":"episcopado-mexicano-dirige-mensaje-a-la-presidenta-tras-su-primer-ano-de-gobierno","status":"publish","type":"post","link":"https:\/\/canal7slp.tv\/2025\/episcopado-mexicano-dirige-mensaje-a-la-presidenta-tras-su-primer-ano-de-gobierno\/","title":{"rendered":"Episcopado Mexicano dirige mensaje a la presidenta tras su primer a\u00f1o de gobierno"},"content":{"rendered":"<p style=\"text-align: justify;\"><span style=\"font-size: 1.21429rem;\">SLP.- El vocero de la Iglesia cat\u00f3lica en San Luis Potos\u00ed, Tom\u00e1s Cruz Perales, dio a conocer el mensaje emitido por el Episcopado Mexicano con motivo del primer a\u00f1o de administraci\u00f3n de la presidenta de M\u00e9xico.<\/span><\/p>\n<p style=\"text-align: justify;\">En \u00e9l se reconoce el avance que representa la llegada de una mujer a la titularidad del Ejecutivo, as\u00ed como los desaf\u00edos en materia de seguridad, justicia y desarrollo social.<\/p>\n<p style=\"text-align: justify;\">\u201cAl cumplirse los primeros 12 meses de la presente administraci\u00f3n los obispos de M\u00e9xico reconocemos el avance constitucional y cultural que ha significado la asunci\u00f3n a la jefatura del Estado mexicano de la primera mujer ocup\u00f3 la titularidad del poder ejecutivo\u201d, se\u00f1al\u00f3.<\/p>\n<p style=\"text-align: justify;\">El pronunciamiento resalta que la elecci\u00f3n y el ejercicio de la mandataria reflejan un cambio social importante.<\/p>\n<p style=\"text-align: justify;\">\u201cReconocemos que el primer gobierno mexicano encabezado por una mujer ha enfrentado grandes retos tanto en el \u00e1mbito nacional como el de las relaciones internacionales. El problema de la falta de seguridad y estado de derecho dista mucho de haberse resuelto, sin duda nuestras comunidades todav\u00eda sufren el agobio del crimen\u00bb, dijo.<\/p>\n<p style=\"text-align: justify;\">Continu\u00f3: \u00abSin embargo, constatamos que la estrategia de seguridad propuesta desde hace un a\u00f1o por la presidenta adem\u00e1s de la campa\u00f1a de desarme y las reformas para combatir el crimen organizado comienzan a rendir frutos\u201d.<\/p>\n<p style=\"text-align: justify;\">Tambien se record\u00f3 que hace un a\u00f1o se pidi\u00f3 un ejercicio de reconciliaci\u00f3n nacional como v\u00eda hacia la paz social.<\/p>\n<p style=\"text-align: justify;\">\u201cNos pronunciamos por un serio y plural ejercicio y de reconciliaci\u00f3n nacional como \u00fanica ruta hacia la anhelada paz social a trav\u00e9s del di\u00e1logo y el compromiso de todos. El Episcopado Mexicano reitera su ofrecimiento de seguir apoyando la b\u00fasqueda de la paz y la concordia y contin\u00faa sus labores confiando en que los acuerdos de la agenda nacional de paz sigan arrojando resultados significativos para el pueblo de M\u00e9xico\u201d, coment\u00f3.<\/p>\n<p style=\"text-align: justify;\">Por otro lado, se advierte que la lucha contra la violencia debe acompa\u00f1arse del combate a la corrupci\u00f3n.<\/p>\n<p style=\"text-align: justify;\">\u201cNo pasamos por alto que la disminuci\u00f3n de la violencia tiene que ir de la mano de la disminuci\u00f3n de la corrupci\u00f3n, c\u00e1ncer social de inimaginables alcances que tanto da\u00f1o causa la esperanza de M\u00e9xico pr\u00f3spero\u201d, expuso.<\/p>\n<p style=\"text-align: justify;\">La declaraci\u00f3n incluy\u00f3 un pronunciamiento sobre econom\u00eda y pobreza.<\/p>\n<p style=\"text-align: justify;\">\u201cLa situaci\u00f3n econ\u00f3mica del pa\u00eds a pesar del bajo crecimiento que viene arrastr\u00e1ndose desde las anteriores administraciones permite contemplar una reducci\u00f3n significativa del coeficiente de desigualdad. Apreciamos en todo lo que valen los logros alcanzados en esta materia, sin embargo, no se nos oculta que el grave lastro hist\u00f3rico de la pobreza se haya todav\u00eda lejos de la disminuci\u00f3n que nuestro pueblo merece y desea\u201d, apunt\u00f3.<\/p>\n<p style=\"text-align: justify;\">Sobre las relaciones exteriores, el Episcopado destac\u00f3 los avances en materia diplom\u00e1tica y comercial.<\/p>\n<p style=\"text-align: justify;\">\u201cEn lo tocante a las relaciones internacionales saludamos los esfuerzos diplom\u00e1ticos y de negociaci\u00f3n que han impedido una coalici\u00f3n de grandes alcances con nuestros principales socios comerciales tanto en el rubro arancelario como en el de la seguridad com\u00fan\u00bb, a\u00f1adi\u00f3.<\/p>\n<p style=\"text-align: justify;\">Prosigui\u00f3: \u00abHacemos un llamado a no ceder en la defensa de nuestros connacionales y de toda persona que realiza con grande y honesto esfuerzo una labor de car\u00e1cter migratorio y transfronterizo\u201d.<\/p>\n<p style=\"text-align: justify;\">Finalmente, se habla de una preocupaci\u00f3n por el equilibrio de poderes y la justicia en el pa\u00eds.<\/p>\n<p style=\"text-align: justify;\">\u00abExpres\u00e1bamos nuestra preocupaci\u00f3n por la conservaci\u00f3n del Estado democr\u00e1tico de derecho, del federalismo cooperativo, solidario y subsidiario, y de la separaci\u00f3n equilibrada entre los poderes. Sin duda la reforma judicial dist\u00f3 mucho de ser un proceso pulcro y democr\u00e1tico, renovamos nuestra exhortaci\u00f3n a defender el imprescindible acceso generalizado a la justicia\u201d, culmin\u00f3.<\/p>\n<p>Por: Jos\u00e9 Luis V\u00e1zquez<\/p>\n","protected":false},"excerpt":{"rendered":"<p>SLP.- El vocero de la Iglesia cat\u00f3lica en San Luis Potos\u00ed, Tom\u00e1s Cruz Perales, dio a conocer el mensaje emitido por el Episcopado Mexicano con motivo del primer a\u00f1o de administraci\u00f3n de la presidenta de M\u00e9xico. En \u00e9l se reconoce el avance que representa la llegada de una mujer a la titularidad del Ejecutivo, as\u00ed como los desaf\u00edos en materia de seguridad, justicia y desarrollo social. \u201cAl cumplirse los primeros 12 meses de la presente administraci\u00f3n los obispos de M\u00e9xico reconocemos el avance constitucional y cultural que ha significado la asunci\u00f3n a la jefatura del Estado mexicano de la primera [&hellip;]<\/p>\n","protected":false},"author":2,"featured_media":180907,"comment_status":"closed","ping_status":"closed","sticky":false,"template":"","format":"video","meta":{"_monsterinsights_skip_tracking":false,"_monsterinsights_sitenote_active":false,"_monsterinsights_sitenote_note":"","_monsterinsights_sitenote_category":0,"footnotes":""},"categories":[5,45],"tags":[],"class_list":["post-180893","post","type-post","status-publish","format-video","has-post-thumbnail","hentry","category-destacadas","category-localesyregionales","post_format-post-format-video","post--single"],"yoast_head":"<!-- This site is optimized with the Yoast SEO plugin v27.5 - https:\/\/yoast.com\/product\/yoast-seo-wordpress\/ -->\n<title>Episcopado Mexicano dirige mensaje a la presidenta tras su primer a\u00f1o de gobierno - Canal 7 SLP - 2025<\/title>\n<meta name=\"robots\" content=\"index, follow, max-snippet:-1, max-image-preview:large, max-video-preview:-1\" \/>\n<link rel=\"canonical\" href=\"https:\/\/canal7slp.tv\/2025\/episcopado-mexicano-dirige-mensaje-a-la-presidenta-tras-su-primer-ano-de-gobierno\/\" \/>\n<meta property=\"og:locale\" content=\"es_ES\" \/>\n<meta property=\"og:type\" content=\"article\" \/>\n<meta property=\"og:title\" content=\"Episcopado Mexicano dirige mensaje a la presidenta tras su primer a\u00f1o de gobierno - Canal 7 SLP - 2025\" \/>\n<meta property=\"og:description\" content=\"SLP.- El vocero de la Iglesia cat\u00f3lica en San Luis Potos\u00ed, Tom\u00e1s Cruz Perales, dio a conocer el mensaje emitido por el Episcopado Mexicano con motivo del primer a\u00f1o de administraci\u00f3n de la presidenta de M\u00e9xico. En \u00e9l se reconoce el avance que representa la llegada de una mujer a la titularidad del Ejecutivo, as\u00ed como los desaf\u00edos en materia de seguridad, justicia y desarrollo social. \u201cAl cumplirse los primeros 12 meses de la presente administraci\u00f3n los obispos de M\u00e9xico reconocemos el avance constitucional y cultural que ha significado la asunci\u00f3n a la jefatura del Estado mexicano de la primera [&hellip;]\" \/>\n<meta property=\"og:url\" content=\"https:\/\/canal7slp.tv\/2025\/episcopado-mexicano-dirige-mensaje-a-la-presidenta-tras-su-primer-ano-de-gobierno\/\" \/>\n<meta property=\"og:site_name\" content=\"Canal 7 SLP - 2025\" \/>\n<meta property=\"article:publisher\" content=\"https:\/\/www.facebook.com\/noticieroscanal7atencionciudadana\/\" \/>\n<meta property=\"article:published_time\" content=\"2025-10-01T23:16:22+00:00\" \/>\n<meta property=\"og:image\" content=\"https:\/\/canal7slp.tv\/2025\/wp-content\/uploads\/2025\/10\/Vazquez03Mensaje.jpg\" \/>\n\t<meta property=\"og:image:width\" content=\"1280\" \/>\n\t<meta property=\"og:image:height\" content=\"720\" \/>\n\t<meta property=\"og:image:type\" content=\"image\/jpeg\" \/>\n<meta name=\"author\" content=\"Edici\u00f3n Web\" \/>\n<meta name=\"twitter:card\" content=\"summary_large_image\" \/>\n<meta name=\"twitter:creator\" content=\"@NOTICIEROS7\" \/>\n<meta name=\"twitter:site\" content=\"@NOTICIEROS7\" \/>\n<meta name=\"twitter:label1\" content=\"Escrito por\" \/>\n\t<meta name=\"twitter:data1\" content=\"Edici\u00f3n Web\" \/>\n\t<meta name=\"twitter:label2\" content=\"Tiempo de lectura\" \/>\n\t<meta name=\"twitter:data2\" content=\"3 minutos\" \/>\n<script type=\"application\/ld+json\" class=\"yoast-schema-graph\">{\"@context\":\"https:\\\/\\\/schema.org\",\"@graph\":[{\"@type\":\"Article\",\"@id\":\"https:\\\/\\\/canal7slp.tv\\\/2025\\\/episcopado-mexicano-dirige-mensaje-a-la-presidenta-tras-su-primer-ano-de-gobierno\\\/#article\",\"isPartOf\":{\"@id\":\"https:\\\/\\\/canal7slp.tv\\\/2025\\\/episcopado-mexicano-dirige-mensaje-a-la-presidenta-tras-su-primer-ano-de-gobierno\\\/\"},\"author\":{\"name\":\"Edici\u00f3n Web\",\"@id\":\"https:\\\/\\\/canal7slp.tv\\\/2025\\\/#\\\/schema\\\/person\\\/271e2b60a96e7cc9d9ac296f4d7e414b\"},\"headline\":\"Episcopado Mexicano dirige mensaje a la presidenta tras su primer a\u00f1o de gobierno\",\"datePublished\":\"2025-10-01T23:16:22+00:00\",\"mainEntityOfPage\":{\"@id\":\"https:\\\/\\\/canal7slp.tv\\\/2025\\\/episcopado-mexicano-dirige-mensaje-a-la-presidenta-tras-su-primer-ano-de-gobierno\\\/\"},\"wordCount\":665,\"publisher\":{\"@id\":\"https:\\\/\\\/canal7slp.tv\\\/2025\\\/#organization\"},\"image\":{\"@id\":\"https:\\\/\\\/canal7slp.tv\\\/2025\\\/episcopado-mexicano-dirige-mensaje-a-la-presidenta-tras-su-primer-ano-de-gobierno\\\/#primaryimage\"},\"thumbnailUrl\":\"https:\\\/\\\/canal7slp.tv\\\/2025\\\/wp-content\\\/uploads\\\/2025\\\/10\\\/Vazquez03Mensaje.jpg\",\"articleSection\":[\"DESTACADAS\",\"LOCALES Y REGIONALES\"],\"inLanguage\":\"es\"},{\"@type\":\"WebPage\",\"@id\":\"https:\\\/\\\/canal7slp.tv\\\/2025\\\/episcopado-mexicano-dirige-mensaje-a-la-presidenta-tras-su-primer-ano-de-gobierno\\\/\",\"url\":\"https:\\\/\\\/canal7slp.tv\\\/2025\\\/episcopado-mexicano-dirige-mensaje-a-la-presidenta-tras-su-primer-ano-de-gobierno\\\/\",\"name\":\"Episcopado Mexicano dirige mensaje a la presidenta tras su primer a\u00f1o de gobierno - Canal 7 SLP - 2025\",\"isPartOf\":{\"@id\":\"https:\\\/\\\/canal7slp.tv\\\/2025\\\/#website\"},\"primaryImageOfPage\":{\"@id\":\"https:\\\/\\\/canal7slp.tv\\\/2025\\\/episcopado-mexicano-dirige-mensaje-a-la-presidenta-tras-su-primer-ano-de-gobierno\\\/#primaryimage\"},\"image\":{\"@id\":\"https:\\\/\\\/canal7slp.tv\\\/2025\\\/episcopado-mexicano-dirige-mensaje-a-la-presidenta-tras-su-primer-ano-de-gobierno\\\/#primaryimage\"},\"thumbnailUrl\":\"https:\\\/\\\/canal7slp.tv\\\/2025\\\/wp-content\\\/uploads\\\/2025\\\/10\\\/Vazquez03Mensaje.jpg\",\"datePublished\":\"2025-10-01T23:16:22+00:00\",\"breadcrumb\":{\"@id\":\"https:\\\/\\\/canal7slp.tv\\\/2025\\\/episcopado-mexicano-dirige-mensaje-a-la-presidenta-tras-su-primer-ano-de-gobierno\\\/#breadcrumb\"},\"inLanguage\":\"es\",\"potentialAction\":[{\"@type\":\"ReadAction\",\"target\":[\"https:\\\/\\\/canal7slp.tv\\\/2025\\\/episcopado-mexicano-dirige-mensaje-a-la-presidenta-tras-su-primer-ano-de-gobierno\\\/\"]}]},{\"@type\":\"ImageObject\",\"inLanguage\":\"es\",\"@id\":\"https:\\\/\\\/canal7slp.tv\\\/2025\\\/episcopado-mexicano-dirige-mensaje-a-la-presidenta-tras-su-primer-ano-de-gobierno\\\/#primaryimage\",\"url\":\"https:\\\/\\\/canal7slp.tv\\\/2025\\\/wp-content\\\/uploads\\\/2025\\\/10\\\/Vazquez03Mensaje.jpg\",\"contentUrl\":\"https:\\\/\\\/canal7slp.tv\\\/2025\\\/wp-content\\\/uploads\\\/2025\\\/10\\\/Vazquez03Mensaje.jpg\",\"width\":1280,\"height\":720},{\"@type\":\"BreadcrumbList\",\"@id\":\"https:\\\/\\\/canal7slp.tv\\\/2025\\\/episcopado-mexicano-dirige-mensaje-a-la-presidenta-tras-su-primer-ano-de-gobierno\\\/#breadcrumb\",\"itemListElement\":[{\"@type\":\"ListItem\",\"position\":1,\"name\":\"Portada\",\"item\":\"https:\\\/\\\/canal7slp.tv\\\/2025\\\/\"},{\"@type\":\"ListItem\",\"position\":2,\"name\":\"Episcopado Mexicano dirige mensaje a la presidenta tras su primer a\u00f1o de gobierno\"}]},{\"@type\":\"WebSite\",\"@id\":\"https:\\\/\\\/canal7slp.tv\\\/2025\\\/#website\",\"url\":\"https:\\\/\\\/canal7slp.tv\\\/2025\\\/\",\"name\":\"N7 - Noticieros Canal 7\",\"description\":\"Somos el Medio\",\"publisher\":{\"@id\":\"https:\\\/\\\/canal7slp.tv\\\/2025\\\/#organization\"},\"potentialAction\":[{\"@type\":\"SearchAction\",\"target\":{\"@type\":\"EntryPoint\",\"urlTemplate\":\"https:\\\/\\\/canal7slp.tv\\\/2025\\\/?s={search_term_string}\"},\"query-input\":{\"@type\":\"PropertyValueSpecification\",\"valueRequired\":true,\"valueName\":\"search_term_string\"}}],\"inLanguage\":\"es\"},{\"@type\":\"Organization\",\"@id\":\"https:\\\/\\\/canal7slp.tv\\\/2025\\\/#organization\",\"name\":\"Noticieros Canal 7\",\"url\":\"https:\\\/\\\/canal7slp.tv\\\/2025\\\/\",\"logo\":{\"@type\":\"ImageObject\",\"inLanguage\":\"es\",\"@id\":\"https:\\\/\\\/canal7slp.tv\\\/2025\\\/#\\\/schema\\\/logo\\\/image\\\/\",\"url\":\"https:\\\/\\\/canal7slp.tv\\\/2025\\\/wp-content\\\/uploads\\\/2021\\\/01\\\/logo-noticieros@2x.png\",\"contentUrl\":\"https:\\\/\\\/canal7slp.tv\\\/2025\\\/wp-content\\\/uploads\\\/2021\\\/01\\\/logo-noticieros@2x.png\",\"width\":1017,\"height\":268,\"caption\":\"Noticieros Canal 7\"},\"image\":{\"@id\":\"https:\\\/\\\/canal7slp.tv\\\/2025\\\/#\\\/schema\\\/logo\\\/image\\\/\"},\"sameAs\":[\"https:\\\/\\\/www.facebook.com\\\/noticieroscanal7atencionciudadana\\\/\",\"https:\\\/\\\/x.com\\\/NOTICIEROS7\",\"https:\\\/\\\/www.instagram.com\\\/canal7_slp\",\"https:\\\/\\\/www.youtube.com\\\/channel\\\/UCliiYs-gP3JfJeqdPrNdd5A\"]},{\"@type\":\"Person\",\"@id\":\"https:\\\/\\\/canal7slp.tv\\\/2025\\\/#\\\/schema\\\/person\\\/271e2b60a96e7cc9d9ac296f4d7e414b\",\"name\":\"Edici\u00f3n Web\",\"image\":{\"@type\":\"ImageObject\",\"inLanguage\":\"es\",\"@id\":\"https:\\\/\\\/secure.gravatar.com\\\/avatar\\\/eee448fc3f7164808013b816ba91ac7e43bbe82a70bebac296f8bc6f0addaa1a?s=96&d=mm&r=g\",\"url\":\"https:\\\/\\\/secure.gravatar.com\\\/avatar\\\/eee448fc3f7164808013b816ba91ac7e43bbe82a70bebac296f8bc6f0addaa1a?s=96&d=mm&r=g\",\"contentUrl\":\"https:\\\/\\\/secure.gravatar.com\\\/avatar\\\/eee448fc3f7164808013b816ba91ac7e43bbe82a70bebac296f8bc6f0addaa1a?s=96&d=mm&r=g\",\"caption\":\"Edici\u00f3n Web\"},\"url\":\"https:\\\/\\\/canal7slp.tv\\\/2025\\\/author\\\/edicionweb\\\/\"}]}<\/script>\n<!-- \/ Yoast SEO plugin. -->","yoast_head_json":{"title":"Episcopado Mexicano dirige mensaje a la presidenta tras su primer a\u00f1o de gobierno - Canal 7 SLP - 2025","robots":{"index":"index","follow":"follow","max-snippet":"max-snippet:-1","max-image-preview":"max-image-preview:large","max-video-preview":"max-video-preview:-1"},"canonical":"https:\/\/canal7slp.tv\/2025\/episcopado-mexicano-dirige-mensaje-a-la-presidenta-tras-su-primer-ano-de-gobierno\/","og_locale":"es_ES","og_type":"article","og_title":"Episcopado Mexicano dirige mensaje a la presidenta tras su primer a\u00f1o de gobierno - Canal 7 SLP - 2025","og_description":"SLP.- El vocero de la Iglesia cat\u00f3lica en San Luis Potos\u00ed, Tom\u00e1s Cruz Perales, dio a conocer el mensaje emitido por el Episcopado Mexicano con motivo del primer a\u00f1o de administraci\u00f3n de la presidenta de M\u00e9xico. En \u00e9l se reconoce el avance que representa la llegada de una mujer a la titularidad del Ejecutivo, as\u00ed como los desaf\u00edos en materia de seguridad, justicia y desarrollo social. \u201cAl cumplirse los primeros 12 meses de la presente administraci\u00f3n los obispos de M\u00e9xico reconocemos el avance constitucional y cultural que ha significado la asunci\u00f3n a la jefatura del Estado mexicano de la primera [&hellip;]","og_url":"https:\/\/canal7slp.tv\/2025\/episcopado-mexicano-dirige-mensaje-a-la-presidenta-tras-su-primer-ano-de-gobierno\/","og_site_name":"Canal 7 SLP - 2025","article_publisher":"https:\/\/www.facebook.com\/noticieroscanal7atencionciudadana\/","article_published_time":"2025-10-01T23:16:22+00:00","og_image":[{"width":1280,"height":720,"url":"https:\/\/canal7slp.tv\/2025\/wp-content\/uploads\/2025\/10\/Vazquez03Mensaje.jpg","type":"image\/jpeg"}],"author":"Edici\u00f3n Web","twitter_card":"summary_large_image","twitter_creator":"@NOTICIEROS7","twitter_site":"@NOTICIEROS7","twitter_misc":{"Escrito por":"Edici\u00f3n Web","Tiempo de lectura":"3 minutos"},"schema":{"@context":"https:\/\/schema.org","@graph":[{"@type":"Article","@id":"https:\/\/canal7slp.tv\/2025\/episcopado-mexicano-dirige-mensaje-a-la-presidenta-tras-su-primer-ano-de-gobierno\/#article","isPartOf":{"@id":"https:\/\/canal7slp.tv\/2025\/episcopado-mexicano-dirige-mensaje-a-la-presidenta-tras-su-primer-ano-de-gobierno\/"},"author":{"name":"Edici\u00f3n Web","@id":"https:\/\/canal7slp.tv\/2025\/#\/schema\/person\/271e2b60a96e7cc9d9ac296f4d7e414b"},"headline":"Episcopado Mexicano dirige mensaje a la presidenta tras su primer a\u00f1o de gobierno","datePublished":"2025-10-01T23:16:22+00:00","mainEntityOfPage":{"@id":"https:\/\/canal7slp.tv\/2025\/episcopado-mexicano-dirige-mensaje-a-la-presidenta-tras-su-primer-ano-de-gobierno\/"},"wordCount":665,"publisher":{"@id":"https:\/\/canal7slp.tv\/2025\/#organization"},"image":{"@id":"https:\/\/canal7slp.tv\/2025\/episcopado-mexicano-dirige-mensaje-a-la-presidenta-tras-su-primer-ano-de-gobierno\/#primaryimage"},"thumbnailUrl":"https:\/\/canal7slp.tv\/2025\/wp-content\/uploads\/2025\/10\/Vazquez03Mensaje.jpg","articleSection":["DESTACADAS","LOCALES Y REGIONALES"],"inLanguage":"es"},{"@type":"WebPage","@id":"https:\/\/canal7slp.tv\/2025\/episcopado-mexicano-dirige-mensaje-a-la-presidenta-tras-su-primer-ano-de-gobierno\/","url":"https:\/\/canal7slp.tv\/2025\/episcopado-mexicano-dirige-mensaje-a-la-presidenta-tras-su-primer-ano-de-gobierno\/","name":"Episcopado Mexicano dirige mensaje a la presidenta tras su primer a\u00f1o de gobierno - Canal 7 SLP - 2025","isPartOf":{"@id":"https:\/\/canal7slp.tv\/2025\/#website"},"primaryImageOfPage":{"@id":"https:\/\/canal7slp.tv\/2025\/episcopado-mexicano-dirige-mensaje-a-la-presidenta-tras-su-primer-ano-de-gobierno\/#primaryimage"},"image":{"@id":"https:\/\/canal7slp.tv\/2025\/episcopado-mexicano-dirige-mensaje-a-la-presidenta-tras-su-primer-ano-de-gobierno\/#primaryimage"},"thumbnailUrl":"https:\/\/canal7slp.tv\/2025\/wp-content\/uploads\/2025\/10\/Vazquez03Mensaje.jpg","datePublished":"2025-10-01T23:16:22+00:00","breadcrumb":{"@id":"https:\/\/canal7slp.tv\/2025\/episcopado-mexicano-dirige-mensaje-a-la-presidenta-tras-su-primer-ano-de-gobierno\/#breadcrumb"},"inLanguage":"es","potentialAction":[{"@type":"ReadAction","target":["https:\/\/canal7slp.tv\/2025\/episcopado-mexicano-dirige-mensaje-a-la-presidenta-tras-su-primer-ano-de-gobierno\/"]}]},{"@type":"ImageObject","inLanguage":"es","@id":"https:\/\/canal7slp.tv\/2025\/episcopado-mexicano-dirige-mensaje-a-la-presidenta-tras-su-primer-ano-de-gobierno\/#primaryimage","url":"https:\/\/canal7slp.tv\/2025\/wp-content\/uploads\/2025\/10\/Vazquez03Mensaje.jpg","contentUrl":"https:\/\/canal7slp.tv\/2025\/wp-content\/uploads\/2025\/10\/Vazquez03Mensaje.jpg","width":1280,"height":720},{"@type":"BreadcrumbList","@id":"https:\/\/canal7slp.tv\/2025\/episcopado-mexicano-dirige-mensaje-a-la-presidenta-tras-su-primer-ano-de-gobierno\/#breadcrumb","itemListElement":[{"@type":"ListItem","position":1,"name":"Portada","item":"https:\/\/canal7slp.tv\/2025\/"},{"@type":"ListItem","position":2,"name":"Episcopado Mexicano dirige mensaje a la presidenta tras su primer a\u00f1o de gobierno"}]},{"@type":"WebSite","@id":"https:\/\/canal7slp.tv\/2025\/#website","url":"https:\/\/canal7slp.tv\/2025\/","name":"N7 - Noticieros Canal 7","description":"Somos el Medio","publisher":{"@id":"https:\/\/canal7slp.tv\/2025\/#organization"},"potentialAction":[{"@type":"SearchAction","target":{"@type":"EntryPoint","urlTemplate":"https:\/\/canal7slp.tv\/2025\/?s={search_term_string}"},"query-input":{"@type":"PropertyValueSpecification","valueRequired":true,"valueName":"search_term_string"}}],"inLanguage":"es"},{"@type":"Organization","@id":"https:\/\/canal7slp.tv\/2025\/#organization","name":"Noticieros Canal 7","url":"https:\/\/canal7slp.tv\/2025\/","logo":{"@type":"ImageObject","inLanguage":"es","@id":"https:\/\/canal7slp.tv\/2025\/#\/schema\/logo\/image\/","url":"https:\/\/canal7slp.tv\/2025\/wp-content\/uploads\/2021\/01\/logo-noticieros@2x.png","contentUrl":"https:\/\/canal7slp.tv\/2025\/wp-content\/uploads\/2021\/01\/logo-noticieros@2x.png","width":1017,"height":268,"caption":"Noticieros Canal 7"},"image":{"@id":"https:\/\/canal7slp.tv\/2025\/#\/schema\/logo\/image\/"},"sameAs":["https:\/\/www.facebook.com\/noticieroscanal7atencionciudadana\/","https:\/\/x.com\/NOTICIEROS7","https:\/\/www.instagram.com\/canal7_slp","https:\/\/www.youtube.com\/channel\/UCliiYs-gP3JfJeqdPrNdd5A"]},{"@type":"Person","@id":"https:\/\/canal7slp.tv\/2025\/#\/schema\/person\/271e2b60a96e7cc9d9ac296f4d7e414b","name":"Edici\u00f3n Web","image":{"@type":"ImageObject","inLanguage":"es","@id":"https:\/\/secure.gravatar.com\/avatar\/eee448fc3f7164808013b816ba91ac7e43bbe82a70bebac296f8bc6f0addaa1a?s=96&d=mm&r=g","url":"https:\/\/secure.gravatar.com\/avatar\/eee448fc3f7164808013b816ba91ac7e43bbe82a70bebac296f8bc6f0addaa1a?s=96&d=mm&r=g","contentUrl":"https:\/\/secure.gravatar.com\/avatar\/eee448fc3f7164808013b816ba91ac7e43bbe82a70bebac296f8bc6f0addaa1a?s=96&d=mm&r=g","caption":"Edici\u00f3n Web"},"url":"https:\/\/canal7slp.tv\/2025\/author\/edicionweb\/"}]}},"_links":{"self":[{"href":"https:\/\/canal7slp.tv\/2025\/wp-json\/wp\/v2\/posts\/180893","targetHints":{"allow":["GET"]}}],"collection":[{"href":"https:\/\/canal7slp.tv\/2025\/wp-json\/wp\/v2\/posts"}],"about":[{"href":"https:\/\/canal7slp.tv\/2025\/wp-json\/wp\/v2\/types\/post"}],"author":[{"embeddable":true,"href":"https:\/\/canal7slp.tv\/2025\/wp-json\/wp\/v2\/users\/2"}],"replies":[{"embeddable":true,"href":"https:\/\/canal7slp.tv\/2025\/wp-json\/wp\/v2\/comments?post=180893"}],"version-history":[{"count":2,"href":"https:\/\/canal7slp.tv\/2025\/wp-json\/wp\/v2\/posts\/180893\/revisions"}],"predecessor-version":[{"id":180908,"href":"https:\/\/canal7slp.tv\/2025\/wp-json\/wp\/v2\/posts\/180893\/revisions\/180908"}],"wp:featuredmedia":[{"embeddable":true,"href":"https:\/\/canal7slp.tv\/2025\/wp-json\/wp\/v2\/media\/180907"}],"wp:attachment":[{"href":"https:\/\/canal7slp.tv\/2025\/wp-json\/wp\/v2\/media?parent=180893"}],"wp:term":[{"taxonomy":"category","embeddable":true,"href":"https:\/\/canal7slp.tv\/2025\/wp-json\/wp\/v2\/categories?post=180893"},{"taxonomy":"post_tag","embeddable":true,"href":"https:\/\/canal7slp.tv\/2025\/wp-json\/wp\/v2\/tags?post=180893"}],"curies":[{"name":"wp","href":"https:\/\/api.w.org\/{rel}","templated":true}]}}