{"id":180892,"date":"2025-10-01T16:59:36","date_gmt":"2025-10-01T22:59:36","guid":{"rendered":"https:\/\/canal7slp.tv\/2025\/?p=180892"},"modified":"2025-10-01T16:59:36","modified_gmt":"2025-10-01T22:59:36","slug":"se-pronuncia-gobernador-de-slp-tras-muerte-de-migrante-potosino-en-texas","status":"publish","type":"post","link":"https:\/\/canal7slp.tv\/2025\/se-pronuncia-gobernador-de-slp-tras-muerte-de-migrante-potosino-en-texas\/","title":{"rendered":"Se pronuncia gobernador de SLP tras muerte de migrante potosino en Texas"},"content":{"rendered":"<p style=\"text-align: justify;\"><span style=\"font-size: 1.21429rem;\">SLP.- El gobernador, Ricardo Gallardo Cardona, se pronunci\u00f3 ante el fallecimiento de Miguel \u00c1ngel Garc\u00eda-Hern\u00e1ndez, originario de San Luis Potos\u00ed, quien result\u00f3 herido en un ataque registrado en una oficina del Servicio de Inmigraci\u00f3n y Control de Aduanas (ICE) en Texas, Estados Unidos.<\/span><\/p>\n<p style=\"text-align: justify;\">\u201cLamentable que se est\u00e9 viviendo esto en el vecino pa\u00eds siempre van y van a seguir recibiendo apoyo por parte del instituto de migraci\u00f3n de San Luis Potos\u00ed que ya est\u00e1 contactando a los familiares\u201d, reiter\u00f3.<\/p>\n<p style=\"text-align: justify;\">Se\u00f1al\u00f3 que la situaci\u00f3n migratoria continuar\u00e1 siendo complicada mientras no haya un cambio en la forma en que Estados Unidos percibe y atiende a las personas en tr\u00e1nsito.<\/p>\n<p style=\"text-align: justify;\">\u201cNosotros estaremos atentos a cualquier llamado que se nos haga para poder auxiliar, pero bueno esto sin lugar a dudas va a seguir continuando en cuanto no se cambia la manera de ver a los migrantes en Estados Unidos\u201d, sostuvo.<\/p>\n<p style=\"text-align: justify;\">Gallardo advirti\u00f3 que, bajo la pol\u00edtica de las autoridades estadounidenses, M\u00e9xico enfrentar\u00e1 un escenario dif\u00edcil en los pr\u00f3ximos a\u00f1os.<\/p>\n<p style=\"text-align: justify;\">\u201cEl gobierno ha fijado su postura de cero tolerancia de buscar a como de lugar de portar o traer a migrantes a M\u00e9xico y creo que no lo va a cambiar, va a ser un cuatrienio muy dif\u00edcil para M\u00e9xico y en este caso hoy le toc\u00f3 a San Luis Potos\u00ed\u201d, declar\u00f3.<\/p>\n<p style=\"text-align: justify;\">El gobernador subray\u00f3 que hasta ahora no se hab\u00edan registrado incidentes similares entre migrantes potosinos en Estados Unidos, tampoco por temas de deportaci\u00f3n.<\/p>\n<p>Por: Jos\u00e9 Luis V\u00e1zquez<\/p>\n","protected":false},"excerpt":{"rendered":"<p>SLP.- El gobernador, Ricardo Gallardo Cardona, se pronunci\u00f3 ante el fallecimiento de Miguel \u00c1ngel Garc\u00eda-Hern\u00e1ndez, originario de San Luis Potos\u00ed, quien result\u00f3 herido en un ataque registrado en una oficina del Servicio de Inmigraci\u00f3n y Control de Aduanas (ICE) en Texas, Estados Unidos. \u201cLamentable que se est\u00e9 viviendo esto en el vecino pa\u00eds siempre van y van a seguir recibiendo apoyo por parte del instituto de migraci\u00f3n de San Luis Potos\u00ed que ya est\u00e1 contactando a los familiares\u201d, reiter\u00f3. Se\u00f1al\u00f3 que la situaci\u00f3n migratoria continuar\u00e1 siendo complicada mientras no haya un cambio en la forma en que Estados Unidos percibe [&hellip;]<\/p>\n","protected":false},"author":2,"featured_media":180904,"comment_status":"closed","ping_status":"closed","sticky":false,"template":"","format":"video","meta":{"_monsterinsights_skip_tracking":false,"_monsterinsights_sitenote_active":false,"_monsterinsights_sitenote_note":"","_monsterinsights_sitenote_category":0,"footnotes":""},"categories":[5,510,45],"tags":[],"class_list":["post-180892","post","type-post","status-publish","format-video","has-post-thumbnail","hentry","category-destacadas","category-gobedoslp","category-localesyregionales","post_format-post-format-video","post--single"],"yoast_head":"<!-- This site is optimized with the Yoast SEO plugin v27.5 - https:\/\/yoast.com\/product\/yoast-seo-wordpress\/ -->\n<title>Se pronuncia gobernador de SLP tras muerte de migrante potosino en Texas - Canal 7 SLP - 2025<\/title>\n<meta name=\"robots\" content=\"index, follow, max-snippet:-1, max-image-preview:large, max-video-preview:-1\" \/>\n<link rel=\"canonical\" href=\"https:\/\/canal7slp.tv\/2025\/se-pronuncia-gobernador-de-slp-tras-muerte-de-migrante-potosino-en-texas\/\" \/>\n<meta property=\"og:locale\" content=\"es_ES\" \/>\n<meta property=\"og:type\" content=\"article\" \/>\n<meta property=\"og:title\" content=\"Se pronuncia gobernador de SLP tras muerte de migrante potosino en Texas - Canal 7 SLP - 2025\" \/>\n<meta property=\"og:description\" content=\"SLP.- El gobernador, Ricardo Gallardo Cardona, se pronunci\u00f3 ante el fallecimiento de Miguel \u00c1ngel Garc\u00eda-Hern\u00e1ndez, originario de San Luis Potos\u00ed, quien result\u00f3 herido en un ataque registrado en una oficina del Servicio de Inmigraci\u00f3n y Control de Aduanas (ICE) en Texas, Estados Unidos. \u201cLamentable que se est\u00e9 viviendo esto en el vecino pa\u00eds siempre van y van a seguir recibiendo apoyo por parte del instituto de migraci\u00f3n de San Luis Potos\u00ed que ya est\u00e1 contactando a los familiares\u201d, reiter\u00f3. Se\u00f1al\u00f3 que la situaci\u00f3n migratoria continuar\u00e1 siendo complicada mientras no haya un cambio en la forma en que Estados Unidos percibe [&hellip;]\" \/>\n<meta property=\"og:url\" content=\"https:\/\/canal7slp.tv\/2025\/se-pronuncia-gobernador-de-slp-tras-muerte-de-migrante-potosino-en-texas\/\" \/>\n<meta property=\"og:site_name\" content=\"Canal 7 SLP - 2025\" \/>\n<meta property=\"article:publisher\" content=\"https:\/\/www.facebook.com\/noticieroscanal7atencionciudadana\/\" \/>\n<meta property=\"article:published_time\" content=\"2025-10-01T22:59:36+00:00\" \/>\n<meta property=\"og:image\" content=\"https:\/\/canal7slp.tv\/2025\/wp-content\/uploads\/2025\/10\/Vazquez02Migrantes.jpg\" \/>\n\t<meta property=\"og:image:width\" content=\"1280\" \/>\n\t<meta property=\"og:image:height\" content=\"720\" \/>\n\t<meta property=\"og:image:type\" content=\"image\/jpeg\" \/>\n<meta name=\"author\" content=\"Edici\u00f3n Web\" \/>\n<meta name=\"twitter:card\" content=\"summary_large_image\" \/>\n<meta name=\"twitter:creator\" content=\"@NOTICIEROS7\" \/>\n<meta name=\"twitter:site\" content=\"@NOTICIEROS7\" \/>\n<meta name=\"twitter:label1\" content=\"Escrito por\" \/>\n\t<meta name=\"twitter:data1\" content=\"Edici\u00f3n Web\" \/>\n\t<meta name=\"twitter:label2\" content=\"Tiempo de lectura\" \/>\n\t<meta name=\"twitter:data2\" content=\"2 minutos\" \/>\n<script type=\"application\/ld+json\" class=\"yoast-schema-graph\">{\"@context\":\"https:\\\/\\\/schema.org\",\"@graph\":[{\"@type\":\"Article\",\"@id\":\"https:\\\/\\\/canal7slp.tv\\\/2025\\\/se-pronuncia-gobernador-de-slp-tras-muerte-de-migrante-potosino-en-texas\\\/#article\",\"isPartOf\":{\"@id\":\"https:\\\/\\\/canal7slp.tv\\\/2025\\\/se-pronuncia-gobernador-de-slp-tras-muerte-de-migrante-potosino-en-texas\\\/\"},\"author\":{\"name\":\"Edici\u00f3n Web\",\"@id\":\"https:\\\/\\\/canal7slp.tv\\\/2025\\\/#\\\/schema\\\/person\\\/271e2b60a96e7cc9d9ac296f4d7e414b\"},\"headline\":\"Se pronuncia gobernador de SLP tras muerte de migrante potosino en Texas\",\"datePublished\":\"2025-10-01T22:59:36+00:00\",\"mainEntityOfPage\":{\"@id\":\"https:\\\/\\\/canal7slp.tv\\\/2025\\\/se-pronuncia-gobernador-de-slp-tras-muerte-de-migrante-potosino-en-texas\\\/\"},\"wordCount\":277,\"publisher\":{\"@id\":\"https:\\\/\\\/canal7slp.tv\\\/2025\\\/#organization\"},\"image\":{\"@id\":\"https:\\\/\\\/canal7slp.tv\\\/2025\\\/se-pronuncia-gobernador-de-slp-tras-muerte-de-migrante-potosino-en-texas\\\/#primaryimage\"},\"thumbnailUrl\":\"https:\\\/\\\/canal7slp.tv\\\/2025\\\/wp-content\\\/uploads\\\/2025\\\/10\\\/Vazquez02Migrantes.jpg\",\"articleSection\":[\"DESTACADAS\",\"GOBEDOSLP\",\"LOCALES Y REGIONALES\"],\"inLanguage\":\"es\"},{\"@type\":\"WebPage\",\"@id\":\"https:\\\/\\\/canal7slp.tv\\\/2025\\\/se-pronuncia-gobernador-de-slp-tras-muerte-de-migrante-potosino-en-texas\\\/\",\"url\":\"https:\\\/\\\/canal7slp.tv\\\/2025\\\/se-pronuncia-gobernador-de-slp-tras-muerte-de-migrante-potosino-en-texas\\\/\",\"name\":\"Se pronuncia gobernador de SLP tras muerte de migrante potosino en Texas - Canal 7 SLP - 2025\",\"isPartOf\":{\"@id\":\"https:\\\/\\\/canal7slp.tv\\\/2025\\\/#website\"},\"primaryImageOfPage\":{\"@id\":\"https:\\\/\\\/canal7slp.tv\\\/2025\\\/se-pronuncia-gobernador-de-slp-tras-muerte-de-migrante-potosino-en-texas\\\/#primaryimage\"},\"image\":{\"@id\":\"https:\\\/\\\/canal7slp.tv\\\/2025\\\/se-pronuncia-gobernador-de-slp-tras-muerte-de-migrante-potosino-en-texas\\\/#primaryimage\"},\"thumbnailUrl\":\"https:\\\/\\\/canal7slp.tv\\\/2025\\\/wp-content\\\/uploads\\\/2025\\\/10\\\/Vazquez02Migrantes.jpg\",\"datePublished\":\"2025-10-01T22:59:36+00:00\",\"breadcrumb\":{\"@id\":\"https:\\\/\\\/canal7slp.tv\\\/2025\\\/se-pronuncia-gobernador-de-slp-tras-muerte-de-migrante-potosino-en-texas\\\/#breadcrumb\"},\"inLanguage\":\"es\",\"potentialAction\":[{\"@type\":\"ReadAction\",\"target\":[\"https:\\\/\\\/canal7slp.tv\\\/2025\\\/se-pronuncia-gobernador-de-slp-tras-muerte-de-migrante-potosino-en-texas\\\/\"]}]},{\"@type\":\"ImageObject\",\"inLanguage\":\"es\",\"@id\":\"https:\\\/\\\/canal7slp.tv\\\/2025\\\/se-pronuncia-gobernador-de-slp-tras-muerte-de-migrante-potosino-en-texas\\\/#primaryimage\",\"url\":\"https:\\\/\\\/canal7slp.tv\\\/2025\\\/wp-content\\\/uploads\\\/2025\\\/10\\\/Vazquez02Migrantes.jpg\",\"contentUrl\":\"https:\\\/\\\/canal7slp.tv\\\/2025\\\/wp-content\\\/uploads\\\/2025\\\/10\\\/Vazquez02Migrantes.jpg\",\"width\":1280,\"height\":720},{\"@type\":\"BreadcrumbList\",\"@id\":\"https:\\\/\\\/canal7slp.tv\\\/2025\\\/se-pronuncia-gobernador-de-slp-tras-muerte-de-migrante-potosino-en-texas\\\/#breadcrumb\",\"itemListElement\":[{\"@type\":\"ListItem\",\"position\":1,\"name\":\"Portada\",\"item\":\"https:\\\/\\\/canal7slp.tv\\\/2025\\\/\"},{\"@type\":\"ListItem\",\"position\":2,\"name\":\"Se pronuncia gobernador de SLP tras muerte de migrante potosino en Texas\"}]},{\"@type\":\"WebSite\",\"@id\":\"https:\\\/\\\/canal7slp.tv\\\/2025\\\/#website\",\"url\":\"https:\\\/\\\/canal7slp.tv\\\/2025\\\/\",\"name\":\"N7 - Noticieros Canal 7\",\"description\":\"Somos el Medio\",\"publisher\":{\"@id\":\"https:\\\/\\\/canal7slp.tv\\\/2025\\\/#organization\"},\"potentialAction\":[{\"@type\":\"SearchAction\",\"target\":{\"@type\":\"EntryPoint\",\"urlTemplate\":\"https:\\\/\\\/canal7slp.tv\\\/2025\\\/?s={search_term_string}\"},\"query-input\":{\"@type\":\"PropertyValueSpecification\",\"valueRequired\":true,\"valueName\":\"search_term_string\"}}],\"inLanguage\":\"es\"},{\"@type\":\"Organization\",\"@id\":\"https:\\\/\\\/canal7slp.tv\\\/2025\\\/#organization\",\"name\":\"Noticieros Canal 7\",\"url\":\"https:\\\/\\\/canal7slp.tv\\\/2025\\\/\",\"logo\":{\"@type\":\"ImageObject\",\"inLanguage\":\"es\",\"@id\":\"https:\\\/\\\/canal7slp.tv\\\/2025\\\/#\\\/schema\\\/logo\\\/image\\\/\",\"url\":\"https:\\\/\\\/canal7slp.tv\\\/2025\\\/wp-content\\\/uploads\\\/2021\\\/01\\\/logo-noticieros@2x.png\",\"contentUrl\":\"https:\\\/\\\/canal7slp.tv\\\/2025\\\/wp-content\\\/uploads\\\/2021\\\/01\\\/logo-noticieros@2x.png\",\"width\":1017,\"height\":268,\"caption\":\"Noticieros Canal 7\"},\"image\":{\"@id\":\"https:\\\/\\\/canal7slp.tv\\\/2025\\\/#\\\/schema\\\/logo\\\/image\\\/\"},\"sameAs\":[\"https:\\\/\\\/www.facebook.com\\\/noticieroscanal7atencionciudadana\\\/\",\"https:\\\/\\\/x.com\\\/NOTICIEROS7\",\"https:\\\/\\\/www.instagram.com\\\/canal7_slp\",\"https:\\\/\\\/www.youtube.com\\\/channel\\\/UCliiYs-gP3JfJeqdPrNdd5A\"]},{\"@type\":\"Person\",\"@id\":\"https:\\\/\\\/canal7slp.tv\\\/2025\\\/#\\\/schema\\\/person\\\/271e2b60a96e7cc9d9ac296f4d7e414b\",\"name\":\"Edici\u00f3n Web\",\"image\":{\"@type\":\"ImageObject\",\"inLanguage\":\"es\",\"@id\":\"https:\\\/\\\/secure.gravatar.com\\\/avatar\\\/eee448fc3f7164808013b816ba91ac7e43bbe82a70bebac296f8bc6f0addaa1a?s=96&d=mm&r=g\",\"url\":\"https:\\\/\\\/secure.gravatar.com\\\/avatar\\\/eee448fc3f7164808013b816ba91ac7e43bbe82a70bebac296f8bc6f0addaa1a?s=96&d=mm&r=g\",\"contentUrl\":\"https:\\\/\\\/secure.gravatar.com\\\/avatar\\\/eee448fc3f7164808013b816ba91ac7e43bbe82a70bebac296f8bc6f0addaa1a?s=96&d=mm&r=g\",\"caption\":\"Edici\u00f3n Web\"},\"url\":\"https:\\\/\\\/canal7slp.tv\\\/2025\\\/author\\\/edicionweb\\\/\"}]}<\/script>\n<!-- \/ Yoast SEO plugin. -->","yoast_head_json":{"title":"Se pronuncia gobernador de SLP tras muerte de migrante potosino en Texas - Canal 7 SLP - 2025","robots":{"index":"index","follow":"follow","max-snippet":"max-snippet:-1","max-image-preview":"max-image-preview:large","max-video-preview":"max-video-preview:-1"},"canonical":"https:\/\/canal7slp.tv\/2025\/se-pronuncia-gobernador-de-slp-tras-muerte-de-migrante-potosino-en-texas\/","og_locale":"es_ES","og_type":"article","og_title":"Se pronuncia gobernador de SLP tras muerte de migrante potosino en Texas - Canal 7 SLP - 2025","og_description":"SLP.- El gobernador, Ricardo Gallardo Cardona, se pronunci\u00f3 ante el fallecimiento de Miguel \u00c1ngel Garc\u00eda-Hern\u00e1ndez, originario de San Luis Potos\u00ed, quien result\u00f3 herido en un ataque registrado en una oficina del Servicio de Inmigraci\u00f3n y Control de Aduanas (ICE) en Texas, Estados Unidos. \u201cLamentable que se est\u00e9 viviendo esto en el vecino pa\u00eds siempre van y van a seguir recibiendo apoyo por parte del instituto de migraci\u00f3n de San Luis Potos\u00ed que ya est\u00e1 contactando a los familiares\u201d, reiter\u00f3. Se\u00f1al\u00f3 que la situaci\u00f3n migratoria continuar\u00e1 siendo complicada mientras no haya un cambio en la forma en que Estados Unidos percibe [&hellip;]","og_url":"https:\/\/canal7slp.tv\/2025\/se-pronuncia-gobernador-de-slp-tras-muerte-de-migrante-potosino-en-texas\/","og_site_name":"Canal 7 SLP - 2025","article_publisher":"https:\/\/www.facebook.com\/noticieroscanal7atencionciudadana\/","article_published_time":"2025-10-01T22:59:36+00:00","og_image":[{"width":1280,"height":720,"url":"https:\/\/canal7slp.tv\/2025\/wp-content\/uploads\/2025\/10\/Vazquez02Migrantes.jpg","type":"image\/jpeg"}],"author":"Edici\u00f3n Web","twitter_card":"summary_large_image","twitter_creator":"@NOTICIEROS7","twitter_site":"@NOTICIEROS7","twitter_misc":{"Escrito por":"Edici\u00f3n Web","Tiempo de lectura":"2 minutos"},"schema":{"@context":"https:\/\/schema.org","@graph":[{"@type":"Article","@id":"https:\/\/canal7slp.tv\/2025\/se-pronuncia-gobernador-de-slp-tras-muerte-de-migrante-potosino-en-texas\/#article","isPartOf":{"@id":"https:\/\/canal7slp.tv\/2025\/se-pronuncia-gobernador-de-slp-tras-muerte-de-migrante-potosino-en-texas\/"},"author":{"name":"Edici\u00f3n Web","@id":"https:\/\/canal7slp.tv\/2025\/#\/schema\/person\/271e2b60a96e7cc9d9ac296f4d7e414b"},"headline":"Se pronuncia gobernador de SLP tras muerte de migrante potosino en Texas","datePublished":"2025-10-01T22:59:36+00:00","mainEntityOfPage":{"@id":"https:\/\/canal7slp.tv\/2025\/se-pronuncia-gobernador-de-slp-tras-muerte-de-migrante-potosino-en-texas\/"},"wordCount":277,"publisher":{"@id":"https:\/\/canal7slp.tv\/2025\/#organization"},"image":{"@id":"https:\/\/canal7slp.tv\/2025\/se-pronuncia-gobernador-de-slp-tras-muerte-de-migrante-potosino-en-texas\/#primaryimage"},"thumbnailUrl":"https:\/\/canal7slp.tv\/2025\/wp-content\/uploads\/2025\/10\/Vazquez02Migrantes.jpg","articleSection":["DESTACADAS","GOBEDOSLP","LOCALES Y REGIONALES"],"inLanguage":"es"},{"@type":"WebPage","@id":"https:\/\/canal7slp.tv\/2025\/se-pronuncia-gobernador-de-slp-tras-muerte-de-migrante-potosino-en-texas\/","url":"https:\/\/canal7slp.tv\/2025\/se-pronuncia-gobernador-de-slp-tras-muerte-de-migrante-potosino-en-texas\/","name":"Se pronuncia gobernador de SLP tras muerte de migrante potosino en Texas - Canal 7 SLP - 2025","isPartOf":{"@id":"https:\/\/canal7slp.tv\/2025\/#website"},"primaryImageOfPage":{"@id":"https:\/\/canal7slp.tv\/2025\/se-pronuncia-gobernador-de-slp-tras-muerte-de-migrante-potosino-en-texas\/#primaryimage"},"image":{"@id":"https:\/\/canal7slp.tv\/2025\/se-pronuncia-gobernador-de-slp-tras-muerte-de-migrante-potosino-en-texas\/#primaryimage"},"thumbnailUrl":"https:\/\/canal7slp.tv\/2025\/wp-content\/uploads\/2025\/10\/Vazquez02Migrantes.jpg","datePublished":"2025-10-01T22:59:36+00:00","breadcrumb":{"@id":"https:\/\/canal7slp.tv\/2025\/se-pronuncia-gobernador-de-slp-tras-muerte-de-migrante-potosino-en-texas\/#breadcrumb"},"inLanguage":"es","potentialAction":[{"@type":"ReadAction","target":["https:\/\/canal7slp.tv\/2025\/se-pronuncia-gobernador-de-slp-tras-muerte-de-migrante-potosino-en-texas\/"]}]},{"@type":"ImageObject","inLanguage":"es","@id":"https:\/\/canal7slp.tv\/2025\/se-pronuncia-gobernador-de-slp-tras-muerte-de-migrante-potosino-en-texas\/#primaryimage","url":"https:\/\/canal7slp.tv\/2025\/wp-content\/uploads\/2025\/10\/Vazquez02Migrantes.jpg","contentUrl":"https:\/\/canal7slp.tv\/2025\/wp-content\/uploads\/2025\/10\/Vazquez02Migrantes.jpg","width":1280,"height":720},{"@type":"BreadcrumbList","@id":"https:\/\/canal7slp.tv\/2025\/se-pronuncia-gobernador-de-slp-tras-muerte-de-migrante-potosino-en-texas\/#breadcrumb","itemListElement":[{"@type":"ListItem","position":1,"name":"Portada","item":"https:\/\/canal7slp.tv\/2025\/"},{"@type":"ListItem","position":2,"name":"Se pronuncia gobernador de SLP tras muerte de migrante potosino en Texas"}]},{"@type":"WebSite","@id":"https:\/\/canal7slp.tv\/2025\/#website","url":"https:\/\/canal7slp.tv\/2025\/","name":"N7 - Noticieros Canal 7","description":"Somos el Medio","publisher":{"@id":"https:\/\/canal7slp.tv\/2025\/#organization"},"potentialAction":[{"@type":"SearchAction","target":{"@type":"EntryPoint","urlTemplate":"https:\/\/canal7slp.tv\/2025\/?s={search_term_string}"},"query-input":{"@type":"PropertyValueSpecification","valueRequired":true,"valueName":"search_term_string"}}],"inLanguage":"es"},{"@type":"Organization","@id":"https:\/\/canal7slp.tv\/2025\/#organization","name":"Noticieros Canal 7","url":"https:\/\/canal7slp.tv\/2025\/","logo":{"@type":"ImageObject","inLanguage":"es","@id":"https:\/\/canal7slp.tv\/2025\/#\/schema\/logo\/image\/","url":"https:\/\/canal7slp.tv\/2025\/wp-content\/uploads\/2021\/01\/logo-noticieros@2x.png","contentUrl":"https:\/\/canal7slp.tv\/2025\/wp-content\/uploads\/2021\/01\/logo-noticieros@2x.png","width":1017,"height":268,"caption":"Noticieros Canal 7"},"image":{"@id":"https:\/\/canal7slp.tv\/2025\/#\/schema\/logo\/image\/"},"sameAs":["https:\/\/www.facebook.com\/noticieroscanal7atencionciudadana\/","https:\/\/x.com\/NOTICIEROS7","https:\/\/www.instagram.com\/canal7_slp","https:\/\/www.youtube.com\/channel\/UCliiYs-gP3JfJeqdPrNdd5A"]},{"@type":"Person","@id":"https:\/\/canal7slp.tv\/2025\/#\/schema\/person\/271e2b60a96e7cc9d9ac296f4d7e414b","name":"Edici\u00f3n Web","image":{"@type":"ImageObject","inLanguage":"es","@id":"https:\/\/secure.gravatar.com\/avatar\/eee448fc3f7164808013b816ba91ac7e43bbe82a70bebac296f8bc6f0addaa1a?s=96&d=mm&r=g","url":"https:\/\/secure.gravatar.com\/avatar\/eee448fc3f7164808013b816ba91ac7e43bbe82a70bebac296f8bc6f0addaa1a?s=96&d=mm&r=g","contentUrl":"https:\/\/secure.gravatar.com\/avatar\/eee448fc3f7164808013b816ba91ac7e43bbe82a70bebac296f8bc6f0addaa1a?s=96&d=mm&r=g","caption":"Edici\u00f3n Web"},"url":"https:\/\/canal7slp.tv\/2025\/author\/edicionweb\/"}]}},"_links":{"self":[{"href":"https:\/\/canal7slp.tv\/2025\/wp-json\/wp\/v2\/posts\/180892","targetHints":{"allow":["GET"]}}],"collection":[{"href":"https:\/\/canal7slp.tv\/2025\/wp-json\/wp\/v2\/posts"}],"about":[{"href":"https:\/\/canal7slp.tv\/2025\/wp-json\/wp\/v2\/types\/post"}],"author":[{"embeddable":true,"href":"https:\/\/canal7slp.tv\/2025\/wp-json\/wp\/v2\/users\/2"}],"replies":[{"embeddable":true,"href":"https:\/\/canal7slp.tv\/2025\/wp-json\/wp\/v2\/comments?post=180892"}],"version-history":[{"count":2,"href":"https:\/\/canal7slp.tv\/2025\/wp-json\/wp\/v2\/posts\/180892\/revisions"}],"predecessor-version":[{"id":180905,"href":"https:\/\/canal7slp.tv\/2025\/wp-json\/wp\/v2\/posts\/180892\/revisions\/180905"}],"wp:featuredmedia":[{"embeddable":true,"href":"https:\/\/canal7slp.tv\/2025\/wp-json\/wp\/v2\/media\/180904"}],"wp:attachment":[{"href":"https:\/\/canal7slp.tv\/2025\/wp-json\/wp\/v2\/media?parent=180892"}],"wp:term":[{"taxonomy":"category","embeddable":true,"href":"https:\/\/canal7slp.tv\/2025\/wp-json\/wp\/v2\/categories?post=180892"},{"taxonomy":"post_tag","embeddable":true,"href":"https:\/\/canal7slp.tv\/2025\/wp-json\/wp\/v2\/tags?post=180892"}],"curies":[{"name":"wp","href":"https:\/\/api.w.org\/{rel}","templated":true}]}}