{"id":180882,"date":"2025-10-01T16:19:49","date_gmt":"2025-10-01T22:19:49","guid":{"rendered":"https:\/\/canal7slp.tv\/2025\/?p=180882"},"modified":"2025-10-01T16:19:49","modified_gmt":"2025-10-01T22:19:49","slug":"anuncian-primeros-tenistas-para-abierto-mexicano-de-tenis-2026-en-acapulco","status":"publish","type":"post","link":"https:\/\/canal7slp.tv\/2025\/anuncian-primeros-tenistas-para-abierto-mexicano-de-tenis-2026-en-acapulco\/","title":{"rendered":"Anuncian primeros tenistas para Abierto Mexicano de Tenis 2026 en Acapulco"},"content":{"rendered":"<p style=\"text-align: justify;\">Acapulco.- Los organizadores del Abierto Mexicano de Tenis presentaron a los primeros ocho tenistas confirmados para la edici\u00f3n 33 del torneo, que se realizar\u00e1 en Acapulco del 21 al 28 de febrero de 2026.<\/p>\n<p style=\"text-align: justify;\">La lista est\u00e1 encabezada por el alem\u00e1n Alexander Zverev, tercero del ranking mundial y campe\u00f3n del certamen en 2021.<\/p>\n<p style=\"text-align: justify;\">Tambi\u00e9n se incluyen el estadounidense Ben Shelton (6\u00b0), el italiano Lorenzo Musetti (9\u00b0), el noruego Casper Ruud (12\u00b0), el espa\u00f1ol Alejandro Davidovich Fokina (20\u00b0), el italiano Flavio Cobolli (22\u00b0), el b\u00falgaro Grigor Dimitrov (27\u00b0) y el estadounidense Frances Tiafoe (28\u00b0).<\/p>\n<p style=\"text-align: justify;\">Adicionalmente, se anunci\u00f3 que el extenista argentino Juan Mart\u00edn del Potro, ganador del torneo en 2018, ser\u00e1 el embajador de la edici\u00f3n 2026.<\/p>\n","protected":false},"excerpt":{"rendered":"<p>Acapulco.- Los organizadores del Abierto Mexicano de Tenis presentaron a los primeros ocho tenistas confirmados para la edici\u00f3n 33 del torneo, que se realizar\u00e1 en Acapulco del 21 al 28 de febrero de 2026. La lista est\u00e1 encabezada por el alem\u00e1n Alexander Zverev, tercero del ranking mundial y campe\u00f3n del certamen en 2021. Tambi\u00e9n se incluyen el estadounidense Ben Shelton (6\u00b0), el italiano Lorenzo Musetti (9\u00b0), el noruego Casper Ruud (12\u00b0), el espa\u00f1ol Alejandro Davidovich Fokina (20\u00b0), el italiano Flavio Cobolli (22\u00b0), el b\u00falgaro Grigor Dimitrov (27\u00b0) y el estadounidense Frances Tiafoe (28\u00b0). Adicionalmente, se anunci\u00f3 que el extenista argentino [&hellip;]<\/p>\n","protected":false},"author":2,"featured_media":180883,"comment_status":"closed","ping_status":"closed","sticky":false,"template":"","format":"standard","meta":{"_monsterinsights_skip_tracking":false,"_monsterinsights_sitenote_active":false,"_monsterinsights_sitenote_note":"","_monsterinsights_sitenote_category":0,"footnotes":""},"categories":[7,45],"tags":[],"class_list":["post-180882","post","type-post","status-publish","format-standard","has-post-thumbnail","hentry","category-deportes","category-localesyregionales","post--single"],"yoast_head":"<!-- This site is optimized with the Yoast SEO plugin v27.5 - https:\/\/yoast.com\/product\/yoast-seo-wordpress\/ -->\n<title>Anuncian primeros tenistas para Abierto Mexicano de Tenis 2026 en Acapulco - Canal 7 SLP - 2025<\/title>\n<meta name=\"robots\" content=\"index, follow, max-snippet:-1, max-image-preview:large, max-video-preview:-1\" \/>\n<link rel=\"canonical\" href=\"https:\/\/canal7slp.tv\/2025\/anuncian-primeros-tenistas-para-abierto-mexicano-de-tenis-2026-en-acapulco\/\" \/>\n<meta property=\"og:locale\" content=\"es_ES\" \/>\n<meta property=\"og:type\" content=\"article\" \/>\n<meta property=\"og:title\" content=\"Anuncian primeros tenistas para Abierto Mexicano de Tenis 2026 en Acapulco - Canal 7 SLP - 2025\" \/>\n<meta property=\"og:description\" content=\"Acapulco.- Los organizadores del Abierto Mexicano de Tenis presentaron a los primeros ocho tenistas confirmados para la edici\u00f3n 33 del torneo, que se realizar\u00e1 en Acapulco del 21 al 28 de febrero de 2026. La lista est\u00e1 encabezada por el alem\u00e1n Alexander Zverev, tercero del ranking mundial y campe\u00f3n del certamen en 2021. Tambi\u00e9n se incluyen el estadounidense Ben Shelton (6\u00b0), el italiano Lorenzo Musetti (9\u00b0), el noruego Casper Ruud (12\u00b0), el espa\u00f1ol Alejandro Davidovich Fokina (20\u00b0), el italiano Flavio Cobolli (22\u00b0), el b\u00falgaro Grigor Dimitrov (27\u00b0) y el estadounidense Frances Tiafoe (28\u00b0). Adicionalmente, se anunci\u00f3 que el extenista argentino [&hellip;]\" \/>\n<meta property=\"og:url\" content=\"https:\/\/canal7slp.tv\/2025\/anuncian-primeros-tenistas-para-abierto-mexicano-de-tenis-2026-en-acapulco\/\" \/>\n<meta property=\"og:site_name\" content=\"Canal 7 SLP - 2025\" \/>\n<meta property=\"article:publisher\" content=\"https:\/\/www.facebook.com\/noticieroscanal7atencionciudadana\/\" \/>\n<meta property=\"article:published_time\" content=\"2025-10-01T22:19:49+00:00\" \/>\n<meta property=\"og:image\" content=\"https:\/\/canal7slp.tv\/2025\/wp-content\/uploads\/2025\/10\/09.jpg\" \/>\n\t<meta property=\"og:image:width\" content=\"666\" \/>\n\t<meta property=\"og:image:height\" content=\"500\" \/>\n\t<meta property=\"og:image:type\" content=\"image\/jpeg\" \/>\n<meta name=\"author\" content=\"Edici\u00f3n Web\" \/>\n<meta name=\"twitter:card\" content=\"summary_large_image\" \/>\n<meta name=\"twitter:creator\" content=\"@NOTICIEROS7\" \/>\n<meta name=\"twitter:site\" content=\"@NOTICIEROS7\" \/>\n<meta name=\"twitter:label1\" content=\"Escrito por\" \/>\n\t<meta name=\"twitter:data1\" content=\"Edici\u00f3n Web\" \/>\n\t<meta name=\"twitter:label2\" content=\"Tiempo de lectura\" \/>\n\t<meta name=\"twitter:data2\" content=\"1 minuto\" \/>\n<script type=\"application\/ld+json\" class=\"yoast-schema-graph\">{\"@context\":\"https:\\\/\\\/schema.org\",\"@graph\":[{\"@type\":\"Article\",\"@id\":\"https:\\\/\\\/canal7slp.tv\\\/2025\\\/anuncian-primeros-tenistas-para-abierto-mexicano-de-tenis-2026-en-acapulco\\\/#article\",\"isPartOf\":{\"@id\":\"https:\\\/\\\/canal7slp.tv\\\/2025\\\/anuncian-primeros-tenistas-para-abierto-mexicano-de-tenis-2026-en-acapulco\\\/\"},\"author\":{\"name\":\"Edici\u00f3n Web\",\"@id\":\"https:\\\/\\\/canal7slp.tv\\\/2025\\\/#\\\/schema\\\/person\\\/271e2b60a96e7cc9d9ac296f4d7e414b\"},\"headline\":\"Anuncian primeros tenistas para Abierto Mexicano de Tenis 2026 en Acapulco\",\"datePublished\":\"2025-10-01T22:19:49+00:00\",\"mainEntityOfPage\":{\"@id\":\"https:\\\/\\\/canal7slp.tv\\\/2025\\\/anuncian-primeros-tenistas-para-abierto-mexicano-de-tenis-2026-en-acapulco\\\/\"},\"wordCount\":121,\"publisher\":{\"@id\":\"https:\\\/\\\/canal7slp.tv\\\/2025\\\/#organization\"},\"image\":{\"@id\":\"https:\\\/\\\/canal7slp.tv\\\/2025\\\/anuncian-primeros-tenistas-para-abierto-mexicano-de-tenis-2026-en-acapulco\\\/#primaryimage\"},\"thumbnailUrl\":\"https:\\\/\\\/canal7slp.tv\\\/2025\\\/wp-content\\\/uploads\\\/2025\\\/10\\\/09.jpg\",\"articleSection\":[\"DEPORTES\",\"LOCALES Y REGIONALES\"],\"inLanguage\":\"es\"},{\"@type\":\"WebPage\",\"@id\":\"https:\\\/\\\/canal7slp.tv\\\/2025\\\/anuncian-primeros-tenistas-para-abierto-mexicano-de-tenis-2026-en-acapulco\\\/\",\"url\":\"https:\\\/\\\/canal7slp.tv\\\/2025\\\/anuncian-primeros-tenistas-para-abierto-mexicano-de-tenis-2026-en-acapulco\\\/\",\"name\":\"Anuncian primeros tenistas para Abierto Mexicano de Tenis 2026 en Acapulco - Canal 7 SLP - 2025\",\"isPartOf\":{\"@id\":\"https:\\\/\\\/canal7slp.tv\\\/2025\\\/#website\"},\"primaryImageOfPage\":{\"@id\":\"https:\\\/\\\/canal7slp.tv\\\/2025\\\/anuncian-primeros-tenistas-para-abierto-mexicano-de-tenis-2026-en-acapulco\\\/#primaryimage\"},\"image\":{\"@id\":\"https:\\\/\\\/canal7slp.tv\\\/2025\\\/anuncian-primeros-tenistas-para-abierto-mexicano-de-tenis-2026-en-acapulco\\\/#primaryimage\"},\"thumbnailUrl\":\"https:\\\/\\\/canal7slp.tv\\\/2025\\\/wp-content\\\/uploads\\\/2025\\\/10\\\/09.jpg\",\"datePublished\":\"2025-10-01T22:19:49+00:00\",\"breadcrumb\":{\"@id\":\"https:\\\/\\\/canal7slp.tv\\\/2025\\\/anuncian-primeros-tenistas-para-abierto-mexicano-de-tenis-2026-en-acapulco\\\/#breadcrumb\"},\"inLanguage\":\"es\",\"potentialAction\":[{\"@type\":\"ReadAction\",\"target\":[\"https:\\\/\\\/canal7slp.tv\\\/2025\\\/anuncian-primeros-tenistas-para-abierto-mexicano-de-tenis-2026-en-acapulco\\\/\"]}]},{\"@type\":\"ImageObject\",\"inLanguage\":\"es\",\"@id\":\"https:\\\/\\\/canal7slp.tv\\\/2025\\\/anuncian-primeros-tenistas-para-abierto-mexicano-de-tenis-2026-en-acapulco\\\/#primaryimage\",\"url\":\"https:\\\/\\\/canal7slp.tv\\\/2025\\\/wp-content\\\/uploads\\\/2025\\\/10\\\/09.jpg\",\"contentUrl\":\"https:\\\/\\\/canal7slp.tv\\\/2025\\\/wp-content\\\/uploads\\\/2025\\\/10\\\/09.jpg\",\"width\":666,\"height\":500},{\"@type\":\"BreadcrumbList\",\"@id\":\"https:\\\/\\\/canal7slp.tv\\\/2025\\\/anuncian-primeros-tenistas-para-abierto-mexicano-de-tenis-2026-en-acapulco\\\/#breadcrumb\",\"itemListElement\":[{\"@type\":\"ListItem\",\"position\":1,\"name\":\"Portada\",\"item\":\"https:\\\/\\\/canal7slp.tv\\\/2025\\\/\"},{\"@type\":\"ListItem\",\"position\":2,\"name\":\"Anuncian primeros tenistas para Abierto Mexicano de Tenis 2026 en Acapulco\"}]},{\"@type\":\"WebSite\",\"@id\":\"https:\\\/\\\/canal7slp.tv\\\/2025\\\/#website\",\"url\":\"https:\\\/\\\/canal7slp.tv\\\/2025\\\/\",\"name\":\"N7 - Noticieros Canal 7\",\"description\":\"Somos el Medio\",\"publisher\":{\"@id\":\"https:\\\/\\\/canal7slp.tv\\\/2025\\\/#organization\"},\"potentialAction\":[{\"@type\":\"SearchAction\",\"target\":{\"@type\":\"EntryPoint\",\"urlTemplate\":\"https:\\\/\\\/canal7slp.tv\\\/2025\\\/?s={search_term_string}\"},\"query-input\":{\"@type\":\"PropertyValueSpecification\",\"valueRequired\":true,\"valueName\":\"search_term_string\"}}],\"inLanguage\":\"es\"},{\"@type\":\"Organization\",\"@id\":\"https:\\\/\\\/canal7slp.tv\\\/2025\\\/#organization\",\"name\":\"Noticieros Canal 7\",\"url\":\"https:\\\/\\\/canal7slp.tv\\\/2025\\\/\",\"logo\":{\"@type\":\"ImageObject\",\"inLanguage\":\"es\",\"@id\":\"https:\\\/\\\/canal7slp.tv\\\/2025\\\/#\\\/schema\\\/logo\\\/image\\\/\",\"url\":\"https:\\\/\\\/canal7slp.tv\\\/2025\\\/wp-content\\\/uploads\\\/2021\\\/01\\\/logo-noticieros@2x.png\",\"contentUrl\":\"https:\\\/\\\/canal7slp.tv\\\/2025\\\/wp-content\\\/uploads\\\/2021\\\/01\\\/logo-noticieros@2x.png\",\"width\":1017,\"height\":268,\"caption\":\"Noticieros Canal 7\"},\"image\":{\"@id\":\"https:\\\/\\\/canal7slp.tv\\\/2025\\\/#\\\/schema\\\/logo\\\/image\\\/\"},\"sameAs\":[\"https:\\\/\\\/www.facebook.com\\\/noticieroscanal7atencionciudadana\\\/\",\"https:\\\/\\\/x.com\\\/NOTICIEROS7\",\"https:\\\/\\\/www.instagram.com\\\/canal7_slp\",\"https:\\\/\\\/www.youtube.com\\\/channel\\\/UCliiYs-gP3JfJeqdPrNdd5A\"]},{\"@type\":\"Person\",\"@id\":\"https:\\\/\\\/canal7slp.tv\\\/2025\\\/#\\\/schema\\\/person\\\/271e2b60a96e7cc9d9ac296f4d7e414b\",\"name\":\"Edici\u00f3n Web\",\"image\":{\"@type\":\"ImageObject\",\"inLanguage\":\"es\",\"@id\":\"https:\\\/\\\/secure.gravatar.com\\\/avatar\\\/eee448fc3f7164808013b816ba91ac7e43bbe82a70bebac296f8bc6f0addaa1a?s=96&d=mm&r=g\",\"url\":\"https:\\\/\\\/secure.gravatar.com\\\/avatar\\\/eee448fc3f7164808013b816ba91ac7e43bbe82a70bebac296f8bc6f0addaa1a?s=96&d=mm&r=g\",\"contentUrl\":\"https:\\\/\\\/secure.gravatar.com\\\/avatar\\\/eee448fc3f7164808013b816ba91ac7e43bbe82a70bebac296f8bc6f0addaa1a?s=96&d=mm&r=g\",\"caption\":\"Edici\u00f3n Web\"},\"url\":\"https:\\\/\\\/canal7slp.tv\\\/2025\\\/author\\\/edicionweb\\\/\"}]}<\/script>\n<!-- \/ Yoast SEO plugin. -->","yoast_head_json":{"title":"Anuncian primeros tenistas para Abierto Mexicano de Tenis 2026 en Acapulco - Canal 7 SLP - 2025","robots":{"index":"index","follow":"follow","max-snippet":"max-snippet:-1","max-image-preview":"max-image-preview:large","max-video-preview":"max-video-preview:-1"},"canonical":"https:\/\/canal7slp.tv\/2025\/anuncian-primeros-tenistas-para-abierto-mexicano-de-tenis-2026-en-acapulco\/","og_locale":"es_ES","og_type":"article","og_title":"Anuncian primeros tenistas para Abierto Mexicano de Tenis 2026 en Acapulco - Canal 7 SLP - 2025","og_description":"Acapulco.- Los organizadores del Abierto Mexicano de Tenis presentaron a los primeros ocho tenistas confirmados para la edici\u00f3n 33 del torneo, que se realizar\u00e1 en Acapulco del 21 al 28 de febrero de 2026. La lista est\u00e1 encabezada por el alem\u00e1n Alexander Zverev, tercero del ranking mundial y campe\u00f3n del certamen en 2021. Tambi\u00e9n se incluyen el estadounidense Ben Shelton (6\u00b0), el italiano Lorenzo Musetti (9\u00b0), el noruego Casper Ruud (12\u00b0), el espa\u00f1ol Alejandro Davidovich Fokina (20\u00b0), el italiano Flavio Cobolli (22\u00b0), el b\u00falgaro Grigor Dimitrov (27\u00b0) y el estadounidense Frances Tiafoe (28\u00b0). Adicionalmente, se anunci\u00f3 que el extenista argentino [&hellip;]","og_url":"https:\/\/canal7slp.tv\/2025\/anuncian-primeros-tenistas-para-abierto-mexicano-de-tenis-2026-en-acapulco\/","og_site_name":"Canal 7 SLP - 2025","article_publisher":"https:\/\/www.facebook.com\/noticieroscanal7atencionciudadana\/","article_published_time":"2025-10-01T22:19:49+00:00","og_image":[{"width":666,"height":500,"url":"https:\/\/canal7slp.tv\/2025\/wp-content\/uploads\/2025\/10\/09.jpg","type":"image\/jpeg"}],"author":"Edici\u00f3n Web","twitter_card":"summary_large_image","twitter_creator":"@NOTICIEROS7","twitter_site":"@NOTICIEROS7","twitter_misc":{"Escrito por":"Edici\u00f3n Web","Tiempo de lectura":"1 minuto"},"schema":{"@context":"https:\/\/schema.org","@graph":[{"@type":"Article","@id":"https:\/\/canal7slp.tv\/2025\/anuncian-primeros-tenistas-para-abierto-mexicano-de-tenis-2026-en-acapulco\/#article","isPartOf":{"@id":"https:\/\/canal7slp.tv\/2025\/anuncian-primeros-tenistas-para-abierto-mexicano-de-tenis-2026-en-acapulco\/"},"author":{"name":"Edici\u00f3n Web","@id":"https:\/\/canal7slp.tv\/2025\/#\/schema\/person\/271e2b60a96e7cc9d9ac296f4d7e414b"},"headline":"Anuncian primeros tenistas para Abierto Mexicano de Tenis 2026 en Acapulco","datePublished":"2025-10-01T22:19:49+00:00","mainEntityOfPage":{"@id":"https:\/\/canal7slp.tv\/2025\/anuncian-primeros-tenistas-para-abierto-mexicano-de-tenis-2026-en-acapulco\/"},"wordCount":121,"publisher":{"@id":"https:\/\/canal7slp.tv\/2025\/#organization"},"image":{"@id":"https:\/\/canal7slp.tv\/2025\/anuncian-primeros-tenistas-para-abierto-mexicano-de-tenis-2026-en-acapulco\/#primaryimage"},"thumbnailUrl":"https:\/\/canal7slp.tv\/2025\/wp-content\/uploads\/2025\/10\/09.jpg","articleSection":["DEPORTES","LOCALES Y REGIONALES"],"inLanguage":"es"},{"@type":"WebPage","@id":"https:\/\/canal7slp.tv\/2025\/anuncian-primeros-tenistas-para-abierto-mexicano-de-tenis-2026-en-acapulco\/","url":"https:\/\/canal7slp.tv\/2025\/anuncian-primeros-tenistas-para-abierto-mexicano-de-tenis-2026-en-acapulco\/","name":"Anuncian primeros tenistas para Abierto Mexicano de Tenis 2026 en Acapulco - Canal 7 SLP - 2025","isPartOf":{"@id":"https:\/\/canal7slp.tv\/2025\/#website"},"primaryImageOfPage":{"@id":"https:\/\/canal7slp.tv\/2025\/anuncian-primeros-tenistas-para-abierto-mexicano-de-tenis-2026-en-acapulco\/#primaryimage"},"image":{"@id":"https:\/\/canal7slp.tv\/2025\/anuncian-primeros-tenistas-para-abierto-mexicano-de-tenis-2026-en-acapulco\/#primaryimage"},"thumbnailUrl":"https:\/\/canal7slp.tv\/2025\/wp-content\/uploads\/2025\/10\/09.jpg","datePublished":"2025-10-01T22:19:49+00:00","breadcrumb":{"@id":"https:\/\/canal7slp.tv\/2025\/anuncian-primeros-tenistas-para-abierto-mexicano-de-tenis-2026-en-acapulco\/#breadcrumb"},"inLanguage":"es","potentialAction":[{"@type":"ReadAction","target":["https:\/\/canal7slp.tv\/2025\/anuncian-primeros-tenistas-para-abierto-mexicano-de-tenis-2026-en-acapulco\/"]}]},{"@type":"ImageObject","inLanguage":"es","@id":"https:\/\/canal7slp.tv\/2025\/anuncian-primeros-tenistas-para-abierto-mexicano-de-tenis-2026-en-acapulco\/#primaryimage","url":"https:\/\/canal7slp.tv\/2025\/wp-content\/uploads\/2025\/10\/09.jpg","contentUrl":"https:\/\/canal7slp.tv\/2025\/wp-content\/uploads\/2025\/10\/09.jpg","width":666,"height":500},{"@type":"BreadcrumbList","@id":"https:\/\/canal7slp.tv\/2025\/anuncian-primeros-tenistas-para-abierto-mexicano-de-tenis-2026-en-acapulco\/#breadcrumb","itemListElement":[{"@type":"ListItem","position":1,"name":"Portada","item":"https:\/\/canal7slp.tv\/2025\/"},{"@type":"ListItem","position":2,"name":"Anuncian primeros tenistas para Abierto Mexicano de Tenis 2026 en Acapulco"}]},{"@type":"WebSite","@id":"https:\/\/canal7slp.tv\/2025\/#website","url":"https:\/\/canal7slp.tv\/2025\/","name":"N7 - Noticieros Canal 7","description":"Somos el Medio","publisher":{"@id":"https:\/\/canal7slp.tv\/2025\/#organization"},"potentialAction":[{"@type":"SearchAction","target":{"@type":"EntryPoint","urlTemplate":"https:\/\/canal7slp.tv\/2025\/?s={search_term_string}"},"query-input":{"@type":"PropertyValueSpecification","valueRequired":true,"valueName":"search_term_string"}}],"inLanguage":"es"},{"@type":"Organization","@id":"https:\/\/canal7slp.tv\/2025\/#organization","name":"Noticieros Canal 7","url":"https:\/\/canal7slp.tv\/2025\/","logo":{"@type":"ImageObject","inLanguage":"es","@id":"https:\/\/canal7slp.tv\/2025\/#\/schema\/logo\/image\/","url":"https:\/\/canal7slp.tv\/2025\/wp-content\/uploads\/2021\/01\/logo-noticieros@2x.png","contentUrl":"https:\/\/canal7slp.tv\/2025\/wp-content\/uploads\/2021\/01\/logo-noticieros@2x.png","width":1017,"height":268,"caption":"Noticieros Canal 7"},"image":{"@id":"https:\/\/canal7slp.tv\/2025\/#\/schema\/logo\/image\/"},"sameAs":["https:\/\/www.facebook.com\/noticieroscanal7atencionciudadana\/","https:\/\/x.com\/NOTICIEROS7","https:\/\/www.instagram.com\/canal7_slp","https:\/\/www.youtube.com\/channel\/UCliiYs-gP3JfJeqdPrNdd5A"]},{"@type":"Person","@id":"https:\/\/canal7slp.tv\/2025\/#\/schema\/person\/271e2b60a96e7cc9d9ac296f4d7e414b","name":"Edici\u00f3n Web","image":{"@type":"ImageObject","inLanguage":"es","@id":"https:\/\/secure.gravatar.com\/avatar\/eee448fc3f7164808013b816ba91ac7e43bbe82a70bebac296f8bc6f0addaa1a?s=96&d=mm&r=g","url":"https:\/\/secure.gravatar.com\/avatar\/eee448fc3f7164808013b816ba91ac7e43bbe82a70bebac296f8bc6f0addaa1a?s=96&d=mm&r=g","contentUrl":"https:\/\/secure.gravatar.com\/avatar\/eee448fc3f7164808013b816ba91ac7e43bbe82a70bebac296f8bc6f0addaa1a?s=96&d=mm&r=g","caption":"Edici\u00f3n Web"},"url":"https:\/\/canal7slp.tv\/2025\/author\/edicionweb\/"}]}},"_links":{"self":[{"href":"https:\/\/canal7slp.tv\/2025\/wp-json\/wp\/v2\/posts\/180882","targetHints":{"allow":["GET"]}}],"collection":[{"href":"https:\/\/canal7slp.tv\/2025\/wp-json\/wp\/v2\/posts"}],"about":[{"href":"https:\/\/canal7slp.tv\/2025\/wp-json\/wp\/v2\/types\/post"}],"author":[{"embeddable":true,"href":"https:\/\/canal7slp.tv\/2025\/wp-json\/wp\/v2\/users\/2"}],"replies":[{"embeddable":true,"href":"https:\/\/canal7slp.tv\/2025\/wp-json\/wp\/v2\/comments?post=180882"}],"version-history":[{"count":1,"href":"https:\/\/canal7slp.tv\/2025\/wp-json\/wp\/v2\/posts\/180882\/revisions"}],"predecessor-version":[{"id":180884,"href":"https:\/\/canal7slp.tv\/2025\/wp-json\/wp\/v2\/posts\/180882\/revisions\/180884"}],"wp:featuredmedia":[{"embeddable":true,"href":"https:\/\/canal7slp.tv\/2025\/wp-json\/wp\/v2\/media\/180883"}],"wp:attachment":[{"href":"https:\/\/canal7slp.tv\/2025\/wp-json\/wp\/v2\/media?parent=180882"}],"wp:term":[{"taxonomy":"category","embeddable":true,"href":"https:\/\/canal7slp.tv\/2025\/wp-json\/wp\/v2\/categories?post=180882"},{"taxonomy":"post_tag","embeddable":true,"href":"https:\/\/canal7slp.tv\/2025\/wp-json\/wp\/v2\/tags?post=180882"}],"curies":[{"name":"wp","href":"https:\/\/api.w.org\/{rel}","templated":true}]}}